{"id":43163,"date":"2022-06-24T07:03:38","date_gmt":"2022-06-24T10:03:38","guid":{"rendered":"http:\/\/lahoradelcampo.com.uy\/site\/?p=43163"},"modified":"2022-06-24T07:03:43","modified_gmt":"2022-06-24T10:03:43","slug":"precipitaciones-enlentecieron-la-operativa-en-la-uam","status":"publish","type":"post","link":"https:\/\/lahoradelcampo.com.uy\/site\/precipitaciones-enlentecieron-la-operativa-en-la-uam\/","title":{"rendered":"Precipitaciones enlentecieron la operativa en la UAM"},"content":{"rendered":"\n<figure class=\"wp-block-image\"><img data-recalc-dims=\"1\" loading=\"lazy\" decoding=\"async\" width=\"810\" height=\"405\" data-attachment-id=\"41075\" data-permalink=\"https:\/\/lahoradelcampo.com.uy\/site\/cambio-en-habitos-de-consumo-modifican-la-demanda-en-la-uam\/uam-boniato\/\" data-orig-file=\"https:\/\/i0.wp.com\/lahoradelcampo.com.uy\/site\/wp-content\/uploads\/2022\/04\/UAM-Boniato.jpg?fit=880%2C440&amp;ssl=1\" data-orig-size=\"880,440\" data-comments-opened=\"1\" data-image-meta=\"{&quot;aperture&quot;:&quot;0&quot;,&quot;credit&quot;:&quot;&quot;,&quot;camera&quot;:&quot;&quot;,&quot;caption&quot;:&quot;&quot;,&quot;created_timestamp&quot;:&quot;0&quot;,&quot;copyright&quot;:&quot;&quot;,&quot;focal_length&quot;:&quot;0&quot;,&quot;iso&quot;:&quot;0&quot;,&quot;shutter_speed&quot;:&quot;0&quot;,&quot;title&quot;:&quot;&quot;,&quot;orientation&quot;:&quot;1&quot;}\" data-image-title=\"UAM-Boniato\" data-image-description=\"\" data-image-caption=\"\" data-large-file=\"https:\/\/i0.wp.com\/lahoradelcampo.com.uy\/site\/wp-content\/uploads\/2022\/04\/UAM-Boniato.jpg?fit=810%2C405&amp;ssl=1\" src=\"https:\/\/i0.wp.com\/lahoradelcampo.com.uy\/site\/wp-content\/uploads\/2022\/04\/UAM-Boniato.jpg?resize=810%2C405\" alt=\"\" class=\"wp-image-41075\" srcset=\"https:\/\/i0.wp.com\/lahoradelcampo.com.uy\/site\/wp-content\/uploads\/2022\/04\/UAM-Boniato.jpg?w=880&amp;ssl=1 880w, https:\/\/i0.wp.com\/lahoradelcampo.com.uy\/site\/wp-content\/uploads\/2022\/04\/UAM-Boniato.jpg?resize=300%2C150&amp;ssl=1 300w, https:\/\/i0.wp.com\/lahoradelcampo.com.uy\/site\/wp-content\/uploads\/2022\/04\/UAM-Boniato.jpg?resize=768%2C384&amp;ssl=1 768w, https:\/\/i0.wp.com\/lahoradelcampo.com.uy\/site\/wp-content\/uploads\/2022\/04\/UAM-Boniato.jpg?resize=820%2C410&amp;ssl=1 820w\" sizes=\"auto, (max-width: 810px) 100vw, 810px\" \/><\/figure>\n\n\n\n<p>Debido a las lloviznas que ocurrieron durante la madrugada y pasada la ma\u00f1ana de ayer, la actividad se mantuvo poco \u00e1gil, con menor concurrencia de p\u00fablico comprador en relaci\u00f3n con el inicio de la semana y un menor levante de mercader\u00eda, seg\u00fan comentarios de informantes calificados de la Unidad Agroalimentaria Metropolitana (UAM).<br><\/p>\n\n\n\n<p>Se registraron descensos en los precios de referencia de boniato Arapey\/Cuar\u00ed, tomate Redondo, morr\u00f3n Amarillo, papas, choclo y frutilla.<br><\/p>\n\n\n\n<p>En contrapartida se observaron incrementos en las cotizaciones de zapallito, morr\u00f3n Rojo y Verde, tomates Cherrys y Perita, chauchas, zucchini, zapallo Kabuti\u00e1, calabac\u00edn, lechugas, acelga, rabanito, remolacha y mandarina com\u00fan o criolla.<\/p>\n\n\n\n<div class=\"wp-block-image\"><figure class=\"aligncenter is-resized\"><img data-recalc-dims=\"1\" loading=\"lazy\" decoding=\"async\" data-attachment-id=\"43165\" data-permalink=\"https:\/\/lahoradelcampo.com.uy\/site\/precipitaciones-enlentecieron-la-operativa-en-la-uam\/granja24-6\/\" data-orig-file=\"https:\/\/i0.wp.com\/lahoradelcampo.com.uy\/site\/wp-content\/uploads\/2022\/06\/granja24-6.jpg?fit=582%2C485&amp;ssl=1\" data-orig-size=\"582,485\" data-comments-opened=\"1\" data-image-meta=\"{&quot;aperture&quot;:&quot;0&quot;,&quot;credit&quot;:&quot;&quot;,&quot;camera&quot;:&quot;&quot;,&quot;caption&quot;:&quot;&quot;,&quot;created_timestamp&quot;:&quot;0&quot;,&quot;copyright&quot;:&quot;&quot;,&quot;focal_length&quot;:&quot;0&quot;,&quot;iso&quot;:&quot;0&quot;,&quot;shutter_speed&quot;:&quot;0&quot;,&quot;title&quot;:&quot;&quot;,&quot;orientation&quot;:&quot;0&quot;}\" data-image-title=\"granja24-6\" data-image-description=\"\" data-image-caption=\"\" data-large-file=\"https:\/\/i0.wp.com\/lahoradelcampo.com.uy\/site\/wp-content\/uploads\/2022\/06\/granja24-6.jpg?fit=582%2C485&amp;ssl=1\" src=\"https:\/\/i0.wp.com\/lahoradelcampo.com.uy\/site\/wp-content\/uploads\/2022\/06\/granja24-6.jpg?resize=418%2C348\" alt=\"\" class=\"wp-image-43165\" width=\"418\" height=\"348\" srcset=\"https:\/\/i0.wp.com\/lahoradelcampo.com.uy\/site\/wp-content\/uploads\/2022\/06\/granja24-6.jpg?w=582&amp;ssl=1 582w, https:\/\/i0.wp.com\/lahoradelcampo.com.uy\/site\/wp-content\/uploads\/2022\/06\/granja24-6.jpg?resize=300%2C250&amp;ssl=1 300w\" sizes=\"auto, (max-width: 418px) 100vw, 418px\" \/><\/figure><\/div>\n\n\n\n<p>Salto, 24 de junio de 2022<\/p>\n","protected":false},"excerpt":{"rendered":"<p>Debido a las lloviznas que ocurrieron durante la madrugada y pasada la ma\u00f1ana de ayer, la actividad se mantuvo poco \u00e1gil, con menor concurrencia de p\u00fablico comprador en relaci\u00f3n con [&hellip;]<\/p>\n","protected":false},"author":5,"featured_media":41075,"comment_status":"open","ping_status":"open","sticky":false,"template":"","format":"standard","meta":{"_price":"","_stock":"","_tribe_ticket_header":"","_tribe_default_ticket_provider":"","_tribe_ticket_capacity":"0","_ticket_start_date":"","_ticket_end_date":"","_tribe_ticket_show_description":"","_tribe_ticket_show_not_going":false,"_tribe_ticket_use_global_stock":"","_tribe_ticket_global_stock_level":"","_global_stock_mode":"","_global_stock_cap":"","_tribe_rsvp_for_event":"","_tribe_ticket_going_count":"","_tribe_ticket_not_going_count":"","_tribe_tickets_list":"[]","_tribe_ticket_has_attendee_info_fields":false,"h5ap_radio_sources":[],"_jetpack_newsletter_access":"","_jetpack_dont_email_post_to_subs":false,"_jetpack_newsletter_tier_id":0,"_jetpack_memberships_contains_paywalled_content":false,"_jetpack_memberships_contains_paid_content":false,"footnotes":""},"categories":[21,9],"tags":[],"class_list":["post-43163","post","type-post","status-publish","format-standard","has-post-thumbnail","hentry","category-actualidad","category-granja"],"jetpack_featured_media_url":"https:\/\/i0.wp.com\/lahoradelcampo.com.uy\/site\/wp-content\/uploads\/2022\/04\/UAM-Boniato.jpg?fit=880%2C440&ssl=1","jetpack_sharing_enabled":true,"jetpack_shortlink":"https:\/\/wp.me\/p99IaT-beb","jetpack-related-posts":[{"id":49448,"url":"https:\/\/lahoradelcampo.com.uy\/site\/demanda-y-baja-oferta-suben-los-precios-del-morron-en-la-uam\/","url_meta":{"origin":43163,"position":0},"title":"Demanda y baja oferta, suben los precios del morr\u00f3n en la UAM","author":"La Hora del Campo","date":"26 marzo, 2023","format":false,"excerpt":"La Unidad Agroalimentaria Metropolitana (UAM) inform\u00f3 que la oferta de morr\u00f3n est\u00e1 disminuyendo mientras que la demanda est\u00e1 aumentando, especialmente debido a las temperaturas m\u00e1s fr\u00edas en la noche, lo que fomenta la elaboraci\u00f3n de comidas calientes. Sin embargo, se han reportado defectos en la calidad del morr\u00f3n rojo, como\u2026","rel":"","context":"En \u00abActualidad\u00bb","block_context":{"text":"Actualidad","link":"https:\/\/lahoradelcampo.com.uy\/site\/category\/actualidad\/"},"img":{"alt_text":"","src":"https:\/\/i0.wp.com\/lahoradelcampo.com.uy\/site\/wp-content\/uploads\/2023\/01\/UAM-Morronesrojoyverde.jpg?fit=880%2C440&ssl=1&resize=350%2C200","width":350,"height":200,"srcset":"https:\/\/i0.wp.com\/lahoradelcampo.com.uy\/site\/wp-content\/uploads\/2023\/01\/UAM-Morronesrojoyverde.jpg?fit=880%2C440&ssl=1&resize=350%2C200 1x, https:\/\/i0.wp.com\/lahoradelcampo.com.uy\/site\/wp-content\/uploads\/2023\/01\/UAM-Morronesrojoyverde.jpg?fit=880%2C440&ssl=1&resize=525%2C300 1.5x, https:\/\/i0.wp.com\/lahoradelcampo.com.uy\/site\/wp-content\/uploads\/2023\/01\/UAM-Morronesrojoyverde.jpg?fit=880%2C440&ssl=1&resize=700%2C400 2x"},"classes":[]},{"id":56602,"url":"https:\/\/lahoradelcampo.com.uy\/site\/menor-oferta-de-morrones-impacta-en-precios-al-alza\/","url_meta":{"origin":43163,"position":1},"title":"Menor oferta de morrones impacta en precios al alza","author":"La Hora del Campo","date":"19 agosto, 2025","format":false,"excerpt":"La Unidad Agroalimentaria Metropolitana (UAM) inform\u00f3 que en la \u00faltima semana se verificaron problemas de calidad en las hortalizas de fruto, como consecuencia del retorno de las temperaturas fr\u00edas. Estos factores incidieron en la maduraci\u00f3n, el crecimiento y el desarrollo de los frutos, lo que deriv\u00f3 en una reducci\u00f3n tanto\u2026","rel":"","context":"En \u00abActualidad\u00bb","block_context":{"text":"Actualidad","link":"https:\/\/lahoradelcampo.com.uy\/site\/category\/actualidad\/"},"img":{"alt_text":"","src":"https:\/\/i0.wp.com\/lahoradelcampo.com.uy\/site\/wp-content\/uploads\/2023\/01\/UAM-Morronesrojoyverde.jpg?fit=880%2C440&ssl=1&resize=350%2C200","width":350,"height":200,"srcset":"https:\/\/i0.wp.com\/lahoradelcampo.com.uy\/site\/wp-content\/uploads\/2023\/01\/UAM-Morronesrojoyverde.jpg?fit=880%2C440&ssl=1&resize=350%2C200 1x, https:\/\/i0.wp.com\/lahoradelcampo.com.uy\/site\/wp-content\/uploads\/2023\/01\/UAM-Morronesrojoyverde.jpg?fit=880%2C440&ssl=1&resize=525%2C300 1.5x, https:\/\/i0.wp.com\/lahoradelcampo.com.uy\/site\/wp-content\/uploads\/2023\/01\/UAM-Morronesrojoyverde.jpg?fit=880%2C440&ssl=1&resize=700%2C400 2x"},"classes":[]},{"id":44185,"url":"https:\/\/lahoradelcampo.com.uy\/site\/buena-afluencia-de-publico-al-inicio-de-la-semana-en-la-uam\/","url_meta":{"origin":43163,"position":2},"title":"Buena afluencia de p\u00fablico al inicio de la semana en la UAM","author":"La Hora del Campo","date":"26 julio, 2022","format":false,"excerpt":"El comienzo de la semana ayer para el sector granjero en la Unidad Agroalimentaria Metropolitana (UAM) transcurri\u00f3 medianamente \u00e1gil, con buena afluencia de p\u00fablico comprador. El movimiento de compradores retom\u00f3 de alguna manera su normalidad. Seg\u00fan comentarios de referentes comerciales, el levante de mercader\u00eda fue menor que el de la\u2026","rel":"","context":"En \u00abActualidad\u00bb","block_context":{"text":"Actualidad","link":"https:\/\/lahoradelcampo.com.uy\/site\/category\/actualidad\/"},"img":{"alt_text":"","src":"https:\/\/i0.wp.com\/lahoradelcampo.com.uy\/site\/wp-content\/uploads\/2021\/11\/Frutillas.jpg?fit=880%2C440&ssl=1&resize=350%2C200","width":350,"height":200,"srcset":"https:\/\/i0.wp.com\/lahoradelcampo.com.uy\/site\/wp-content\/uploads\/2021\/11\/Frutillas.jpg?fit=880%2C440&ssl=1&resize=350%2C200 1x, https:\/\/i0.wp.com\/lahoradelcampo.com.uy\/site\/wp-content\/uploads\/2021\/11\/Frutillas.jpg?fit=880%2C440&ssl=1&resize=525%2C300 1.5x, https:\/\/i0.wp.com\/lahoradelcampo.com.uy\/site\/wp-content\/uploads\/2021\/11\/Frutillas.jpg?fit=880%2C440&ssl=1&resize=700%2C400 2x"},"classes":[]},{"id":28328,"url":"https:\/\/lahoradelcampo.com.uy\/site\/agilidad-para-los-negocios-y-alto-nivel-de-colocacion-en-la-uam\/","url_meta":{"origin":43163,"position":3},"title":"Agilidad para los negocios y alto nivel de colocaci\u00f3n en la UAM","author":"La Hora del Campo","date":"9 marzo, 2021","format":false,"excerpt":"El mercado mayorista para las frutas y hortalizas en la capital del pa\u00eds, comenz\u00f3 la semana con agilidad en los negocios, teniendo en cuenta que nos encontramos en el inicio del mes, lo que permiti\u00f3 adem\u00e1s un alto nivel de colocaci\u00f3n en la mayor\u00eda de los productos. Operadores referentes, indican\u2026","rel":"","context":"En \u00abActualidad\u00bb","block_context":{"text":"Actualidad","link":"https:\/\/lahoradelcampo.com.uy\/site\/category\/actualidad\/"},"img":{"alt_text":"","src":"https:\/\/i0.wp.com\/lahoradelcampo.com.uy\/site\/wp-content\/uploads\/2019\/12\/Lechuga.jpg?fit=880%2C440&ssl=1&resize=350%2C200","width":350,"height":200,"srcset":"https:\/\/i0.wp.com\/lahoradelcampo.com.uy\/site\/wp-content\/uploads\/2019\/12\/Lechuga.jpg?fit=880%2C440&ssl=1&resize=350%2C200 1x, https:\/\/i0.wp.com\/lahoradelcampo.com.uy\/site\/wp-content\/uploads\/2019\/12\/Lechuga.jpg?fit=880%2C440&ssl=1&resize=525%2C300 1.5x, https:\/\/i0.wp.com\/lahoradelcampo.com.uy\/site\/wp-content\/uploads\/2019\/12\/Lechuga.jpg?fit=880%2C440&ssl=1&resize=700%2C400 2x"},"classes":[]},{"id":56131,"url":"https:\/\/lahoradelcampo.com.uy\/site\/precios-de-tomate-y-morron-caen-a-la-mitad-por-sobreoferta-en-la-uam\/","url_meta":{"origin":43163,"position":4},"title":"Precios de tomate y morr\u00f3n caen a la mitad por sobreoferta en la UAM","author":"La Hora del Campo","date":"25 mayo, 2025","format":false,"excerpt":"Una combinaci\u00f3n de altas temperaturas y la reciente luna llena desencaden\u00f3 una maduraci\u00f3n acelerada en los cultivos de tomate y morr\u00f3n, provocando una sobreoferta en el mercado mayorista que hizo desplomar los precios hasta un 50% en comparaci\u00f3n con la semana anterior, seg\u00fan el \u00faltimo informe de la Unidad Agroalimentaria\u2026","rel":"","context":"En \u00abActualidad\u00bb","block_context":{"text":"Actualidad","link":"https:\/\/lahoradelcampo.com.uy\/site\/category\/actualidad\/"},"img":{"alt_text":"","src":"https:\/\/i0.wp.com\/lahoradelcampo.com.uy\/site\/wp-content\/uploads\/2019\/11\/Tomate.jpg?fit=880%2C440&ssl=1&resize=350%2C200","width":350,"height":200,"srcset":"https:\/\/i0.wp.com\/lahoradelcampo.com.uy\/site\/wp-content\/uploads\/2019\/11\/Tomate.jpg?fit=880%2C440&ssl=1&resize=350%2C200 1x, https:\/\/i0.wp.com\/lahoradelcampo.com.uy\/site\/wp-content\/uploads\/2019\/11\/Tomate.jpg?fit=880%2C440&ssl=1&resize=525%2C300 1.5x, https:\/\/i0.wp.com\/lahoradelcampo.com.uy\/site\/wp-content\/uploads\/2019\/11\/Tomate.jpg?fit=880%2C440&ssl=1&resize=700%2C400 2x"},"classes":[]},{"id":32380,"url":"https:\/\/lahoradelcampo.com.uy\/site\/poca-agilidad-en-las-ventas-de-la-granja-en-la-uam\/","url_meta":{"origin":43163,"position":5},"title":"Poca agilidad en las ventas de la granja en la UAM","author":"La Hora del Campo","date":"26 julio, 2021","format":false,"excerpt":"La semana transcurri\u00f3 con poca agilidad en los negocios de la Unidad Agroalimentaria Metropolitana (UAM), con menor concurrencia de p\u00fablico comprador, seg\u00fan mencionan referentes operadores. Esta menor operativa comercial determin\u00f3 altos vol\u00famenes de sobrante en la mayor\u00eda de los renglones de la oferta. En este escenario descendieron los valores de\u2026","rel":"","context":"En \u00abActualidad\u00bb","block_context":{"text":"Actualidad","link":"https:\/\/lahoradelcampo.com.uy\/site\/category\/actualidad\/"},"img":{"alt_text":"","src":"https:\/\/i0.wp.com\/lahoradelcampo.com.uy\/site\/wp-content\/uploads\/2021\/06\/UAMmercado.jpg?fit=880%2C440&ssl=1&resize=350%2C200","width":350,"height":200,"srcset":"https:\/\/i0.wp.com\/lahoradelcampo.com.uy\/site\/wp-content\/uploads\/2021\/06\/UAMmercado.jpg?fit=880%2C440&ssl=1&resize=350%2C200 1x, https:\/\/i0.wp.com\/lahoradelcampo.com.uy\/site\/wp-content\/uploads\/2021\/06\/UAMmercado.jpg?fit=880%2C440&ssl=1&resize=525%2C300 1.5x, https:\/\/i0.wp.com\/lahoradelcampo.com.uy\/site\/wp-content\/uploads\/2021\/06\/UAMmercado.jpg?fit=880%2C440&ssl=1&resize=700%2C400 2x"},"classes":[]}],"jetpack_likes_enabled":true,"_links":{"self":[{"href":"https:\/\/lahoradelcampo.com.uy\/site\/wp-json\/wp\/v2\/posts\/43163","targetHints":{"allow":["GET"]}}],"collection":[{"href":"https:\/\/lahoradelcampo.com.uy\/site\/wp-json\/wp\/v2\/posts"}],"about":[{"href":"https:\/\/lahoradelcampo.com.uy\/site\/wp-json\/wp\/v2\/types\/post"}],"author":[{"embeddable":true,"href":"https:\/\/lahoradelcampo.com.uy\/site\/wp-json\/wp\/v2\/users\/5"}],"replies":[{"embeddable":true,"href":"https:\/\/lahoradelcampo.com.uy\/site\/wp-json\/wp\/v2\/comments?post=43163"}],"version-history":[{"count":1,"href":"https:\/\/lahoradelcampo.com.uy\/site\/wp-json\/wp\/v2\/posts\/43163\/revisions"}],"predecessor-version":[{"id":43167,"href":"https:\/\/lahoradelcampo.com.uy\/site\/wp-json\/wp\/v2\/posts\/43163\/revisions\/43167"}],"wp:featuredmedia":[{"embeddable":true,"href":"https:\/\/lahoradelcampo.com.uy\/site\/wp-json\/wp\/v2\/media\/41075"}],"wp:attachment":[{"href":"https:\/\/lahoradelcampo.com.uy\/site\/wp-json\/wp\/v2\/media?parent=43163"}],"wp:term":[{"taxonomy":"category","embeddable":true,"href":"https:\/\/lahoradelcampo.com.uy\/site\/wp-json\/wp\/v2\/categories?post=43163"},{"taxonomy":"post_tag","embeddable":true,"href":"https:\/\/lahoradelcampo.com.uy\/site\/wp-json\/wp\/v2\/tags?post=43163"}],"curies":[{"name":"wp","href":"https:\/\/api.w.org\/{rel}","templated":true}]}}