{"id":43157,"date":"2022-06-24T06:00:33","date_gmt":"2022-06-24T09:00:33","guid":{"rendered":"http:\/\/lahoradelcampo.com.uy\/site\/?p=43157"},"modified":"2022-06-24T12:08:23","modified_gmt":"2022-06-24T15:08:23","slug":"uruguay-sera-sede-de-la-proxima-reaf","status":"publish","type":"post","link":"https:\/\/lahoradelcampo.com.uy\/site\/uruguay-sera-sede-de-la-proxima-reaf\/","title":{"rendered":"Uruguay ser\u00e1 sede de la pr\u00f3xima REAF"},"content":{"rendered":"\n<figure class=\"wp-block-image\"><img data-recalc-dims=\"1\" loading=\"lazy\" decoding=\"async\" width=\"810\" height=\"405\" data-attachment-id=\"43159\" data-permalink=\"https:\/\/lahoradelcampo.com.uy\/site\/uruguay-sera-sede-de-la-proxima-reaf\/mgap-reaf\/\" data-orig-file=\"https:\/\/i0.wp.com\/lahoradelcampo.com.uy\/site\/wp-content\/uploads\/2022\/06\/MGAP-REAF.jpg?fit=880%2C440&amp;ssl=1\" data-orig-size=\"880,440\" data-comments-opened=\"1\" data-image-meta=\"{&quot;aperture&quot;:&quot;0&quot;,&quot;credit&quot;:&quot;&quot;,&quot;camera&quot;:&quot;&quot;,&quot;caption&quot;:&quot;&quot;,&quot;created_timestamp&quot;:&quot;0&quot;,&quot;copyright&quot;:&quot;&quot;,&quot;focal_length&quot;:&quot;0&quot;,&quot;iso&quot;:&quot;0&quot;,&quot;shutter_speed&quot;:&quot;0&quot;,&quot;title&quot;:&quot;&quot;,&quot;orientation&quot;:&quot;1&quot;}\" data-image-title=\"MGAP-REAF\" data-image-description=\"\" data-image-caption=\"\" data-large-file=\"https:\/\/i0.wp.com\/lahoradelcampo.com.uy\/site\/wp-content\/uploads\/2022\/06\/MGAP-REAF.jpg?fit=810%2C405&amp;ssl=1\" src=\"https:\/\/i0.wp.com\/lahoradelcampo.com.uy\/site\/wp-content\/uploads\/2022\/06\/MGAP-REAF.jpg?resize=810%2C405\" alt=\"\" class=\"wp-image-43159\" srcset=\"https:\/\/i0.wp.com\/lahoradelcampo.com.uy\/site\/wp-content\/uploads\/2022\/06\/MGAP-REAF.jpg?w=880&amp;ssl=1 880w, https:\/\/i0.wp.com\/lahoradelcampo.com.uy\/site\/wp-content\/uploads\/2022\/06\/MGAP-REAF.jpg?resize=300%2C150&amp;ssl=1 300w, https:\/\/i0.wp.com\/lahoradelcampo.com.uy\/site\/wp-content\/uploads\/2022\/06\/MGAP-REAF.jpg?resize=768%2C384&amp;ssl=1 768w, https:\/\/i0.wp.com\/lahoradelcampo.com.uy\/site\/wp-content\/uploads\/2022\/06\/MGAP-REAF.jpg?resize=820%2C410&amp;ssl=1 820w\" sizes=\"auto, (max-width: 810px) 100vw, 810px\" \/><\/figure>\n\n\n\n<p>Los d\u00edas martes 21 y mi\u00e9rcoles 22 de junio, Uruguay particip\u00f3 de la 36\u00ba Reuni\u00f3n Especializada de Agricultura Familiar (REAF) bajo la presidencia pro-t\u00e9mpore de Paraguay en el MERCOSUR. La Dra. Fernanda Maldonado y Mercedes Antia, coordinadora Nacional y Alterna de la Reaf Mercosur participaron del encuentro en suelo guaran\u00ed, donde estuvieron presentes el ministro de Agricultura de Paraguay, Santiago Bertoni y la ministra de la Mujer de Paraguay, Celina Lezcano Flores. <br><\/p>\n\n\n\n<p>En la apertura de dicha reuni\u00f3n, la Dra. Fernanda Maldonado expres\u00f3: \u201cEste encuentro es una oportunidad para el intercambio cara a cara para la generaci\u00f3n de propuestas que podr\u00e1n ser recomendaciones.\u201d Y destac\u00f3 el desaf\u00edo que esas recomendaciones se puedan traducir en medidas concretas. Adem\u00e1s la Coordinadora Nacional agreg\u00f3: \u201ctenemos una agricultura familiar resiliente, donde hombres y mujeres son protagonistas en la producci\u00f3n\u2026y no s\u00f3lo en el primer eslab\u00f3n de la cadena sino en toda la producci\u00f3n de alimentos\u201d.<br><\/p>\n\n\n\n<p>Maldonado destac\u00f3 la necesidad de que los pa\u00edses puedan generar procesos de digitalizaci\u00f3n y democratizaci\u00f3n del acceso a la informaci\u00f3n y la capacitaci\u00f3n para la toma de decisiones. \u00abEs una apuesta muy fuerte que los gobiernos tenemos como desaf\u00edo. Brindar esas herramientas a los productores y productoras para que pueda reflejarse la calidad de los alimentos que se producen.\u201d<br><\/p>\n\n\n\n<p>Durante la jornada del mi\u00e9rcoles 22, se present\u00f3 de manera oficial la Plataforma Mujeres Emprendedoras Rurales REAF \u2013IICA y el Lanzamiento de M\u00f3dulos de Capacitaci\u00f3n, de la mano de Fernanda Maldonado, coordinadora Nacional y Mercedes Antia, Coordinadora Alterna. Promediando el encuentro, Uruguay recibi\u00f3 la presidencia pro-t\u00e9mpore, lo cual lo posiciona como el organizador de la pr\u00f3xima REAF.<br><\/p>\n\n\n\n<p>Entre los principales temas de agenda de la segunda jornada de la REAF, se encontraron la construcci\u00f3n del Plan de la D\u00e9cada de la Agricultura Familiar en el MERCOSUR (REAF-FAO); la presentaci\u00f3n de la Plataforma de Mujeres Rurales del Mercosur (REAF-IICA) y la capacitaci\u00f3n enfocada en la autonom\u00eda y empoderamiento de las mujeres rurales. En su intervenci\u00f3n Maldonado valor\u00f3 el proceso de elaboraci\u00f3n del instrumento. El escuchar primero para procesar despu\u00e9s. \u00abLa plataforma es fundamental para el acceso a mercados, el plan de negocios, la capacitaci\u00f3n y el acceso a servicios y derechos\u201d.<br><\/p>\n\n\n\n<p>La coordinadora nacional por Uruguay ante la REAF resalt\u00f3 que esta plataforma es la ventana a un mundo de oportunidades. \u00abHoy se puede estar en su casa y acceder por una plataforma a comercializar sus productos, el cambio es radical, sin depender de nadie\u00bb, concluy\u00f3.<\/p>\n\n\n\n<p>Salto, 24 de junio de 2022<\/p>\n","protected":false},"excerpt":{"rendered":"<p>Los d\u00edas martes 21 y mi\u00e9rcoles 22 de junio, Uruguay particip\u00f3 de la 36\u00ba Reuni\u00f3n Especializada de Agricultura Familiar (REAF) bajo la presidencia pro-t\u00e9mpore de Paraguay en el MERCOSUR. La [&hellip;]<\/p>\n","protected":false},"author":5,"featured_media":43159,"comment_status":"open","ping_status":"open","sticky":false,"template":"","format":"standard","meta":{"_price":"","_stock":"","_tribe_ticket_header":"","_tribe_default_ticket_provider":"","_tribe_ticket_capacity":"0","_ticket_start_date":"","_ticket_end_date":"","_tribe_ticket_show_description":"","_tribe_ticket_show_not_going":false,"_tribe_ticket_use_global_stock":"","_tribe_ticket_global_stock_level":"","_global_stock_mode":"","_global_stock_cap":"","_tribe_rsvp_for_event":"","_tribe_ticket_going_count":"","_tribe_ticket_not_going_count":"","_tribe_tickets_list":"[]","_tribe_ticket_has_attendee_info_fields":false,"h5ap_radio_sources":[],"_jetpack_newsletter_access":"","_jetpack_dont_email_post_to_subs":false,"_jetpack_newsletter_tier_id":0,"_jetpack_memberships_contains_paywalled_content":false,"_jetpack_memberships_contains_paid_content":false,"footnotes":""},"categories":[21],"tags":[],"class_list":["post-43157","post","type-post","status-publish","format-standard","has-post-thumbnail","hentry","category-actualidad"],"jetpack_featured_media_url":"https:\/\/i0.wp.com\/lahoradelcampo.com.uy\/site\/wp-content\/uploads\/2022\/06\/MGAP-REAF.jpg?fit=880%2C440&ssl=1","jetpack_sharing_enabled":true,"jetpack_shortlink":"https:\/\/wp.me\/p99IaT-be5","jetpack-related-posts":[{"id":44761,"url":"https:\/\/lahoradelcampo.com.uy\/site\/uruguay-reactiva-fondo-de-apoyo-a-la-produccion-familiar-en-el-mercosur\/","url_meta":{"origin":43157,"position":0},"title":"Uruguay reactiva fondo de apoyo a la producci\u00f3n familiar en el Mercosur","author":"La Hora del Campo","date":"16 agosto, 2022","format":false,"excerpt":"En el marco de la secci\u00f3n nacional, en la sede del MGAP\/DGDR, Fernanda Maldonado, coordinadora nacional de Uruguay ante la REAF, anunci\u00f3 un nuevo fondo que el MGAP aportar\u00e1 para que se puedan desarrollar actividades de la Reuni\u00f3n Especializada sobre Agricultura Familiar del MERCOSUR, espacio de di\u00e1logo pol\u00edtico donde participan\u2026","rel":"","context":"En \u00abActualidad\u00bb","block_context":{"text":"Actualidad","link":"https:\/\/lahoradelcampo.com.uy\/site\/category\/actualidad\/"},"img":{"alt_text":"","src":"https:\/\/i0.wp.com\/lahoradelcampo.com.uy\/site\/wp-content\/uploads\/2022\/08\/REAF-maldonado.jpg?fit=880%2C440&ssl=1&resize=350%2C200","width":350,"height":200,"srcset":"https:\/\/i0.wp.com\/lahoradelcampo.com.uy\/site\/wp-content\/uploads\/2022\/08\/REAF-maldonado.jpg?fit=880%2C440&ssl=1&resize=350%2C200 1x, https:\/\/i0.wp.com\/lahoradelcampo.com.uy\/site\/wp-content\/uploads\/2022\/08\/REAF-maldonado.jpg?fit=880%2C440&ssl=1&resize=525%2C300 1.5x, https:\/\/i0.wp.com\/lahoradelcampo.com.uy\/site\/wp-content\/uploads\/2022\/08\/REAF-maldonado.jpg?fit=880%2C440&ssl=1&resize=700%2C400 2x"},"classes":[]},{"id":27582,"url":"https:\/\/lahoradelcampo.com.uy\/site\/acceso-a-mercados-para-la-agricultura-familiar-es-una-de-las-prioridades-de-la-reaf\/","url_meta":{"origin":43157,"position":1},"title":"Acceso a mercados para la agricultura familiar es una de las prioridades de la REAF","author":"La Hora del Campo","date":"11 febrero, 2021","format":false,"excerpt":"La Reuni\u00f3n Especializada sobre Agricultura Familiar del Mercosur (REAF-Mercosur) se reuni\u00f3 esta semana en forma virtual, bajo la presidencia del Ministro de Agricultura de Argentina, Ing. Agr. Luis Basterra, y con la presencia de representantes de Colombia, Chile, Brasil, Paraguay, Argentina y Uruguay, se deline\u00f3 la agenda de trabajo a\u2026","rel":"","context":"En \u00abActualidad\u00bb","block_context":{"text":"Actualidad","link":"https:\/\/lahoradelcampo.com.uy\/site\/category\/actualidad\/"},"img":{"alt_text":"","src":"https:\/\/i0.wp.com\/lahoradelcampo.com.uy\/site\/wp-content\/uploads\/2021\/02\/REAF.jpg?fit=880%2C440&ssl=1&resize=350%2C200","width":350,"height":200,"srcset":"https:\/\/i0.wp.com\/lahoradelcampo.com.uy\/site\/wp-content\/uploads\/2021\/02\/REAF.jpg?fit=880%2C440&ssl=1&resize=350%2C200 1x, https:\/\/i0.wp.com\/lahoradelcampo.com.uy\/site\/wp-content\/uploads\/2021\/02\/REAF.jpg?fit=880%2C440&ssl=1&resize=525%2C300 1.5x, https:\/\/i0.wp.com\/lahoradelcampo.com.uy\/site\/wp-content\/uploads\/2021\/02\/REAF.jpg?fit=880%2C440&ssl=1&resize=700%2C400 2x"},"classes":[]},{"id":39847,"url":"https:\/\/lahoradelcampo.com.uy\/site\/se-presento-el-programa-nacional-de-control-de-la-reproduccion-canina\/","url_meta":{"origin":43157,"position":2},"title":"Se present\u00f3 el Programa Nacional de Control de la Reproducci\u00f3n Canina","author":"La Hora del Campo","date":"14 marzo, 2022","format":false,"excerpt":"El viernes tuvo lugar en Salto, la primera reuni\u00f3n de coordinaci\u00f3n para la implementaci\u00f3n del Programa Nacional de Control de la Reproducci\u00f3n Canina, en la cual participaron la Dra. Fernanda Maldonado, Directora del Ministerio de Ganader\u00eda, Agricultura y Pesca (MGAP) y la presidenta del Instituto Nacional de Bienestar Animal (INBA),\u2026","rel":"","context":"En \u00abActualidad\u00bb","block_context":{"text":"Actualidad","link":"https:\/\/lahoradelcampo.com.uy\/site\/category\/actualidad\/"},"img":{"alt_text":"","src":"https:\/\/i0.wp.com\/lahoradelcampo.com.uy\/site\/wp-content\/uploads\/2022\/03\/INBA-Salto.jpg?fit=880%2C440&ssl=1&resize=350%2C200","width":350,"height":200,"srcset":"https:\/\/i0.wp.com\/lahoradelcampo.com.uy\/site\/wp-content\/uploads\/2022\/03\/INBA-Salto.jpg?fit=880%2C440&ssl=1&resize=350%2C200 1x, https:\/\/i0.wp.com\/lahoradelcampo.com.uy\/site\/wp-content\/uploads\/2022\/03\/INBA-Salto.jpg?fit=880%2C440&ssl=1&resize=525%2C300 1.5x, https:\/\/i0.wp.com\/lahoradelcampo.com.uy\/site\/wp-content\/uploads\/2022\/03\/INBA-Salto.jpg?fit=880%2C440&ssl=1&resize=700%2C400 2x"},"classes":[]},{"id":21420,"url":"https:\/\/lahoradelcampo.com.uy\/site\/funcionarios-del-mgap-llegaron-a-un-acuerdo\/","url_meta":{"origin":43157,"position":3},"title":"Funcionarios del MGAP llegaron a  un acuerdo","author":"La Hora del Campo","date":"1 julio, 2020","format":false,"excerpt":"En la jornada de ayer venc\u00edan un importante n\u00famero de contratos a t\u00e9rmino que ten\u00eda el Ministerio de Ganader\u00eda, Agricultura y Pesca (MGAP) que proven\u00edan del per\u00edodo de gobierno anterior. Debido al decreto 90\/020 del Gobierno Nacional, donde se solicita la reducci\u00f3n de un 15% de presupuesto, se comenzaron hace\u2026","rel":"","context":"En \u00abActualidad\u00bb","block_context":{"text":"Actualidad","link":"https:\/\/lahoradelcampo.com.uy\/site\/category\/actualidad\/"},"img":{"alt_text":"","src":"https:\/\/i0.wp.com\/lahoradelcampo.com.uy\/site\/wp-content\/uploads\/2020\/06\/MGAP.jpg?fit=880%2C440&ssl=1&resize=350%2C200","width":350,"height":200,"srcset":"https:\/\/i0.wp.com\/lahoradelcampo.com.uy\/site\/wp-content\/uploads\/2020\/06\/MGAP.jpg?fit=880%2C440&ssl=1&resize=350%2C200 1x, https:\/\/i0.wp.com\/lahoradelcampo.com.uy\/site\/wp-content\/uploads\/2020\/06\/MGAP.jpg?fit=880%2C440&ssl=1&resize=525%2C300 1.5x, https:\/\/i0.wp.com\/lahoradelcampo.com.uy\/site\/wp-content\/uploads\/2020\/06\/MGAP.jpg?fit=880%2C440&ssl=1&resize=700%2C400 2x"},"classes":[]},{"id":36495,"url":"https:\/\/lahoradelcampo.com.uy\/site\/mgap-visito-el-punto-de-control-integrado-concordia-salto\/","url_meta":{"origin":43157,"position":4},"title":"MGAP visit\u00f3 el punto de control integrado Concordia-Salto","author":"La Hora del Campo","date":"12 noviembre, 2021","format":false,"excerpt":"A medida que las fronteras con la Rep\u00fablica Argentina vuelven a tener un mayor trasiego de turistas hacia y desde Uruguay, se comienza a retomar con mayor fuerza los controles fronterizos, que durante la pandemia se realizaba \u00fanicamente con veh\u00edculos de carga. En este contexto la Directora General del Ministerio\u2026","rel":"","context":"En \u00abActualidad\u00bb","block_context":{"text":"Actualidad","link":"https:\/\/lahoradelcampo.com.uy\/site\/category\/actualidad\/"},"img":{"alt_text":"","src":"https:\/\/i0.wp.com\/lahoradelcampo.com.uy\/site\/wp-content\/uploads\/2021\/11\/MGAP-PASOFRONTERA.jpg?fit=880%2C440&ssl=1&resize=350%2C200","width":350,"height":200,"srcset":"https:\/\/i0.wp.com\/lahoradelcampo.com.uy\/site\/wp-content\/uploads\/2021\/11\/MGAP-PASOFRONTERA.jpg?fit=880%2C440&ssl=1&resize=350%2C200 1x, https:\/\/i0.wp.com\/lahoradelcampo.com.uy\/site\/wp-content\/uploads\/2021\/11\/MGAP-PASOFRONTERA.jpg?fit=880%2C440&ssl=1&resize=525%2C300 1.5x, https:\/\/i0.wp.com\/lahoradelcampo.com.uy\/site\/wp-content\/uploads\/2021\/11\/MGAP-PASOFRONTERA.jpg?fit=880%2C440&ssl=1&resize=700%2C400 2x"},"classes":[]},{"id":49848,"url":"https:\/\/lahoradelcampo.com.uy\/site\/el-novillo-mercosur-en-su-valor-mas-alto-en-seis-meses\/","url_meta":{"origin":43157,"position":5},"title":"El Novillo Mercosur en su valor m\u00e1s alto en seis meses","author":"La Hora del Campo","date":"10 abril, 2023","format":false,"excerpt":"El valor del novillo en los pa\u00edses del Mercosur ha alcanzado su valor m\u00e1s alto en m\u00e1s de seis meses.Seg\u00fan el \u00cdndice Faxcarne del Novillo Mercosur, elaborado por la consultora Tard\u00e1guila Agromercados, el precio medio ha subido a US$ 3,74 el kilo carcasa. Esta recuperaci\u00f3n se debe a la mejora\u2026","rel":"","context":"En \u00abActualidad\u00bb","block_context":{"text":"Actualidad","link":"https:\/\/lahoradelcampo.com.uy\/site\/category\/actualidad\/"},"img":{"alt_text":"","src":"https:\/\/i0.wp.com\/lahoradelcampo.com.uy\/site\/wp-content\/uploads\/2017\/10\/Ganado-gordo.jpg?fit=880%2C440&ssl=1&resize=350%2C200","width":350,"height":200,"srcset":"https:\/\/i0.wp.com\/lahoradelcampo.com.uy\/site\/wp-content\/uploads\/2017\/10\/Ganado-gordo.jpg?fit=880%2C440&ssl=1&resize=350%2C200 1x, https:\/\/i0.wp.com\/lahoradelcampo.com.uy\/site\/wp-content\/uploads\/2017\/10\/Ganado-gordo.jpg?fit=880%2C440&ssl=1&resize=525%2C300 1.5x, https:\/\/i0.wp.com\/lahoradelcampo.com.uy\/site\/wp-content\/uploads\/2017\/10\/Ganado-gordo.jpg?fit=880%2C440&ssl=1&resize=700%2C400 2x"},"classes":[]}],"jetpack_likes_enabled":true,"_links":{"self":[{"href":"https:\/\/lahoradelcampo.com.uy\/site\/wp-json\/wp\/v2\/posts\/43157","targetHints":{"allow":["GET"]}}],"collection":[{"href":"https:\/\/lahoradelcampo.com.uy\/site\/wp-json\/wp\/v2\/posts"}],"about":[{"href":"https:\/\/lahoradelcampo.com.uy\/site\/wp-json\/wp\/v2\/types\/post"}],"author":[{"embeddable":true,"href":"https:\/\/lahoradelcampo.com.uy\/site\/wp-json\/wp\/v2\/users\/5"}],"replies":[{"embeddable":true,"href":"https:\/\/lahoradelcampo.com.uy\/site\/wp-json\/wp\/v2\/comments?post=43157"}],"version-history":[{"count":1,"href":"https:\/\/lahoradelcampo.com.uy\/site\/wp-json\/wp\/v2\/posts\/43157\/revisions"}],"predecessor-version":[{"id":43161,"href":"https:\/\/lahoradelcampo.com.uy\/site\/wp-json\/wp\/v2\/posts\/43157\/revisions\/43161"}],"wp:featuredmedia":[{"embeddable":true,"href":"https:\/\/lahoradelcampo.com.uy\/site\/wp-json\/wp\/v2\/media\/43159"}],"wp:attachment":[{"href":"https:\/\/lahoradelcampo.com.uy\/site\/wp-json\/wp\/v2\/media?parent=43157"}],"wp:term":[{"taxonomy":"category","embeddable":true,"href":"https:\/\/lahoradelcampo.com.uy\/site\/wp-json\/wp\/v2\/categories?post=43157"},{"taxonomy":"post_tag","embeddable":true,"href":"https:\/\/lahoradelcampo.com.uy\/site\/wp-json\/wp\/v2\/tags?post=43157"}],"curies":[{"name":"wp","href":"https:\/\/api.w.org\/{rel}","templated":true}]}}