{"id":43147,"date":"2022-06-24T06:49:13","date_gmt":"2022-06-24T09:49:13","guid":{"rendered":"http:\/\/lahoradelcampo.com.uy\/site\/?p=43147"},"modified":"2022-06-24T06:49:18","modified_gmt":"2022-06-24T09:49:18","slug":"nueva-baja-semanal-en-el-ime-a-una-semana-de-cerrar-la-zafra-lanera","status":"publish","type":"post","link":"https:\/\/lahoradelcampo.com.uy\/site\/nueva-baja-semanal-en-el-ime-a-una-semana-de-cerrar-la-zafra-lanera\/","title":{"rendered":"Nueva baja semanal en el IME a una semana de cerrar la zafra lanera"},"content":{"rendered":"\n<figure class=\"wp-block-image\"><img data-recalc-dims=\"1\" loading=\"lazy\" decoding=\"async\" width=\"810\" height=\"405\" data-attachment-id=\"31198\" data-permalink=\"https:\/\/lahoradelcampo.com.uy\/site\/el-ime-sigue-al-alza-tras-cerrar-la-semana-en-us-1078\/lanaaustralia1\/\" data-orig-file=\"https:\/\/i0.wp.com\/lahoradelcampo.com.uy\/site\/wp-content\/uploads\/2021\/06\/lanaaustralia1.jpg?fit=880%2C440&amp;ssl=1\" data-orig-size=\"880,440\" data-comments-opened=\"1\" data-image-meta=\"{&quot;aperture&quot;:&quot;0&quot;,&quot;credit&quot;:&quot;&quot;,&quot;camera&quot;:&quot;&quot;,&quot;caption&quot;:&quot;&quot;,&quot;created_timestamp&quot;:&quot;0&quot;,&quot;copyright&quot;:&quot;&quot;,&quot;focal_length&quot;:&quot;0&quot;,&quot;iso&quot;:&quot;0&quot;,&quot;shutter_speed&quot;:&quot;0&quot;,&quot;title&quot;:&quot;&quot;,&quot;orientation&quot;:&quot;1&quot;}\" data-image-title=\"lanaaustralia1\" data-image-description=\"\" data-image-caption=\"\" data-large-file=\"https:\/\/i0.wp.com\/lahoradelcampo.com.uy\/site\/wp-content\/uploads\/2021\/06\/lanaaustralia1.jpg?fit=810%2C405&amp;ssl=1\" src=\"https:\/\/i0.wp.com\/lahoradelcampo.com.uy\/site\/wp-content\/uploads\/2021\/06\/lanaaustralia1.jpg?resize=810%2C405\" alt=\"\" class=\"wp-image-31198\" srcset=\"https:\/\/i0.wp.com\/lahoradelcampo.com.uy\/site\/wp-content\/uploads\/2021\/06\/lanaaustralia1.jpg?w=880&amp;ssl=1 880w, https:\/\/i0.wp.com\/lahoradelcampo.com.uy\/site\/wp-content\/uploads\/2021\/06\/lanaaustralia1.jpg?resize=300%2C150&amp;ssl=1 300w, https:\/\/i0.wp.com\/lahoradelcampo.com.uy\/site\/wp-content\/uploads\/2021\/06\/lanaaustralia1.jpg?resize=768%2C384&amp;ssl=1 768w, https:\/\/i0.wp.com\/lahoradelcampo.com.uy\/site\/wp-content\/uploads\/2021\/06\/lanaaustralia1.jpg?resize=820%2C410&amp;ssl=1 820w\" sizes=\"auto, (max-width: 810px) 100vw, 810px\" \/><\/figure>\n\n\n\n<p>La semana que est\u00e1 cerrando se ha comportado diferente a las anteriores, con movimientos dispares de acuerdo a los micronajes ofertados, cambios que van de la mano del volumen y de la calidad de la oferta, a lo cual se suma la variabilidad cambiaria. <br><\/p>\n\n\n\n<p>En las lanas finas, se observaron cambios en las lanas finas por debajo de las 17,5 micras y principalmente sobre las 20 micras. En el caso de las lanas m\u00e1s finas, que contin\u00faan siendo las lanas m\u00e1s buscadas, la escasa oferta no motiva un gran inter\u00e9s de la demanda sin embargo los valores cotizan al alza, pero por debajo de las lanas m\u00e1s gruesas. <br><\/p>\n\n\n\n<p>Las lanas de 18 a 19,5 micras, que tienen como destino principal a China, se mantuvieron entre estables y levemente al alza esta semana, debido principalmente a una desaceleraci\u00f3n de la demanda en este tipo de micronajes. <br><\/p>\n\n\n\n<p>Para las lanas por encima de las 20 micras el mercado estuvo alegre, con una demanda muy activa y que mostr\u00f3 un inter\u00e9s inusual ante lanas de buena calidad. En este escenario, las lanas con contenido de materia vegetal por debajo del 1% se encontraron con una muy buena demanda, en tanto que las lanas con 1,5% ajustaron algunos centavos a la baja. <br><\/p>\n\n\n\n<p>El Indicador de Mercados del Este (IME) cerr\u00f3 en US$ 10,21 esta semana, cayendo seis centavos frente a la semana anterior. En tanto que en la moneda local, el indicador cotiz\u00f3 a A$ 14,74, registrando un incremento de siete centavos. <br><\/p>\n\n\n\n<p>De la oferta semanal de 29.807 fardos, es el segundo menor volumen de la presente zafra. De ese total se coloc\u00f3 el 89,1%. Para la pr\u00f3xima semana retorna a la operativa el centro de Fremantle, sumando entre los tres mercados 45.003 fardos, para los d\u00edas martes y mi\u00e9rcoles. <\/p>\n\n\n\n<p>Salto, 24 de junio de 2022<\/p>\n","protected":false},"excerpt":{"rendered":"<p>La semana que est\u00e1 cerrando se ha comportado diferente a las anteriores, con movimientos dispares de acuerdo a los micronajes ofertados, cambios que van de la mano del volumen y [&hellip;]<\/p>\n","protected":false},"author":5,"featured_media":31198,"comment_status":"open","ping_status":"open","sticky":false,"template":"","format":"standard","meta":{"_price":"","_stock":"","_tribe_ticket_header":"","_tribe_default_ticket_provider":"","_tribe_ticket_capacity":"0","_ticket_start_date":"","_ticket_end_date":"","_tribe_ticket_show_description":"","_tribe_ticket_show_not_going":false,"_tribe_ticket_use_global_stock":"","_tribe_ticket_global_stock_level":"","_global_stock_mode":"","_global_stock_cap":"","_tribe_rsvp_for_event":"","_tribe_ticket_going_count":"","_tribe_ticket_not_going_count":"","_tribe_tickets_list":"[]","_tribe_ticket_has_attendee_info_fields":false,"h5ap_radio_sources":[],"_jetpack_newsletter_access":"","_jetpack_dont_email_post_to_subs":false,"_jetpack_newsletter_tier_id":0,"_jetpack_memberships_contains_paywalled_content":false,"_jetpack_memberships_contains_paid_content":false,"footnotes":""},"categories":[21,13],"tags":[],"class_list":["post-43147","post","type-post","status-publish","format-standard","has-post-thumbnail","hentry","category-actualidad","category-ovinos"],"jetpack_featured_media_url":"https:\/\/i0.wp.com\/lahoradelcampo.com.uy\/site\/wp-content\/uploads\/2021\/06\/lanaaustralia1.jpg?fit=880%2C440&ssl=1","jetpack_sharing_enabled":true,"jetpack_shortlink":"https:\/\/wp.me\/p99IaT-bdV","jetpack-related-posts":[{"id":2611,"url":"https:\/\/lahoradelcampo.com.uy\/site\/la-semana-cerro-al-alza-en-el-mercado-lanero-australiano\/","url_meta":{"origin":43147,"position":0},"title":"La semana cerr\u00f3 al alza en el mercado lanero australiano","author":"La Hora del Campo","date":"12 octubre, 2017","format":false,"excerpt":"La semana comercial del mercado lanero australiano termin\u00f3 siendo positiva, con una recuperaci\u00f3n de diez centavos en el Indicador de Mercados del Este en la moneda norteamericana, cerrando a U$S 12,24 por kilogramo base limpia. Esta semana la demanda estuvo centrada en las lanas finas, en tanto que las superiores\u2026","rel":"","context":"En \u00abActualidad\u00bb","block_context":{"text":"Actualidad","link":"https:\/\/lahoradelcampo.com.uy\/site\/category\/actualidad\/"},"img":{"alt_text":"","src":"https:\/\/i0.wp.com\/lahoradelcampo.com.uy\/site\/wp-content\/uploads\/2017\/10\/Lanas-australia.jpg?fit=880%2C440&ssl=1&resize=350%2C200","width":350,"height":200,"srcset":"https:\/\/i0.wp.com\/lahoradelcampo.com.uy\/site\/wp-content\/uploads\/2017\/10\/Lanas-australia.jpg?fit=880%2C440&ssl=1&resize=350%2C200 1x, https:\/\/i0.wp.com\/lahoradelcampo.com.uy\/site\/wp-content\/uploads\/2017\/10\/Lanas-australia.jpg?fit=880%2C440&ssl=1&resize=525%2C300 1.5x, https:\/\/i0.wp.com\/lahoradelcampo.com.uy\/site\/wp-content\/uploads\/2017\/10\/Lanas-australia.jpg?fit=880%2C440&ssl=1&resize=700%2C400 2x"},"classes":[]},{"id":30396,"url":"https:\/\/lahoradelcampo.com.uy\/site\/sin-grandes-cambios-y-negocios-en-lanas-finas-a-nivel-interno\/","url_meta":{"origin":43147,"position":1},"title":"Sin grandes cambios y negocios en lanas finas a nivel interno","author":"La Hora del Campo","date":"21 mayo, 2021","format":false,"excerpt":"El mercado lanero interno contin\u00faa, al igual que a nivel internacional, con demanda por lanas finas y distante de los negocios en lanas medias y gruesas. Los \u00faltimos d\u00edas se vio una industria interesada principalmente en lanas por debajo de las 19 micras, con certificaciones (de preferencia ecol\u00f3gica u org\u00e1nica)\u2026","rel":"","context":"En \u00abActualidad\u00bb","block_context":{"text":"Actualidad","link":"https:\/\/lahoradelcampo.com.uy\/site\/category\/actualidad\/"},"img":{"alt_text":"","src":"https:\/\/i0.wp.com\/lahoradelcampo.com.uy\/site\/wp-content\/uploads\/2018\/05\/Lana-s.jpg?fit=880%2C440&ssl=1&resize=350%2C200","width":350,"height":200,"srcset":"https:\/\/i0.wp.com\/lahoradelcampo.com.uy\/site\/wp-content\/uploads\/2018\/05\/Lana-s.jpg?fit=880%2C440&ssl=1&resize=350%2C200 1x, https:\/\/i0.wp.com\/lahoradelcampo.com.uy\/site\/wp-content\/uploads\/2018\/05\/Lana-s.jpg?fit=880%2C440&ssl=1&resize=525%2C300 1.5x, https:\/\/i0.wp.com\/lahoradelcampo.com.uy\/site\/wp-content\/uploads\/2018\/05\/Lana-s.jpg?fit=880%2C440&ssl=1&resize=700%2C400 2x"},"classes":[]},{"id":28026,"url":"https:\/\/lahoradelcampo.com.uy\/site\/el-ime-cerro-la-semana-en-us-1040-1-por-debajo-de-2020\/","url_meta":{"origin":43147,"position":2},"title":"El IME cerr\u00f3 la semana en US$ 10,40, 1% por debajo de 2020","author":"La Hora del Campo","date":"26 febrero, 2021","format":false,"excerpt":"El Indicador de Mercados del Este (IME) lleg\u00f3 a los US$ 10,40 esta semana, ganando 18 centavos y posicion\u00e1ndose \u00fanicamente un 1% por debajo del cierre del mes de febrero del 2020. El contexto general del mercado registr\u00f3 vaivenes en el tipo de cambio y al mismo tiempo en la\u2026","rel":"","context":"En \u00abActualidad\u00bb","block_context":{"text":"Actualidad","link":"https:\/\/lahoradelcampo.com.uy\/site\/category\/actualidad\/"},"img":{"alt_text":"","src":"https:\/\/i0.wp.com\/lahoradelcampo.com.uy\/site\/wp-content\/uploads\/2021\/01\/Lanaaustralia.jpg?fit=880%2C440&ssl=1&resize=350%2C200","width":350,"height":200,"srcset":"https:\/\/i0.wp.com\/lahoradelcampo.com.uy\/site\/wp-content\/uploads\/2021\/01\/Lanaaustralia.jpg?fit=880%2C440&ssl=1&resize=350%2C200 1x, https:\/\/i0.wp.com\/lahoradelcampo.com.uy\/site\/wp-content\/uploads\/2021\/01\/Lanaaustralia.jpg?fit=880%2C440&ssl=1&resize=525%2C300 1.5x, https:\/\/i0.wp.com\/lahoradelcampo.com.uy\/site\/wp-content\/uploads\/2021\/01\/Lanaaustralia.jpg?fit=880%2C440&ssl=1&resize=700%2C400 2x"},"classes":[]},{"id":27064,"url":"https:\/\/lahoradelcampo.com.uy\/site\/con-firme-demanda-por-lanas-finas-el-ime-sigue-subiendo-en-australia\/","url_meta":{"origin":43147,"position":3},"title":"Con firme demanda por lanas finas el IME sigue subiendo en Australia","author":"La Hora del Campo","date":"22 enero, 2021","format":false,"excerpt":"Tres d\u00edas de ventas tuvo la semana 30 de la presente zafra lanera 2020\/21, en el mercado lanero australiano, con una demanda que fue de menos a m\u00e1s y logr\u00f3 un incremento de 27 centavos de d\u00f3lares norteamericanos en el Indicador de Mercados del Este (IME). La demanda se posicion\u00f3\u2026","rel":"","context":"En \u00abActualidad\u00bb","block_context":{"text":"Actualidad","link":"https:\/\/lahoradelcampo.com.uy\/site\/category\/actualidad\/"},"img":{"alt_text":"","src":"https:\/\/i0.wp.com\/lahoradelcampo.com.uy\/site\/wp-content\/uploads\/2019\/05\/lanas-australia-a.jpg?fit=880%2C440&ssl=1&resize=350%2C200","width":350,"height":200,"srcset":"https:\/\/i0.wp.com\/lahoradelcampo.com.uy\/site\/wp-content\/uploads\/2019\/05\/lanas-australia-a.jpg?fit=880%2C440&ssl=1&resize=350%2C200 1x, https:\/\/i0.wp.com\/lahoradelcampo.com.uy\/site\/wp-content\/uploads\/2019\/05\/lanas-australia-a.jpg?fit=880%2C440&ssl=1&resize=525%2C300 1.5x, https:\/\/i0.wp.com\/lahoradelcampo.com.uy\/site\/wp-content\/uploads\/2019\/05\/lanas-australia-a.jpg?fit=880%2C440&ssl=1&resize=700%2C400 2x"},"classes":[]},{"id":43401,"url":"https:\/\/lahoradelcampo.com.uy\/site\/zafra-en-uruguay-cerro-con-lanas-finas-al-alza-y-medias-en-baja\/","url_meta":{"origin":43147,"position":4},"title":"Zafra en Uruguay cerr\u00f3 con lanas finas al alza y medias en baja","author":"La Hora del Campo","date":"1 julio, 2022","format":false,"excerpt":"A nivel del mercado interno, en los \u00faltimos d\u00edas se fijaron precios de lotes de zafra anteriores que se encontraban en galpones de la industria. Al mismo tiempo se marcaron algunas nuevas referencias, que recibieron el impacto de la baja en los valores internacionales de las \u00faltimas dos semanas. Seg\u00fan\u2026","rel":"","context":"En \u00abActualidad\u00bb","block_context":{"text":"Actualidad","link":"https:\/\/lahoradelcampo.com.uy\/site\/category\/actualidad\/"},"img":{"alt_text":"","src":"https:\/\/i0.wp.com\/lahoradelcampo.com.uy\/site\/wp-content\/uploads\/2021\/12\/Lana-Crilu.jpg?fit=880%2C440&ssl=1&resize=350%2C200","width":350,"height":200,"srcset":"https:\/\/i0.wp.com\/lahoradelcampo.com.uy\/site\/wp-content\/uploads\/2021\/12\/Lana-Crilu.jpg?fit=880%2C440&ssl=1&resize=350%2C200 1x, https:\/\/i0.wp.com\/lahoradelcampo.com.uy\/site\/wp-content\/uploads\/2021\/12\/Lana-Crilu.jpg?fit=880%2C440&ssl=1&resize=525%2C300 1.5x, https:\/\/i0.wp.com\/lahoradelcampo.com.uy\/site\/wp-content\/uploads\/2021\/12\/Lana-Crilu.jpg?fit=880%2C440&ssl=1&resize=700%2C400 2x"},"classes":[]},{"id":52494,"url":"https:\/\/lahoradelcampo.com.uy\/site\/nueva-semana-positiva-para-el-mercado-lanero-australiano\/","url_meta":{"origin":43147,"position":5},"title":"Nueva semana positiva para el mercado lanero australiano","author":"La Hora del Campo","date":"15 septiembre, 2023","format":false,"excerpt":"Excelente semana para el mercado lanero australiano, con una demanda que empujo al alza los valores de los distintos micronajes, tanto en las lanas finas como medias y gruesas. Si bien la calidad de la oferta es un factor alcista, se observ\u00f3 en ambos d\u00edas de ventas una demanda muy\u2026","rel":"","context":"En \u00abActualidad\u00bb","block_context":{"text":"Actualidad","link":"https:\/\/lahoradelcampo.com.uy\/site\/category\/actualidad\/"},"img":{"alt_text":"","src":"https:\/\/i0.wp.com\/lahoradelcampo.com.uy\/site\/wp-content\/uploads\/2019\/04\/Lanas-Australia.jpg?fit=880%2C440&ssl=1&resize=350%2C200","width":350,"height":200,"srcset":"https:\/\/i0.wp.com\/lahoradelcampo.com.uy\/site\/wp-content\/uploads\/2019\/04\/Lanas-Australia.jpg?fit=880%2C440&ssl=1&resize=350%2C200 1x, https:\/\/i0.wp.com\/lahoradelcampo.com.uy\/site\/wp-content\/uploads\/2019\/04\/Lanas-Australia.jpg?fit=880%2C440&ssl=1&resize=525%2C300 1.5x, https:\/\/i0.wp.com\/lahoradelcampo.com.uy\/site\/wp-content\/uploads\/2019\/04\/Lanas-Australia.jpg?fit=880%2C440&ssl=1&resize=700%2C400 2x"},"classes":[]}],"jetpack_likes_enabled":true,"_links":{"self":[{"href":"https:\/\/lahoradelcampo.com.uy\/site\/wp-json\/wp\/v2\/posts\/43147","targetHints":{"allow":["GET"]}}],"collection":[{"href":"https:\/\/lahoradelcampo.com.uy\/site\/wp-json\/wp\/v2\/posts"}],"about":[{"href":"https:\/\/lahoradelcampo.com.uy\/site\/wp-json\/wp\/v2\/types\/post"}],"author":[{"embeddable":true,"href":"https:\/\/lahoradelcampo.com.uy\/site\/wp-json\/wp\/v2\/users\/5"}],"replies":[{"embeddable":true,"href":"https:\/\/lahoradelcampo.com.uy\/site\/wp-json\/wp\/v2\/comments?post=43147"}],"version-history":[{"count":1,"href":"https:\/\/lahoradelcampo.com.uy\/site\/wp-json\/wp\/v2\/posts\/43147\/revisions"}],"predecessor-version":[{"id":43149,"href":"https:\/\/lahoradelcampo.com.uy\/site\/wp-json\/wp\/v2\/posts\/43147\/revisions\/43149"}],"wp:featuredmedia":[{"embeddable":true,"href":"https:\/\/lahoradelcampo.com.uy\/site\/wp-json\/wp\/v2\/media\/31198"}],"wp:attachment":[{"href":"https:\/\/lahoradelcampo.com.uy\/site\/wp-json\/wp\/v2\/media?parent=43147"}],"wp:term":[{"taxonomy":"category","embeddable":true,"href":"https:\/\/lahoradelcampo.com.uy\/site\/wp-json\/wp\/v2\/categories?post=43147"},{"taxonomy":"post_tag","embeddable":true,"href":"https:\/\/lahoradelcampo.com.uy\/site\/wp-json\/wp\/v2\/tags?post=43147"}],"curies":[{"name":"wp","href":"https:\/\/api.w.org\/{rel}","templated":true}]}}