{"id":43143,"date":"2022-06-24T06:43:49","date_gmt":"2022-06-24T09:43:49","guid":{"rendered":"http:\/\/lahoradelcampo.com.uy\/site\/?p=43143"},"modified":"2022-06-24T06:43:55","modified_gmt":"2022-06-24T09:43:55","slug":"industrias-fijan-precio-de-lanas-para-cerrar-el-ejercicio-2021-22","status":"publish","type":"post","link":"https:\/\/lahoradelcampo.com.uy\/site\/industrias-fijan-precio-de-lanas-para-cerrar-el-ejercicio-2021-22\/","title":{"rendered":"Industrias fijan precio de lanas para cerrar el ejercicio 2021-22"},"content":{"rendered":"\n<figure class=\"wp-block-image\"><img data-recalc-dims=\"1\" loading=\"lazy\" decoding=\"async\" width=\"810\" height=\"405\" data-attachment-id=\"30078\" data-permalink=\"https:\/\/lahoradelcampo.com.uy\/site\/valores-estables-y-pocos-negocios-de-lana-en-el-norte\/lanavellon\/\" data-orig-file=\"https:\/\/i0.wp.com\/lahoradelcampo.com.uy\/site\/wp-content\/uploads\/2021\/05\/lanavellon.jpg?fit=880%2C440&amp;ssl=1\" data-orig-size=\"880,440\" data-comments-opened=\"1\" data-image-meta=\"{&quot;aperture&quot;:&quot;0&quot;,&quot;credit&quot;:&quot;&quot;,&quot;camera&quot;:&quot;&quot;,&quot;caption&quot;:&quot;&quot;,&quot;created_timestamp&quot;:&quot;0&quot;,&quot;copyright&quot;:&quot;&quot;,&quot;focal_length&quot;:&quot;0&quot;,&quot;iso&quot;:&quot;0&quot;,&quot;shutter_speed&quot;:&quot;0&quot;,&quot;title&quot;:&quot;&quot;,&quot;orientation&quot;:&quot;1&quot;}\" data-image-title=\"lanavellon\" data-image-description=\"\" data-image-caption=\"\" data-large-file=\"https:\/\/i0.wp.com\/lahoradelcampo.com.uy\/site\/wp-content\/uploads\/2021\/05\/lanavellon.jpg?fit=810%2C405&amp;ssl=1\" src=\"https:\/\/i0.wp.com\/lahoradelcampo.com.uy\/site\/wp-content\/uploads\/2021\/05\/lanavellon.jpg?resize=810%2C405\" alt=\"\" class=\"wp-image-30078\" srcset=\"https:\/\/i0.wp.com\/lahoradelcampo.com.uy\/site\/wp-content\/uploads\/2021\/05\/lanavellon.jpg?w=880&amp;ssl=1 880w, https:\/\/i0.wp.com\/lahoradelcampo.com.uy\/site\/wp-content\/uploads\/2021\/05\/lanavellon.jpg?resize=300%2C150&amp;ssl=1 300w, https:\/\/i0.wp.com\/lahoradelcampo.com.uy\/site\/wp-content\/uploads\/2021\/05\/lanavellon.jpg?resize=768%2C384&amp;ssl=1 768w, https:\/\/i0.wp.com\/lahoradelcampo.com.uy\/site\/wp-content\/uploads\/2021\/05\/lanavellon.jpg?resize=820%2C410&amp;ssl=1 820w\" sizes=\"auto, (max-width: 810px) 100vw, 810px\" \/><\/figure>\n\n\n\n<p>\u201cPoca oferta, con los precios del ganado el productor se olvid\u00f3 de la lana\u201d dijo un referente de la industria lanera al ser consultado por el movimiento del mercado esta semana. En general se marca una operativa muy tranquila, con algunos negocios concretados pero con reservas. <br><\/p>\n\n\n\n<p>En el di\u00e1logo con varios operadores, se dio a conocer que algunas empresas est\u00e1n abocadas  a fijar precio antes del cierre del ejercicio 2021-2022, sin embargo existen reservas tanto de las industrias como de los productores. <br><\/p>\n\n\n\n<p>Como negocios concretos, se inform\u00f3 a Faxlana de un lote Merino de 9.000 kilos de lana de 19,2 micras, con un rendimiento al lavado del 77%. El lote posee certificaci\u00f3n RWS de la industria topista compradora, cotizando a US$ 9,00 el vell\u00f3n y US$ 1,00 los subproductos. <br><\/p>\n\n\n\n<p>En el caso de las lanas corriedale, Federico Zald\u00faa representante de Lanas Trinidad, confirm\u00f3 la fijaci\u00f3n de precios por lotes de 28,3 micras y 31,8 micras. El lote de 28,3 micras, sum\u00f3 4.000 kilos, acondicionado grifa verde y cotiz\u00f3 a US$ 1,60, mientras que el lote de 31,8 micras, tambi\u00e9n grifa verde, de 1.800 kilos se comercializ\u00f3 a US$ 0,80 el kilogramo de vell\u00f3n. <\/p>\n\n\n\n<p>Salto, 24 de junio de 2022<\/p>\n","protected":false},"excerpt":{"rendered":"<p>\u201cPoca oferta, con los precios del ganado el productor se olvid\u00f3 de la lana\u201d dijo un referente de la industria lanera al ser consultado por el movimiento del mercado esta [&hellip;]<\/p>\n","protected":false},"author":5,"featured_media":30078,"comment_status":"open","ping_status":"open","sticky":false,"template":"","format":"standard","meta":{"_price":"","_stock":"","_tribe_ticket_header":"","_tribe_default_ticket_provider":"","_tribe_ticket_capacity":"0","_ticket_start_date":"","_ticket_end_date":"","_tribe_ticket_show_description":"","_tribe_ticket_show_not_going":false,"_tribe_ticket_use_global_stock":"","_tribe_ticket_global_stock_level":"","_global_stock_mode":"","_global_stock_cap":"","_tribe_rsvp_for_event":"","_tribe_ticket_going_count":"","_tribe_ticket_not_going_count":"","_tribe_tickets_list":"[]","_tribe_ticket_has_attendee_info_fields":false,"h5ap_radio_sources":[],"_jetpack_newsletter_access":"","_jetpack_dont_email_post_to_subs":false,"_jetpack_newsletter_tier_id":0,"_jetpack_memberships_contains_paywalled_content":false,"_jetpack_memberships_contains_paid_content":false,"footnotes":""},"categories":[21,13],"tags":[],"class_list":["post-43143","post","type-post","status-publish","format-standard","has-post-thumbnail","hentry","category-actualidad","category-ovinos"],"jetpack_featured_media_url":"https:\/\/i0.wp.com\/lahoradelcampo.com.uy\/site\/wp-content\/uploads\/2021\/05\/lanavellon.jpg?fit=880%2C440&ssl=1","jetpack_sharing_enabled":true,"jetpack_shortlink":"https:\/\/wp.me\/p99IaT-bdR","jetpack-related-posts":[{"id":36965,"url":"https:\/\/lahoradelcampo.com.uy\/site\/los-negocios-siguen-concentrados-en-las-lanas-finas-y-con-certificacion\/","url_meta":{"origin":43143,"position":0},"title":"Los negocios siguen concentrados en las lanas finas y con certificaci\u00f3n","author":"La Hora del Campo","date":"26 noviembre, 2021","format":false,"excerpt":"El mercado lanero interno contin\u00faa concentrado en la concreci\u00f3n de negocios de lanas finas y con certificaci\u00f3n. Si bien se ha confirmado alg\u00fan descenso en los valores respecto a las \u00faltimas semanas, por las bajas registradas en el mercado internacional, la corriente para este tipo de negocios contin\u00faa estable. Al\u2026","rel":"","context":"En \u00abActualidad\u00bb","block_context":{"text":"Actualidad","link":"https:\/\/lahoradelcampo.com.uy\/site\/category\/actualidad\/"},"img":{"alt_text":"","src":"https:\/\/i0.wp.com\/lahoradelcampo.com.uy\/site\/wp-content\/uploads\/2019\/06\/lana-australia.jpg?fit=880%2C440&ssl=1&resize=350%2C200","width":350,"height":200,"srcset":"https:\/\/i0.wp.com\/lahoradelcampo.com.uy\/site\/wp-content\/uploads\/2019\/06\/lana-australia.jpg?fit=880%2C440&ssl=1&resize=350%2C200 1x, https:\/\/i0.wp.com\/lahoradelcampo.com.uy\/site\/wp-content\/uploads\/2019\/06\/lana-australia.jpg?fit=880%2C440&ssl=1&resize=525%2C300 1.5x, https:\/\/i0.wp.com\/lahoradelcampo.com.uy\/site\/wp-content\/uploads\/2019\/06\/lana-australia.jpg?fit=880%2C440&ssl=1&resize=700%2C400 2x"},"classes":[]},{"id":39455,"url":"https:\/\/lahoradelcampo.com.uy\/site\/se-concreto-negocio-en-artigas-a-us-1200\/","url_meta":{"origin":43143,"position":1},"title":"Se concret\u00f3 negocio en Artigas a US$ 12,00","author":"La Hora del Campo","date":"25 febrero, 2022","format":false,"excerpt":"Uno de los negocios destacados de esta semana, informados por la publicaci\u00f3n electr\u00f3nica Faxlana, fue la comercializaci\u00f3n en el departamento de Artigas de un excelente lote de lana merino australiano perteneciente al establecimiento y caba\u00f1a \"Santa Rosa\" del Dr. Amilcar Lorenzelli y familia. Se trata de un lote de 8.000\u2026","rel":"","context":"En \u00abActualidad\u00bb","block_context":{"text":"Actualidad","link":"https:\/\/lahoradelcampo.com.uy\/site\/category\/actualidad\/"},"img":{"alt_text":"","src":"https:\/\/i0.wp.com\/lahoradelcampo.com.uy\/site\/wp-content\/uploads\/2018\/01\/Merino.jpg?fit=880%2C440&ssl=1&resize=350%2C200","width":350,"height":200,"srcset":"https:\/\/i0.wp.com\/lahoradelcampo.com.uy\/site\/wp-content\/uploads\/2018\/01\/Merino.jpg?fit=880%2C440&ssl=1&resize=350%2C200 1x, https:\/\/i0.wp.com\/lahoradelcampo.com.uy\/site\/wp-content\/uploads\/2018\/01\/Merino.jpg?fit=880%2C440&ssl=1&resize=525%2C300 1.5x, https:\/\/i0.wp.com\/lahoradelcampo.com.uy\/site\/wp-content\/uploads\/2018\/01\/Merino.jpg?fit=880%2C440&ssl=1&resize=700%2C400 2x"},"classes":[]},{"id":29780,"url":"https:\/\/lahoradelcampo.com.uy\/site\/se-concretaron-varios-negocios-de-merino-en-el-norte-del-pais\/","url_meta":{"origin":43143,"position":2},"title":"Se concretaron varios negocios de merino  en el norte del pa\u00eds","author":"La Hora del Campo","date":"7 mayo, 2021","format":false,"excerpt":"Durante el pasado final de semana se concretaron varios negocios de lana merino en el norte del pa\u00eds, en su gran mayor\u00eda con certificaci\u00f3n, tanto para la industria como para la exportaci\u00f3n en sucio. En este sentido en Artigas se vendi\u00f3 un lote de lana de 17,5 micras, lote acondicionado\u2026","rel":"","context":"En \u00abActualidad\u00bb","block_context":{"text":"Actualidad","link":"https:\/\/lahoradelcampo.com.uy\/site\/category\/actualidad\/"},"img":{"alt_text":"","src":"https:\/\/i0.wp.com\/lahoradelcampo.com.uy\/site\/wp-content\/uploads\/2019\/06\/lana-australia.jpg?fit=880%2C440&ssl=1&resize=350%2C200","width":350,"height":200,"srcset":"https:\/\/i0.wp.com\/lahoradelcampo.com.uy\/site\/wp-content\/uploads\/2019\/06\/lana-australia.jpg?fit=880%2C440&ssl=1&resize=350%2C200 1x, https:\/\/i0.wp.com\/lahoradelcampo.com.uy\/site\/wp-content\/uploads\/2019\/06\/lana-australia.jpg?fit=880%2C440&ssl=1&resize=525%2C300 1.5x, https:\/\/i0.wp.com\/lahoradelcampo.com.uy\/site\/wp-content\/uploads\/2019\/06\/lana-australia.jpg?fit=880%2C440&ssl=1&resize=700%2C400 2x"},"classes":[]},{"id":15033,"url":"https:\/\/lahoradelcampo.com.uy\/site\/se-conocieron-los-primeros-negocios-en-lanas-merino\/","url_meta":{"origin":43143,"position":3},"title":"Se conocieron los primeros negocios en lanas merino","author":"La Hora del Campo","date":"14 octubre, 2019","format":false,"excerpt":"Comienzan a conocerse los primeros negocios, con valores muy resistidos por parte de la oferta En el marco de la Expo Salto, se comenz\u00f3 a escuchar algunos valores de negocios entorno a la pista del Merino Australiano, que cont\u00f3 con la presencia de representantes de las industrias topistas. Por all\u00ed\u2026","rel":"","context":"En \u00abActualidad\u00bb","block_context":{"text":"Actualidad","link":"https:\/\/lahoradelcampo.com.uy\/site\/category\/actualidad\/"},"img":{"alt_text":"","src":"https:\/\/i0.wp.com\/lahoradelcampo.com.uy\/site\/wp-content\/uploads\/2017\/12\/Lana.jpg?fit=880%2C440&ssl=1&resize=350%2C200","width":350,"height":200,"srcset":"https:\/\/i0.wp.com\/lahoradelcampo.com.uy\/site\/wp-content\/uploads\/2017\/12\/Lana.jpg?fit=880%2C440&ssl=1&resize=350%2C200 1x, https:\/\/i0.wp.com\/lahoradelcampo.com.uy\/site\/wp-content\/uploads\/2017\/12\/Lana.jpg?fit=880%2C440&ssl=1&resize=525%2C300 1.5x, https:\/\/i0.wp.com\/lahoradelcampo.com.uy\/site\/wp-content\/uploads\/2017\/12\/Lana.jpg?fit=880%2C440&ssl=1&resize=700%2C400 2x"},"classes":[]},{"id":34621,"url":"https:\/\/lahoradelcampo.com.uy\/site\/se-concretan-negocios-en-un-mercado-enfocado-en-las-certificaciones\/","url_meta":{"origin":43143,"position":4},"title":"Se concretan negocios en un mercado enfocado en las certificaciones","author":"La Hora del Campo","date":"24 septiembre, 2021","format":false,"excerpt":"Luego de varias semanas sin grandes variantes en el mercado lanero uruguayo, fruto de las bajas consecuentes que ha tenido el mercado internacional, la demanda se ha puesto en marcha, pero enfocada en lanas finas y con certificaci\u00f3n. En este sentido se han concretado negocios en lanas merinas, en su\u2026","rel":"","context":"En \u00abActualidad\u00bb","block_context":{"text":"Actualidad","link":"https:\/\/lahoradelcampo.com.uy\/site\/category\/actualidad\/"},"img":{"alt_text":"","src":"https:\/\/i0.wp.com\/lahoradelcampo.com.uy\/site\/wp-content\/uploads\/2018\/03\/lanar-web.jpg?fit=880%2C440&ssl=1&resize=350%2C200","width":350,"height":200,"srcset":"https:\/\/i0.wp.com\/lahoradelcampo.com.uy\/site\/wp-content\/uploads\/2018\/03\/lanar-web.jpg?fit=880%2C440&ssl=1&resize=350%2C200 1x, https:\/\/i0.wp.com\/lahoradelcampo.com.uy\/site\/wp-content\/uploads\/2018\/03\/lanar-web.jpg?fit=880%2C440&ssl=1&resize=525%2C300 1.5x, https:\/\/i0.wp.com\/lahoradelcampo.com.uy\/site\/wp-content\/uploads\/2018\/03\/lanar-web.jpg?fit=880%2C440&ssl=1&resize=700%2C400 2x"},"classes":[]},{"id":17212,"url":"https:\/\/lahoradelcampo.com.uy\/site\/el-mercado-interno-volvio-a-enfriarse-esta-semana\/","url_meta":{"origin":43143,"position":5},"title":"El mercado interno volvi\u00f3 a enfriarse esta semana","author":"La Hora del Campo","date":"31 enero, 2020","format":false,"excerpt":"La pasada semana se movi\u00f3 el mercado con la colocaci\u00f3n de varios negocios de lana Ideal en el norte del pa\u00eds con destino a una industria topista nacional, lotes con certificaci\u00f3n org\u00e1nica, de acuerdo a la informaci\u00f3n que se brind\u00f3 por parte de los vendedores. A trav\u00e9s de una firma\u2026","rel":"","context":"En \u00abActualidad\u00bb","block_context":{"text":"Actualidad","link":"https:\/\/lahoradelcampo.com.uy\/site\/category\/actualidad\/"},"img":{"alt_text":"","src":"https:\/\/i0.wp.com\/lahoradelcampo.com.uy\/site\/wp-content\/uploads\/2017\/11\/Lanas2.jpg?fit=880%2C440&ssl=1&resize=350%2C200","width":350,"height":200,"srcset":"https:\/\/i0.wp.com\/lahoradelcampo.com.uy\/site\/wp-content\/uploads\/2017\/11\/Lanas2.jpg?fit=880%2C440&ssl=1&resize=350%2C200 1x, https:\/\/i0.wp.com\/lahoradelcampo.com.uy\/site\/wp-content\/uploads\/2017\/11\/Lanas2.jpg?fit=880%2C440&ssl=1&resize=525%2C300 1.5x, https:\/\/i0.wp.com\/lahoradelcampo.com.uy\/site\/wp-content\/uploads\/2017\/11\/Lanas2.jpg?fit=880%2C440&ssl=1&resize=700%2C400 2x"},"classes":[]}],"jetpack_likes_enabled":true,"_links":{"self":[{"href":"https:\/\/lahoradelcampo.com.uy\/site\/wp-json\/wp\/v2\/posts\/43143","targetHints":{"allow":["GET"]}}],"collection":[{"href":"https:\/\/lahoradelcampo.com.uy\/site\/wp-json\/wp\/v2\/posts"}],"about":[{"href":"https:\/\/lahoradelcampo.com.uy\/site\/wp-json\/wp\/v2\/types\/post"}],"author":[{"embeddable":true,"href":"https:\/\/lahoradelcampo.com.uy\/site\/wp-json\/wp\/v2\/users\/5"}],"replies":[{"embeddable":true,"href":"https:\/\/lahoradelcampo.com.uy\/site\/wp-json\/wp\/v2\/comments?post=43143"}],"version-history":[{"count":1,"href":"https:\/\/lahoradelcampo.com.uy\/site\/wp-json\/wp\/v2\/posts\/43143\/revisions"}],"predecessor-version":[{"id":43145,"href":"https:\/\/lahoradelcampo.com.uy\/site\/wp-json\/wp\/v2\/posts\/43143\/revisions\/43145"}],"wp:featuredmedia":[{"embeddable":true,"href":"https:\/\/lahoradelcampo.com.uy\/site\/wp-json\/wp\/v2\/media\/30078"}],"wp:attachment":[{"href":"https:\/\/lahoradelcampo.com.uy\/site\/wp-json\/wp\/v2\/media?parent=43143"}],"wp:term":[{"taxonomy":"category","embeddable":true,"href":"https:\/\/lahoradelcampo.com.uy\/site\/wp-json\/wp\/v2\/categories?post=43143"},{"taxonomy":"post_tag","embeddable":true,"href":"https:\/\/lahoradelcampo.com.uy\/site\/wp-json\/wp\/v2\/tags?post=43143"}],"curies":[{"name":"wp","href":"https:\/\/api.w.org\/{rel}","templated":true}]}}