{"id":43139,"date":"2022-06-24T06:40:09","date_gmt":"2022-06-24T09:40:09","guid":{"rendered":"http:\/\/lahoradelcampo.com.uy\/site\/?p=43139"},"modified":"2022-06-24T16:19:48","modified_gmt":"2022-06-24T19:19:48","slug":"en-2021-el-promedio-de-la-hectarea-cerro-a-us-134-subiendo-25","status":"publish","type":"post","link":"https:\/\/lahoradelcampo.com.uy\/site\/en-2021-el-promedio-de-la-hectarea-cerro-a-us-134-subiendo-25\/","title":{"rendered":"En 2021 el promedio de la hect\u00e1rea cerr\u00f3 a US$ 134, subiendo 25%"},"content":{"rendered":"\n<figure class=\"wp-block-image\"><img data-recalc-dims=\"1\" loading=\"lazy\" decoding=\"async\" width=\"810\" height=\"405\" data-attachment-id=\"34741\" data-permalink=\"https:\/\/lahoradelcampo.com.uy\/site\/la-hectarea-en-salto-subio-un-101-en-el-primer-semestre\/campo-tierras\/\" data-orig-file=\"https:\/\/i0.wp.com\/lahoradelcampo.com.uy\/site\/wp-content\/uploads\/2021\/09\/Campo-tierras.jpg?fit=880%2C440&amp;ssl=1\" data-orig-size=\"880,440\" data-comments-opened=\"1\" data-image-meta=\"{&quot;aperture&quot;:&quot;0&quot;,&quot;credit&quot;:&quot;&quot;,&quot;camera&quot;:&quot;&quot;,&quot;caption&quot;:&quot;&quot;,&quot;created_timestamp&quot;:&quot;0&quot;,&quot;copyright&quot;:&quot;&quot;,&quot;focal_length&quot;:&quot;0&quot;,&quot;iso&quot;:&quot;0&quot;,&quot;shutter_speed&quot;:&quot;0&quot;,&quot;title&quot;:&quot;&quot;,&quot;orientation&quot;:&quot;1&quot;}\" data-image-title=\"Campo-tierras\" data-image-description=\"\" data-image-caption=\"\" data-large-file=\"https:\/\/i0.wp.com\/lahoradelcampo.com.uy\/site\/wp-content\/uploads\/2021\/09\/Campo-tierras.jpg?fit=810%2C405&amp;ssl=1\" src=\"https:\/\/i0.wp.com\/lahoradelcampo.com.uy\/site\/wp-content\/uploads\/2021\/09\/Campo-tierras.jpg?resize=810%2C405\" alt=\"\" class=\"wp-image-34741\" srcset=\"https:\/\/i0.wp.com\/lahoradelcampo.com.uy\/site\/wp-content\/uploads\/2021\/09\/Campo-tierras.jpg?w=880&amp;ssl=1 880w, https:\/\/i0.wp.com\/lahoradelcampo.com.uy\/site\/wp-content\/uploads\/2021\/09\/Campo-tierras.jpg?resize=300%2C150&amp;ssl=1 300w, https:\/\/i0.wp.com\/lahoradelcampo.com.uy\/site\/wp-content\/uploads\/2021\/09\/Campo-tierras.jpg?resize=768%2C384&amp;ssl=1 768w, https:\/\/i0.wp.com\/lahoradelcampo.com.uy\/site\/wp-content\/uploads\/2021\/09\/Campo-tierras.jpg?resize=820%2C410&amp;ssl=1 820w\" sizes=\"auto, (max-width: 810px) 100vw, 810px\" \/><\/figure>\n\n\n\n<p>La Oficina de Estad\u00edsticas Agropecuarias (DIEA) del Ministerio de Ganader\u00eda, Agricultura y Pesca (MGAP) present\u00f3 el an\u00e1lisis de los contratos de arrendamiento, de m\u00e1s 10 hect\u00e1reas o m\u00e1s, durante el a\u00f1o 2021, donde se informa la realizaci\u00f3n de 2.543 contratos en los cuales se observa un \u00e1rea superior a las 909 mil hect\u00e1reas. <br><\/p>\n\n\n\n<p>El monto total de las operaciones fue superior a los 122 millones de d\u00f3lares, con un precio promedio de US$ 134 por hect\u00e1rea, por a\u00f1o, encontrando una importante correcci\u00f3n al alza del 25% con respecto al precio medio de los contratos inscriptos en el a\u00f1o 2020. <br><\/p>\n\n\n\n<p>Los precios de las rentas para Ganader\u00eda, Agr\u00edcola-Ganadero y Agricultura de secano fueron de US$ 71, US$ 153 y US$ 324 por hect\u00e1rea por a\u00f1o, respectivamente. Registr\u00e1ndose en estos contratos casi 804 mil hect\u00e1reas arrendadas, sumando 180 millones de d\u00f3lares. <br><\/p>\n\n\n\n<p>Por su relevancia, los campos para Ganader\u00eda involucraron el 55% de la superficie para el a\u00f1o, sin embargo fue un 11% por debajo del a\u00f1o pasado. Con un valor medio de US$ 71 por hect\u00e1rea, equivalente a un 5% m\u00e1s que los promedios registrados en dicho ejercicio.<br><\/p>\n\n\n\n<figure class=\"wp-block-image\"><img data-recalc-dims=\"1\" loading=\"lazy\" decoding=\"async\" width=\"810\" height=\"830\" data-attachment-id=\"43191\" data-permalink=\"https:\/\/lahoradelcampo.com.uy\/site\/en-2021-el-promedio-de-la-hectarea-cerro-a-us-134-subiendo-25\/diea_campos\/\" data-orig-file=\"https:\/\/i0.wp.com\/lahoradelcampo.com.uy\/site\/wp-content\/uploads\/2022\/06\/DIEA_Campos.jpg?fit=1843%2C1890&amp;ssl=1\" data-orig-size=\"1843,1890\" data-comments-opened=\"1\" data-image-meta=\"{&quot;aperture&quot;:&quot;0&quot;,&quot;credit&quot;:&quot;&quot;,&quot;camera&quot;:&quot;&quot;,&quot;caption&quot;:&quot;&quot;,&quot;created_timestamp&quot;:&quot;0&quot;,&quot;copyright&quot;:&quot;&quot;,&quot;focal_length&quot;:&quot;0&quot;,&quot;iso&quot;:&quot;0&quot;,&quot;shutter_speed&quot;:&quot;0&quot;,&quot;title&quot;:&quot;&quot;,&quot;orientation&quot;:&quot;1&quot;}\" data-image-title=\"DIEA_Campos\" data-image-description=\"\" data-image-caption=\"\" data-large-file=\"https:\/\/i0.wp.com\/lahoradelcampo.com.uy\/site\/wp-content\/uploads\/2022\/06\/DIEA_Campos.jpg?fit=810%2C830&amp;ssl=1\" src=\"https:\/\/i0.wp.com\/lahoradelcampo.com.uy\/site\/wp-content\/uploads\/2022\/06\/DIEA_Campos.jpg?resize=810%2C830\" alt=\"\" class=\"wp-image-43191\" srcset=\"https:\/\/i0.wp.com\/lahoradelcampo.com.uy\/site\/wp-content\/uploads\/2022\/06\/DIEA_Campos.jpg?resize=999%2C1024&amp;ssl=1 999w, https:\/\/i0.wp.com\/lahoradelcampo.com.uy\/site\/wp-content\/uploads\/2022\/06\/DIEA_Campos.jpg?resize=293%2C300&amp;ssl=1 293w, https:\/\/i0.wp.com\/lahoradelcampo.com.uy\/site\/wp-content\/uploads\/2022\/06\/DIEA_Campos.jpg?resize=768%2C788&amp;ssl=1 768w, https:\/\/i0.wp.com\/lahoradelcampo.com.uy\/site\/wp-content\/uploads\/2022\/06\/DIEA_Campos.jpg?w=1843&amp;ssl=1 1843w, https:\/\/i0.wp.com\/lahoradelcampo.com.uy\/site\/wp-content\/uploads\/2022\/06\/DIEA_Campos.jpg?w=1620 1620w\" sizes=\"auto, (max-width: 810px) 100vw, 810px\" \/><\/figure>\n\n\n\n<p>Los departamentos con m\u00e1s superficie arrendada fueron, por su orden, Paysand\u00fa, Soriano y R\u00edo Negro; sumando un \u00e1rea de 279.171 hect\u00e1reas (31% del arrendamiento del a\u00f1o) constituyendo el 46% del monto total.<br><\/p>\n\n\n\n<p>Soriano, Colonia y R\u00edo Negro fueron los departamentos con los registros de mayor precio medio de renta (US$ 268, US$ 223 y US$ 214 por hect\u00e1rea en su orden). En el otro extremo, los contratos que se acordaron a menores valores correspondieron al departamento de Rivera con un promedio de US$ 57 por hect\u00e1rea. <br><\/p>\n\n\n\n<p>Los precios de los arrendamientos presentan una amplia variaci\u00f3n, sin perjuicio de ello el mayor n\u00famero de operaciones y de superficie arrendada se observ\u00f3 en el tramo entre US$ 50 y US$ 100, asociado al destino ganadero, que acumul\u00f3 algo m\u00e1s de 356 mil hect\u00e1reas, lo que equivale al 39% del total arrendado en el 2021.<br><\/p>\n\n\n\n<p>En el extremo superior de la escala con operaciones por m\u00e1s de US$ 300 por hect\u00e1rea, se triplic\u00f3 el n\u00famero de contratos y se multiplic\u00f3 por 3,5 la superficie operada pasando de 28.534 ha a 102.429 ha en el pasado a\u00f1o, Los valores promedios pasaron de US$ 329 para el 2020 a los actuales US$ 386 por hect\u00e1rea, por a\u00f1o, en 2021. <\/p>\n\n\n\n<p>Salto, 24 de junio de 2022<\/p>\n","protected":false},"excerpt":{"rendered":"<p>La Oficina de Estad\u00edsticas Agropecuarias (DIEA) del Ministerio de Ganader\u00eda, Agricultura y Pesca (MGAP) present\u00f3 el an\u00e1lisis de los contratos de arrendamiento, de m\u00e1s 10 hect\u00e1reas o m\u00e1s, durante el [&hellip;]<\/p>\n","protected":false},"author":5,"featured_media":34741,"comment_status":"open","ping_status":"open","sticky":false,"template":"","format":"standard","meta":{"_price":"","_stock":"","_tribe_ticket_header":"","_tribe_default_ticket_provider":"","_tribe_ticket_capacity":"0","_ticket_start_date":"","_ticket_end_date":"","_tribe_ticket_show_description":"","_tribe_ticket_show_not_going":false,"_tribe_ticket_use_global_stock":"","_tribe_ticket_global_stock_level":"","_global_stock_mode":"","_global_stock_cap":"","_tribe_rsvp_for_event":"","_tribe_ticket_going_count":"","_tribe_ticket_not_going_count":"","_tribe_tickets_list":"[]","_tribe_ticket_has_attendee_info_fields":false,"h5ap_radio_sources":[],"_jetpack_newsletter_access":"","_jetpack_dont_email_post_to_subs":false,"_jetpack_newsletter_tier_id":0,"_jetpack_memberships_contains_paywalled_content":false,"_jetpack_memberships_contains_paid_content":false,"footnotes":""},"categories":[21,5],"tags":[],"class_list":["post-43139","post","type-post","status-publish","format-standard","has-post-thumbnail","hentry","category-actualidad","category-ganaderia"],"jetpack_featured_media_url":"https:\/\/i0.wp.com\/lahoradelcampo.com.uy\/site\/wp-content\/uploads\/2021\/09\/Campo-tierras.jpg?fit=880%2C440&ssl=1","jetpack_sharing_enabled":true,"jetpack_shortlink":"https:\/\/wp.me\/p99IaT-bdN","jetpack-related-posts":[{"id":52777,"url":"https:\/\/lahoradelcampo.com.uy\/site\/en-2022-se-arrendaron-948-616-hectareas-a-us-154-de-promedio\/","url_meta":{"origin":43139,"position":0},"title":"En 2022 se arrendaron 948.616 hect\u00e1reas a US$ 154 de promedio","author":"La Hora del Campo","date":"16 octubre, 2023","format":false,"excerpt":"El Ministerio de Ganader\u00eda, Agricultura y Pesca (MGAP), present\u00f3 los resultados del procesamiento de las operaciones de arrendamiento de tierras para uso agropecuario en Uruguay durante el a\u00f1o 2022. Estos datos reflejan una tendencia al alza en la demanda de tierras de arrendamiento en el pa\u00eds. El informe se basa\u2026","rel":"","context":"En \u00abActualidad\u00bb","block_context":{"text":"Actualidad","link":"https:\/\/lahoradelcampo.com.uy\/site\/category\/actualidad\/"},"img":{"alt_text":"","src":"https:\/\/i0.wp.com\/lahoradelcampo.com.uy\/site\/wp-content\/uploads\/2023\/10\/Arrendamiento-en-salto.jpg?fit=880%2C440&ssl=1&resize=350%2C200","width":350,"height":200,"srcset":"https:\/\/i0.wp.com\/lahoradelcampo.com.uy\/site\/wp-content\/uploads\/2023\/10\/Arrendamiento-en-salto.jpg?fit=880%2C440&ssl=1&resize=350%2C200 1x, https:\/\/i0.wp.com\/lahoradelcampo.com.uy\/site\/wp-content\/uploads\/2023\/10\/Arrendamiento-en-salto.jpg?fit=880%2C440&ssl=1&resize=525%2C300 1.5x, https:\/\/i0.wp.com\/lahoradelcampo.com.uy\/site\/wp-content\/uploads\/2023\/10\/Arrendamiento-en-salto.jpg?fit=880%2C440&ssl=1&resize=700%2C400 2x"},"classes":[]},{"id":37269,"url":"https:\/\/lahoradelcampo.com.uy\/site\/valor-de-la-hectarea-arrendada-subio-un-15-a-nivel-nacional\/","url_meta":{"origin":43139,"position":1},"title":"Valor de la hect\u00e1rea arrendada subi\u00f3 un 15% a nivel nacional","author":"La Hora del Campo","date":"7 diciembre, 2021","format":false,"excerpt":"La Direcci\u00f3n de Informaci\u00f3n y Estad\u00edsticas (DIEA) del Ministerio de Ganader\u00eda, Agricultura y Pesca, present\u00f3 el an\u00e1lisis de los negocios de arrendamientos de tierras a nivel pa\u00eds, durante el primer semestre de este a\u00f1o. Recordemos que este trabajo se basa en las transacciones realizadas entre enero y junio de este\u2026","rel":"","context":"En \u00abActualidad\u00bb","block_context":{"text":"Actualidad","link":"https:\/\/lahoradelcampo.com.uy\/site\/category\/actualidad\/"},"img":{"alt_text":"","src":"https:\/\/i0.wp.com\/lahoradelcampo.com.uy\/site\/wp-content\/uploads\/2021\/12\/Tierras-Arrendamientos.jpg?fit=880%2C440&ssl=1&resize=350%2C200","width":350,"height":200,"srcset":"https:\/\/i0.wp.com\/lahoradelcampo.com.uy\/site\/wp-content\/uploads\/2021\/12\/Tierras-Arrendamientos.jpg?fit=880%2C440&ssl=1&resize=350%2C200 1x, https:\/\/i0.wp.com\/lahoradelcampo.com.uy\/site\/wp-content\/uploads\/2021\/12\/Tierras-Arrendamientos.jpg?fit=880%2C440&ssl=1&resize=525%2C300 1.5x, https:\/\/i0.wp.com\/lahoradelcampo.com.uy\/site\/wp-content\/uploads\/2021\/12\/Tierras-Arrendamientos.jpg?fit=880%2C440&ssl=1&resize=700%2C400 2x"},"classes":[]},{"id":56670,"url":"https:\/\/lahoradelcampo.com.uy\/site\/arrendamientos-mas-contratos-mas-areapero-menor-valor-promedio-en-2024\/","url_meta":{"origin":43139,"position":2},"title":"Arrendamientos: M\u00e1s contratos, m\u00e1s \u00e1rea,pero menor valor promedio en 2024","author":"La Hora del Campo","date":"1 septiembre, 2025","format":false,"excerpt":"El Ministerio de Ganader\u00eda, Agricultura y Pesca (MGAP) dio a conocer el an\u00e1lisis del mercado de arrendamientos de tierras agropecuarias durante el a\u00f1o 2024, donde se observa un incremento del 18% en el volumen de hect\u00e1reas involucradas en los negocios respecto a 2023, en tanto que el valor promedio descendi\u00f3\u2026","rel":"","context":"En \u00abActualidad\u00bb","block_context":{"text":"Actualidad","link":"https:\/\/lahoradelcampo.com.uy\/site\/category\/actualidad\/"},"img":{"alt_text":"","src":"https:\/\/i0.wp.com\/lahoradelcampo.com.uy\/site\/wp-content\/uploads\/2025\/09\/arrendamietnos.jpg?fit=880%2C440&ssl=1&resize=350%2C200","width":350,"height":200,"srcset":"https:\/\/i0.wp.com\/lahoradelcampo.com.uy\/site\/wp-content\/uploads\/2025\/09\/arrendamietnos.jpg?fit=880%2C440&ssl=1&resize=350%2C200 1x, https:\/\/i0.wp.com\/lahoradelcampo.com.uy\/site\/wp-content\/uploads\/2025\/09\/arrendamietnos.jpg?fit=880%2C440&ssl=1&resize=525%2C300 1.5x, https:\/\/i0.wp.com\/lahoradelcampo.com.uy\/site\/wp-content\/uploads\/2025\/09\/arrendamietnos.jpg?fit=880%2C440&ssl=1&resize=700%2C400 2x"},"classes":[]},{"id":53560,"url":"https:\/\/lahoradelcampo.com.uy\/site\/los-arrendamientos-se-mantuvieron-estables-en-el-primer-semestre-de-2023\/","url_meta":{"origin":43139,"position":3},"title":"Los arrendamientos se mantuvieron estables en el primer semestre de 2023","author":"La Hora del Campo","date":"6 marzo, 2024","format":false,"excerpt":"El Ministerio de Ganader\u00eda, Agricultura y Pesca, a trav\u00e9s de la Oficina de Estad\u00edsticas Agropecuarias (DIEA), present\u00f3 el an\u00e1lisis de los arrendamientos de tierras destinadas a uso agropecuario en el primer semestre de 2023, donde se marca una baja en el volumen del \u00e1rea arrendada, pero con un valor estable\u2026","rel":"","context":"En \u00abActualidad\u00bb","block_context":{"text":"Actualidad","link":"https:\/\/lahoradelcampo.com.uy\/site\/category\/actualidad\/"},"img":{"alt_text":"","src":"https:\/\/i0.wp.com\/lahoradelcampo.com.uy\/site\/wp-content\/uploads\/2023\/06\/Ganadoycampo.jpg?fit=880%2C440&ssl=1&resize=350%2C200","width":350,"height":200,"srcset":"https:\/\/i0.wp.com\/lahoradelcampo.com.uy\/site\/wp-content\/uploads\/2023\/06\/Ganadoycampo.jpg?fit=880%2C440&ssl=1&resize=350%2C200 1x, https:\/\/i0.wp.com\/lahoradelcampo.com.uy\/site\/wp-content\/uploads\/2023\/06\/Ganadoycampo.jpg?fit=880%2C440&ssl=1&resize=525%2C300 1.5x, https:\/\/i0.wp.com\/lahoradelcampo.com.uy\/site\/wp-content\/uploads\/2023\/06\/Ganadoycampo.jpg?fit=880%2C440&ssl=1&resize=700%2C400 2x"},"classes":[]},{"id":54976,"url":"https:\/\/lahoradelcampo.com.uy\/site\/en-el-ano-agricola-ganadero-el-valor-promedio-de-la-hectarea-cayo-5-en-salto\/","url_meta":{"origin":43139,"position":4},"title":"En el a\u00f1o agr\u00edcola-ganadero el valor promedio de la hect\u00e1rea cay\u00f3 5% en Salto","author":"La Hora del Campo","date":"27 octubre, 2024","format":false,"excerpt":"En el \u00faltimo a\u00f1o agr\u00edcola ganadero (julio 23-junio 24) el valor promedio de la hect\u00e1rea en los contratos compraventa del departamento de Salto, descendi\u00f3 un 5,3% seg\u00fan los datos publicados por el Ministerio de Ganader\u00eda, Agricultura y Pesca. Recordemos que los datos publicados son el resultado de los negocios de\u2026","rel":"","context":"En \u00abActualidad\u00bb","block_context":{"text":"Actualidad","link":"https:\/\/lahoradelcampo.com.uy\/site\/category\/actualidad\/"},"img":{"alt_text":"","src":"https:\/\/i0.wp.com\/lahoradelcampo.com.uy\/site\/wp-content\/uploads\/2020\/04\/campossemiseco.jpg?fit=880%2C440&ssl=1&resize=350%2C200","width":350,"height":200,"srcset":"https:\/\/i0.wp.com\/lahoradelcampo.com.uy\/site\/wp-content\/uploads\/2020\/04\/campossemiseco.jpg?fit=880%2C440&ssl=1&resize=350%2C200 1x, https:\/\/i0.wp.com\/lahoradelcampo.com.uy\/site\/wp-content\/uploads\/2020\/04\/campossemiseco.jpg?fit=880%2C440&ssl=1&resize=525%2C300 1.5x, https:\/\/i0.wp.com\/lahoradelcampo.com.uy\/site\/wp-content\/uploads\/2020\/04\/campossemiseco.jpg?fit=880%2C440&ssl=1&resize=700%2C400 2x"},"classes":[]},{"id":23258,"url":"https:\/\/lahoradelcampo.com.uy\/site\/en-salto-se-realizaron-79-operaciones-de-arrendamientos-a-us-70\/","url_meta":{"origin":43139,"position":5},"title":"Arrendamientos del primer semestre en Salto promediario US$ 70 la h\u00e1.","author":"La Hora del Campo","date":"5 septiembre, 2020","format":false,"excerpt":"En el primer semestre del a\u00f1o 2020 se realizaron 968 contratos de arrendamientos a nivel de todo el pa\u00eds, seg\u00fan el informe realizado por la Direcci\u00f3n de Informaci\u00f3n y Estad\u00edsticas del Ministerio de Ganader\u00eda, Agricultura y Pesca (DIEA-MGAP). Este volumen de negocio signific\u00f3 un 5% m\u00e1s que los celebrados al\u2026","rel":"","context":"En \u00abActualidad\u00bb","block_context":{"text":"Actualidad","link":"https:\/\/lahoradelcampo.com.uy\/site\/category\/actualidad\/"},"img":{"alt_text":"","src":"https:\/\/i0.wp.com\/lahoradelcampo.com.uy\/site\/wp-content\/uploads\/2020\/04\/campossemiseco.jpg?fit=880%2C440&ssl=1&resize=350%2C200","width":350,"height":200,"srcset":"https:\/\/i0.wp.com\/lahoradelcampo.com.uy\/site\/wp-content\/uploads\/2020\/04\/campossemiseco.jpg?fit=880%2C440&ssl=1&resize=350%2C200 1x, https:\/\/i0.wp.com\/lahoradelcampo.com.uy\/site\/wp-content\/uploads\/2020\/04\/campossemiseco.jpg?fit=880%2C440&ssl=1&resize=525%2C300 1.5x, https:\/\/i0.wp.com\/lahoradelcampo.com.uy\/site\/wp-content\/uploads\/2020\/04\/campossemiseco.jpg?fit=880%2C440&ssl=1&resize=700%2C400 2x"},"classes":[]}],"jetpack_likes_enabled":true,"_links":{"self":[{"href":"https:\/\/lahoradelcampo.com.uy\/site\/wp-json\/wp\/v2\/posts\/43139","targetHints":{"allow":["GET"]}}],"collection":[{"href":"https:\/\/lahoradelcampo.com.uy\/site\/wp-json\/wp\/v2\/posts"}],"about":[{"href":"https:\/\/lahoradelcampo.com.uy\/site\/wp-json\/wp\/v2\/types\/post"}],"author":[{"embeddable":true,"href":"https:\/\/lahoradelcampo.com.uy\/site\/wp-json\/wp\/v2\/users\/5"}],"replies":[{"embeddable":true,"href":"https:\/\/lahoradelcampo.com.uy\/site\/wp-json\/wp\/v2\/comments?post=43139"}],"version-history":[{"count":2,"href":"https:\/\/lahoradelcampo.com.uy\/site\/wp-json\/wp\/v2\/posts\/43139\/revisions"}],"predecessor-version":[{"id":43193,"href":"https:\/\/lahoradelcampo.com.uy\/site\/wp-json\/wp\/v2\/posts\/43139\/revisions\/43193"}],"wp:featuredmedia":[{"embeddable":true,"href":"https:\/\/lahoradelcampo.com.uy\/site\/wp-json\/wp\/v2\/media\/34741"}],"wp:attachment":[{"href":"https:\/\/lahoradelcampo.com.uy\/site\/wp-json\/wp\/v2\/media?parent=43139"}],"wp:term":[{"taxonomy":"category","embeddable":true,"href":"https:\/\/lahoradelcampo.com.uy\/site\/wp-json\/wp\/v2\/categories?post=43139"},{"taxonomy":"post_tag","embeddable":true,"href":"https:\/\/lahoradelcampo.com.uy\/site\/wp-json\/wp\/v2\/tags?post=43139"}],"curies":[{"name":"wp","href":"https:\/\/api.w.org\/{rel}","templated":true}]}}