{"id":43133,"date":"2022-06-24T06:28:07","date_gmt":"2022-06-24T09:28:07","guid":{"rendered":"http:\/\/lahoradelcampo.com.uy\/site\/?p=43133"},"modified":"2022-06-24T06:28:12","modified_gmt":"2022-06-24T09:28:12","slug":"mgap-habilito-la-importacion-de-carne-con-hueso-de-brasil","status":"publish","type":"post","link":"https:\/\/lahoradelcampo.com.uy\/site\/mgap-habilito-la-importacion-de-carne-con-hueso-de-brasil\/","title":{"rendered":"MGAP habilit\u00f3 la importaci\u00f3n de carne con hueso de Brasil"},"content":{"rendered":"\n<figure class=\"wp-block-image\"><img data-recalc-dims=\"1\" loading=\"lazy\" decoding=\"async\" width=\"810\" height=\"405\" data-attachment-id=\"43135\" data-permalink=\"https:\/\/lahoradelcampo.com.uy\/site\/mgap-habilito-la-importacion-de-carne-con-hueso-de-brasil\/mgap-importacion\/\" data-orig-file=\"https:\/\/i0.wp.com\/lahoradelcampo.com.uy\/site\/wp-content\/uploads\/2022\/06\/MGAP-Importacion.jpg?fit=880%2C440&amp;ssl=1\" data-orig-size=\"880,440\" data-comments-opened=\"1\" data-image-meta=\"{&quot;aperture&quot;:&quot;0&quot;,&quot;credit&quot;:&quot;&quot;,&quot;camera&quot;:&quot;&quot;,&quot;caption&quot;:&quot;&quot;,&quot;created_timestamp&quot;:&quot;0&quot;,&quot;copyright&quot;:&quot;&quot;,&quot;focal_length&quot;:&quot;0&quot;,&quot;iso&quot;:&quot;0&quot;,&quot;shutter_speed&quot;:&quot;0&quot;,&quot;title&quot;:&quot;&quot;,&quot;orientation&quot;:&quot;1&quot;}\" data-image-title=\"MGAP-Importacion\" data-image-description=\"\" data-image-caption=\"\" data-large-file=\"https:\/\/i0.wp.com\/lahoradelcampo.com.uy\/site\/wp-content\/uploads\/2022\/06\/MGAP-Importacion.jpg?fit=810%2C405&amp;ssl=1\" src=\"https:\/\/i0.wp.com\/lahoradelcampo.com.uy\/site\/wp-content\/uploads\/2022\/06\/MGAP-Importacion.jpg?resize=810%2C405\" alt=\"\" class=\"wp-image-43135\" srcset=\"https:\/\/i0.wp.com\/lahoradelcampo.com.uy\/site\/wp-content\/uploads\/2022\/06\/MGAP-Importacion.jpg?w=880&amp;ssl=1 880w, https:\/\/i0.wp.com\/lahoradelcampo.com.uy\/site\/wp-content\/uploads\/2022\/06\/MGAP-Importacion.jpg?resize=300%2C150&amp;ssl=1 300w, https:\/\/i0.wp.com\/lahoradelcampo.com.uy\/site\/wp-content\/uploads\/2022\/06\/MGAP-Importacion.jpg?resize=768%2C384&amp;ssl=1 768w, https:\/\/i0.wp.com\/lahoradelcampo.com.uy\/site\/wp-content\/uploads\/2022\/06\/MGAP-Importacion.jpg?resize=820%2C410&amp;ssl=1 820w\" sizes=\"auto, (max-width: 810px) 100vw, 810px\" \/><\/figure>\n\n\n\n<p>En conferencia de prensa, el Ministerio de Ganader\u00eda, Agricultura y Pesca (MGAP), anunci\u00f3 la habilitaci\u00f3n de importaci\u00f3n de carne vacuna con hueso desde Brasil, aunque se advirti\u00f3 que la carne debe ser procedente de Estados con un status sanitario superior al de nuestro pa\u00eds. <br><\/p>\n\n\n\n<p>El ministro del MGAP, Fernando Mattos, en compa\u00f1\u00eda del subsecretario, Ignacio Buffa, el director de los Servicios Ganaderos, Diego de Freitas, el director de la Divisi\u00f3n de Industria Animal, Pablo Nadal y del presidente de INAC, Conrado Ferber anunci\u00f3 que, a trav\u00e9s de la promulgaci\u00f3n de dos resoluciones ministeriales, a partir de ayer entr\u00f3 en vigor la posibilidad de importar carne vacuna con hueso y sin hueso desde Brasil. Est\u00e1 decisi\u00f3n responde al pedido tanto del sector privado como por parte del gobierno del pa\u00eds vecino.<br><\/p>\n\n\n\n<p>Para el caso de la carne vacuna con hueso que se pueda importar desde Brasil, teniendo en cuenta que esta habilitaci\u00f3n es para aquellos estados brasile\u00f1os que sean libres de aftosa sin vacunaci\u00f3n, Mattos agreg\u00f3 que el objetivo fundamental es comunicar a la poblaci\u00f3n, que est\u00e1n dadas las garant\u00edas para mantener el estatus sanitario nacional, sin implicar riesgo para la producci\u00f3n nacional ni para los consumidores. Tambi\u00e9n se cumple as\u00ed, con los acuerdos asumidos con los clientes externos, que permitir\u00e1 mantener la corriente comercial.<br><\/p>\n\n\n\n<p>\u201cVarios estados de Brasil pasaron a ser superiores a Uruguay en status \u00ablibre de aftosa sin vacunaci\u00f3n\u00bb por lo tanto hemos decidido autorizar la importaci\u00f3n de carne con hueso desde Brasil\u00bb dijo el Ing. Fernando Mattos.<br><\/p>\n\n\n\n<p>El titular del MGAP explic\u00f3 que adicionalmente se pretende que, en funci\u00f3n de una mayor participaci\u00f3n de agentes comerciales en la importaci\u00f3n, se logre un descenso en los costos del producto, en beneficio de la poblaci\u00f3n.<br><\/p>\n\n\n\n<p>Por otra parte, tambi\u00e9n se anunci\u00f3 que una segunda resoluci\u00f3n explicita que todas las industrias exportadoras, que no estaban habilitadas para la importaci\u00f3n de carne sin hueso, ahora puedan hacerlo siempre y cuando, los cortes adquiridos sean destinados \u00fanicamente, a cumplir con las necesidades del mercado interno nacional y no sean destinados a la exportaci\u00f3n.<\/p>\n\n\n\n<p>Salto, 24 de junio de 2022<\/p>\n","protected":false},"excerpt":{"rendered":"<p>En conferencia de prensa, el Ministerio de Ganader\u00eda, Agricultura y Pesca (MGAP), anunci\u00f3 la habilitaci\u00f3n de importaci\u00f3n de carne vacuna con hueso desde Brasil, aunque se advirti\u00f3 que la carne [&hellip;]<\/p>\n","protected":false},"author":5,"featured_media":43135,"comment_status":"open","ping_status":"open","sticky":false,"template":"","format":"standard","meta":{"_price":"","_stock":"","_tribe_ticket_header":"","_tribe_default_ticket_provider":"","_tribe_ticket_capacity":"0","_ticket_start_date":"","_ticket_end_date":"","_tribe_ticket_show_description":"","_tribe_ticket_show_not_going":false,"_tribe_ticket_use_global_stock":"","_tribe_ticket_global_stock_level":"","_global_stock_mode":"","_global_stock_cap":"","_tribe_rsvp_for_event":"","_tribe_ticket_going_count":"","_tribe_ticket_not_going_count":"","_tribe_tickets_list":"[]","_tribe_ticket_has_attendee_info_fields":false,"h5ap_radio_sources":[],"_jetpack_newsletter_access":"","_jetpack_dont_email_post_to_subs":false,"_jetpack_newsletter_tier_id":0,"_jetpack_memberships_contains_paywalled_content":false,"_jetpack_memberships_contains_paid_content":false,"footnotes":""},"categories":[21,5],"tags":[],"class_list":["post-43133","post","type-post","status-publish","format-standard","has-post-thumbnail","hentry","category-actualidad","category-ganaderia"],"jetpack_featured_media_url":"https:\/\/i0.wp.com\/lahoradelcampo.com.uy\/site\/wp-content\/uploads\/2022\/06\/MGAP-Importacion.jpg?fit=880%2C440&ssl=1","jetpack_sharing_enabled":true,"jetpack_shortlink":"https:\/\/wp.me\/p99IaT-bdH","jetpack-related-posts":[{"id":1697,"url":"https:\/\/lahoradelcampo.com.uy\/site\/singapur-habilito-el-ingreso-de-carne-uruguaya-con-hueso\/","url_meta":{"origin":43133,"position":0},"title":"Singapur habilit\u00f3 el ingreso de carne uruguaya con hueso","author":"La Hora del Campo","date":"24 septiembre, 2017","format":false,"excerpt":"El Ing. Agr. Enzo Benech, Subsecretario del Ministerio de Ganader\u00eda, Agricultura y Pesca, anunci\u00f3 esta ma\u00f1ana en las reuniones previas al Consejo de Ministros de este lunes en el departamento de Rocha, la apertura del mercado de Singapur para las carnes vacuna y ovina con hueso, procedente de Uruguay. La\u2026","rel":"","context":"En \u00abActualidad\u00bb","block_context":{"text":"Actualidad","link":"https:\/\/lahoradelcampo.com.uy\/site\/category\/actualidad\/"},"img":{"alt_text":"","src":"https:\/\/i0.wp.com\/lahoradelcampo.com.uy\/site\/wp-content\/uploads\/2017\/09\/Singapur.jpg?fit=880%2C440&ssl=1&resize=350%2C200","width":350,"height":200,"srcset":"https:\/\/i0.wp.com\/lahoradelcampo.com.uy\/site\/wp-content\/uploads\/2017\/09\/Singapur.jpg?fit=880%2C440&ssl=1&resize=350%2C200 1x, https:\/\/i0.wp.com\/lahoradelcampo.com.uy\/site\/wp-content\/uploads\/2017\/09\/Singapur.jpg?fit=880%2C440&ssl=1&resize=525%2C300 1.5x, https:\/\/i0.wp.com\/lahoradelcampo.com.uy\/site\/wp-content\/uploads\/2017\/09\/Singapur.jpg?fit=880%2C440&ssl=1&resize=700%2C400 2x"},"classes":[]},{"id":38691,"url":"https:\/\/lahoradelcampo.com.uy\/site\/sube-el-precio-de-la-carne-importada-en-el-mercado-interno\/","url_meta":{"origin":43133,"position":1},"title":"Sube el precio de la carne importada  en el mercado interno","author":"La Hora del Campo","date":"31 enero, 2022","format":false,"excerpt":"El retorno de Brasil al mercado chino, la propia demanda que tiene su mercado interno y la situaci\u00f3n clim\u00e1tica adversa en gran parte de su territorio, han llevado a que los valores de la carne vacuna exportada desde el vecino pa\u00eds adquirieran una tendencia de precios alcista, por lo que\u2026","rel":"","context":"En \u00abActualidad\u00bb","block_context":{"text":"Actualidad","link":"https:\/\/lahoradelcampo.com.uy\/site\/category\/actualidad\/"},"img":{"alt_text":"","src":"https:\/\/i0.wp.com\/lahoradelcampo.com.uy\/site\/wp-content\/uploads\/2019\/06\/carne.jpg?fit=880%2C440&ssl=1&resize=350%2C200","width":350,"height":200,"srcset":"https:\/\/i0.wp.com\/lahoradelcampo.com.uy\/site\/wp-content\/uploads\/2019\/06\/carne.jpg?fit=880%2C440&ssl=1&resize=350%2C200 1x, https:\/\/i0.wp.com\/lahoradelcampo.com.uy\/site\/wp-content\/uploads\/2019\/06\/carne.jpg?fit=880%2C440&ssl=1&resize=525%2C300 1.5x, https:\/\/i0.wp.com\/lahoradelcampo.com.uy\/site\/wp-content\/uploads\/2019\/06\/carne.jpg?fit=880%2C440&ssl=1&resize=700%2C400 2x"},"classes":[]},{"id":36095,"url":"https:\/\/lahoradelcampo.com.uy\/site\/uruguay-amplia-su-mercado-para-la-carne-dentro-de-china\/","url_meta":{"origin":43133,"position":2},"title":"Uruguay amplia su mercado para la carne dentro de China","author":"La Hora del Campo","date":"1 noviembre, 2021","format":false,"excerpt":"La Embajada de la Rep\u00fablica en China comunic\u00f3 que la Oficina de Asuntos de la Sede del Gobierno de la Regi\u00f3n Administrativa Especial de Macao acept\u00f3 el modelo de certificado sanitario veterinario propuesto por la contraparte uruguaya. El cumplimiento de los requisitos relativos a la importaci\u00f3n de carne bovina y\u2026","rel":"","context":"En \u00abActualidad\u00bb","block_context":{"text":"Actualidad","link":"https:\/\/lahoradelcampo.com.uy\/site\/category\/actualidad\/"},"img":{"alt_text":"","src":"https:\/\/i0.wp.com\/lahoradelcampo.com.uy\/site\/wp-content\/uploads\/2021\/11\/Macau.jpg?fit=880%2C440&ssl=1&resize=350%2C200","width":350,"height":200,"srcset":"https:\/\/i0.wp.com\/lahoradelcampo.com.uy\/site\/wp-content\/uploads\/2021\/11\/Macau.jpg?fit=880%2C440&ssl=1&resize=350%2C200 1x, https:\/\/i0.wp.com\/lahoradelcampo.com.uy\/site\/wp-content\/uploads\/2021\/11\/Macau.jpg?fit=880%2C440&ssl=1&resize=525%2C300 1.5x, https:\/\/i0.wp.com\/lahoradelcampo.com.uy\/site\/wp-content\/uploads\/2021\/11\/Macau.jpg?fit=880%2C440&ssl=1&resize=700%2C400 2x"},"classes":[]},{"id":43285,"url":"https:\/\/lahoradelcampo.com.uy\/site\/industrias-esperan-se-estudie-la-importacion-de-ganado-en-pie\/","url_meta":{"origin":43133,"position":3},"title":"Industrias esperan se estudie la importaci\u00f3n de ganado en pie","author":"La Hora del Campo","date":"29 junio, 2022","format":false,"excerpt":"El Ing. Daniel de Mattos, de BPU, dijo que la habilitaci\u00f3n de importaci\u00f3n de carne vacuna con hueso desde algunos estados de Brasil \"es algo l\u00f3gico\" dado el mejor estatus sanitario una vez dejado de vacunar contra la fiebre aftosa. Al mismo tiempo indic\u00f3: \"esperemos que despu\u00e9s tambi\u00e9n se pueda\u2026","rel":"","context":"En \u00abActualidad\u00bb","block_context":{"text":"Actualidad","link":"https:\/\/lahoradelcampo.com.uy\/site\/category\/actualidad\/"},"img":{"alt_text":"","src":"https:\/\/i0.wp.com\/lahoradelcampo.com.uy\/site\/wp-content\/uploads\/2022\/06\/exportacionenpie.jpg?fit=880%2C440&ssl=1&resize=350%2C200","width":350,"height":200,"srcset":"https:\/\/i0.wp.com\/lahoradelcampo.com.uy\/site\/wp-content\/uploads\/2022\/06\/exportacionenpie.jpg?fit=880%2C440&ssl=1&resize=350%2C200 1x, https:\/\/i0.wp.com\/lahoradelcampo.com.uy\/site\/wp-content\/uploads\/2022\/06\/exportacionenpie.jpg?fit=880%2C440&ssl=1&resize=525%2C300 1.5x, https:\/\/i0.wp.com\/lahoradelcampo.com.uy\/site\/wp-content\/uploads\/2022\/06\/exportacionenpie.jpg?fit=880%2C440&ssl=1&resize=700%2C400 2x"},"classes":[]},{"id":14315,"url":"https:\/\/lahoradelcampo.com.uy\/site\/japon-analiza-ingreso-de-carne-ovina-con-hueso-desde-los-compartimentos\/","url_meta":{"origin":43133,"position":4},"title":"Jap\u00f3n analiza ingreso de carne ovina con hueso desde los compartimentos","author":"La Hora del Campo","date":"14 septiembre, 2019","format":false,"excerpt":"Uruguay avanza en la posibilidad de incrementar sus negocios con Jap\u00f3n luego de la apertura de este mercado en el mes de febrero para la carne vacuna, luego de a\u00f1os de negociaci\u00f3n. El Presidente del Instituto Nacional de Carnes, Ing. Agr. Federico Stanham, dijo que posteriormente a esta habilitaci\u00f3n para\u2026","rel":"","context":"En \u00abActualidad\u00bb","block_context":{"text":"Actualidad","link":"https:\/\/lahoradelcampo.com.uy\/site\/category\/actualidad\/"},"img":{"alt_text":"","src":"https:\/\/i0.wp.com\/lahoradelcampo.com.uy\/site\/wp-content\/uploads\/2018\/05\/Stanham.jpg?fit=880%2C440&ssl=1&resize=350%2C200","width":350,"height":200,"srcset":"https:\/\/i0.wp.com\/lahoradelcampo.com.uy\/site\/wp-content\/uploads\/2018\/05\/Stanham.jpg?fit=880%2C440&ssl=1&resize=350%2C200 1x, https:\/\/i0.wp.com\/lahoradelcampo.com.uy\/site\/wp-content\/uploads\/2018\/05\/Stanham.jpg?fit=880%2C440&ssl=1&resize=525%2C300 1.5x, https:\/\/i0.wp.com\/lahoradelcampo.com.uy\/site\/wp-content\/uploads\/2018\/05\/Stanham.jpg?fit=880%2C440&ssl=1&resize=700%2C400 2x"},"classes":[]},{"id":54644,"url":"https:\/\/lahoradelcampo.com.uy\/site\/el-sudeste-asiatico-le-dara-a-la-carne-vacuna-un-plus-en-valor-y-diversificacion-de-mercados\/","url_meta":{"origin":43133,"position":5},"title":"El sudeste asi\u00e1tico le dar\u00e1 a la carne vacuna \u00abun plus en valor y diversificaci\u00f3n de mercados\u00bb","author":"La Hora del Campo","date":"23 septiembre, 2024","format":false,"excerpt":"Uruguay tiene el 85% del mercado mundial de la carne disponible para las exportaciones de carne, con la gran mayor\u00eda de sus plantas habilitadas, de acuerdo con la informaci\u00f3n que se brindo en el marco de la Expo Prado 2024. El Ing. Agr. \u00c1lvaro Pereira Ramela, director de Acceso a\u2026","rel":"","context":"En \u00abActualidad\u00bb","block_context":{"text":"Actualidad","link":"https:\/\/lahoradelcampo.com.uy\/site\/category\/actualidad\/"},"img":{"alt_text":"","src":"https:\/\/i0.wp.com\/lahoradelcampo.com.uy\/site\/wp-content\/uploads\/2024\/09\/Alvaropereiraramela.jpg?fit=880%2C440&ssl=1&resize=350%2C200","width":350,"height":200,"srcset":"https:\/\/i0.wp.com\/lahoradelcampo.com.uy\/site\/wp-content\/uploads\/2024\/09\/Alvaropereiraramela.jpg?fit=880%2C440&ssl=1&resize=350%2C200 1x, https:\/\/i0.wp.com\/lahoradelcampo.com.uy\/site\/wp-content\/uploads\/2024\/09\/Alvaropereiraramela.jpg?fit=880%2C440&ssl=1&resize=525%2C300 1.5x, https:\/\/i0.wp.com\/lahoradelcampo.com.uy\/site\/wp-content\/uploads\/2024\/09\/Alvaropereiraramela.jpg?fit=880%2C440&ssl=1&resize=700%2C400 2x"},"classes":[]}],"jetpack_likes_enabled":true,"_links":{"self":[{"href":"https:\/\/lahoradelcampo.com.uy\/site\/wp-json\/wp\/v2\/posts\/43133","targetHints":{"allow":["GET"]}}],"collection":[{"href":"https:\/\/lahoradelcampo.com.uy\/site\/wp-json\/wp\/v2\/posts"}],"about":[{"href":"https:\/\/lahoradelcampo.com.uy\/site\/wp-json\/wp\/v2\/types\/post"}],"author":[{"embeddable":true,"href":"https:\/\/lahoradelcampo.com.uy\/site\/wp-json\/wp\/v2\/users\/5"}],"replies":[{"embeddable":true,"href":"https:\/\/lahoradelcampo.com.uy\/site\/wp-json\/wp\/v2\/comments?post=43133"}],"version-history":[{"count":1,"href":"https:\/\/lahoradelcampo.com.uy\/site\/wp-json\/wp\/v2\/posts\/43133\/revisions"}],"predecessor-version":[{"id":43137,"href":"https:\/\/lahoradelcampo.com.uy\/site\/wp-json\/wp\/v2\/posts\/43133\/revisions\/43137"}],"wp:featuredmedia":[{"embeddable":true,"href":"https:\/\/lahoradelcampo.com.uy\/site\/wp-json\/wp\/v2\/media\/43135"}],"wp:attachment":[{"href":"https:\/\/lahoradelcampo.com.uy\/site\/wp-json\/wp\/v2\/media?parent=43133"}],"wp:term":[{"taxonomy":"category","embeddable":true,"href":"https:\/\/lahoradelcampo.com.uy\/site\/wp-json\/wp\/v2\/categories?post=43133"},{"taxonomy":"post_tag","embeddable":true,"href":"https:\/\/lahoradelcampo.com.uy\/site\/wp-json\/wp\/v2\/tags?post=43133"}],"curies":[{"name":"wp","href":"https:\/\/api.w.org\/{rel}","templated":true}]}}