{"id":43129,"date":"2022-06-23T08:00:24","date_gmt":"2022-06-23T11:00:24","guid":{"rendered":"http:\/\/lahoradelcampo.com.uy\/site\/?p=43129"},"modified":"2022-06-23T08:00:31","modified_gmt":"2022-06-23T11:00:31","slug":"uruguay-es-el-pais-mas-agropecuario-y-con-menor-conciencia-agropecuaria","status":"publish","type":"post","link":"https:\/\/lahoradelcampo.com.uy\/site\/uruguay-es-el-pais-mas-agropecuario-y-con-menor-conciencia-agropecuaria\/","title":{"rendered":"Uruguay es el pa\u00eds m\u00e1s agropecuario y con menor conciencia agropecuaria"},"content":{"rendered":"\n<figure class=\"wp-block-image\"><img data-recalc-dims=\"1\" loading=\"lazy\" decoding=\"async\" width=\"810\" height=\"405\" data-attachment-id=\"41399\" data-permalink=\"https:\/\/lahoradelcampo.com.uy\/site\/fr-propone-esperar-a-definir-el-aumento-salarial-y-no-realizar-adelantos\/fr-waltertexeiranunez\/\" data-orig-file=\"https:\/\/i0.wp.com\/lahoradelcampo.com.uy\/site\/wp-content\/uploads\/2022\/05\/FR-WalterTexeiraNu%C3%B1ez.jpg?fit=880%2C440&amp;ssl=1\" data-orig-size=\"880,440\" data-comments-opened=\"1\" data-image-meta=\"{&quot;aperture&quot;:&quot;0&quot;,&quot;credit&quot;:&quot;&quot;,&quot;camera&quot;:&quot;&quot;,&quot;caption&quot;:&quot;&quot;,&quot;created_timestamp&quot;:&quot;0&quot;,&quot;copyright&quot;:&quot;&quot;,&quot;focal_length&quot;:&quot;0&quot;,&quot;iso&quot;:&quot;0&quot;,&quot;shutter_speed&quot;:&quot;0&quot;,&quot;title&quot;:&quot;&quot;,&quot;orientation&quot;:&quot;1&quot;}\" data-image-title=\"FR-WalterTexeiraNu\u00f1ez\" data-image-description=\"\" data-image-caption=\"\" data-large-file=\"https:\/\/i0.wp.com\/lahoradelcampo.com.uy\/site\/wp-content\/uploads\/2022\/05\/FR-WalterTexeiraNu%C3%B1ez.jpg?fit=810%2C405&amp;ssl=1\" src=\"https:\/\/i0.wp.com\/lahoradelcampo.com.uy\/site\/wp-content\/uploads\/2022\/05\/FR-WalterTexeiraNu%C3%B1ez.jpg?resize=810%2C405\" alt=\"\" class=\"wp-image-41399\" srcset=\"https:\/\/i0.wp.com\/lahoradelcampo.com.uy\/site\/wp-content\/uploads\/2022\/05\/FR-WalterTexeiraNu%C3%B1ez.jpg?w=880&amp;ssl=1 880w, https:\/\/i0.wp.com\/lahoradelcampo.com.uy\/site\/wp-content\/uploads\/2022\/05\/FR-WalterTexeiraNu%C3%B1ez.jpg?resize=300%2C150&amp;ssl=1 300w, https:\/\/i0.wp.com\/lahoradelcampo.com.uy\/site\/wp-content\/uploads\/2022\/05\/FR-WalterTexeiraNu%C3%B1ez.jpg?resize=768%2C384&amp;ssl=1 768w, https:\/\/i0.wp.com\/lahoradelcampo.com.uy\/site\/wp-content\/uploads\/2022\/05\/FR-WalterTexeiraNu%C3%B1ez.jpg?resize=820%2C410&amp;ssl=1 820w\" sizes=\"auto, (max-width: 810px) 100vw, 810px\" \/><\/figure>\n\n\n\n<p>Con el fin de continuar avanzando en la tem\u00e1tica \u00abConciencia Agropecuaria\u00bb en el d\u00eda de hoy se desarrolla en INIA Las Brujas, el seminario \u00abComunicaci\u00f3n, campo y ciudad\u00bb, una actividad que est\u00e1 destinada a todos los comunicadores de la institucionalidad agropecuaria y es organizada en el marco de un acuerdo entre CAF y el proyecto Conciencia Agropecuaria del MGAP que cuenta con el apoyo de la FAO.<br><\/p>\n\n\n\n<p>Ser\u00e1 una jornada completa de intercambio de experiencias, capacitaci\u00f3n y construcci\u00f3n conjunta de una hoja de ruta para continuar trabajando juntos en la tem\u00e1tica \u00abConciencia Agropecuaria\u00bb.  <br><\/p>\n\n\n\n<p>El Cr. Walter Texeira Nu\u00f1ez, directivo de la Asociaci\u00f3n Agropecuaria de Salto, dijo que la vieja dicotom\u00eda campo-ciudad \u00abes el gran tema del Uruguay, uno de los pa\u00edses m\u00e1s agropecuario del mundo y con la menor conciencia agropecuaria tambi\u00e9n\u00bb. Dicha visi\u00f3n desde la ciudad ha determinado que Uruguay desaprovechara \u00aboportunidades de generaci\u00f3n de desarrollo, de riqueza y progreso\u00bb seg\u00fan explic\u00f3 el productor. <br><\/p>\n\n\n\n<p>\u00abVenimos de 15 a\u00f1os de gobierno, del que todos sabemos lo que pensaban. Dec\u00edan que los productores agropecuarios de 300 hect\u00e1reas eran latifundistas, y nosotros que vivimos en el norte del pa\u00eds con 300 hect\u00e1reas pobre gente\u00bb indic\u00f3 Texeira Nu\u00f1ez. Seg\u00fan explic\u00f3 \u00abesa visi\u00f3n que existe en mucha parte del gobierno y del sector pol\u00edtico, hace que vean al sector rural y al ruralismo de una forma en la cual despu\u00e9s con las medidas que toman terminan amputando oportunidades que el pa\u00eds tendr\u00eda que explotar con m\u00e1s \u00e9xito\u00bb.<br><\/p>\n\n\n\n<p>El directivo de la gremial salte\u00f1a dijo que \u00abel productor tambi\u00e9n tiene que ver\u00bb en lo que hace a esa visi\u00f3n que se tiene del campo, desde la ciudad y el sector pol\u00edtico en particular. En este sentido reconoci\u00f3 que desde el gremialismo \u00ablloramos demasiado, protestamos demasiado, a veces tenemos raz\u00f3n, porque tenemos que ver con el clima, con los mercados, con los proceso naturales y tambi\u00e9n con las medidas que toman los gobiernos que no entienden y nos juegan en contra\u00bb. <br><\/p>\n\n\n\n<p>Walter Texeira Nu\u00f1ez dijo que desde el gremialismo agropecuario \u00abtenemos que cambiar el discurso, tenemos que ayudar a que nos vean de otra forma\u00bb. Sobre si el productor es \u00abllor\u00f3n\u00bb, el profesional dijo \u00ablos productores son llorones por naturaleza, pero es porqu\u00e9 se tiene que enfrentar a cosas que no domina como el clima, los mercados, los procesos naturales que a pesar de que se haga todo bien, una vaca es una vaca, es un ser que puede dar o no un ternero, y muchas veces tenemos que enfrentarnos a medidas de los gobiernos que no entienden y te tiran un fardo arriba en vez de ayudarte\u00bb. <br><\/p>\n\n\n\n<p>El gremialista remarc\u00f3 que \u00abel productor muchas veces no se da cuenta que lo hace frente a personas que tienen muchas menos posibilidades y esas cosas caen muy mal\u00bb. \u00abHay que ser positivos en los planteos, mejorar nuestra comunicaci\u00f3n, es un debe\u00bb dijo Texeira Nu\u00f1ez. <\/p>\n\n\n\n<p>Salto, 23 de junio de 2022<\/p>\n","protected":false},"excerpt":{"rendered":"<p>Con el fin de continuar avanzando en la tem\u00e1tica \u00abConciencia Agropecuaria\u00bb en el d\u00eda de hoy se desarrolla en INIA Las Brujas, el seminario \u00abComunicaci\u00f3n, campo y ciudad\u00bb, una actividad [&hellip;]<\/p>\n","protected":false},"author":5,"featured_media":41399,"comment_status":"open","ping_status":"open","sticky":false,"template":"","format":"standard","meta":{"_price":"","_stock":"","_tribe_ticket_header":"","_tribe_default_ticket_provider":"","_tribe_ticket_capacity":"0","_ticket_start_date":"","_ticket_end_date":"","_tribe_ticket_show_description":"","_tribe_ticket_show_not_going":false,"_tribe_ticket_use_global_stock":"","_tribe_ticket_global_stock_level":"","_global_stock_mode":"","_global_stock_cap":"","_tribe_rsvp_for_event":"","_tribe_ticket_going_count":"","_tribe_ticket_not_going_count":"","_tribe_tickets_list":"[]","_tribe_ticket_has_attendee_info_fields":false,"h5ap_radio_sources":[],"_jetpack_newsletter_access":"","_jetpack_dont_email_post_to_subs":false,"_jetpack_newsletter_tier_id":0,"_jetpack_memberships_contains_paywalled_content":false,"_jetpack_memberships_contains_paid_content":false,"footnotes":""},"categories":[21,5],"tags":[],"class_list":["post-43129","post","type-post","status-publish","format-standard","has-post-thumbnail","hentry","category-actualidad","category-ganaderia"],"jetpack_featured_media_url":"https:\/\/i0.wp.com\/lahoradelcampo.com.uy\/site\/wp-content\/uploads\/2022\/05\/FR-WalterTexeiraNu%C3%B1ez.jpg?fit=880%2C440&ssl=1","jetpack_sharing_enabled":true,"jetpack_shortlink":"https:\/\/wp.me\/p99IaT-bdD","jetpack-related-posts":[{"id":37665,"url":"https:\/\/lahoradelcampo.com.uy\/site\/mgap-presento-el-proyecto-conciencia-agropecuaria-en-reunion-de-caf\/","url_meta":{"origin":43129,"position":0},"title":"MGAP present\u00f3 el proyecto Conciencia Agropecuaria en reuni\u00f3n de CAF","author":"La Hora del Campo","date":"17 diciembre, 2021","format":false,"excerpt":"El 14 de diciembre, en la Lanera Piedra Alta (Florida), el Proyecto Conciencia Agropecuaria, integrado por el Ministerio de Ganader\u00eda Agricultura y Pesca (MGAP) y la Organizaci\u00f3n de las Naciones Unidas para la Alimentaci\u00f3n y la Agricultura (FAO), firm\u00f3 una carta de acuerdo con las Cooperativas Agrarias Federadas (CAF). El\u2026","rel":"","context":"En \u00abActualidad\u00bb","block_context":{"text":"Actualidad","link":"https:\/\/lahoradelcampo.com.uy\/site\/category\/actualidad\/"},"img":{"alt_text":"","src":"https:\/\/i0.wp.com\/lahoradelcampo.com.uy\/site\/wp-content\/uploads\/2021\/12\/CAF-ConcienciaMGAP.jpg?fit=880%2C440&ssl=1&resize=350%2C200","width":350,"height":200,"srcset":"https:\/\/i0.wp.com\/lahoradelcampo.com.uy\/site\/wp-content\/uploads\/2021\/12\/CAF-ConcienciaMGAP.jpg?fit=880%2C440&ssl=1&resize=350%2C200 1x, https:\/\/i0.wp.com\/lahoradelcampo.com.uy\/site\/wp-content\/uploads\/2021\/12\/CAF-ConcienciaMGAP.jpg?fit=880%2C440&ssl=1&resize=525%2C300 1.5x, https:\/\/i0.wp.com\/lahoradelcampo.com.uy\/site\/wp-content\/uploads\/2021\/12\/CAF-ConcienciaMGAP.jpg?fit=880%2C440&ssl=1&resize=700%2C400 2x"},"classes":[]},{"id":8067,"url":"https:\/\/lahoradelcampo.com.uy\/site\/gobierno-pregona-la-actividad-del-campo-como-una-oportunidad-de-desarrollo-laboral-y-personal\/","url_meta":{"origin":43129,"position":1},"title":"Gobierno pregona la actividad del campo como una oportunidad de desarrollo laboral y personal","author":"La Hora del Campo","date":"20 noviembre, 2018","format":false,"excerpt":"\u201cPreservar la poblaci\u00f3n rural d\u00e1ndoles oportunidades de desarrollo laboral y personal con pol\u00edticas diferenciadas y cuidado de la soberan\u00eda alimentaria y seguridad alimentaria son ejes para generar conciencia agropecuaria\u201d, dijo el ministro de Ganader\u00eda, Enzo Benech, en la apertura del seminario Innovaci\u00f3n para la Conciencia Agropecuaria, en el que participan\u2026","rel":"","context":"En \u00abActualidad\u00bb","block_context":{"text":"Actualidad","link":"https:\/\/lahoradelcampo.com.uy\/site\/category\/actualidad\/"},"img":{"alt_text":"","src":"https:\/\/i0.wp.com\/lahoradelcampo.com.uy\/site\/wp-content\/uploads\/2018\/11\/imagen.png?fit=350%2C205&ssl=1&resize=350%2C200","width":350,"height":200},"classes":[]},{"id":13196,"url":"https:\/\/lahoradelcampo.com.uy\/site\/presentaron-concurso-para-promover-la-valoracion-de-la-actividad-agropecuaria\/","url_meta":{"origin":43129,"position":2},"title":"Presentaron concurso para promover la valoraci\u00f3n de la actividad agropecuaria","author":"La Hora del Campo","date":"31 julio, 2019","format":false,"excerpt":"\u201cEl agro es un campo de oportunidades\u201d, alent\u00f3 el ministro de Ganader\u00eda, Agricultura y Pesca, Enzo Benech, en el lanzamiento este martes 30 del concurso \"\u00bfQu\u00e9 significa construir conciencia agropecuaria en el Uruguay de hoy?\u201d, dirigido a estudiantes de bachillerato de liceos, escuelas t\u00e9cnicas y agrarias. Los temas a abordar\u2026","rel":"","context":"En \u00abActualidad\u00bb","block_context":{"text":"Actualidad","link":"https:\/\/lahoradelcampo.com.uy\/site\/category\/actualidad\/"},"img":{"alt_text":"","src":"https:\/\/i0.wp.com\/lahoradelcampo.com.uy\/site\/wp-content\/uploads\/2019\/08\/Bachilleratos.jpg?fit=880%2C440&ssl=1&resize=350%2C200","width":350,"height":200,"srcset":"https:\/\/i0.wp.com\/lahoradelcampo.com.uy\/site\/wp-content\/uploads\/2019\/08\/Bachilleratos.jpg?fit=880%2C440&ssl=1&resize=350%2C200 1x, https:\/\/i0.wp.com\/lahoradelcampo.com.uy\/site\/wp-content\/uploads\/2019\/08\/Bachilleratos.jpg?fit=880%2C440&ssl=1&resize=525%2C300 1.5x, https:\/\/i0.wp.com\/lahoradelcampo.com.uy\/site\/wp-content\/uploads\/2019\/08\/Bachilleratos.jpg?fit=880%2C440&ssl=1&resize=700%2C400 2x"},"classes":[]},{"id":3053,"url":"https:\/\/lahoradelcampo.com.uy\/site\/nos-preocupa-la-perdida-de-valores-morales-en-nuestra-sociedad\/","url_meta":{"origin":43129,"position":3},"title":"\u00abNos preocupa la p\u00e9rdida de valores morales en nuestra sociedad\u00bb","author":"La Hora del Campo","date":"21 octubre, 2017","format":false,"excerpt":"La Asociaci\u00f3n Agropecuaria de Artigas lleva adelante este fin de semana la Expo Chiflero 2017, con una destacada presencia de reproductores, tanto ovinos, bovinos, como tambi\u00e9n equinos de la raza criolla. En el acto de apertura de la muestra, el Dr. Juan Jos\u00e9 Senattore, m\u00e1s all\u00e1 de reconocer la situaci\u00f3n\u2026","rel":"","context":"En \u00abActualidad\u00bb","block_context":{"text":"Actualidad","link":"https:\/\/lahoradelcampo.com.uy\/site\/category\/actualidad\/"},"img":{"alt_text":"","src":"https:\/\/i0.wp.com\/lahoradelcampo.com.uy\/site\/wp-content\/uploads\/2017\/10\/Senattore.jpg?fit=880%2C440&ssl=1&resize=350%2C200","width":350,"height":200,"srcset":"https:\/\/i0.wp.com\/lahoradelcampo.com.uy\/site\/wp-content\/uploads\/2017\/10\/Senattore.jpg?fit=880%2C440&ssl=1&resize=350%2C200 1x, https:\/\/i0.wp.com\/lahoradelcampo.com.uy\/site\/wp-content\/uploads\/2017\/10\/Senattore.jpg?fit=880%2C440&ssl=1&resize=525%2C300 1.5x, https:\/\/i0.wp.com\/lahoradelcampo.com.uy\/site\/wp-content\/uploads\/2017\/10\/Senattore.jpg?fit=880%2C440&ssl=1&resize=700%2C400 2x"},"classes":[]},{"id":5167,"url":"https:\/\/lahoradelcampo.com.uy\/site\/la-agrocultura-comienza-en-casa\/","url_meta":{"origin":43129,"position":4},"title":"\u201cLa Agrocultura comienza en casa\u201d","author":"La Hora del Campo","date":"26 diciembre, 2017","format":false,"excerpt":"Bajo el t\u00edtulo \u201cLa Agrocultura comienza en casa\u201d el Ministerio de Ganader\u00eda, Agricultura y Pesca ha lanzado un concurso fotogr\u00e1fico que tiene como p\u00fablico objetivo los propios funcionarios de dicha repartici\u00f3n gubernamental. Durante el a\u00f1o 2017 dicha cartera ministerial dise\u00f1\u00f3 un programa de promoci\u00f3n de la \u201cConciencia Agropecuaria\u201d, lo cual\u2026","rel":"","context":"En \u00abActualidad\u00bb","block_context":{"text":"Actualidad","link":"https:\/\/lahoradelcampo.com.uy\/site\/category\/actualidad\/"},"img":{"alt_text":"","src":"https:\/\/i0.wp.com\/lahoradelcampo.com.uy\/site\/wp-content\/uploads\/2017\/12\/Expointer.jpg?fit=880%2C440&ssl=1&resize=350%2C200","width":350,"height":200,"srcset":"https:\/\/i0.wp.com\/lahoradelcampo.com.uy\/site\/wp-content\/uploads\/2017\/12\/Expointer.jpg?fit=880%2C440&ssl=1&resize=350%2C200 1x, https:\/\/i0.wp.com\/lahoradelcampo.com.uy\/site\/wp-content\/uploads\/2017\/12\/Expointer.jpg?fit=880%2C440&ssl=1&resize=525%2C300 1.5x, https:\/\/i0.wp.com\/lahoradelcampo.com.uy\/site\/wp-content\/uploads\/2017\/12\/Expointer.jpg?fit=880%2C440&ssl=1&resize=700%2C400 2x"},"classes":[]},{"id":12069,"url":"https:\/\/lahoradelcampo.com.uy\/site\/banco-mundial-organizo-evento-sobre-sistemas-alimentarios-en-uruguay\/","url_meta":{"origin":43129,"position":5},"title":"Banco Mundial organiz\u00f3 evento  sobre sistemas alimentarios en Uruguay","author":"La Hora del Campo","date":"22 junio, 2019","format":false,"excerpt":"Desde el jueves 20 al viernes 21 de junio se desarroll\u00f3 una actividad en Montevideo organizada por el Banco Mundial sobre el futuro de los sistemas alimentarios en Uruguay: \u201cConciencia agropecuaria, capital humano y tecnolog\u00eda verde\u201d. El Ministro (i) del MGAP Alberto Castelar particip\u00f3 en la apertura de la actividad\u2026","rel":"","context":"En \u00abActualidad\u00bb","block_context":{"text":"Actualidad","link":"https:\/\/lahoradelcampo.com.uy\/site\/category\/actualidad\/"},"img":{"alt_text":"","src":"https:\/\/i0.wp.com\/lahoradelcampo.com.uy\/site\/wp-content\/uploads\/2019\/06\/MGAP.jpg?fit=880%2C440&ssl=1&resize=350%2C200","width":350,"height":200,"srcset":"https:\/\/i0.wp.com\/lahoradelcampo.com.uy\/site\/wp-content\/uploads\/2019\/06\/MGAP.jpg?fit=880%2C440&ssl=1&resize=350%2C200 1x, https:\/\/i0.wp.com\/lahoradelcampo.com.uy\/site\/wp-content\/uploads\/2019\/06\/MGAP.jpg?fit=880%2C440&ssl=1&resize=525%2C300 1.5x, https:\/\/i0.wp.com\/lahoradelcampo.com.uy\/site\/wp-content\/uploads\/2019\/06\/MGAP.jpg?fit=880%2C440&ssl=1&resize=700%2C400 2x"},"classes":[]}],"jetpack_likes_enabled":true,"_links":{"self":[{"href":"https:\/\/lahoradelcampo.com.uy\/site\/wp-json\/wp\/v2\/posts\/43129","targetHints":{"allow":["GET"]}}],"collection":[{"href":"https:\/\/lahoradelcampo.com.uy\/site\/wp-json\/wp\/v2\/posts"}],"about":[{"href":"https:\/\/lahoradelcampo.com.uy\/site\/wp-json\/wp\/v2\/types\/post"}],"author":[{"embeddable":true,"href":"https:\/\/lahoradelcampo.com.uy\/site\/wp-json\/wp\/v2\/users\/5"}],"replies":[{"embeddable":true,"href":"https:\/\/lahoradelcampo.com.uy\/site\/wp-json\/wp\/v2\/comments?post=43129"}],"version-history":[{"count":1,"href":"https:\/\/lahoradelcampo.com.uy\/site\/wp-json\/wp\/v2\/posts\/43129\/revisions"}],"predecessor-version":[{"id":43131,"href":"https:\/\/lahoradelcampo.com.uy\/site\/wp-json\/wp\/v2\/posts\/43129\/revisions\/43131"}],"wp:featuredmedia":[{"embeddable":true,"href":"https:\/\/lahoradelcampo.com.uy\/site\/wp-json\/wp\/v2\/media\/41399"}],"wp:attachment":[{"href":"https:\/\/lahoradelcampo.com.uy\/site\/wp-json\/wp\/v2\/media?parent=43129"}],"wp:term":[{"taxonomy":"category","embeddable":true,"href":"https:\/\/lahoradelcampo.com.uy\/site\/wp-json\/wp\/v2\/categories?post=43129"},{"taxonomy":"post_tag","embeddable":true,"href":"https:\/\/lahoradelcampo.com.uy\/site\/wp-json\/wp\/v2\/tags?post=43129"}],"curies":[{"name":"wp","href":"https:\/\/api.w.org\/{rel}","templated":true}]}}