{"id":43113,"date":"2022-06-23T07:17:42","date_gmt":"2022-06-23T10:17:42","guid":{"rendered":"http:\/\/lahoradelcampo.com.uy\/site\/?p=43113"},"modified":"2022-06-23T07:17:49","modified_gmt":"2022-06-23T10:17:49","slug":"100-de-colocacion-en-la-venta-17-del-remate-virtual-del-norte","status":"publish","type":"post","link":"https:\/\/lahoradelcampo.com.uy\/site\/100-de-colocacion-en-la-venta-17-del-remate-virtual-del-norte\/","title":{"rendered":"100% de colocaci\u00f3n en la venta 17 del Remate Virtual del Norte"},"content":{"rendered":"\n<figure class=\"wp-block-image\"><img data-recalc-dims=\"1\" loading=\"lazy\" decoding=\"async\" width=\"810\" height=\"405\" data-attachment-id=\"43115\" data-permalink=\"https:\/\/lahoradelcampo.com.uy\/site\/100-de-colocacion-en-la-venta-17-del-remate-virtual-del-norte\/rvn-junio2022\/\" data-orig-file=\"https:\/\/i0.wp.com\/lahoradelcampo.com.uy\/site\/wp-content\/uploads\/2022\/06\/Rvn-junio2022.jpg?fit=880%2C440&amp;ssl=1\" data-orig-size=\"880,440\" data-comments-opened=\"1\" data-image-meta=\"{&quot;aperture&quot;:&quot;0&quot;,&quot;credit&quot;:&quot;&quot;,&quot;camera&quot;:&quot;&quot;,&quot;caption&quot;:&quot;&quot;,&quot;created_timestamp&quot;:&quot;0&quot;,&quot;copyright&quot;:&quot;&quot;,&quot;focal_length&quot;:&quot;0&quot;,&quot;iso&quot;:&quot;0&quot;,&quot;shutter_speed&quot;:&quot;0&quot;,&quot;title&quot;:&quot;&quot;,&quot;orientation&quot;:&quot;1&quot;}\" data-image-title=\"Rvn-junio2022\" data-image-description=\"\" data-image-caption=\"\" data-large-file=\"https:\/\/i0.wp.com\/lahoradelcampo.com.uy\/site\/wp-content\/uploads\/2022\/06\/Rvn-junio2022.jpg?fit=810%2C405&amp;ssl=1\" src=\"https:\/\/i0.wp.com\/lahoradelcampo.com.uy\/site\/wp-content\/uploads\/2022\/06\/Rvn-junio2022.jpg?resize=810%2C405\" alt=\"\" class=\"wp-image-43115\" srcset=\"https:\/\/i0.wp.com\/lahoradelcampo.com.uy\/site\/wp-content\/uploads\/2022\/06\/Rvn-junio2022.jpg?w=880&amp;ssl=1 880w, https:\/\/i0.wp.com\/lahoradelcampo.com.uy\/site\/wp-content\/uploads\/2022\/06\/Rvn-junio2022.jpg?resize=300%2C150&amp;ssl=1 300w, https:\/\/i0.wp.com\/lahoradelcampo.com.uy\/site\/wp-content\/uploads\/2022\/06\/Rvn-junio2022.jpg?resize=768%2C384&amp;ssl=1 768w, https:\/\/i0.wp.com\/lahoradelcampo.com.uy\/site\/wp-content\/uploads\/2022\/06\/Rvn-junio2022.jpg?resize=820%2C410&amp;ssl=1 820w\" sizes=\"auto, (max-width: 810px) 100vw, 810px\" \/><\/figure>\n\n\n\n<p>Los escritorios Azanza &amp; Migliaro, El Estribo de Aldo Garc\u00eda Da Rosa y Enrique Beriau, llevaron adelante ayer el d\u00e9cimo s\u00e9ptimo Remate Virtual del Norte, desde las instalaciones de la Parrillada El Port\u00f3n y con la administraci\u00f3n y financiaci\u00f3n de Scotiabank. <br><\/p>\n\n\n\n<p>Tras las ventas, tanto de ovinos como de vacunos, el martillero Ignacio Beriau destac\u00f3 la conformidad y satisfacci\u00f3n de las tres firmas consignatarias con el resultado del remate, con \u00ab100% de colocaci\u00f3n, con muy buenos valores para  un momento muy dif\u00edcil, entrando en el invierno con poca disponibilidad forrajera en pr\u00e1cticamente todos los campos del norte\u00bb<br><\/p>\n\n\n\n<p>El rematador dijo que fue una venta \u00abmuy \u00e1gil, din\u00e1mica, que tuvo mucha puja en varios lotes\u00bb. Si bien reconoci\u00f3 que hubo ajustes respecto al remate anterior, dijo que \u00abera de esperar por el momento en el cual nos encontramos\u00bb. <br><\/p>\n\n\n\n<div class=\"wp-block-image\"><figure class=\"aligncenter is-resized\"><img data-recalc-dims=\"1\" loading=\"lazy\" decoding=\"async\" data-attachment-id=\"43117\" data-permalink=\"https:\/\/lahoradelcampo.com.uy\/site\/100-de-colocacion-en-la-venta-17-del-remate-virtual-del-norte\/rvn-preciosjulio22\/\" data-orig-file=\"https:\/\/i0.wp.com\/lahoradelcampo.com.uy\/site\/wp-content\/uploads\/2022\/06\/rvn-preciosjulio22.jpg?fit=578%2C413&amp;ssl=1\" data-orig-size=\"578,413\" data-comments-opened=\"1\" data-image-meta=\"{&quot;aperture&quot;:&quot;0&quot;,&quot;credit&quot;:&quot;&quot;,&quot;camera&quot;:&quot;&quot;,&quot;caption&quot;:&quot;&quot;,&quot;created_timestamp&quot;:&quot;0&quot;,&quot;copyright&quot;:&quot;&quot;,&quot;focal_length&quot;:&quot;0&quot;,&quot;iso&quot;:&quot;0&quot;,&quot;shutter_speed&quot;:&quot;0&quot;,&quot;title&quot;:&quot;&quot;,&quot;orientation&quot;:&quot;0&quot;}\" data-image-title=\"rvn-preciosjulio22\" data-image-description=\"\" data-image-caption=\"\" data-large-file=\"https:\/\/i0.wp.com\/lahoradelcampo.com.uy\/site\/wp-content\/uploads\/2022\/06\/rvn-preciosjulio22.jpg?fit=578%2C413&amp;ssl=1\" src=\"https:\/\/i0.wp.com\/lahoradelcampo.com.uy\/site\/wp-content\/uploads\/2022\/06\/rvn-preciosjulio22.jpg?resize=345%2C247\" alt=\"\" class=\"wp-image-43117\" width=\"345\" height=\"247\" srcset=\"https:\/\/i0.wp.com\/lahoradelcampo.com.uy\/site\/wp-content\/uploads\/2022\/06\/rvn-preciosjulio22.jpg?w=578&amp;ssl=1 578w, https:\/\/i0.wp.com\/lahoradelcampo.com.uy\/site\/wp-content\/uploads\/2022\/06\/rvn-preciosjulio22.jpg?resize=300%2C214&amp;ssl=1 300w\" sizes=\"auto, (max-width: 345px) 100vw, 345px\" \/><\/figure><\/div>\n\n\n\n<p>Como es tradicional, el remate fue acompa\u00f1ado por un muy buen marco de p\u00fablico, \u00abnos acompa\u00f1aron muchos clientes y amigos, y no nos queda m\u00e1s que agradecer a compradores y vendedores que nos apoyan remate a remate\u00bb dijo Beriau. <br><\/p>\n\n\n\n<p>En los pr\u00f3ximos d\u00edas, el grupo de escritorios rurales marcar\u00e1 la fecha para el remate n\u00famero 18, que seg\u00fan se inform\u00f3 tendr\u00e1 lugar a fines de julio. <\/p>\n\n\n\n<p>Salto, 23 de junio de 2022<\/p>\n","protected":false},"excerpt":{"rendered":"<p>Los escritorios Azanza &amp; Migliaro, El Estribo de Aldo Garc\u00eda Da Rosa y Enrique Beriau, llevaron adelante ayer el d\u00e9cimo s\u00e9ptimo Remate Virtual del Norte, desde las instalaciones de la [&hellip;]<\/p>\n","protected":false},"author":5,"featured_media":43115,"comment_status":"open","ping_status":"open","sticky":false,"template":"","format":"standard","meta":{"_price":"","_stock":"","_tribe_ticket_header":"","_tribe_default_ticket_provider":"","_tribe_ticket_capacity":"0","_ticket_start_date":"","_ticket_end_date":"","_tribe_ticket_show_description":"","_tribe_ticket_show_not_going":false,"_tribe_ticket_use_global_stock":"","_tribe_ticket_global_stock_level":"","_global_stock_mode":"","_global_stock_cap":"","_tribe_rsvp_for_event":"","_tribe_ticket_going_count":"","_tribe_ticket_not_going_count":"","_tribe_tickets_list":"[]","_tribe_ticket_has_attendee_info_fields":false,"h5ap_radio_sources":[],"_jetpack_newsletter_access":"","_jetpack_dont_email_post_to_subs":false,"_jetpack_newsletter_tier_id":0,"_jetpack_memberships_contains_paywalled_content":false,"_jetpack_memberships_contains_paid_content":false,"footnotes":""},"categories":[21,5],"tags":[],"class_list":["post-43113","post","type-post","status-publish","format-standard","has-post-thumbnail","hentry","category-actualidad","category-ganaderia"],"jetpack_featured_media_url":"https:\/\/i0.wp.com\/lahoradelcampo.com.uy\/site\/wp-content\/uploads\/2022\/06\/Rvn-junio2022.jpg?fit=880%2C440&ssl=1","jetpack_sharing_enabled":true,"jetpack_shortlink":"https:\/\/wp.me\/p99IaT-bdn","jetpack-related-posts":[{"id":20314,"url":"https:\/\/lahoradelcampo.com.uy\/site\/95-de-colocacion-en-el-primer-remate-virtual-del-norte\/","url_meta":{"origin":43113,"position":0},"title":"95% de colocaci\u00f3n en el primer remate virtual del norte","author":"La Hora del Campo","date":"28 mayo, 2020","format":false,"excerpt":"En la jornada de ayer, los escritorios \"El Estribo\", Azanza & Migliaro y Enrique Beriau realizaron el primer remate virtual del norte, con una colocaci\u00f3n del 95% de la oferta, quedando \u00fanicamente tres lotes, que dispon\u00edan de una base propuesta por los vendedores, por encima de los valores que marc\u00f3\u2026","rel":"","context":"En \u00abActualidad\u00bb","block_context":{"text":"Actualidad","link":"https:\/\/lahoradelcampo.com.uy\/site\/category\/actualidad\/"},"img":{"alt_text":"","src":"https:\/\/i0.wp.com\/lahoradelcampo.com.uy\/site\/wp-content\/uploads\/2020\/05\/Rematevirtual.jpg?fit=880%2C440&ssl=1&resize=350%2C200","width":350,"height":200,"srcset":"https:\/\/i0.wp.com\/lahoradelcampo.com.uy\/site\/wp-content\/uploads\/2020\/05\/Rematevirtual.jpg?fit=880%2C440&ssl=1&resize=350%2C200 1x, https:\/\/i0.wp.com\/lahoradelcampo.com.uy\/site\/wp-content\/uploads\/2020\/05\/Rematevirtual.jpg?fit=880%2C440&ssl=1&resize=525%2C300 1.5x, https:\/\/i0.wp.com\/lahoradelcampo.com.uy\/site\/wp-content\/uploads\/2020\/05\/Rematevirtual.jpg?fit=880%2C440&ssl=1&resize=700%2C400 2x"},"classes":[]},{"id":22252,"url":"https:\/\/lahoradelcampo.com.uy\/site\/segundo-remate-virtual-del-norte-coloco-el-100-de-la-oferta\/","url_meta":{"origin":43113,"position":1},"title":"Segundo remate virtual del norte  coloc\u00f3 el 100% de la oferta","author":"La Hora del Campo","date":"30 julio, 2020","format":false,"excerpt":"El equipo del escritorio Enrique Beriau, de Azanza & Migliaro y El Estribo, concretaron en la jornada de ayer su segunda venta por pantalla desde las instalaciones del Club de Pesca, logrando comercializar el 100% de lo consignado para este evento. Al cierre del remate, el Dr. Ignacio Beriau, dijo\u2026","rel":"","context":"En \u00abActualidad\u00bb","block_context":{"text":"Actualidad","link":"https:\/\/lahoradelcampo.com.uy\/site\/category\/actualidad\/"},"img":{"alt_text":"","src":"https:\/\/i0.wp.com\/lahoradelcampo.com.uy\/site\/wp-content\/uploads\/2020\/07\/rematevirtualweb.jpg?fit=880%2C440&ssl=1&resize=350%2C200","width":350,"height":200,"srcset":"https:\/\/i0.wp.com\/lahoradelcampo.com.uy\/site\/wp-content\/uploads\/2020\/07\/rematevirtualweb.jpg?fit=880%2C440&ssl=1&resize=350%2C200 1x, https:\/\/i0.wp.com\/lahoradelcampo.com.uy\/site\/wp-content\/uploads\/2020\/07\/rematevirtualweb.jpg?fit=880%2C440&ssl=1&resize=525%2C300 1.5x, https:\/\/i0.wp.com\/lahoradelcampo.com.uy\/site\/wp-content\/uploads\/2020\/07\/rematevirtualweb.jpg?fit=880%2C440&ssl=1&resize=700%2C400 2x"},"classes":[]},{"id":27402,"url":"https:\/\/lahoradelcampo.com.uy\/site\/100-de-venta-en-el-quinto-remate-virtual-del-norte\/","url_meta":{"origin":43113,"position":2},"title":"100% de venta en el quinto \u00abRemate Virtual del Norte\u00bb","author":"La Hora del Campo","date":"5 febrero, 2021","format":false,"excerpt":"Con una oferta acorde a la actualidad del mercado de reposici\u00f3n, los escritorios Azanza & MIgliaro, El Estribo y Esc. Enrique Beriau, realizaron en la tarde de ayer el quinto Remate Virtual del Norte, con varios compradores en el local y operadores a trav\u00e9s de las l\u00edneas telef\u00f3nicas, lo que\u2026","rel":"","context":"En \u00abActualidad\u00bb","block_context":{"text":"Actualidad","link":"https:\/\/lahoradelcampo.com.uy\/site\/category\/actualidad\/"},"img":{"alt_text":"","src":"https:\/\/i0.wp.com\/lahoradelcampo.com.uy\/site\/wp-content\/uploads\/2021\/02\/virtualdelnorte.jpg?fit=880%2C440&ssl=1&resize=350%2C200","width":350,"height":200,"srcset":"https:\/\/i0.wp.com\/lahoradelcampo.com.uy\/site\/wp-content\/uploads\/2021\/02\/virtualdelnorte.jpg?fit=880%2C440&ssl=1&resize=350%2C200 1x, https:\/\/i0.wp.com\/lahoradelcampo.com.uy\/site\/wp-content\/uploads\/2021\/02\/virtualdelnorte.jpg?fit=880%2C440&ssl=1&resize=525%2C300 1.5x, https:\/\/i0.wp.com\/lahoradelcampo.com.uy\/site\/wp-content\/uploads\/2021\/02\/virtualdelnorte.jpg?fit=880%2C440&ssl=1&resize=700%2C400 2x"},"classes":[]},{"id":48653,"url":"https:\/\/lahoradelcampo.com.uy\/site\/excelente-arranque-de-ano-para-el-remate-virtual-del-norte\/","url_meta":{"origin":43113,"position":3},"title":"Excelente arranque de a\u00f1o para el Remate Virtual del Norte","author":"La Hora del Campo","date":"8 febrero, 2023","format":false,"excerpt":"En la jornada de ayer, desde la Parrillada El Port\u00f3n, el consorcio de escritorios integrantes del Remate Virtual del Norte, realiz\u00f3 su venta n\u00famero 23, con una colocaci\u00f3n total de la oferta tanto en vacunos como en ovinos. El martillero, Dr. Ignacio Beriau, dijo que existe \u201ctotal conformidad del consorcio,\u2026","rel":"","context":"En \u00abActualidad\u00bb","block_context":{"text":"Actualidad","link":"https:\/\/lahoradelcampo.com.uy\/site\/category\/actualidad\/"},"img":{"alt_text":"","src":"https:\/\/i0.wp.com\/lahoradelcampo.com.uy\/site\/wp-content\/uploads\/2022\/02\/RVN-Febrero22.jpg?fit=880%2C440&ssl=1&resize=350%2C200","width":350,"height":200,"srcset":"https:\/\/i0.wp.com\/lahoradelcampo.com.uy\/site\/wp-content\/uploads\/2022\/02\/RVN-Febrero22.jpg?fit=880%2C440&ssl=1&resize=350%2C200 1x, https:\/\/i0.wp.com\/lahoradelcampo.com.uy\/site\/wp-content\/uploads\/2022\/02\/RVN-Febrero22.jpg?fit=880%2C440&ssl=1&resize=525%2C300 1.5x, https:\/\/i0.wp.com\/lahoradelcampo.com.uy\/site\/wp-content\/uploads\/2022\/02\/RVN-Febrero22.jpg?fit=880%2C440&ssl=1&resize=700%2C400 2x"},"classes":[]},{"id":40277,"url":"https:\/\/lahoradelcampo.com.uy\/site\/agil-dinamica-y-total-la-venta-del-remate-virtual-del-norte\/","url_meta":{"origin":43113,"position":4},"title":"\u00c1gil, din\u00e1mica y total la venta del Remate Virtual del Norte","author":"La Hora del Campo","date":"27 marzo, 2022","format":false,"excerpt":"En un remate \u00e1gil, din\u00e1mico, con casi el 100% de los lotes con varias pre-ofertas y muy buenos ganados en la oferta, los escritorios Azanza-Migliaro, El Estribo de Aldo Garc\u00eda Da Rosa y Escritorio Beriau, concretaron la venta n\u00famero 15 del Remate Virtual del Norte. La buena calidad de la\u2026","rel":"","context":"En \u00abActualidad\u00bb","block_context":{"text":"Actualidad","link":"https:\/\/lahoradelcampo.com.uy\/site\/category\/actualidad\/"},"img":{"alt_text":"","src":"https:\/\/i0.wp.com\/lahoradelcampo.com.uy\/site\/wp-content\/uploads\/2022\/03\/RVN-remate15.jpg?fit=880%2C440&ssl=1&resize=350%2C200","width":350,"height":200,"srcset":"https:\/\/i0.wp.com\/lahoradelcampo.com.uy\/site\/wp-content\/uploads\/2022\/03\/RVN-remate15.jpg?fit=880%2C440&ssl=1&resize=350%2C200 1x, https:\/\/i0.wp.com\/lahoradelcampo.com.uy\/site\/wp-content\/uploads\/2022\/03\/RVN-remate15.jpg?fit=880%2C440&ssl=1&resize=525%2C300 1.5x, https:\/\/i0.wp.com\/lahoradelcampo.com.uy\/site\/wp-content\/uploads\/2022\/03\/RVN-remate15.jpg?fit=880%2C440&ssl=1&resize=700%2C400 2x"},"classes":[]},{"id":45929,"url":"https:\/\/lahoradelcampo.com.uy\/site\/hoy-se-realiza-el-20-remate-virtual-del-norte-en-la-expo-salto\/","url_meta":{"origin":43113,"position":5},"title":"Hoy se realiza el 20\u00b0 Remate Virtual del Norte en la Expo Salto","author":"La Hora del Campo","date":"29 septiembre, 2022","format":false,"excerpt":"En el marco de la Expo Salto 2022, se realiza esta jornada el vig\u00e9simo Remate Virtual del Norte, organizado por los escritorios Azanza - Migliaro, El Estribo de Aldo Garc\u00eda Da Rosa y Escritorio Enrique Beriau, con una oferta de 650 vacunos y 1.000 lanares, a los que se suma\u2026","rel":"","context":"En \u00abActualidad\u00bb","block_context":{"text":"Actualidad","link":"https:\/\/lahoradelcampo.com.uy\/site\/category\/actualidad\/"},"img":{"alt_text":"","src":"https:\/\/i0.wp.com\/lahoradelcampo.com.uy\/site\/wp-content\/uploads\/2022\/06\/Rvn-junio2022.jpg?fit=880%2C440&ssl=1&resize=350%2C200","width":350,"height":200,"srcset":"https:\/\/i0.wp.com\/lahoradelcampo.com.uy\/site\/wp-content\/uploads\/2022\/06\/Rvn-junio2022.jpg?fit=880%2C440&ssl=1&resize=350%2C200 1x, https:\/\/i0.wp.com\/lahoradelcampo.com.uy\/site\/wp-content\/uploads\/2022\/06\/Rvn-junio2022.jpg?fit=880%2C440&ssl=1&resize=525%2C300 1.5x, https:\/\/i0.wp.com\/lahoradelcampo.com.uy\/site\/wp-content\/uploads\/2022\/06\/Rvn-junio2022.jpg?fit=880%2C440&ssl=1&resize=700%2C400 2x"},"classes":[]}],"jetpack_likes_enabled":true,"_links":{"self":[{"href":"https:\/\/lahoradelcampo.com.uy\/site\/wp-json\/wp\/v2\/posts\/43113","targetHints":{"allow":["GET"]}}],"collection":[{"href":"https:\/\/lahoradelcampo.com.uy\/site\/wp-json\/wp\/v2\/posts"}],"about":[{"href":"https:\/\/lahoradelcampo.com.uy\/site\/wp-json\/wp\/v2\/types\/post"}],"author":[{"embeddable":true,"href":"https:\/\/lahoradelcampo.com.uy\/site\/wp-json\/wp\/v2\/users\/5"}],"replies":[{"embeddable":true,"href":"https:\/\/lahoradelcampo.com.uy\/site\/wp-json\/wp\/v2\/comments?post=43113"}],"version-history":[{"count":1,"href":"https:\/\/lahoradelcampo.com.uy\/site\/wp-json\/wp\/v2\/posts\/43113\/revisions"}],"predecessor-version":[{"id":43119,"href":"https:\/\/lahoradelcampo.com.uy\/site\/wp-json\/wp\/v2\/posts\/43113\/revisions\/43119"}],"wp:featuredmedia":[{"embeddable":true,"href":"https:\/\/lahoradelcampo.com.uy\/site\/wp-json\/wp\/v2\/media\/43115"}],"wp:attachment":[{"href":"https:\/\/lahoradelcampo.com.uy\/site\/wp-json\/wp\/v2\/media?parent=43113"}],"wp:term":[{"taxonomy":"category","embeddable":true,"href":"https:\/\/lahoradelcampo.com.uy\/site\/wp-json\/wp\/v2\/categories?post=43113"},{"taxonomy":"post_tag","embeddable":true,"href":"https:\/\/lahoradelcampo.com.uy\/site\/wp-json\/wp\/v2\/tags?post=43113"}],"curies":[{"name":"wp","href":"https:\/\/api.w.org\/{rel}","templated":true}]}}