{"id":43107,"date":"2022-06-23T07:06:27","date_gmt":"2022-06-23T10:06:27","guid":{"rendered":"http:\/\/lahoradelcampo.com.uy\/site\/?p=43107"},"modified":"2022-06-23T07:06:32","modified_gmt":"2022-06-23T10:06:32","slug":"marfrig-uruguay-lanzo-una-herramienta-para-medir-la-huella-de-carbono","status":"publish","type":"post","link":"https:\/\/lahoradelcampo.com.uy\/site\/marfrig-uruguay-lanzo-una-herramienta-para-medir-la-huella-de-carbono\/","title":{"rendered":"Marfrig Uruguay lanz\u00f3 una herramienta  para medir la \u00abHuella de Carbono\u00bb"},"content":{"rendered":"\n<figure class=\"wp-block-image\"><img data-recalc-dims=\"1\" loading=\"lazy\" decoding=\"async\" width=\"810\" height=\"405\" data-attachment-id=\"43109\" data-permalink=\"https:\/\/lahoradelcampo.com.uy\/site\/marfrig-uruguay-lanzo-una-herramienta-para-medir-la-huella-de-carbono\/marfrig-huellacarbono\/\" data-orig-file=\"https:\/\/i0.wp.com\/lahoradelcampo.com.uy\/site\/wp-content\/uploads\/2022\/06\/Marfrig-huellacarbono.jpg?fit=880%2C440&amp;ssl=1\" data-orig-size=\"880,440\" data-comments-opened=\"1\" data-image-meta=\"{&quot;aperture&quot;:&quot;0&quot;,&quot;credit&quot;:&quot;&quot;,&quot;camera&quot;:&quot;&quot;,&quot;caption&quot;:&quot;&quot;,&quot;created_timestamp&quot;:&quot;0&quot;,&quot;copyright&quot;:&quot;&quot;,&quot;focal_length&quot;:&quot;0&quot;,&quot;iso&quot;:&quot;0&quot;,&quot;shutter_speed&quot;:&quot;0&quot;,&quot;title&quot;:&quot;&quot;,&quot;orientation&quot;:&quot;1&quot;}\" data-image-title=\"Marfrig-huellacarbono\" data-image-description=\"\" data-image-caption=\"\" data-large-file=\"https:\/\/i0.wp.com\/lahoradelcampo.com.uy\/site\/wp-content\/uploads\/2022\/06\/Marfrig-huellacarbono.jpg?fit=810%2C405&amp;ssl=1\" src=\"https:\/\/i0.wp.com\/lahoradelcampo.com.uy\/site\/wp-content\/uploads\/2022\/06\/Marfrig-huellacarbono.jpg?resize=810%2C405\" alt=\"\" class=\"wp-image-43109\" srcset=\"https:\/\/i0.wp.com\/lahoradelcampo.com.uy\/site\/wp-content\/uploads\/2022\/06\/Marfrig-huellacarbono.jpg?w=880&amp;ssl=1 880w, https:\/\/i0.wp.com\/lahoradelcampo.com.uy\/site\/wp-content\/uploads\/2022\/06\/Marfrig-huellacarbono.jpg?resize=300%2C150&amp;ssl=1 300w, https:\/\/i0.wp.com\/lahoradelcampo.com.uy\/site\/wp-content\/uploads\/2022\/06\/Marfrig-huellacarbono.jpg?resize=768%2C384&amp;ssl=1 768w, https:\/\/i0.wp.com\/lahoradelcampo.com.uy\/site\/wp-content\/uploads\/2022\/06\/Marfrig-huellacarbono.jpg?resize=820%2C410&amp;ssl=1 820w\" sizes=\"auto, (max-width: 810px) 100vw, 810px\" \/><\/figure>\n\n\n\n<p>Este mi\u00e9rcoles 22 de junio, el grupo frigor\u00edfico Marfrig present\u00f3 una nueva herramienta que permitir\u00e1 que los productores puedan medir la \u00abHuella de Carbono\u00bb en sus predios y a partir de los datos gestionar la producci\u00f3n ganadera, lo que se enmarca dentro de uno de los pilares que se ha trazado la empresa. <br><\/p>\n\n\n\n<p>El Dr. Marcelo Secco se\u00f1al\u00f3 que uno de los pilares de sustentabilidad de la empresa, \u00abse refiere a las emisiones de gases de efecto invernadero\u00bb. El empresario indic\u00f3 que  Marfrig es \u00abla primera empresa con un compromiso en los que son los target a nivel del Pacto Mundial de Naciones Unidas y no solo eso sino que el pacto que prev\u00e9 un aumento menor a 2 grados, como compa\u00f1\u00eda global y en todos sus procesos que controla, se comprometi\u00f3 y se lo viene demostrando al mercado todos los a\u00f1os a estar abajo de un grado y medio\u00bb.<br><\/p>\n\n\n\n<p>En dicha l\u00ednea de trabajo la empresa comenz\u00f3 el \u00abprograma de carne de carbono neutro o carne de bajo carbono, en Brasil, en colaboraci\u00f3n con Embrapa\u00bb de manera de presentarle al mundo, \u00abdesde una plataforma como la brasilera y que hoy est\u00e1 llegando eso a Uruguay\u00bb. Seco explic\u00f3 que Marfrig busca avanzar en mejorar la emisi\u00f3n en el sector de la cadena que la empresa no controla, es decir a nivel de la producci\u00f3n primaria y brindar herramientas para mejorar la gesti\u00f3n de los procesos. <br><\/p>\n\n\n\n<p>Secco explic\u00f3 que la herramienta presentada en dicha conferencia, estar\u00e1 \u00abdisponible para todos los productores del pa\u00eds a partir del 1\u00b0 de julio\u00bb, es decir al comienzo del nuevo ejercicio ganadero. Es as\u00ed que desde el pr\u00f3ximo viernes, el departamento de Hacienda y el de Certificaci\u00f3n del grupo Marfrig, brindar\u00e1 apoy\u00f3 y responder\u00e1 consultas sobre el uso de dicha herramienta. <br><\/p>\n\n\n\n<p>De acuerdo al industrial, \u00abes una aplicaci\u00f3n sencilla, d\u00f3nde podemos cargar datos, indicadores medioambientales, que en el fondo nos permita seguir optimizando los sistemas de producci\u00f3n, y seguir midiendo el impacto de las acciones en materia de huella ambiental y vuelvo al principio: medir y gestionar\u00bb. La plataforma electr\u00f3nica permitir\u00e1 que los productores puedan analizar las acciones dentro de sus empresas, como as\u00ed tambi\u00e9n \u00abhacer un Benchmark, compararse con el mismo tiempo y forma con los resultados de otros sistemas de producci\u00f3n\u00bb.<br><\/p>\n\n\n\n<p>Secco indic\u00f3 que dicha herramienta fue elaborada en conjunto con las empresas Climit e Inzol. Adem\u00e1s se\u00f1al\u00f3 que este \u00abes el primer paso\u00bb porque la herramienta tambi\u00e9n avanzar\u00e1 en la \u00abhuella h\u00eddrica\u00bb y por \u00abhuella ambiental\u00bb. <br><\/p>\n\n\n\n<p>Agust\u00edn Inthamoussu, Ceo de Climit, record\u00f3 que \u00abel cambio clim\u00e1tico es uno de los grandes desaf\u00edos que debe enfrentar la humanidad y por ello existe el Acuerdo de Par\u00eds, donde hay compromisos de reducir las emisiones de efecto invernadero\u00bb. En este sentido indic\u00f3 que nuestro pa\u00eds tiene \u00abun perfil de emisiones de gases de efecto invernadero, sabemos que la ganader\u00eda, la agricultura y la producci\u00f3n de alimentos es uno de los sectores importantes en el perfil de misiones, pero eso no significa que sea algo malo en s\u00ed, sino que sabi\u00e9ndolo es que lo podemos gestionar\u00bb. <br><\/p>\n\n\n\n<p>Por su parte Federico Martino, socio de la firma Inzol, se\u00f1al\u00f3 que esta herramienta \u00abes mucho m\u00e1s que una simple calculadora de la huella de carbono, ese es el primer paso\u00bb y explic\u00f3 que la misma permitir\u00e1 avanzar en algo \u00abm\u00e1s complejo que es gestionar esa huella\u00bb. Por lo tanto indic\u00f3 que \u00abesta herramienta la pensamos como un factor m\u00e1s de gesti\u00f3n de los productores, que la tengan en su mente todo el tiempo para gestionar su sistema de producci\u00f3n\u00bb.<br><\/p>\n\n\n\n<p>Para esto, Martino explic\u00f3 que se brindar\u00e1 informaci\u00f3n, por ejemplo, \u00abver la huella, saber c\u00f3mo se compone, cuales son las actividades que m\u00e1s impactan, y de esa forma tendr\u00e1n informaci\u00f3n para saber qu\u00e9 hacer para reducir esa huella\u00bb. En este sentido indic\u00f3 que el productor podr\u00e1 ver \u00aba qu\u00e9 equivale su huella de CO2, ver que hay que plantar x cantidad de \u00e1rboles para mitigar esa huella\u00bb. <\/p>\n\n\n\n<p>Salto, 23 de junio de 2022<\/p>\n","protected":false},"excerpt":{"rendered":"<p>Este mi\u00e9rcoles 22 de junio, el grupo frigor\u00edfico Marfrig present\u00f3 una nueva herramienta que permitir\u00e1 que los productores puedan medir la \u00abHuella de Carbono\u00bb en sus predios y a partir [&hellip;]<\/p>\n","protected":false},"author":5,"featured_media":43109,"comment_status":"open","ping_status":"open","sticky":false,"template":"","format":"standard","meta":{"_price":"","_stock":"","_tribe_ticket_header":"","_tribe_default_ticket_provider":"","_tribe_ticket_capacity":"0","_ticket_start_date":"","_ticket_end_date":"","_tribe_ticket_show_description":"","_tribe_ticket_show_not_going":false,"_tribe_ticket_use_global_stock":"","_tribe_ticket_global_stock_level":"","_global_stock_mode":"","_global_stock_cap":"","_tribe_rsvp_for_event":"","_tribe_ticket_going_count":"","_tribe_ticket_not_going_count":"","_tribe_tickets_list":"[]","_tribe_ticket_has_attendee_info_fields":false,"h5ap_radio_sources":[],"_jetpack_newsletter_access":"","_jetpack_dont_email_post_to_subs":false,"_jetpack_newsletter_tier_id":0,"_jetpack_memberships_contains_paywalled_content":false,"_jetpack_memberships_contains_paid_content":false,"footnotes":""},"categories":[21,5],"tags":[],"class_list":["post-43107","post","type-post","status-publish","format-standard","has-post-thumbnail","hentry","category-actualidad","category-ganaderia"],"jetpack_featured_media_url":"https:\/\/i0.wp.com\/lahoradelcampo.com.uy\/site\/wp-content\/uploads\/2022\/06\/Marfrig-huellacarbono.jpg?fit=880%2C440&ssl=1","jetpack_sharing_enabled":true,"jetpack_shortlink":"https:\/\/wp.me\/p99IaT-bdh","jetpack-related-posts":[{"id":43021,"url":"https:\/\/lahoradelcampo.com.uy\/site\/industrias-realizan-jornadas-sobre-produccion-de-carne-con-carbono-neutro\/","url_meta":{"origin":43107,"position":0},"title":"Industrias realizan jornadas sobre producci\u00f3n  de carne con \u00abCarbono Neutro\u00bb","author":"La Hora del Campo","date":"21 junio, 2022","format":false,"excerpt":"La exportaci\u00f3n reciente de carne con carbono neutro en el pa\u00eds, aviv\u00f3 la curiosidad de los productores ante esta certificaci\u00f3n y sus potenciales beneficios, es as\u00ed que las empresas frigor\u00edficas uruguayas trabajan en brindar respuesta a esas inquietudes. Es as\u00ed que el grupo Marfrig, que posee cuatro plantas en el\u2026","rel":"","context":"En \u00abActualidad\u00bb","block_context":{"text":"Actualidad","link":"https:\/\/lahoradelcampo.com.uy\/site\/category\/actualidad\/"},"img":{"alt_text":"","src":"https:\/\/i0.wp.com\/lahoradelcampo.com.uy\/site\/wp-content\/uploads\/2022\/06\/carne-carbononeutro.jpg?fit=880%2C440&ssl=1&resize=350%2C200","width":350,"height":200,"srcset":"https:\/\/i0.wp.com\/lahoradelcampo.com.uy\/site\/wp-content\/uploads\/2022\/06\/carne-carbononeutro.jpg?fit=880%2C440&ssl=1&resize=350%2C200 1x, https:\/\/i0.wp.com\/lahoradelcampo.com.uy\/site\/wp-content\/uploads\/2022\/06\/carne-carbononeutro.jpg?fit=880%2C440&ssl=1&resize=525%2C300 1.5x, https:\/\/i0.wp.com\/lahoradelcampo.com.uy\/site\/wp-content\/uploads\/2022\/06\/carne-carbononeutro.jpg?fit=880%2C440&ssl=1&resize=700%2C400 2x"},"classes":[]},{"id":38019,"url":"https:\/\/lahoradelcampo.com.uy\/site\/foica-analiza-posibles-medidas-ante-beneficio-otorgado-por-marfrig\/","url_meta":{"origin":43107,"position":1},"title":"Foica analiza posibles medidas ante beneficio otorgado por Marfrig","author":"La Hora del Campo","date":"3 enero, 2022","format":false,"excerpt":"Al cierre de 2021 la empresa multinacional Marfrig decidi\u00f3 realizar una bonificaci\u00f3n a los funcionarios que no se adhirieron a las \u00faltimas medidas gremiales que paralizaron las actividades en las plantas frigor\u00edficas en Uruguay. Lo cual gener\u00f3 malestar en el gremio de la empresa y por ende al gremio a\u2026","rel":"","context":"En \u00abActualidad\u00bb","block_context":{"text":"Actualidad","link":"https:\/\/lahoradelcampo.com.uy\/site\/category\/actualidad\/"},"img":{"alt_text":"","src":"https:\/\/i0.wp.com\/lahoradelcampo.com.uy\/site\/wp-content\/uploads\/2020\/03\/Marfrig.jpg?fit=880%2C440&ssl=1&resize=350%2C200","width":350,"height":200,"srcset":"https:\/\/i0.wp.com\/lahoradelcampo.com.uy\/site\/wp-content\/uploads\/2020\/03\/Marfrig.jpg?fit=880%2C440&ssl=1&resize=350%2C200 1x, https:\/\/i0.wp.com\/lahoradelcampo.com.uy\/site\/wp-content\/uploads\/2020\/03\/Marfrig.jpg?fit=880%2C440&ssl=1&resize=525%2C300 1.5x, https:\/\/i0.wp.com\/lahoradelcampo.com.uy\/site\/wp-content\/uploads\/2020\/03\/Marfrig.jpg?fit=880%2C440&ssl=1&resize=700%2C400 2x"},"classes":[]},{"id":18112,"url":"https:\/\/lahoradelcampo.com.uy\/site\/marfrig-postergo-faena-en-la-caballada\/","url_meta":{"origin":43107,"position":2},"title":"Marfrig posterg\u00f3  faena en La Caballada","author":"La Hora del Campo","date":"17 marzo, 2020","format":false,"excerpt":"A medida que avanzan las horas, tambi\u00e9n lo hacen las medidas adoptadas por las distintas empresas del sector agropecuario y del propio Estado en la b\u00fasqueda de detener el avance del coronavirus, que lleg\u00f3 a 29 casos, 21 en las \u00faltimas 24 horas. En lo que respecta al sector agropecuario,\u2026","rel":"","context":"En \u00abActualidad\u00bb","block_context":{"text":"Actualidad","link":"https:\/\/lahoradelcampo.com.uy\/site\/category\/actualidad\/"},"img":{"alt_text":"","src":"https:\/\/i0.wp.com\/lahoradelcampo.com.uy\/site\/wp-content\/uploads\/2017\/11\/Secco-1.jpg?fit=880%2C440&ssl=1&resize=350%2C200","width":350,"height":200,"srcset":"https:\/\/i0.wp.com\/lahoradelcampo.com.uy\/site\/wp-content\/uploads\/2017\/11\/Secco-1.jpg?fit=880%2C440&ssl=1&resize=350%2C200 1x, https:\/\/i0.wp.com\/lahoradelcampo.com.uy\/site\/wp-content\/uploads\/2017\/11\/Secco-1.jpg?fit=880%2C440&ssl=1&resize=525%2C300 1.5x, https:\/\/i0.wp.com\/lahoradelcampo.com.uy\/site\/wp-content\/uploads\/2017\/11\/Secco-1.jpg?fit=880%2C440&ssl=1&resize=700%2C400 2x"},"classes":[]},{"id":18676,"url":"https:\/\/lahoradelcampo.com.uy\/site\/ante-la-situacion-de-emergencia-marfrig-donara-carne-enlatada-en-salto\/","url_meta":{"origin":43107,"position":3},"title":"Ante la situaci\u00f3n de emergencia Marfrig donar\u00e1 carne enlatada en Salto","author":"La Hora del Campo","date":"7 abril, 2020","format":false,"excerpt":"Marfrig anunci\u00f3 que, a partir de esta semana, pondr\u00e1 en marcha una serie de medidas para ayudar a varias comunidades de Uruguay durante el per\u00edodo de la pandemia del covid-19, pa\u00eds donde la empresa mantiene cinco unidades de producci\u00f3n, y es la mayor empresa de faena y exportaci\u00f3n, empleando a\u2026","rel":"","context":"En \u00abActualidad\u00bb","block_context":{"text":"Actualidad","link":"https:\/\/lahoradelcampo.com.uy\/site\/category\/actualidad\/"},"img":{"alt_text":"","src":"https:\/\/i0.wp.com\/lahoradelcampo.com.uy\/site\/wp-content\/uploads\/2020\/03\/Marfrig.jpg?fit=880%2C440&ssl=1&resize=350%2C200","width":350,"height":200,"srcset":"https:\/\/i0.wp.com\/lahoradelcampo.com.uy\/site\/wp-content\/uploads\/2020\/03\/Marfrig.jpg?fit=880%2C440&ssl=1&resize=350%2C200 1x, https:\/\/i0.wp.com\/lahoradelcampo.com.uy\/site\/wp-content\/uploads\/2020\/03\/Marfrig.jpg?fit=880%2C440&ssl=1&resize=525%2C300 1.5x, https:\/\/i0.wp.com\/lahoradelcampo.com.uy\/site\/wp-content\/uploads\/2020\/03\/Marfrig.jpg?fit=880%2C440&ssl=1&resize=700%2C400 2x"},"classes":[]},{"id":11341,"url":"https:\/\/lahoradelcampo.com.uy\/site\/bfr-y-marfrig-analizan-fusionarse\/","url_meta":{"origin":43107,"position":4},"title":"BFR y Marfrig analizan fusionarse","author":"La Hora del Campo","date":"30 mayo, 2019","format":false,"excerpt":"Los pesos pesados \u200b\u200bde la prote\u00edna brasile\u00f1a BRF SA y Marfrig Global Foods SA han iniciado conversaciones de fusi\u00f3n con el fin de obtener una mayor escala y ahorros para navegar mejor la volatilidad en el negocio c\u00e1rnico mundial. Las juntas de ambas firmas autorizaron la firma de un memorando\u2026","rel":"","context":"En \u00abActualidad\u00bb","block_context":{"text":"Actualidad","link":"https:\/\/lahoradelcampo.com.uy\/site\/category\/actualidad\/"},"img":{"alt_text":"","src":"https:\/\/i0.wp.com\/lahoradelcampo.com.uy\/site\/wp-content\/uploads\/2019\/05\/Faena.jpg?fit=880%2C440&ssl=1&resize=350%2C200","width":350,"height":200,"srcset":"https:\/\/i0.wp.com\/lahoradelcampo.com.uy\/site\/wp-content\/uploads\/2019\/05\/Faena.jpg?fit=880%2C440&ssl=1&resize=350%2C200 1x, https:\/\/i0.wp.com\/lahoradelcampo.com.uy\/site\/wp-content\/uploads\/2019\/05\/Faena.jpg?fit=880%2C440&ssl=1&resize=525%2C300 1.5x, https:\/\/i0.wp.com\/lahoradelcampo.com.uy\/site\/wp-content\/uploads\/2019\/05\/Faena.jpg?fit=880%2C440&ssl=1&resize=700%2C400 2x"},"classes":[]},{"id":55005,"url":"https:\/\/lahoradelcampo.com.uy\/site\/uruguay-ratifica-su-negativa-a-la-venta-de-marfrig-a-minerva\/","url_meta":{"origin":43107,"position":5},"title":"Uruguay ratifica su negativa a la venta de Marfrig a Minerva","author":"La Hora del Campo","date":"30 octubre, 2024","format":false,"excerpt":"La Comisi\u00f3n de Promoci\u00f3n y Defensa de la Competencia (CPDC) del Ministerio de Econom\u00eda y Finanzas de Uruguay reafirm\u00f3 su negativa a la venta de plantas de la multinacional c\u00e1rnica Marfrig a su par Minerva, argumentando riesgos sustanciales para la competencia en el mercado de compraventa de ganado bovino. Esta\u2026","rel":"","context":"En \u00abActualidad\u00bb","block_context":{"text":"Actualidad","link":"https:\/\/lahoradelcampo.com.uy\/site\/category\/actualidad\/"},"img":{"alt_text":"","src":"https:\/\/i0.wp.com\/lahoradelcampo.com.uy\/site\/wp-content\/uploads\/2024\/10\/minervacanelones.jpg?fit=880%2C440&ssl=1&resize=350%2C200","width":350,"height":200,"srcset":"https:\/\/i0.wp.com\/lahoradelcampo.com.uy\/site\/wp-content\/uploads\/2024\/10\/minervacanelones.jpg?fit=880%2C440&ssl=1&resize=350%2C200 1x, https:\/\/i0.wp.com\/lahoradelcampo.com.uy\/site\/wp-content\/uploads\/2024\/10\/minervacanelones.jpg?fit=880%2C440&ssl=1&resize=525%2C300 1.5x, https:\/\/i0.wp.com\/lahoradelcampo.com.uy\/site\/wp-content\/uploads\/2024\/10\/minervacanelones.jpg?fit=880%2C440&ssl=1&resize=700%2C400 2x"},"classes":[]}],"jetpack_likes_enabled":true,"_links":{"self":[{"href":"https:\/\/lahoradelcampo.com.uy\/site\/wp-json\/wp\/v2\/posts\/43107","targetHints":{"allow":["GET"]}}],"collection":[{"href":"https:\/\/lahoradelcampo.com.uy\/site\/wp-json\/wp\/v2\/posts"}],"about":[{"href":"https:\/\/lahoradelcampo.com.uy\/site\/wp-json\/wp\/v2\/types\/post"}],"author":[{"embeddable":true,"href":"https:\/\/lahoradelcampo.com.uy\/site\/wp-json\/wp\/v2\/users\/5"}],"replies":[{"embeddable":true,"href":"https:\/\/lahoradelcampo.com.uy\/site\/wp-json\/wp\/v2\/comments?post=43107"}],"version-history":[{"count":1,"href":"https:\/\/lahoradelcampo.com.uy\/site\/wp-json\/wp\/v2\/posts\/43107\/revisions"}],"predecessor-version":[{"id":43111,"href":"https:\/\/lahoradelcampo.com.uy\/site\/wp-json\/wp\/v2\/posts\/43107\/revisions\/43111"}],"wp:featuredmedia":[{"embeddable":true,"href":"https:\/\/lahoradelcampo.com.uy\/site\/wp-json\/wp\/v2\/media\/43109"}],"wp:attachment":[{"href":"https:\/\/lahoradelcampo.com.uy\/site\/wp-json\/wp\/v2\/media?parent=43107"}],"wp:term":[{"taxonomy":"category","embeddable":true,"href":"https:\/\/lahoradelcampo.com.uy\/site\/wp-json\/wp\/v2\/categories?post=43107"},{"taxonomy":"post_tag","embeddable":true,"href":"https:\/\/lahoradelcampo.com.uy\/site\/wp-json\/wp\/v2\/tags?post=43107"}],"curies":[{"name":"wp","href":"https:\/\/api.w.org\/{rel}","templated":true}]}}