{"id":43103,"date":"2022-06-23T06:50:39","date_gmt":"2022-06-23T09:50:39","guid":{"rendered":"http:\/\/lahoradelcampo.com.uy\/site\/?p=43103"},"modified":"2022-06-23T06:50:45","modified_gmt":"2022-06-23T09:50:45","slug":"inac-realizara-durante-julio-auditorias-a-las-carnicerias-en-salto","status":"publish","type":"post","link":"https:\/\/lahoradelcampo.com.uy\/site\/inac-realizara-durante-julio-auditorias-a-las-carnicerias-en-salto\/","title":{"rendered":"INAC realizar\u00e1 durante julio, auditor\u00edas a las carnicer\u00edas en Salto"},"content":{"rendered":"\n<figure class=\"wp-block-image\"><img data-recalc-dims=\"1\" loading=\"lazy\" decoding=\"async\" width=\"810\" height=\"405\" data-attachment-id=\"37411\" data-permalink=\"https:\/\/lahoradelcampo.com.uy\/site\/consumo-de-carne-vacuna-crecio-23-en-2021\/carnevacuna\/\" data-orig-file=\"https:\/\/i0.wp.com\/lahoradelcampo.com.uy\/site\/wp-content\/uploads\/2021\/12\/Carnevacuna.jpg?fit=880%2C440&amp;ssl=1\" data-orig-size=\"880,440\" data-comments-opened=\"1\" data-image-meta=\"{&quot;aperture&quot;:&quot;0&quot;,&quot;credit&quot;:&quot;&quot;,&quot;camera&quot;:&quot;&quot;,&quot;caption&quot;:&quot;&quot;,&quot;created_timestamp&quot;:&quot;0&quot;,&quot;copyright&quot;:&quot;&quot;,&quot;focal_length&quot;:&quot;0&quot;,&quot;iso&quot;:&quot;0&quot;,&quot;shutter_speed&quot;:&quot;0&quot;,&quot;title&quot;:&quot;&quot;,&quot;orientation&quot;:&quot;1&quot;}\" data-image-title=\"Carnevacuna\" data-image-description=\"\" data-image-caption=\"\" data-large-file=\"https:\/\/i0.wp.com\/lahoradelcampo.com.uy\/site\/wp-content\/uploads\/2021\/12\/Carnevacuna.jpg?fit=810%2C405&amp;ssl=1\" src=\"https:\/\/i0.wp.com\/lahoradelcampo.com.uy\/site\/wp-content\/uploads\/2021\/12\/Carnevacuna.jpg?resize=810%2C405\" alt=\"\" class=\"wp-image-37411\" srcset=\"https:\/\/i0.wp.com\/lahoradelcampo.com.uy\/site\/wp-content\/uploads\/2021\/12\/Carnevacuna.jpg?w=880&amp;ssl=1 880w, https:\/\/i0.wp.com\/lahoradelcampo.com.uy\/site\/wp-content\/uploads\/2021\/12\/Carnevacuna.jpg?resize=300%2C150&amp;ssl=1 300w, https:\/\/i0.wp.com\/lahoradelcampo.com.uy\/site\/wp-content\/uploads\/2021\/12\/Carnevacuna.jpg?resize=768%2C384&amp;ssl=1 768w, https:\/\/i0.wp.com\/lahoradelcampo.com.uy\/site\/wp-content\/uploads\/2021\/12\/Carnevacuna.jpg?resize=820%2C410&amp;ssl=1 820w\" sizes=\"auto, (max-width: 810px) 100vw, 810px\" \/><\/figure>\n\n\n\n<p>El Instituto Nacional de Carnes (INAC) inform\u00f3 ayer que iniciar\u00e1 en el mes de julio una serie de auditor\u00edas en carnicer\u00edas del interior del pa\u00eds, con el objetivo de \u00abmejorar la formalizaci\u00f3n y competitividad de todas las actividades comerciales del mercado interno\u00bb. <br><\/p>\n\n\n\n<p>Las empresas que han sido seleccionadas para dichas autor\u00edas se comunicaran con los locales comerciales durante los pr\u00f3ximos d\u00edas para coordinar las visitas, que en primera instancia se desarrollar\u00e1n en los departamentos de Canelones, Artigas, Salto y Paysand\u00fa, durante el mes de julio. <br><\/p>\n\n\n\n<p>Luego de estos cuatro primeros departamentos se continuar\u00e1 con el siguiente cronograma: <br><\/p>\n\n\n\n<p>Setiembre: R\u00edo Negro, Soriano, Colonia, San Jos\u00e9, Rocha, Cerro Largo, Treinta y Tres.<br><\/p>\n\n\n\n<p>Noviembre: Rivera, Tacuaremb\u00f3, Durazno, Flores, Florida.<br><\/p>\n\n\n\n<p>Las auditor\u00edas ser\u00e1n llevadas a cabo por parte de empresas especializadas en la materia, en un esquema de coordinaci\u00f3n y supervisi\u00f3n directa de INAC.<\/p>\n\n\n\n<p>Salto, 23 de junio de 2022<\/p>\n","protected":false},"excerpt":{"rendered":"<p>El Instituto Nacional de Carnes (INAC) inform\u00f3 ayer que iniciar\u00e1 en el mes de julio una serie de auditor\u00edas en carnicer\u00edas del interior del pa\u00eds, con el objetivo de \u00abmejorar [&hellip;]<\/p>\n","protected":false},"author":5,"featured_media":37411,"comment_status":"open","ping_status":"open","sticky":false,"template":"","format":"standard","meta":{"_price":"","_stock":"","_tribe_ticket_header":"","_tribe_default_ticket_provider":"","_tribe_ticket_capacity":"0","_ticket_start_date":"","_ticket_end_date":"","_tribe_ticket_show_description":"","_tribe_ticket_show_not_going":false,"_tribe_ticket_use_global_stock":"","_tribe_ticket_global_stock_level":"","_global_stock_mode":"","_global_stock_cap":"","_tribe_rsvp_for_event":"","_tribe_ticket_going_count":"","_tribe_ticket_not_going_count":"","_tribe_tickets_list":"[]","_tribe_ticket_has_attendee_info_fields":false,"h5ap_radio_sources":[],"_jetpack_newsletter_access":"","_jetpack_dont_email_post_to_subs":false,"_jetpack_newsletter_tier_id":0,"_jetpack_memberships_contains_paywalled_content":false,"_jetpack_memberships_contains_paid_content":false,"footnotes":""},"categories":[21,5],"tags":[],"class_list":["post-43103","post","type-post","status-publish","format-standard","has-post-thumbnail","hentry","category-actualidad","category-ganaderia"],"jetpack_featured_media_url":"https:\/\/i0.wp.com\/lahoradelcampo.com.uy\/site\/wp-content\/uploads\/2021\/12\/Carnevacuna.jpg?fit=880%2C440&ssl=1","jetpack_sharing_enabled":true,"jetpack_shortlink":"https:\/\/wp.me\/p99IaT-bdd","jetpack-related-posts":[{"id":33595,"url":"https:\/\/lahoradelcampo.com.uy\/site\/inac-continua-con-acciones-en-carnicerias-del-interior-del-pais\/","url_meta":{"origin":43103,"position":0},"title":"INAC contin\u00faa con acciones en carnicer\u00edas del interior del pa\u00eds","author":"La Hora del Campo","date":"1 septiembre, 2021","format":false,"excerpt":"Durante el mes de setiembre se activar\u00e1n las acciones de Yo Cumplo en el \u00faltimo grupo de departamentos del Interior. Las carnicer\u00edas se vienen registrando ante INAC a buen ritmo y hasta diciembre hay exoneraciones en el costo de las gestiones. En setiembre se iniciar\u00e1 la campa\u00f1a para la regularizaci\u00f3n\u2026","rel":"","context":"En \u00abActualidad\u00bb","block_context":{"text":"Actualidad","link":"https:\/\/lahoradelcampo.com.uy\/site\/category\/actualidad\/"},"img":{"alt_text":"","src":"https:\/\/i0.wp.com\/lahoradelcampo.com.uy\/site\/wp-content\/uploads\/2021\/08\/carniceros-inac.jpg?fit=880%2C440&ssl=1&resize=350%2C200","width":350,"height":200,"srcset":"https:\/\/i0.wp.com\/lahoradelcampo.com.uy\/site\/wp-content\/uploads\/2021\/08\/carniceros-inac.jpg?fit=880%2C440&ssl=1&resize=350%2C200 1x, https:\/\/i0.wp.com\/lahoradelcampo.com.uy\/site\/wp-content\/uploads\/2021\/08\/carniceros-inac.jpg?fit=880%2C440&ssl=1&resize=525%2C300 1.5x, https:\/\/i0.wp.com\/lahoradelcampo.com.uy\/site\/wp-content\/uploads\/2021\/08\/carniceros-inac.jpg?fit=880%2C440&ssl=1&resize=700%2C400 2x"},"classes":[]},{"id":50991,"url":"https:\/\/lahoradelcampo.com.uy\/site\/impulsan-credito-para-modernizar-carnicerias-del-interior-del-pais\/","url_meta":{"origin":43103,"position":1},"title":"Impulsan cr\u00e9dito para modernizar carnicer\u00edas del interior del pa\u00eds","author":"La Hora del Campo","date":"2 junio, 2023","format":false,"excerpt":"El Instituto Nacional de Carnes (INAC) ha anunciado su apoyo para la adecuaci\u00f3n de las carnicer\u00edas en el interior de Uruguay. Con el objetivo de mejorar las condiciones de estos comercios, INAC implementar\u00e1 un plan de promoci\u00f3n de inversiones que brindar\u00e1 acceso a cr\u00e9dito a trav\u00e9s de un Fideicomiso de\u2026","rel":"","context":"En \u00abActualidad\u00bb","block_context":{"text":"Actualidad","link":"https:\/\/lahoradelcampo.com.uy\/site\/category\/actualidad\/"},"img":{"alt_text":"","src":"https:\/\/i0.wp.com\/lahoradelcampo.com.uy\/site\/wp-content\/uploads\/2023\/06\/INAC-Carnicerias.jpg?fit=880%2C440&ssl=1&resize=350%2C200","width":350,"height":200,"srcset":"https:\/\/i0.wp.com\/lahoradelcampo.com.uy\/site\/wp-content\/uploads\/2023\/06\/INAC-Carnicerias.jpg?fit=880%2C440&ssl=1&resize=350%2C200 1x, https:\/\/i0.wp.com\/lahoradelcampo.com.uy\/site\/wp-content\/uploads\/2023\/06\/INAC-Carnicerias.jpg?fit=880%2C440&ssl=1&resize=525%2C300 1.5x, https:\/\/i0.wp.com\/lahoradelcampo.com.uy\/site\/wp-content\/uploads\/2023\/06\/INAC-Carnicerias.jpg?fit=880%2C440&ssl=1&resize=700%2C400 2x"},"classes":[]},{"id":33297,"url":"https:\/\/lahoradelcampo.com.uy\/site\/inac-trabaja-en-la-formalizacion-de-las-carnicerias\/","url_meta":{"origin":43103,"position":2},"title":"INAC trabaja en la formalizaci\u00f3n de las carnicer\u00edas","author":"La Hora del Campo","date":"23 agosto, 2021","format":false,"excerpt":"El presidente de INAC, Conrado Ferber, junto a t\u00e9cnicos de la Gerencia de Mercado Interno se encuentran realizando la gira n\u00famero 17 por la formalizaci\u00f3n de las carnicer\u00edas en el marco de la campa\u00f1a \"Yo cumplo\" en los puntos de venta del interior. En esta nueva etapa el foco estar\u00e1\u2026","rel":"","context":"En \u00abActualidad\u00bb","block_context":{"text":"Actualidad","link":"https:\/\/lahoradelcampo.com.uy\/site\/category\/actualidad\/"},"img":{"alt_text":"","src":"https:\/\/i0.wp.com\/lahoradelcampo.com.uy\/site\/wp-content\/uploads\/2019\/04\/Carnes.jpg?fit=880%2C440&ssl=1&resize=350%2C200","width":350,"height":200,"srcset":"https:\/\/i0.wp.com\/lahoradelcampo.com.uy\/site\/wp-content\/uploads\/2019\/04\/Carnes.jpg?fit=880%2C440&ssl=1&resize=350%2C200 1x, https:\/\/i0.wp.com\/lahoradelcampo.com.uy\/site\/wp-content\/uploads\/2019\/04\/Carnes.jpg?fit=880%2C440&ssl=1&resize=525%2C300 1.5x, https:\/\/i0.wp.com\/lahoradelcampo.com.uy\/site\/wp-content\/uploads\/2019\/04\/Carnes.jpg?fit=880%2C440&ssl=1&resize=700%2C400 2x"},"classes":[]},{"id":32756,"url":"https:\/\/lahoradelcampo.com.uy\/site\/inac-avanza-con-el-registro-de-las-carnicerias-en-el-interior\/","url_meta":{"origin":43103,"position":3},"title":"INAC avanza con el registro de las carnicer\u00edas en el interior","author":"La Hora del Campo","date":"5 agosto, 2021","format":false,"excerpt":"El Instituto Nacional de Carnes (INAC), tal cual se ha informado anteriormente, ha pasado a ser responsable por el registro y habilitaci\u00f3n de las carnicer\u00edas en todo el pa\u00eds y no solamente en la capital como en a\u00f1os anteriores, cuando los puntos de expendio de carnes eran habilitados por las\u2026","rel":"","context":"En \u00abActualidad\u00bb","block_context":{"text":"Actualidad","link":"https:\/\/lahoradelcampo.com.uy\/site\/category\/actualidad\/"},"img":{"alt_text":"","src":"https:\/\/i0.wp.com\/lahoradelcampo.com.uy\/site\/wp-content\/uploads\/2021\/08\/carniceros-inac.jpg?fit=880%2C440&ssl=1&resize=350%2C200","width":350,"height":200,"srcset":"https:\/\/i0.wp.com\/lahoradelcampo.com.uy\/site\/wp-content\/uploads\/2021\/08\/carniceros-inac.jpg?fit=880%2C440&ssl=1&resize=350%2C200 1x, https:\/\/i0.wp.com\/lahoradelcampo.com.uy\/site\/wp-content\/uploads\/2021\/08\/carniceros-inac.jpg?fit=880%2C440&ssl=1&resize=525%2C300 1.5x, https:\/\/i0.wp.com\/lahoradelcampo.com.uy\/site\/wp-content\/uploads\/2021\/08\/carniceros-inac.jpg?fit=880%2C440&ssl=1&resize=700%2C400 2x"},"classes":[]},{"id":53638,"url":"https:\/\/lahoradelcampo.com.uy\/site\/inac-firmo-convenio-para-beneficiar-la-formalizacion-de-las-carnicerias\/","url_meta":{"origin":43103,"position":4},"title":"INAC firm\u00f3 convenio para beneficiar la formalizaci\u00f3n de las carnicer\u00edas","author":"La Hora del Campo","date":"31 marzo, 2024","format":false,"excerpt":"En un paso significativo hacia la formalizaci\u00f3n y mejora de las condiciones en la cadena c\u00e1rnica uruguaya, el Instituto Nacional de Carnes (INAC) y la Asociaci\u00f3n de Escribanos del Uruguay (AEU) han unido esfuerzos mediante la firma de un convenio marco de cooperaci\u00f3n. Este acuerdo tiene como objetivo principal brindar\u2026","rel":"","context":"En \u00abActualidad\u00bb","block_context":{"text":"Actualidad","link":"https:\/\/lahoradelcampo.com.uy\/site\/category\/actualidad\/"},"img":{"alt_text":"","src":"https:\/\/i0.wp.com\/lahoradelcampo.com.uy\/site\/wp-content\/uploads\/2024\/03\/INAC-Escribanos.jpg?fit=880%2C440&ssl=1&resize=350%2C200","width":350,"height":200,"srcset":"https:\/\/i0.wp.com\/lahoradelcampo.com.uy\/site\/wp-content\/uploads\/2024\/03\/INAC-Escribanos.jpg?fit=880%2C440&ssl=1&resize=350%2C200 1x, https:\/\/i0.wp.com\/lahoradelcampo.com.uy\/site\/wp-content\/uploads\/2024\/03\/INAC-Escribanos.jpg?fit=880%2C440&ssl=1&resize=525%2C300 1.5x, https:\/\/i0.wp.com\/lahoradelcampo.com.uy\/site\/wp-content\/uploads\/2024\/03\/INAC-Escribanos.jpg?fit=880%2C440&ssl=1&resize=700%2C400 2x"},"classes":[]},{"id":51405,"url":"https:\/\/lahoradelcampo.com.uy\/site\/inac-tomara-medidas-drasticas-contra-carnicerias-irregulares\/","url_meta":{"origin":43103,"position":5},"title":"INAC tomar\u00e1 medidas dr\u00e1sticas contra carnicer\u00edas irregulares","author":"La Hora del Campo","date":"23 junio, 2023","format":false,"excerpt":"El Instituto Nacional de Carnes (INAC) tomar\u00e1 medidas contundentes contra las carnicer\u00edas que no cumplen con las normas de habilitaci\u00f3n, d\u00e1ndolas de baja del Registro \u00danico Nacional de Empresas C\u00e1rnicas (RUNEC). Estos establecimientos ser\u00e1n marcados como \"cerrados\" y no podr\u00e1n operar en el nuevo Sistema de Registro y Gesti\u00f3n del\u2026","rel":"","context":"En \u00abActualidad\u00bb","block_context":{"text":"Actualidad","link":"https:\/\/lahoradelcampo.com.uy\/site\/category\/actualidad\/"},"img":{"alt_text":"","src":"https:\/\/i0.wp.com\/lahoradelcampo.com.uy\/site\/wp-content\/uploads\/2023\/06\/INAC-Yocumplo.jpg?fit=880%2C440&ssl=1&resize=350%2C200","width":350,"height":200,"srcset":"https:\/\/i0.wp.com\/lahoradelcampo.com.uy\/site\/wp-content\/uploads\/2023\/06\/INAC-Yocumplo.jpg?fit=880%2C440&ssl=1&resize=350%2C200 1x, https:\/\/i0.wp.com\/lahoradelcampo.com.uy\/site\/wp-content\/uploads\/2023\/06\/INAC-Yocumplo.jpg?fit=880%2C440&ssl=1&resize=525%2C300 1.5x, https:\/\/i0.wp.com\/lahoradelcampo.com.uy\/site\/wp-content\/uploads\/2023\/06\/INAC-Yocumplo.jpg?fit=880%2C440&ssl=1&resize=700%2C400 2x"},"classes":[]}],"jetpack_likes_enabled":true,"_links":{"self":[{"href":"https:\/\/lahoradelcampo.com.uy\/site\/wp-json\/wp\/v2\/posts\/43103","targetHints":{"allow":["GET"]}}],"collection":[{"href":"https:\/\/lahoradelcampo.com.uy\/site\/wp-json\/wp\/v2\/posts"}],"about":[{"href":"https:\/\/lahoradelcampo.com.uy\/site\/wp-json\/wp\/v2\/types\/post"}],"author":[{"embeddable":true,"href":"https:\/\/lahoradelcampo.com.uy\/site\/wp-json\/wp\/v2\/users\/5"}],"replies":[{"embeddable":true,"href":"https:\/\/lahoradelcampo.com.uy\/site\/wp-json\/wp\/v2\/comments?post=43103"}],"version-history":[{"count":1,"href":"https:\/\/lahoradelcampo.com.uy\/site\/wp-json\/wp\/v2\/posts\/43103\/revisions"}],"predecessor-version":[{"id":43105,"href":"https:\/\/lahoradelcampo.com.uy\/site\/wp-json\/wp\/v2\/posts\/43103\/revisions\/43105"}],"wp:featuredmedia":[{"embeddable":true,"href":"https:\/\/lahoradelcampo.com.uy\/site\/wp-json\/wp\/v2\/media\/37411"}],"wp:attachment":[{"href":"https:\/\/lahoradelcampo.com.uy\/site\/wp-json\/wp\/v2\/media?parent=43103"}],"wp:term":[{"taxonomy":"category","embeddable":true,"href":"https:\/\/lahoradelcampo.com.uy\/site\/wp-json\/wp\/v2\/categories?post=43103"},{"taxonomy":"post_tag","embeddable":true,"href":"https:\/\/lahoradelcampo.com.uy\/site\/wp-json\/wp\/v2\/tags?post=43103"}],"curies":[{"name":"wp","href":"https:\/\/api.w.org\/{rel}","templated":true}]}}