{"id":43099,"date":"2022-06-22T10:07:10","date_gmt":"2022-06-22T13:07:10","guid":{"rendered":"http:\/\/lahoradelcampo.com.uy\/site\/?p=43099"},"modified":"2022-06-22T10:07:58","modified_gmt":"2022-06-22T13:07:58","slug":"los-parasitos-gastrointestinales-generan-importante-perdidas-economicas","status":"publish","type":"post","link":"https:\/\/lahoradelcampo.com.uy\/site\/los-parasitos-gastrointestinales-generan-importante-perdidas-economicas\/","title":{"rendered":"Los par\u00e1sitos gastrointestinales generan importante p\u00e9rdidas econ\u00f3micas"},"content":{"rendered":"\n<figure class=\"wp-block-image\"><img data-recalc-dims=\"1\" loading=\"lazy\" decoding=\"async\" width=\"810\" height=\"405\" data-attachment-id=\"41529\" data-permalink=\"https:\/\/lahoradelcampo.com.uy\/site\/se-debe-nivelar-la-sanidad-de-los-ganados-al-ingreso-de-los-corrales\/biogenesis-mederos\/\" data-orig-file=\"https:\/\/i0.wp.com\/lahoradelcampo.com.uy\/site\/wp-content\/uploads\/2022\/05\/Biogenesis-Mederos.jpg?fit=880%2C440&amp;ssl=1\" data-orig-size=\"880,440\" data-comments-opened=\"1\" data-image-meta=\"{&quot;aperture&quot;:&quot;0&quot;,&quot;credit&quot;:&quot;&quot;,&quot;camera&quot;:&quot;&quot;,&quot;caption&quot;:&quot;&quot;,&quot;created_timestamp&quot;:&quot;0&quot;,&quot;copyright&quot;:&quot;&quot;,&quot;focal_length&quot;:&quot;0&quot;,&quot;iso&quot;:&quot;0&quot;,&quot;shutter_speed&quot;:&quot;0&quot;,&quot;title&quot;:&quot;&quot;,&quot;orientation&quot;:&quot;1&quot;}\" data-image-title=\"Biogenesis-Mederos\" data-image-description=\"\" data-image-caption=\"\" data-large-file=\"https:\/\/i0.wp.com\/lahoradelcampo.com.uy\/site\/wp-content\/uploads\/2022\/05\/Biogenesis-Mederos.jpg?fit=810%2C405&amp;ssl=1\" src=\"https:\/\/i0.wp.com\/lahoradelcampo.com.uy\/site\/wp-content\/uploads\/2022\/05\/Biogenesis-Mederos.jpg?resize=810%2C405\" alt=\"\" class=\"wp-image-41529\" srcset=\"https:\/\/i0.wp.com\/lahoradelcampo.com.uy\/site\/wp-content\/uploads\/2022\/05\/Biogenesis-Mederos.jpg?w=880&amp;ssl=1 880w, https:\/\/i0.wp.com\/lahoradelcampo.com.uy\/site\/wp-content\/uploads\/2022\/05\/Biogenesis-Mederos.jpg?resize=300%2C150&amp;ssl=1 300w, https:\/\/i0.wp.com\/lahoradelcampo.com.uy\/site\/wp-content\/uploads\/2022\/05\/Biogenesis-Mederos.jpg?resize=768%2C384&amp;ssl=1 768w, https:\/\/i0.wp.com\/lahoradelcampo.com.uy\/site\/wp-content\/uploads\/2022\/05\/Biogenesis-Mederos.jpg?resize=820%2C410&amp;ssl=1 820w\" sizes=\"auto, (max-width: 810px) 100vw, 810px\" \/><\/figure>\n\n\n\n<p>Los par\u00e1sitos gastrointestinales, debido a las condicionantes ambientales favorables que tiene el pa\u00eds, se desarrollan durante todo el a\u00f1o, en un ciclo que claramente se divide en dos. Una parte del ciclo se encuentra en el animal mismo y la segunda parte en las pasturas. <\/p>\n\n\n\n<p>Dr. Horacio Mederos, Director t\u00e9cnico de Biog\u00e9nesis Bag\u00f3 , nos explica el ciclo de vida de los par\u00e1sitos gastrointestinales y brinda recomendaciones para lograr un control eficaz. <\/p>\n\n\n\n<figure class=\"wp-block-embed-youtube wp-block-embed is-type-video is-provider-youtube wp-embed-aspect-16-9 wp-has-aspect-ratio\"><div class=\"wp-block-embed__wrapper\">\n<span class=\"embed-youtube\" style=\"text-align:center; display: block;\"><iframe loading=\"lazy\" class=\"youtube-player\" width=\"810\" height=\"456\" src=\"https:\/\/www.youtube.com\/embed\/OYHUii8cVwA?version=3&#038;rel=1&#038;showsearch=0&#038;showinfo=1&#038;iv_load_policy=1&#038;fs=1&#038;hl=es-ES&#038;autohide=2&#038;wmode=transparent\" allowfullscreen=\"true\" style=\"border:0;\" sandbox=\"allow-scripts allow-same-origin allow-popups allow-presentation allow-popups-to-escape-sandbox\"><\/iframe><\/span>\n<\/div><\/figure>\n\n\n\n<p>Biog\u00e9nesis Bag\u00f3 una empresa global, con m\u00e1s de 30 a\u00f1os instalada en el Uruguay, con un fuerte arraigo a nivel local y cada vez m\u00e1s cerca de los productores y el comercio. <\/p>\n\n\n\n<p>Salto, 22 de junio de 2022<\/p>\n","protected":false},"excerpt":{"rendered":"<p>Los par\u00e1sitos gastrointestinales, debido a las condicionantes ambientales favorables que tiene el pa\u00eds, se desarrollan durante todo el a\u00f1o, en un ciclo que claramente se divide en dos. Una parte [&hellip;]<\/p>\n","protected":false},"author":5,"featured_media":41529,"comment_status":"open","ping_status":"open","sticky":false,"template":"","format":"standard","meta":{"_price":"","_stock":"","_tribe_ticket_header":"","_tribe_default_ticket_provider":"","_tribe_ticket_capacity":"0","_ticket_start_date":"","_ticket_end_date":"","_tribe_ticket_show_description":"","_tribe_ticket_show_not_going":false,"_tribe_ticket_use_global_stock":"","_tribe_ticket_global_stock_level":"","_global_stock_mode":"","_global_stock_cap":"","_tribe_rsvp_for_event":"","_tribe_ticket_going_count":"","_tribe_ticket_not_going_count":"","_tribe_tickets_list":"[]","_tribe_ticket_has_attendee_info_fields":false,"h5ap_radio_sources":[],"_jetpack_newsletter_access":"","_jetpack_dont_email_post_to_subs":false,"_jetpack_newsletter_tier_id":0,"_jetpack_memberships_contains_paywalled_content":false,"_jetpack_memberships_contains_paid_content":false,"footnotes":""},"categories":[21,5],"tags":[],"class_list":["post-43099","post","type-post","status-publish","format-standard","has-post-thumbnail","hentry","category-actualidad","category-ganaderia"],"jetpack_featured_media_url":"https:\/\/i0.wp.com\/lahoradelcampo.com.uy\/site\/wp-content\/uploads\/2022\/05\/Biogenesis-Mederos.jpg?fit=880%2C440&ssl=1","jetpack_sharing_enabled":true,"jetpack_shortlink":"https:\/\/wp.me\/p99IaT-bd9","jetpack-related-posts":[{"id":54089,"url":"https:\/\/lahoradelcampo.com.uy\/site\/casi-el-100-de-los-predios-tienen-resistencia-a-la-ivermectina-para-parasitos-gastrointestinales\/","url_meta":{"origin":43099,"position":0},"title":"Casi el 100% de los predios tienen resistencia a la ivermectina para par\u00e1sitos gastrointestinales","author":"La Hora del Campo","date":"29 julio, 2024","format":false,"excerpt":"El Dr. Daniel Salada, director t\u00e9cnico de Compa\u00f1\u00eda Cibeles, explic\u00f3 que los par\u00e1sitos gastrointestinales son una de las principales limitantes en la ganancia de peso de los bovinos j\u00f3venes, especialmente hasta los dos a\u00f1os, debido a su falta de inmunidad. El profesional destac\u00f3 que la parasitosis es influenciada por el\u2026","rel":"","context":"En \u00abActualidad\u00bb","block_context":{"text":"Actualidad","link":"https:\/\/lahoradelcampo.com.uy\/site\/category\/actualidad\/"},"img":{"alt_text":"","src":"https:\/\/i0.wp.com\/lahoradelcampo.com.uy\/site\/wp-content\/uploads\/2024\/04\/Daniel-Salada.jpg?fit=880%2C440&ssl=1&resize=350%2C200","width":350,"height":200,"srcset":"https:\/\/i0.wp.com\/lahoradelcampo.com.uy\/site\/wp-content\/uploads\/2024\/04\/Daniel-Salada.jpg?fit=880%2C440&ssl=1&resize=350%2C200 1x, https:\/\/i0.wp.com\/lahoradelcampo.com.uy\/site\/wp-content\/uploads\/2024\/04\/Daniel-Salada.jpg?fit=880%2C440&ssl=1&resize=525%2C300 1.5x, https:\/\/i0.wp.com\/lahoradelcampo.com.uy\/site\/wp-content\/uploads\/2024\/04\/Daniel-Salada.jpg?fit=880%2C440&ssl=1&resize=700%2C400 2x"},"classes":[]},{"id":50755,"url":"https:\/\/lahoradelcampo.com.uy\/site\/parasitos-gastrointestinales-un-desafio-constante-para-la-salud-de-nuestros-animales\/","url_meta":{"origin":43099,"position":1},"title":"Par\u00e1sitos gastrointestinales: un desaf\u00edo constante para la salud de nuestros animales","author":"La Hora del Campo","date":"25 mayo, 2023","format":false,"excerpt":"En nuestro pa\u00eds, las condiciones ambientales propician el desarrollo de par\u00e1sitos gastrointestinales a lo largo de todo el a\u00f1o. Estudios han revelado que estos par\u00e1sitos pueden ocasionar p\u00e9rdidas significativas en cl\u00ednicas y terneros, llegando incluso a representar hasta un 20% de su peso vivo. Esto significa una disminuci\u00f3n de entre\u2026","rel":"","context":"En \u00abActualidad\u00bb","block_context":{"text":"Actualidad","link":"https:\/\/lahoradelcampo.com.uy\/site\/category\/actualidad\/"},"img":{"alt_text":"","src":"https:\/\/i0.wp.com\/lahoradelcampo.com.uy\/site\/wp-content\/uploads\/2023\/03\/Biogenesis-horacio.jpg?fit=880%2C440&ssl=1&resize=350%2C200","width":350,"height":200,"srcset":"https:\/\/i0.wp.com\/lahoradelcampo.com.uy\/site\/wp-content\/uploads\/2023\/03\/Biogenesis-horacio.jpg?fit=880%2C440&ssl=1&resize=350%2C200 1x, https:\/\/i0.wp.com\/lahoradelcampo.com.uy\/site\/wp-content\/uploads\/2023\/03\/Biogenesis-horacio.jpg?fit=880%2C440&ssl=1&resize=525%2C300 1.5x, https:\/\/i0.wp.com\/lahoradelcampo.com.uy\/site\/wp-content\/uploads\/2023\/03\/Biogenesis-horacio.jpg?fit=880%2C440&ssl=1&resize=700%2C400 2x"},"classes":[]},{"id":40869,"url":"https:\/\/lahoradelcampo.com.uy\/site\/es-momento-de-cuidar-los-parasitos-gastrointestinales\/","url_meta":{"origin":43099,"position":2},"title":"Es momento de cuidar los par\u00e1sitos gastrointestinales","author":"La Hora del Campo","date":"18 abril, 2022","format":false,"excerpt":"Es momento de tener cuidados con las categor\u00edas j\u00f3venes debido al incremento de problemas con los par\u00e1sitos gastrointestinales. El Dr. Juan Andr\u00e9s Garc\u00eda Pintos, integrante del equipo t\u00e9cnico de Biog\u00e9nesis Bag\u00f3 brinda recomendaciones a seguir en este momento tan importante para el sector ganadero. https:\/\/youtu.be\/aAkodgbXGeM Biog\u00e9nesis Bag\u00f3 una empresa global,\u2026","rel":"","context":"En \u00abActualidad\u00bb","block_context":{"text":"Actualidad","link":"https:\/\/lahoradelcampo.com.uy\/site\/category\/actualidad\/"},"img":{"alt_text":"","src":"https:\/\/i0.wp.com\/lahoradelcampo.com.uy\/site\/wp-content\/uploads\/2022\/04\/Biogenesis-tachi.jpg?fit=880%2C440&ssl=1&resize=350%2C200","width":350,"height":200,"srcset":"https:\/\/i0.wp.com\/lahoradelcampo.com.uy\/site\/wp-content\/uploads\/2022\/04\/Biogenesis-tachi.jpg?fit=880%2C440&ssl=1&resize=350%2C200 1x, https:\/\/i0.wp.com\/lahoradelcampo.com.uy\/site\/wp-content\/uploads\/2022\/04\/Biogenesis-tachi.jpg?fit=880%2C440&ssl=1&resize=525%2C300 1.5x, https:\/\/i0.wp.com\/lahoradelcampo.com.uy\/site\/wp-content\/uploads\/2022\/04\/Biogenesis-tachi.jpg?fit=880%2C440&ssl=1&resize=700%2C400 2x"},"classes":[]},{"id":53725,"url":"https:\/\/lahoradelcampo.com.uy\/site\/el-fosfato-de-levamisol-tiene-menos-resistencia-en-parasitosis-gastrointestinales\/","url_meta":{"origin":43099,"position":3},"title":"El fosfato de levamisol tiene menos resistencia en parasitosis gastrointestinales","author":"La Hora del Campo","date":"10 abril, 2024","format":false,"excerpt":"La resistencia a los principios activos en los par\u00e1sitos gastrointestinales ha venido creciendo y est\u00e1 determinando el producto m\u00e1s reciente en el tiempo, presente mayores niveles de resistencia que los anteriores. A modo de ejemplo, la Ivermectina que tiene 40 a\u00f1os en el pa\u00eds, tiene mayores porcentajes de resistencia que\u2026","rel":"","context":"En \u00abActualidad\u00bb","block_context":{"text":"Actualidad","link":"https:\/\/lahoradelcampo.com.uy\/site\/category\/actualidad\/"},"img":{"alt_text":"","src":"https:\/\/i0.wp.com\/lahoradelcampo.com.uy\/site\/wp-content\/uploads\/2024\/04\/Daniel-Salada.jpg?fit=880%2C440&ssl=1&resize=350%2C200","width":350,"height":200,"srcset":"https:\/\/i0.wp.com\/lahoradelcampo.com.uy\/site\/wp-content\/uploads\/2024\/04\/Daniel-Salada.jpg?fit=880%2C440&ssl=1&resize=350%2C200 1x, https:\/\/i0.wp.com\/lahoradelcampo.com.uy\/site\/wp-content\/uploads\/2024\/04\/Daniel-Salada.jpg?fit=880%2C440&ssl=1&resize=525%2C300 1.5x, https:\/\/i0.wp.com\/lahoradelcampo.com.uy\/site\/wp-content\/uploads\/2024\/04\/Daniel-Salada.jpg?fit=880%2C440&ssl=1&resize=700%2C400 2x"},"classes":[]},{"id":50869,"url":"https:\/\/lahoradelcampo.com.uy\/site\/sul-junio-un-mes-clave-para-preparar-la-proxima-paricion-en-el-ovino\/","url_meta":{"origin":43099,"position":4},"title":"SUL: Junio, un mes clave para preparar la pr\u00f3xima parici\u00f3n en el ovino","author":"La Hora del Campo","date":"30 mayo, 2023","format":false,"excerpt":"El Secretariado Uruguayo de la Lana (SUL) ha emitido una serie de recomendaciones t\u00e9cnicas para el adecuado manejo del ovino durante el mes de junio. Estas pautas buscan optimizar la producci\u00f3n y el cuidado de las ovejas, garantizar su bienestar y preparar el predio y la majada para la pr\u00f3xima\u2026","rel":"","context":"En \u00abActualidad\u00bb","block_context":{"text":"Actualidad","link":"https:\/\/lahoradelcampo.com.uy\/site\/category\/actualidad\/"},"img":{"alt_text":"","src":"https:\/\/i0.wp.com\/lahoradelcampo.com.uy\/site\/wp-content\/uploads\/2023\/03\/Ovejas-ovinosSUL.jpg?fit=880%2C440&ssl=1&resize=350%2C200","width":350,"height":200,"srcset":"https:\/\/i0.wp.com\/lahoradelcampo.com.uy\/site\/wp-content\/uploads\/2023\/03\/Ovejas-ovinosSUL.jpg?fit=880%2C440&ssl=1&resize=350%2C200 1x, https:\/\/i0.wp.com\/lahoradelcampo.com.uy\/site\/wp-content\/uploads\/2023\/03\/Ovejas-ovinosSUL.jpg?fit=880%2C440&ssl=1&resize=525%2C300 1.5x, https:\/\/i0.wp.com\/lahoradelcampo.com.uy\/site\/wp-content\/uploads\/2023\/03\/Ovejas-ovinosSUL.jpg?fit=880%2C440&ssl=1&resize=700%2C400 2x"},"classes":[]},{"id":55958,"url":"https:\/\/lahoradelcampo.com.uy\/site\/uruguay-es-referencia-en-la-lucha-genetica-contra-parasitos-en-ovinos\/","url_meta":{"origin":43099,"position":5},"title":"Uruguay es referencia en la lucha gen\u00e9tica contra par\u00e1sitos en ovinos","author":"La Hora del Campo","date":"22 abril, 2025","format":false,"excerpt":"Cient\u00edficos del Instituto Nacional de Investigaci\u00f3n Agropecuaria (INIA) en Uruguay lograron avances significativos en la selecci\u00f3n gen\u00e9tica de ovinos resistentes a nematodos gastrointestinales, responsables de importantes p\u00e9rdidas econ\u00f3micas en sistemas de pastoreo como el uruguayo, generan efectos negativos como disminuci\u00f3n en la producci\u00f3n de carne y lana. El estudio titulado\u2026","rel":"","context":"En \u00abActualidad\u00bb","block_context":{"text":"Actualidad","link":"https:\/\/lahoradelcampo.com.uy\/site\/category\/actualidad\/"},"img":{"alt_text":"","src":"https:\/\/i0.wp.com\/lahoradelcampo.com.uy\/site\/wp-content\/uploads\/2025\/04\/INIA-Ovinosa.jpg?fit=880%2C440&ssl=1&resize=350%2C200","width":350,"height":200,"srcset":"https:\/\/i0.wp.com\/lahoradelcampo.com.uy\/site\/wp-content\/uploads\/2025\/04\/INIA-Ovinosa.jpg?fit=880%2C440&ssl=1&resize=350%2C200 1x, https:\/\/i0.wp.com\/lahoradelcampo.com.uy\/site\/wp-content\/uploads\/2025\/04\/INIA-Ovinosa.jpg?fit=880%2C440&ssl=1&resize=525%2C300 1.5x, https:\/\/i0.wp.com\/lahoradelcampo.com.uy\/site\/wp-content\/uploads\/2025\/04\/INIA-Ovinosa.jpg?fit=880%2C440&ssl=1&resize=700%2C400 2x"},"classes":[]}],"jetpack_likes_enabled":true,"_links":{"self":[{"href":"https:\/\/lahoradelcampo.com.uy\/site\/wp-json\/wp\/v2\/posts\/43099","targetHints":{"allow":["GET"]}}],"collection":[{"href":"https:\/\/lahoradelcampo.com.uy\/site\/wp-json\/wp\/v2\/posts"}],"about":[{"href":"https:\/\/lahoradelcampo.com.uy\/site\/wp-json\/wp\/v2\/types\/post"}],"author":[{"embeddable":true,"href":"https:\/\/lahoradelcampo.com.uy\/site\/wp-json\/wp\/v2\/users\/5"}],"replies":[{"embeddable":true,"href":"https:\/\/lahoradelcampo.com.uy\/site\/wp-json\/wp\/v2\/comments?post=43099"}],"version-history":[{"count":1,"href":"https:\/\/lahoradelcampo.com.uy\/site\/wp-json\/wp\/v2\/posts\/43099\/revisions"}],"predecessor-version":[{"id":43101,"href":"https:\/\/lahoradelcampo.com.uy\/site\/wp-json\/wp\/v2\/posts\/43099\/revisions\/43101"}],"wp:featuredmedia":[{"embeddable":true,"href":"https:\/\/lahoradelcampo.com.uy\/site\/wp-json\/wp\/v2\/media\/41529"}],"wp:attachment":[{"href":"https:\/\/lahoradelcampo.com.uy\/site\/wp-json\/wp\/v2\/media?parent=43099"}],"wp:term":[{"taxonomy":"category","embeddable":true,"href":"https:\/\/lahoradelcampo.com.uy\/site\/wp-json\/wp\/v2\/categories?post=43099"},{"taxonomy":"post_tag","embeddable":true,"href":"https:\/\/lahoradelcampo.com.uy\/site\/wp-json\/wp\/v2\/tags?post=43099"}],"curies":[{"name":"wp","href":"https:\/\/api.w.org\/{rel}","templated":true}]}}