{"id":43095,"date":"2022-06-22T09:58:40","date_gmt":"2022-06-22T12:58:40","guid":{"rendered":"http:\/\/lahoradelcampo.com.uy\/site\/?p=43095"},"modified":"2022-06-23T07:23:01","modified_gmt":"2022-06-23T10:23:01","slug":"rvn-con-una-oferta-de-480-ovinos-y-700-vacunos","status":"publish","type":"post","link":"https:\/\/lahoradelcampo.com.uy\/site\/rvn-con-una-oferta-de-480-ovinos-y-700-vacunos\/","title":{"rendered":"RVN con una  oferta de 480 ovinos y 700 vacunos"},"content":{"rendered":"\n<figure class=\"wp-block-image\"><img data-recalc-dims=\"1\" loading=\"lazy\" decoding=\"async\" width=\"810\" height=\"405\" data-attachment-id=\"27404\" data-permalink=\"https:\/\/lahoradelcampo.com.uy\/site\/100-de-venta-en-el-quinto-remate-virtual-del-norte\/virtualdelnorte\/\" data-orig-file=\"https:\/\/i0.wp.com\/lahoradelcampo.com.uy\/site\/wp-content\/uploads\/2021\/02\/virtualdelnorte.jpg?fit=880%2C440&amp;ssl=1\" data-orig-size=\"880,440\" data-comments-opened=\"1\" data-image-meta=\"{&quot;aperture&quot;:&quot;0&quot;,&quot;credit&quot;:&quot;&quot;,&quot;camera&quot;:&quot;&quot;,&quot;caption&quot;:&quot;&quot;,&quot;created_timestamp&quot;:&quot;0&quot;,&quot;copyright&quot;:&quot;&quot;,&quot;focal_length&quot;:&quot;0&quot;,&quot;iso&quot;:&quot;0&quot;,&quot;shutter_speed&quot;:&quot;0&quot;,&quot;title&quot;:&quot;&quot;,&quot;orientation&quot;:&quot;1&quot;}\" data-image-title=\"virtualdelnorte\" data-image-description=\"\" data-image-caption=\"\" data-large-file=\"https:\/\/i0.wp.com\/lahoradelcampo.com.uy\/site\/wp-content\/uploads\/2021\/02\/virtualdelnorte.jpg?fit=810%2C405&amp;ssl=1\" src=\"https:\/\/i0.wp.com\/lahoradelcampo.com.uy\/site\/wp-content\/uploads\/2021\/02\/virtualdelnorte.jpg?resize=810%2C405\" alt=\"\" class=\"wp-image-27404\" srcset=\"https:\/\/i0.wp.com\/lahoradelcampo.com.uy\/site\/wp-content\/uploads\/2021\/02\/virtualdelnorte.jpg?w=880&amp;ssl=1 880w, https:\/\/i0.wp.com\/lahoradelcampo.com.uy\/site\/wp-content\/uploads\/2021\/02\/virtualdelnorte.jpg?resize=300%2C150&amp;ssl=1 300w, https:\/\/i0.wp.com\/lahoradelcampo.com.uy\/site\/wp-content\/uploads\/2021\/02\/virtualdelnorte.jpg?resize=768%2C384&amp;ssl=1 768w, https:\/\/i0.wp.com\/lahoradelcampo.com.uy\/site\/wp-content\/uploads\/2021\/02\/virtualdelnorte.jpg?resize=820%2C410&amp;ssl=1 820w\" sizes=\"auto, (max-width: 810px) 100vw, 810px\" \/><\/figure>\n\n\n\n<p>En la jornada de hoy, a partir de las 18 horas, se realiza en el local de la Parrillada El Port\u00f3n y con transmisi\u00f3n por tv cable e internet, el d\u00e9cimo s\u00e9ptimo Remate Virtual del Norte, desarrollado por los escritorios Azanza-Migliaro, El Estribo de Aldo Garc\u00eda Da Rosa y Escritorio Enrique Beriau. <br><\/p>\n\n\n\n<p>El martillero Ignacio Beriau, dijo que la propuesta para esta oportunidad ser\u00e1 de 480 ovinos y 700 vacunos. En el caso de los ovinos ingresaran a la venta tres lotes, \u00abun lote de corderos, muy linda corderada merino, en su mayor\u00eda en buenas comidas tendr\u00e1n una salida r\u00e1pida, de muy buen estado, buen desarrollo, una muy linda corderada para quienes tengan comida y puedan sacarlos r\u00e1pidamente\u00bb. <br><\/p>\n\n\n\n<p>Luego ingresaran \u00abun lote de ovejas Merino, que en su mayor\u00eda dan 1 o 2 corderos m\u00e1s, una majada usada pero que en buenas condiciones no van a tener inconvenientes de sacarle uno o dos corderos m\u00e1s\u00bb y por \u00faltimo \u00abun muy lindo lote de ovejas encarneradas en la zona de Estaci\u00f3n Itapebi,  son ovejas merino cruza poll dorset, tambi\u00e9n encarneradas con poll dorset,  ovejas grandes, con un buen peso y una buena terminaci\u00f3n que tambi\u00e9n perfectamente pueden dar para faena\u00bb. <br><\/p>\n\n\n\n<p>En lo que respecta a los vacunos, Beriau dijo que se comenzar\u00e1 con los terneros donde \u00abtenemos muy lindos lotes en diferentes zonas del departamento de Salto, principalmente las zonas de Termas de Arapey de Laureles, tenemos terneros tambi\u00e9n en las Termas del Dayman en Itapebi\u00bb. En este sentido se\u00f1al\u00f3 que las terneradas van desde \u00ab150 kilos a 210 kilos, terneradas Hereford y sus cruzas, terneradas Aberdeen Angus, as\u00ed que no que respeta terneros una muy linda oferta\u00bb. <br><\/p>\n\n\n\n<p>Lo mismo ocurre en el caso de las terneras donde se destaca \u00abun excepcional lote 137 terneras Hereford, sola marca, de reconocida procedencia. Son dos camiones, la verdad que una ternerada excepcional, una muy buena mercader\u00eda\u00bb. <br><\/p>\n\n\n\n<p>\u00abAdem\u00e1s se tendr\u00e1 oferta de vaquillonas de 1 a 2 a\u00f1os, novillos, vacas de invernada, pre\u00f1adas, entoradas, para terminar como siempre con los lotes de pieza de cr\u00eda y por ah\u00ed estar\u00eda concluyendo la oferta de los 700 vacunos\u00bb indic\u00f3 el martillero. <br><\/p>\n\n\n\n<p>Beriau invit\u00f3 a clientes y amigos a participar de las ventas a las 18 horas en el local de la Parrillada El Port\u00f3n. <br><\/p>\n\n\n\n<p>La administraci\u00f3n de las ventas estar\u00e1 a cargo de Scotiabank con 90 d\u00edas libres, adem\u00e1s se tienen operativos los descuentos por pago contado y para aquellos que utilicen en sistema de pre-ofertas. <br><\/p>\n\n\n\n<p>El remate ser\u00e1 transmitido por  ClicRural, a trav\u00e9s de VTV+ y CampoTV, as\u00f3 como tambi\u00e9n en las p\u00e1ginas web de los escritorios o por la p\u00e1gina web del remate: www.rvn.com.uy<\/p>\n\n\n\n<p>Salto, 22 de junio de 2022<\/p>\n","protected":false},"excerpt":{"rendered":"<p>En la jornada de hoy, a partir de las 18 horas, se realiza en el local de la Parrillada El Port\u00f3n y con transmisi\u00f3n por tv cable e internet, el [&hellip;]<\/p>\n","protected":false},"author":5,"featured_media":27404,"comment_status":"open","ping_status":"open","sticky":false,"template":"","format":"standard","meta":{"_price":"","_stock":"","_tribe_ticket_header":"","_tribe_default_ticket_provider":"","_tribe_ticket_capacity":"0","_ticket_start_date":"","_ticket_end_date":"","_tribe_ticket_show_description":"","_tribe_ticket_show_not_going":false,"_tribe_ticket_use_global_stock":"","_tribe_ticket_global_stock_level":"","_global_stock_mode":"","_global_stock_cap":"","_tribe_rsvp_for_event":"","_tribe_ticket_going_count":"","_tribe_ticket_not_going_count":"","_tribe_tickets_list":"[]","_tribe_ticket_has_attendee_info_fields":false,"h5ap_radio_sources":[],"_jetpack_newsletter_access":"","_jetpack_dont_email_post_to_subs":false,"_jetpack_newsletter_tier_id":0,"_jetpack_memberships_contains_paywalled_content":false,"_jetpack_memberships_contains_paid_content":false,"footnotes":""},"categories":[5],"tags":[],"class_list":["post-43095","post","type-post","status-publish","format-standard","has-post-thumbnail","hentry","category-ganaderia"],"jetpack_featured_media_url":"https:\/\/i0.wp.com\/lahoradelcampo.com.uy\/site\/wp-content\/uploads\/2021\/02\/virtualdelnorte.jpg?fit=880%2C440&ssl=1","jetpack_sharing_enabled":true,"jetpack_shortlink":"https:\/\/wp.me\/p99IaT-bd5","jetpack-related-posts":[{"id":47475,"url":"https:\/\/lahoradelcampo.com.uy\/site\/valdez-cia-salto-con-un-destacada-oferta-en-lote-21\/","url_meta":{"origin":43095,"position":0},"title":"Valdez &#038; C\u00eda Salto con un destacada oferta en Lote 21","author":"La Hora del Campo","date":"6 diciembre, 2022","format":false,"excerpt":"Este mi\u00e9rcoles 7 de diciembre de 2022, el consorcio de rematadores de Lote 21 realiza su \u00faltimo remate del a\u00f1o, con una oferta de 2.100 ovinos y 5.500 vacunos. El remate se realiza con la administraci\u00f3n y financiaci\u00f3n de Santander, con transmisi\u00f3n por tv cable e internet. Juan Ignacio Pirotto,\u2026","rel":"","context":"En \u00abActualidad\u00bb","block_context":{"text":"Actualidad","link":"https:\/\/lahoradelcampo.com.uy\/site\/category\/actualidad\/"},"img":{"alt_text":"","src":"https:\/\/i0.wp.com\/lahoradelcampo.com.uy\/site\/wp-content\/uploads\/2022\/04\/Valdez-Pirotto.jpg?fit=880%2C440&ssl=1&resize=350%2C200","width":350,"height":200,"srcset":"https:\/\/i0.wp.com\/lahoradelcampo.com.uy\/site\/wp-content\/uploads\/2022\/04\/Valdez-Pirotto.jpg?fit=880%2C440&ssl=1&resize=350%2C200 1x, https:\/\/i0.wp.com\/lahoradelcampo.com.uy\/site\/wp-content\/uploads\/2022\/04\/Valdez-Pirotto.jpg?fit=880%2C440&ssl=1&resize=525%2C300 1.5x, https:\/\/i0.wp.com\/lahoradelcampo.com.uy\/site\/wp-content\/uploads\/2022\/04\/Valdez-Pirotto.jpg?fit=880%2C440&ssl=1&resize=700%2C400 2x"},"classes":[]},{"id":30464,"url":"https:\/\/lahoradelcampo.com.uy\/site\/el-8vo-remate-virtual-del-norte-rematara-1-200-ovinos-y-1-100-vacunos\/","url_meta":{"origin":43095,"position":1},"title":"El 8vo Remate Virtual del Norte rematar\u00e1 1.200 ovinos y 1.100 vacunos","author":"La Hora del Campo","date":"24 mayo, 2021","format":false,"excerpt":"En mayo del a\u00f1o pasado se cristaliz\u00f3 la idea desarrollada por los escritorio Beriau, Azanza & Migliaro y El Puesto, al realizarse el 1er Remate Virtual del Norte. Venta que fue consolid\u00e1ndose remate a remate y que el mi\u00e9rcoles 26 de mayo a las 18 horas realizar\u00e1 su octava edici\u00f3n\u2026","rel":"","context":"En \u00abActualidad\u00bb","block_context":{"text":"Actualidad","link":"https:\/\/lahoradelcampo.com.uy\/site\/category\/actualidad\/"},"img":{"alt_text":"","src":"https:\/\/i0.wp.com\/lahoradelcampo.com.uy\/site\/wp-content\/uploads\/2021\/02\/virtualdelnorte.jpg?fit=880%2C440&ssl=1&resize=350%2C200","width":350,"height":200,"srcset":"https:\/\/i0.wp.com\/lahoradelcampo.com.uy\/site\/wp-content\/uploads\/2021\/02\/virtualdelnorte.jpg?fit=880%2C440&ssl=1&resize=350%2C200 1x, https:\/\/i0.wp.com\/lahoradelcampo.com.uy\/site\/wp-content\/uploads\/2021\/02\/virtualdelnorte.jpg?fit=880%2C440&ssl=1&resize=525%2C300 1.5x, https:\/\/i0.wp.com\/lahoradelcampo.com.uy\/site\/wp-content\/uploads\/2021\/02\/virtualdelnorte.jpg?fit=880%2C440&ssl=1&resize=700%2C400 2x"},"classes":[]},{"id":25136,"url":"https:\/\/lahoradelcampo.com.uy\/site\/beriau-concreto-buenas-ventas-en-el-local-palomas\/","url_meta":{"origin":43095,"position":2},"title":"Beriau concret\u00f3 buenas  ventas en el local Palomas","author":"La Hora del Campo","date":"30 octubre, 2020","format":false,"excerpt":"Lamentablemente la garrapata vuelve a retirar ganados de las pistas de remates. Ayer en el local Palomas, donde hace m\u00e1s de dos a\u00f1os que no se retiran animales por este problema, se redujo la oferta de ganados luego de la inspecci\u00f3n veterinaria. A decir de algunos productores entorno a la\u2026","rel":"","context":"En \u00abActualidad\u00bb","block_context":{"text":"Actualidad","link":"https:\/\/lahoradelcampo.com.uy\/site\/category\/actualidad\/"},"img":{"alt_text":"","src":"https:\/\/i0.wp.com\/lahoradelcampo.com.uy\/site\/wp-content\/uploads\/2019\/11\/Beriau-palomas.jpg?fit=880%2C440&ssl=1&resize=350%2C200","width":350,"height":200,"srcset":"https:\/\/i0.wp.com\/lahoradelcampo.com.uy\/site\/wp-content\/uploads\/2019\/11\/Beriau-palomas.jpg?fit=880%2C440&ssl=1&resize=350%2C200 1x, https:\/\/i0.wp.com\/lahoradelcampo.com.uy\/site\/wp-content\/uploads\/2019\/11\/Beriau-palomas.jpg?fit=880%2C440&ssl=1&resize=525%2C300 1.5x, https:\/\/i0.wp.com\/lahoradelcampo.com.uy\/site\/wp-content\/uploads\/2019\/11\/Beriau-palomas.jpg?fit=880%2C440&ssl=1&resize=700%2C400 2x"},"classes":[]},{"id":34663,"url":"https:\/\/lahoradelcampo.com.uy\/site\/rvn-agilidad-y-dinamica-tanto-en-vacunos-como-ovinos\/","url_meta":{"origin":43095,"position":3},"title":"RVN: agilidad y din\u00e1mica tanto en vacunos como ovinos","author":"La Hora del Campo","date":"27 septiembre, 2021","format":false,"excerpt":"Con el retorno a la presencialidad, la d\u00e9cima primera edici\u00f3n del Remate Virtual del Norte, desde la parrillada El Port\u00f3n, se desarroll\u00f3 con dinamismo y agilidad tanto en ovinos como en vacunos. Los escritorios Enrique Beriau, Azanza & Migliaro y El Estribo, colocaron el 100% de la oferta de vacunos\u2026","rel":"","context":"En \u00abActualidad\u00bb","block_context":{"text":"Actualidad","link":"https:\/\/lahoradelcampo.com.uy\/site\/category\/actualidad\/"},"img":{"alt_text":"","src":"https:\/\/i0.wp.com\/lahoradelcampo.com.uy\/site\/wp-content\/uploads\/2021\/09\/RVN-setiembre.jpg?fit=880%2C440&ssl=1&resize=350%2C200","width":350,"height":200,"srcset":"https:\/\/i0.wp.com\/lahoradelcampo.com.uy\/site\/wp-content\/uploads\/2021\/09\/RVN-setiembre.jpg?fit=880%2C440&ssl=1&resize=350%2C200 1x, https:\/\/i0.wp.com\/lahoradelcampo.com.uy\/site\/wp-content\/uploads\/2021\/09\/RVN-setiembre.jpg?fit=880%2C440&ssl=1&resize=525%2C300 1.5x, https:\/\/i0.wp.com\/lahoradelcampo.com.uy\/site\/wp-content\/uploads\/2021\/09\/RVN-setiembre.jpg?fit=880%2C440&ssl=1&resize=700%2C400 2x"},"classes":[]},{"id":5095,"url":"https:\/\/lahoradelcampo.com.uy\/site\/beriau-coloco-toda-la-oferta-en-palomas\/","url_meta":{"origin":43095,"position":4},"title":"Beriau coloc\u00f3 toda la oferta en Palomas","author":"La Hora del Campo ADMIN","date":"22 diciembre, 2017","format":false,"excerpt":"El escritorio Enrique Beriau concret\u00f3 en la jornada de ayer el \u00faltimo remate del a\u00f1o 2017 en el local Palomas, con la colocaci\u00f3n del 100% de la oferta en las diferentes categor\u00edas, tanto de yeguarizos, ovinos y vacunos. Al finalizar las ventas el martillero Enrique Beriau se mostr\u00f3 conforme con\u2026","rel":"","context":"En \u00abActualidad\u00bb","block_context":{"text":"Actualidad","link":"https:\/\/lahoradelcampo.com.uy\/site\/category\/actualidad\/"},"img":{"alt_text":"","src":"https:\/\/i0.wp.com\/lahoradelcampo.com.uy\/site\/wp-content\/uploads\/2017\/12\/Palomas.jpg?fit=880%2C440&ssl=1&resize=350%2C200","width":350,"height":200,"srcset":"https:\/\/i0.wp.com\/lahoradelcampo.com.uy\/site\/wp-content\/uploads\/2017\/12\/Palomas.jpg?fit=880%2C440&ssl=1&resize=350%2C200 1x, https:\/\/i0.wp.com\/lahoradelcampo.com.uy\/site\/wp-content\/uploads\/2017\/12\/Palomas.jpg?fit=880%2C440&ssl=1&resize=525%2C300 1.5x, https:\/\/i0.wp.com\/lahoradelcampo.com.uy\/site\/wp-content\/uploads\/2017\/12\/Palomas.jpg?fit=880%2C440&ssl=1&resize=700%2C400 2x"},"classes":[]},{"id":16000,"url":"https:\/\/lahoradelcampo.com.uy\/site\/buenas-ventas-y-valores-alcanzo-beriau-en-local-palomas\/","url_meta":{"origin":43095,"position":5},"title":"Buenas ventas y valores alcanz\u00f3 Beriau en local Palomas","author":"La Hora del Campo","date":"24 noviembre, 2019","format":false,"excerpt":"El escritorio Enrique Beriau coloc\u00f3 en la jornada de ayer la totalidad de la oferta en ovinos y casi total en vacunos y yeguarizos, en una tarde que comenz\u00f3 calurosa y luego de un fuerte viento y lluvia termin\u00f3 con una temperatura m\u00e1s agradable para los negocios. La demanda contin\u00faa\u2026","rel":"","context":"En \u00abActualidad\u00bb","block_context":{"text":"Actualidad","link":"https:\/\/lahoradelcampo.com.uy\/site\/category\/actualidad\/"},"img":{"alt_text":"","src":"https:\/\/i0.wp.com\/lahoradelcampo.com.uy\/site\/wp-content\/uploads\/2019\/11\/Beriau-palomas.jpg?fit=880%2C440&ssl=1&resize=350%2C200","width":350,"height":200,"srcset":"https:\/\/i0.wp.com\/lahoradelcampo.com.uy\/site\/wp-content\/uploads\/2019\/11\/Beriau-palomas.jpg?fit=880%2C440&ssl=1&resize=350%2C200 1x, https:\/\/i0.wp.com\/lahoradelcampo.com.uy\/site\/wp-content\/uploads\/2019\/11\/Beriau-palomas.jpg?fit=880%2C440&ssl=1&resize=525%2C300 1.5x, https:\/\/i0.wp.com\/lahoradelcampo.com.uy\/site\/wp-content\/uploads\/2019\/11\/Beriau-palomas.jpg?fit=880%2C440&ssl=1&resize=700%2C400 2x"},"classes":[]}],"jetpack_likes_enabled":true,"_links":{"self":[{"href":"https:\/\/lahoradelcampo.com.uy\/site\/wp-json\/wp\/v2\/posts\/43095","targetHints":{"allow":["GET"]}}],"collection":[{"href":"https:\/\/lahoradelcampo.com.uy\/site\/wp-json\/wp\/v2\/posts"}],"about":[{"href":"https:\/\/lahoradelcampo.com.uy\/site\/wp-json\/wp\/v2\/types\/post"}],"author":[{"embeddable":true,"href":"https:\/\/lahoradelcampo.com.uy\/site\/wp-json\/wp\/v2\/users\/5"}],"replies":[{"embeddable":true,"href":"https:\/\/lahoradelcampo.com.uy\/site\/wp-json\/wp\/v2\/comments?post=43095"}],"version-history":[{"count":1,"href":"https:\/\/lahoradelcampo.com.uy\/site\/wp-json\/wp\/v2\/posts\/43095\/revisions"}],"predecessor-version":[{"id":43097,"href":"https:\/\/lahoradelcampo.com.uy\/site\/wp-json\/wp\/v2\/posts\/43095\/revisions\/43097"}],"wp:featuredmedia":[{"embeddable":true,"href":"https:\/\/lahoradelcampo.com.uy\/site\/wp-json\/wp\/v2\/media\/27404"}],"wp:attachment":[{"href":"https:\/\/lahoradelcampo.com.uy\/site\/wp-json\/wp\/v2\/media?parent=43095"}],"wp:term":[{"taxonomy":"category","embeddable":true,"href":"https:\/\/lahoradelcampo.com.uy\/site\/wp-json\/wp\/v2\/categories?post=43095"},{"taxonomy":"post_tag","embeddable":true,"href":"https:\/\/lahoradelcampo.com.uy\/site\/wp-json\/wp\/v2\/tags?post=43095"}],"curies":[{"name":"wp","href":"https:\/\/api.w.org\/{rel}","templated":true}]}}