{"id":43085,"date":"2022-06-22T09:56:38","date_gmt":"2022-06-22T12:56:38","guid":{"rendered":"http:\/\/lahoradelcampo.com.uy\/site\/?p=43085"},"modified":"2022-06-22T09:56:44","modified_gmt":"2022-06-22T12:56:44","slug":"nueva-sede-del-inavi-quedo-inaugurada","status":"publish","type":"post","link":"https:\/\/lahoradelcampo.com.uy\/site\/nueva-sede-del-inavi-quedo-inaugurada\/","title":{"rendered":"Nueva sede del INAVI qued\u00f3 inaugurada"},"content":{"rendered":"\n<figure class=\"wp-block-image\"><img data-recalc-dims=\"1\" loading=\"lazy\" decoding=\"async\" width=\"810\" height=\"405\" data-attachment-id=\"43087\" data-permalink=\"https:\/\/lahoradelcampo.com.uy\/site\/nueva-sede-del-inavi-quedo-inaugurada\/inavi-inauguracion\/\" data-orig-file=\"https:\/\/i0.wp.com\/lahoradelcampo.com.uy\/site\/wp-content\/uploads\/2022\/06\/INAVI-Inauguracion.jpg?fit=880%2C440&amp;ssl=1\" data-orig-size=\"880,440\" data-comments-opened=\"1\" data-image-meta=\"{&quot;aperture&quot;:&quot;0&quot;,&quot;credit&quot;:&quot;&quot;,&quot;camera&quot;:&quot;&quot;,&quot;caption&quot;:&quot;&quot;,&quot;created_timestamp&quot;:&quot;0&quot;,&quot;copyright&quot;:&quot;&quot;,&quot;focal_length&quot;:&quot;0&quot;,&quot;iso&quot;:&quot;0&quot;,&quot;shutter_speed&quot;:&quot;0&quot;,&quot;title&quot;:&quot;&quot;,&quot;orientation&quot;:&quot;1&quot;}\" data-image-title=\"INAVI-Inauguracion\" data-image-description=\"\" data-image-caption=\"\" data-large-file=\"https:\/\/i0.wp.com\/lahoradelcampo.com.uy\/site\/wp-content\/uploads\/2022\/06\/INAVI-Inauguracion.jpg?fit=810%2C405&amp;ssl=1\" src=\"https:\/\/i0.wp.com\/lahoradelcampo.com.uy\/site\/wp-content\/uploads\/2022\/06\/INAVI-Inauguracion.jpg?resize=810%2C405\" alt=\"\" class=\"wp-image-43087\" srcset=\"https:\/\/i0.wp.com\/lahoradelcampo.com.uy\/site\/wp-content\/uploads\/2022\/06\/INAVI-Inauguracion.jpg?w=880&amp;ssl=1 880w, https:\/\/i0.wp.com\/lahoradelcampo.com.uy\/site\/wp-content\/uploads\/2022\/06\/INAVI-Inauguracion.jpg?resize=300%2C150&amp;ssl=1 300w, https:\/\/i0.wp.com\/lahoradelcampo.com.uy\/site\/wp-content\/uploads\/2022\/06\/INAVI-Inauguracion.jpg?resize=768%2C384&amp;ssl=1 768w, https:\/\/i0.wp.com\/lahoradelcampo.com.uy\/site\/wp-content\/uploads\/2022\/06\/INAVI-Inauguracion.jpg?resize=820%2C410&amp;ssl=1 820w\" sizes=\"auto, (max-width: 810px) 100vw, 810px\" \/><\/figure>\n\n\n\n<p>En el marco de la inauguraci\u00f3n oficial del nuevo Instituto Nacional de Vitivinicultura, el ministro de Ganader\u00eda, Agricultura y Pesca, Fernando Mattos, hizo uso de la palabra acerca del logro que significa esta inversi\u00f3n. La mesa de disertantes estuvo integrada adem\u00e1s, por el presidente de la Rep\u00fablica, Luis Lacalle Pou, el presidente del Inavi, Ricardo Cabrera, y el vicepresidente del organismo, Oscar Perdomo. <br><\/p>\n\n\n\n<p>El acto, se realiz\u00f3 este martes 21, en la sede ubicada en Las Piedras, departamento de Canelones, en el nuevo edificio, que cont\u00f3 con una inversi\u00f3n de 1.950.000 d\u00f3lares. Acceda a discurso del ministro, al pie. Situado en un predio de unos 8.240 metros cuadrados e incluye dos plantas que suponen 3.000 metros cuadrados de construcci\u00f3n,  contienen salas de capacitaci\u00f3n, \u00e1reas administrativas, dep\u00f3sitos, bodega experimental, laboratorio y un vi\u00f1edo.<br><\/p>\n\n\n\n<p>Mattos, junto al primer mandatario y autoridades de INAVI procedi\u00f3 al corte de cinta para luego hacer una recorrida por las instalaciones. Durante sus palabras, el ministro expres\u00f3 que luego de 34 a\u00f1os de haberse constituido el INAVI por ley,  finalmente \u201cse cumple el sue\u00f1o largamente perseguido\u201d, el de la sede propia. <\/p>\n\n\n\n<p>La nueva infraestructura \u201cva a ser una carta de presentaci\u00f3n de lo que nosotros pretendemos, que la institucionalidad agropecuaria siga un camino de modernidad en cuanto a su reconversi\u00f3n y a su propio funcionamiento\u201d, subray\u00f3.<br><\/p>\n\n\n\n<p>\u201cTodos los gobiernos hicieron algo por la vitivinicultura nacional,  lo que ha llevado a que toda producci\u00f3n nacional pueda ser vendida y ofrecida por su calidad, diferenci\u00e1ndonos por la excelencia\u201d.<br><\/p>\n\n\n\n<p>Asimismo, Mattos subray\u00f3 que luego de 8 a\u00f1os se constituy\u00f3 recientemente el nuevo directorio del instituto lo cual permitir\u00e1 llegar a una nueva meta: el redise\u00f1o de la vitivinicultura nacional para los pr\u00f3ximos 30 a\u00f1os, a trav\u00e9s de la aplicaci\u00f3n del plan estrat\u00e9gico presentado por el gobierno. <br><\/p>\n\n\n\n<p>Por su parte, Lacalle Pou repas\u00f3 el proceso de concreci\u00f3n del proyecto y destac\u00f3 el buen manejo de los fondos p\u00fablicos. Adem\u00e1s, felicit\u00f3 la presencia del directorio del Inavi, que representa la cadena de producci\u00f3n vitivin\u00edcola, y de productores de todo el pa\u00eds con diferentes capacidades de elaboraci\u00f3n. <\/p>\n\n\n\n<p>Salto, 22 de junio de 2022<\/p>\n","protected":false},"excerpt":{"rendered":"<p>En el marco de la inauguraci\u00f3n oficial del nuevo Instituto Nacional de Vitivinicultura, el ministro de Ganader\u00eda, Agricultura y Pesca, Fernando Mattos, hizo uso de la palabra acerca del logro [&hellip;]<\/p>\n","protected":false},"author":5,"featured_media":43087,"comment_status":"open","ping_status":"open","sticky":false,"template":"","format":"standard","meta":{"_price":"","_stock":"","_tribe_ticket_header":"","_tribe_default_ticket_provider":"","_tribe_ticket_capacity":"0","_ticket_start_date":"","_ticket_end_date":"","_tribe_ticket_show_description":"","_tribe_ticket_show_not_going":false,"_tribe_ticket_use_global_stock":"","_tribe_ticket_global_stock_level":"","_global_stock_mode":"","_global_stock_cap":"","_tribe_rsvp_for_event":"","_tribe_ticket_going_count":"","_tribe_ticket_not_going_count":"","_tribe_tickets_list":"[]","_tribe_ticket_has_attendee_info_fields":false,"h5ap_radio_sources":[],"_jetpack_newsletter_access":"","_jetpack_dont_email_post_to_subs":false,"_jetpack_newsletter_tier_id":0,"_jetpack_memberships_contains_paywalled_content":false,"_jetpack_memberships_contains_paid_content":false,"footnotes":""},"categories":[21,9],"tags":[],"class_list":["post-43085","post","type-post","status-publish","format-standard","has-post-thumbnail","hentry","category-actualidad","category-granja"],"jetpack_featured_media_url":"https:\/\/i0.wp.com\/lahoradelcampo.com.uy\/site\/wp-content\/uploads\/2022\/06\/INAVI-Inauguracion.jpg?fit=880%2C440&ssl=1","jetpack_sharing_enabled":true,"jetpack_shortlink":"https:\/\/wp.me\/p99IaT-bcV","jetpack-related-posts":[{"id":27702,"url":"https:\/\/lahoradelcampo.com.uy\/site\/colocaron-la-piedra-fundamental-de-la-nueva-sede-de-inavi\/","url_meta":{"origin":43085,"position":0},"title":"Colocaron la \u00abpiedra fundamental\u00bb de la nueva sede de INAVI","author":"La Hora del Campo","date":"16 febrero, 2021","format":false,"excerpt":"El presidente de la Rep\u00fablica, Dr. Luis Alberto Lacalle Pou, particip\u00f3 de la ceremonia de inauguraci\u00f3n de las obras para la nueva sede del Instituto Nacional de Vitivinicultura. El mandatario recorri\u00f3 el predio, ubicado en Las Piedras -ruta 48 casi ruta 5-, junto al ministro de Ganader\u00eda, Agricultura y Pesca,\u2026","rel":"","context":"En \u00abActualidad\u00bb","block_context":{"text":"Actualidad","link":"https:\/\/lahoradelcampo.com.uy\/site\/category\/actualidad\/"},"img":{"alt_text":"","src":"https:\/\/i0.wp.com\/lahoradelcampo.com.uy\/site\/wp-content\/uploads\/2021\/02\/inavi.jpg?fit=880%2C440&ssl=1&resize=350%2C200","width":350,"height":200,"srcset":"https:\/\/i0.wp.com\/lahoradelcampo.com.uy\/site\/wp-content\/uploads\/2021\/02\/inavi.jpg?fit=880%2C440&ssl=1&resize=350%2C200 1x, https:\/\/i0.wp.com\/lahoradelcampo.com.uy\/site\/wp-content\/uploads\/2021\/02\/inavi.jpg?fit=880%2C440&ssl=1&resize=525%2C300 1.5x, https:\/\/i0.wp.com\/lahoradelcampo.com.uy\/site\/wp-content\/uploads\/2021\/02\/inavi.jpg?fit=880%2C440&ssl=1&resize=700%2C400 2x"},"classes":[]},{"id":37877,"url":"https:\/\/lahoradelcampo.com.uy\/site\/inavi-trabaja-para-constituir-un-nuevo-consejo-directivo\/","url_meta":{"origin":43085,"position":1},"title":"Inavi trabaja para constituir un nuevo consejo directivo","author":"La Hora del Campo","date":"28 diciembre, 2021","format":false,"excerpt":"Se realiz\u00f3 la sesi\u00f3n de cierre de a\u00f1o del Directorio del Instituto Nacional de Vitivinicultura en el predio de la nueva sede del Instituto. Acompa\u00f1\u00f3 la actividad, el ministro de Ganader\u00eda, Agricultura y Pesca, Fernando Mattos, quien subray\u00f3 que espera que \u201csurjan propuestas para el desarrollo del sector y aunque\u2026","rel":"","context":"En \u00abActualidad\u00bb","block_context":{"text":"Actualidad","link":"https:\/\/lahoradelcampo.com.uy\/site\/category\/actualidad\/"},"img":{"alt_text":"","src":"https:\/\/i0.wp.com\/lahoradelcampo.com.uy\/site\/wp-content\/uploads\/2021\/12\/MGAP-INAVI.jpg?fit=880%2C440&ssl=1&resize=350%2C200","width":350,"height":200,"srcset":"https:\/\/i0.wp.com\/lahoradelcampo.com.uy\/site\/wp-content\/uploads\/2021\/12\/MGAP-INAVI.jpg?fit=880%2C440&ssl=1&resize=350%2C200 1x, https:\/\/i0.wp.com\/lahoradelcampo.com.uy\/site\/wp-content\/uploads\/2021\/12\/MGAP-INAVI.jpg?fit=880%2C440&ssl=1&resize=525%2C300 1.5x, https:\/\/i0.wp.com\/lahoradelcampo.com.uy\/site\/wp-content\/uploads\/2021\/12\/MGAP-INAVI.jpg?fit=880%2C440&ssl=1&resize=700%2C400 2x"},"classes":[]},{"id":43641,"url":"https:\/\/lahoradelcampo.com.uy\/site\/inavi-firmo-acuerdo-para-financiar-al-sector-vitivinicola\/","url_meta":{"origin":43085,"position":2},"title":"INAVI firm\u00f3 acuerdo para financiar al sector vitivin\u00edcola","author":"La Hora del Campo","date":"11 julio, 2022","format":false,"excerpt":"Con la presencia del ministro de Ganader\u00eda, Agricultura y Pesca, Ing. Agr. Fernando Mattos, el Instituto Nacional de Vitivinicultura (INAVI) y el Banco Rep\u00fablica (BROU) firmaron un acuerdo para promover el acceso a cr\u00e9ditos orientados a capital de trabajo y compra de maquinaria por parte de empresas del sector. Para\u2026","rel":"","context":"En \u00abActualidad\u00bb","block_context":{"text":"Actualidad","link":"https:\/\/lahoradelcampo.com.uy\/site\/category\/actualidad\/"},"img":{"alt_text":"","src":"https:\/\/i0.wp.com\/lahoradelcampo.com.uy\/site\/wp-content\/uploads\/2022\/07\/inavi-brou.jpg?fit=880%2C440&ssl=1&resize=350%2C200","width":350,"height":200,"srcset":"https:\/\/i0.wp.com\/lahoradelcampo.com.uy\/site\/wp-content\/uploads\/2022\/07\/inavi-brou.jpg?fit=880%2C440&ssl=1&resize=350%2C200 1x, https:\/\/i0.wp.com\/lahoradelcampo.com.uy\/site\/wp-content\/uploads\/2022\/07\/inavi-brou.jpg?fit=880%2C440&ssl=1&resize=525%2C300 1.5x, https:\/\/i0.wp.com\/lahoradelcampo.com.uy\/site\/wp-content\/uploads\/2022\/07\/inavi-brou.jpg?fit=880%2C440&ssl=1&resize=700%2C400 2x"},"classes":[]},{"id":33885,"url":"https:\/\/lahoradelcampo.com.uy\/site\/mattos-visito-los-avances-en-la-obra-del-inavi\/","url_meta":{"origin":43085,"position":3},"title":"Mattos visit\u00f3 los avances en la obra del INAVI","author":"La Hora del Campo","date":"8 septiembre, 2021","format":false,"excerpt":"El mandatario del MGAP destac\u00f3 el gran esfuerzo que el INAVI y el sector vienen realizando para el \u00e9xito de esta obra, en la b\u00fasqueda de un mejor servicio y mejores prestaciones. Participaron adem\u00e1s, el Subsecretario del MGAP, Ignacio Buffa y el Presidente del INAVI, Ricardo Cabrera. \u201cEsto muestra el\u2026","rel":"","context":"En \u00abActualidad\u00bb","block_context":{"text":"Actualidad","link":"https:\/\/lahoradelcampo.com.uy\/site\/category\/actualidad\/"},"img":{"alt_text":"","src":"https:\/\/i0.wp.com\/lahoradelcampo.com.uy\/site\/wp-content\/uploads\/2021\/09\/inavi-obra.jpg?fit=880%2C440&ssl=1&resize=350%2C200","width":350,"height":200,"srcset":"https:\/\/i0.wp.com\/lahoradelcampo.com.uy\/site\/wp-content\/uploads\/2021\/09\/inavi-obra.jpg?fit=880%2C440&ssl=1&resize=350%2C200 1x, https:\/\/i0.wp.com\/lahoradelcampo.com.uy\/site\/wp-content\/uploads\/2021\/09\/inavi-obra.jpg?fit=880%2C440&ssl=1&resize=525%2C300 1.5x, https:\/\/i0.wp.com\/lahoradelcampo.com.uy\/site\/wp-content\/uploads\/2021\/09\/inavi-obra.jpg?fit=880%2C440&ssl=1&resize=700%2C400 2x"},"classes":[]},{"id":20286,"url":"https:\/\/lahoradelcampo.com.uy\/site\/el-enologo-ricardo-cabrera-asumio-como-presidente-de-inavi\/","url_meta":{"origin":43085,"position":4},"title":"El en\u00f3logo Ricardo Cabrera asumi\u00f3 como presidente de INAVI","author":"La Hora del Campo","date":"28 mayo, 2020","format":false,"excerpt":"El en\u00f3logo Ricardo Cabrera, quien se desempe\u00f1aba como jefe de Asesor\u00eda T\u00e9cnica, asumi\u00f3 el lunes 25 de mayo como presidente del Instituto Nacional de Vitivinicultura (INAVI). La ceremonia de traspaso de mando tuvo lugar en la sede del instituto y cont\u00f3 con la presencia del ministro de Ganader\u00eda, Agricultura y\u2026","rel":"","context":"En \u00abActualidad\u00bb","block_context":{"text":"Actualidad","link":"https:\/\/lahoradelcampo.com.uy\/site\/category\/actualidad\/"},"img":{"alt_text":"","src":"https:\/\/i0.wp.com\/lahoradelcampo.com.uy\/site\/wp-content\/uploads\/2020\/05\/Ricardo-Cabrera.jpg?fit=880%2C440&ssl=1&resize=350%2C200","width":350,"height":200,"srcset":"https:\/\/i0.wp.com\/lahoradelcampo.com.uy\/site\/wp-content\/uploads\/2020\/05\/Ricardo-Cabrera.jpg?fit=880%2C440&ssl=1&resize=350%2C200 1x, https:\/\/i0.wp.com\/lahoradelcampo.com.uy\/site\/wp-content\/uploads\/2020\/05\/Ricardo-Cabrera.jpg?fit=880%2C440&ssl=1&resize=525%2C300 1.5x, https:\/\/i0.wp.com\/lahoradelcampo.com.uy\/site\/wp-content\/uploads\/2020\/05\/Ricardo-Cabrera.jpg?fit=880%2C440&ssl=1&resize=700%2C400 2x"},"classes":[]},{"id":52386,"url":"https:\/\/lahoradelcampo.com.uy\/site\/inavi-e-inase-firmaron-acuerdo-para-el-registro-nacional-de-cultivares-de-la-vid\/","url_meta":{"origin":43085,"position":5},"title":"INAVI e INASE firmaron acuerdo para el Registro Nacional de Cultivares de la Vid","author":"La Hora del Campo","date":"3 septiembre, 2023","format":false,"excerpt":"La colaboraci\u00f3n entre el Instituto Nacional de Vitivinicultura (INAVI) y el Instituto Nacional de Semillas (INASE) da frutos con un trascendental acuerdo. En presencia del Ministro de Ganader\u00eda, Agricultura y Pesca, Ing. Agr. Fernando Mattos, ambas instituciones sellaron un pacto de intercambio de informaci\u00f3n y transferencia de cultivares de vid\u2026","rel":"","context":"En \u00abActualidad\u00bb","block_context":{"text":"Actualidad","link":"https:\/\/lahoradelcampo.com.uy\/site\/category\/actualidad\/"},"img":{"alt_text":"","src":"https:\/\/i0.wp.com\/lahoradelcampo.com.uy\/site\/wp-content\/uploads\/2023\/04\/INAVI-Tannat.jpg?fit=880%2C440&ssl=1&resize=350%2C200","width":350,"height":200,"srcset":"https:\/\/i0.wp.com\/lahoradelcampo.com.uy\/site\/wp-content\/uploads\/2023\/04\/INAVI-Tannat.jpg?fit=880%2C440&ssl=1&resize=350%2C200 1x, https:\/\/i0.wp.com\/lahoradelcampo.com.uy\/site\/wp-content\/uploads\/2023\/04\/INAVI-Tannat.jpg?fit=880%2C440&ssl=1&resize=525%2C300 1.5x, https:\/\/i0.wp.com\/lahoradelcampo.com.uy\/site\/wp-content\/uploads\/2023\/04\/INAVI-Tannat.jpg?fit=880%2C440&ssl=1&resize=700%2C400 2x"},"classes":[]}],"jetpack_likes_enabled":true,"_links":{"self":[{"href":"https:\/\/lahoradelcampo.com.uy\/site\/wp-json\/wp\/v2\/posts\/43085","targetHints":{"allow":["GET"]}}],"collection":[{"href":"https:\/\/lahoradelcampo.com.uy\/site\/wp-json\/wp\/v2\/posts"}],"about":[{"href":"https:\/\/lahoradelcampo.com.uy\/site\/wp-json\/wp\/v2\/types\/post"}],"author":[{"embeddable":true,"href":"https:\/\/lahoradelcampo.com.uy\/site\/wp-json\/wp\/v2\/users\/5"}],"replies":[{"embeddable":true,"href":"https:\/\/lahoradelcampo.com.uy\/site\/wp-json\/wp\/v2\/comments?post=43085"}],"version-history":[{"count":1,"href":"https:\/\/lahoradelcampo.com.uy\/site\/wp-json\/wp\/v2\/posts\/43085\/revisions"}],"predecessor-version":[{"id":43089,"href":"https:\/\/lahoradelcampo.com.uy\/site\/wp-json\/wp\/v2\/posts\/43085\/revisions\/43089"}],"wp:featuredmedia":[{"embeddable":true,"href":"https:\/\/lahoradelcampo.com.uy\/site\/wp-json\/wp\/v2\/media\/43087"}],"wp:attachment":[{"href":"https:\/\/lahoradelcampo.com.uy\/site\/wp-json\/wp\/v2\/media?parent=43085"}],"wp:term":[{"taxonomy":"category","embeddable":true,"href":"https:\/\/lahoradelcampo.com.uy\/site\/wp-json\/wp\/v2\/categories?post=43085"},{"taxonomy":"post_tag","embeddable":true,"href":"https:\/\/lahoradelcampo.com.uy\/site\/wp-json\/wp\/v2\/tags?post=43085"}],"curies":[{"name":"wp","href":"https:\/\/api.w.org\/{rel}","templated":true}]}}