{"id":43081,"date":"2022-06-22T09:51:48","date_gmt":"2022-06-22T12:51:48","guid":{"rendered":"http:\/\/lahoradelcampo.com.uy\/site\/?p=43081"},"modified":"2022-06-22T09:51:57","modified_gmt":"2022-06-22T12:51:57","slug":"se-mantendria-el-actual-nivel-de-extraccion-hasta-junio-2023","status":"publish","type":"post","link":"https:\/\/lahoradelcampo.com.uy\/site\/se-mantendria-el-actual-nivel-de-extraccion-hasta-junio-2023\/","title":{"rendered":"Se mantendr\u00eda el actual nivel de extracci\u00f3n hasta junio 2023"},"content":{"rendered":"\n<figure class=\"wp-block-image\"><img data-recalc-dims=\"1\" loading=\"lazy\" decoding=\"async\" width=\"810\" height=\"405\" data-attachment-id=\"37041\" data-permalink=\"https:\/\/lahoradelcampo.com.uy\/site\/valores-del-gordo-se-muestran-estables-tras-una-semana-de-baja-faena\/ganado-faena\/\" data-orig-file=\"https:\/\/i0.wp.com\/lahoradelcampo.com.uy\/site\/wp-content\/uploads\/2021\/11\/ganado-faena.jpg?fit=880%2C440&amp;ssl=1\" data-orig-size=\"880,440\" data-comments-opened=\"1\" data-image-meta=\"{&quot;aperture&quot;:&quot;0&quot;,&quot;credit&quot;:&quot;&quot;,&quot;camera&quot;:&quot;&quot;,&quot;caption&quot;:&quot;&quot;,&quot;created_timestamp&quot;:&quot;0&quot;,&quot;copyright&quot;:&quot;&quot;,&quot;focal_length&quot;:&quot;0&quot;,&quot;iso&quot;:&quot;0&quot;,&quot;shutter_speed&quot;:&quot;0&quot;,&quot;title&quot;:&quot;&quot;,&quot;orientation&quot;:&quot;1&quot;}\" data-image-title=\"ganado-faena\" data-image-description=\"\" data-image-caption=\"\" data-large-file=\"https:\/\/i0.wp.com\/lahoradelcampo.com.uy\/site\/wp-content\/uploads\/2021\/11\/ganado-faena.jpg?fit=810%2C405&amp;ssl=1\" src=\"https:\/\/i0.wp.com\/lahoradelcampo.com.uy\/site\/wp-content\/uploads\/2021\/11\/ganado-faena.jpg?resize=810%2C405\" alt=\"\" class=\"wp-image-37041\" srcset=\"https:\/\/i0.wp.com\/lahoradelcampo.com.uy\/site\/wp-content\/uploads\/2021\/11\/ganado-faena.jpg?w=880&amp;ssl=1 880w, https:\/\/i0.wp.com\/lahoradelcampo.com.uy\/site\/wp-content\/uploads\/2021\/11\/ganado-faena.jpg?resize=300%2C150&amp;ssl=1 300w, https:\/\/i0.wp.com\/lahoradelcampo.com.uy\/site\/wp-content\/uploads\/2021\/11\/ganado-faena.jpg?resize=768%2C384&amp;ssl=1 768w, https:\/\/i0.wp.com\/lahoradelcampo.com.uy\/site\/wp-content\/uploads\/2021\/11\/ganado-faena.jpg?resize=820%2C410&amp;ssl=1 820w\" sizes=\"auto, (max-width: 810px) 100vw, 810px\" \/><\/figure>\n\n\n\n<p>Una vez presentados los resultados de diagn\u00f3sticos de gestaci\u00f3n vacuna por parte de INIA Treinta y Tres, el Ing. Agr. Esteban Montes, del Instituto Plan Agropecuario indic\u00f3 que el stock vacuno se mantendr\u00eda constante al 30 de junio de 2023, logrando mantenerse el actual nivel de extracci\u00f3n. <br><\/p>\n\n\n\n<p>En principio se\u00f1al\u00f3 que de acuerdo a los porcentajes presentados, entre julio de 2022 y junio de 2023, estar\u00edan naciendo tres millones cien mil terneros (3.100.000 cabezas), lo cual permitir\u00eda mantener el actual nivel de extracci\u00f3n de 2.700.000 cabezas de faena y 200.000 a la exportaci\u00f3n en pie. <br><\/p>\n\n\n\n<p>Por lo tanto, de acuerdo a las proyecciones realizadas por el t\u00e9cnico del IPA, de cumplirse el ingreso de 3,1 millones de terneros y mantenerse el nivel de extracci\u00f3n, el stock vacuno se mantendr\u00eda estable al 30 de junio de 2023. <\/p>\n\n\n\n<p>Salto, 22 de junio de 2022<\/p>\n","protected":false},"excerpt":{"rendered":"<p>Una vez presentados los resultados de diagn\u00f3sticos de gestaci\u00f3n vacuna por parte de INIA Treinta y Tres, el Ing. Agr. Esteban Montes, del Instituto Plan Agropecuario indic\u00f3 que el stock [&hellip;]<\/p>\n","protected":false},"author":5,"featured_media":37041,"comment_status":"open","ping_status":"open","sticky":false,"template":"","format":"standard","meta":{"_price":"","_stock":"","_tribe_ticket_header":"","_tribe_default_ticket_provider":"","_tribe_ticket_capacity":"0","_ticket_start_date":"","_ticket_end_date":"","_tribe_ticket_show_description":"","_tribe_ticket_show_not_going":false,"_tribe_ticket_use_global_stock":"","_tribe_ticket_global_stock_level":"","_global_stock_mode":"","_global_stock_cap":"","_tribe_rsvp_for_event":"","_tribe_ticket_going_count":"","_tribe_ticket_not_going_count":"","_tribe_tickets_list":"[]","_tribe_ticket_has_attendee_info_fields":false,"h5ap_radio_sources":[],"_jetpack_newsletter_access":"","_jetpack_dont_email_post_to_subs":false,"_jetpack_newsletter_tier_id":0,"_jetpack_memberships_contains_paywalled_content":false,"_jetpack_memberships_contains_paid_content":false,"footnotes":""},"categories":[21,5],"tags":[],"class_list":["post-43081","post","type-post","status-publish","format-standard","has-post-thumbnail","hentry","category-actualidad","category-ganaderia"],"jetpack_featured_media_url":"https:\/\/i0.wp.com\/lahoradelcampo.com.uy\/site\/wp-content\/uploads\/2021\/11\/ganado-faena.jpg?fit=880%2C440&ssl=1","jetpack_sharing_enabled":true,"jetpack_shortlink":"https:\/\/wp.me\/p99IaT-bcR","jetpack-related-posts":[{"id":51896,"url":"https:\/\/lahoradelcampo.com.uy\/site\/el-mejor-escenario-mantendria-un-stock-ovino-sobre-los-6-millones-de-cabezas\/","url_meta":{"origin":43081,"position":0},"title":"El mejor escenario mantendr\u00eda un stock ovino sobre los 6 millones de cabezas","author":"La Hora del Campo","date":"20 julio, 2023","format":false,"excerpt":"Con un aumento de la faena ovina durante el \u00faltimo a\u00f1o agr\u00edcola-ganadero 2022-2023, la problem\u00e1tica de los ataques de perros, las dificultades en la comercializaci\u00f3n de la lana y el impacto de la sequ\u00eda, generan la sensaci\u00f3n que el stock ovino al 30 de junio deber\u00eda posicionarse por debajo de\u2026","rel":"","context":"En \u00abActualidad\u00bb","block_context":{"text":"Actualidad","link":"https:\/\/lahoradelcampo.com.uy\/site\/category\/actualidad\/"},"img":{"alt_text":"","src":"https:\/\/i0.wp.com\/lahoradelcampo.com.uy\/site\/wp-content\/uploads\/2023\/03\/Ovejas-ovinosSUL.jpg?fit=880%2C440&ssl=1&resize=350%2C200","width":350,"height":200,"srcset":"https:\/\/i0.wp.com\/lahoradelcampo.com.uy\/site\/wp-content\/uploads\/2023\/03\/Ovejas-ovinosSUL.jpg?fit=880%2C440&ssl=1&resize=350%2C200 1x, https:\/\/i0.wp.com\/lahoradelcampo.com.uy\/site\/wp-content\/uploads\/2023\/03\/Ovejas-ovinosSUL.jpg?fit=880%2C440&ssl=1&resize=525%2C300 1.5x, https:\/\/i0.wp.com\/lahoradelcampo.com.uy\/site\/wp-content\/uploads\/2023\/03\/Ovejas-ovinosSUL.jpg?fit=880%2C440&ssl=1&resize=700%2C400 2x"},"classes":[]},{"id":23108,"url":"https:\/\/lahoradelcampo.com.uy\/site\/uruguay-tiene-el-decimo-lugar-en-el-ranking-del-stock-vacuno-mundial\/","url_meta":{"origin":43081,"position":1},"title":"Uruguay tiene el d\u00e9cimo lugar en el ranking del stock vacuno mundial","author":"La Hora del Campo","date":"1 septiembre, 2020","format":false,"excerpt":"De acuerdo a los datos publicados por el Departamento de Agricultura de Estados Unidos (USDA por sus siglas en ingl\u00e9s), el stock vacuno a nivel mundial en 2020 se ubicar\u00eda en 987,5 millones de cabezas concentrando el 65% en los tres primeros pa\u00edses, India, Brasil y Estados Unidos. India posee\u2026","rel":"","context":"En \u00abActualidad\u00bb","block_context":{"text":"Actualidad","link":"https:\/\/lahoradelcampo.com.uy\/site\/category\/actualidad\/"},"img":{"alt_text":"","src":"https:\/\/i0.wp.com\/lahoradelcampo.com.uy\/site\/wp-content\/uploads\/2018\/04\/Ganados-web.jpg?fit=880%2C440&ssl=1&resize=350%2C200","width":350,"height":200,"srcset":"https:\/\/i0.wp.com\/lahoradelcampo.com.uy\/site\/wp-content\/uploads\/2018\/04\/Ganados-web.jpg?fit=880%2C440&ssl=1&resize=350%2C200 1x, https:\/\/i0.wp.com\/lahoradelcampo.com.uy\/site\/wp-content\/uploads\/2018\/04\/Ganados-web.jpg?fit=880%2C440&ssl=1&resize=525%2C300 1.5x, https:\/\/i0.wp.com\/lahoradelcampo.com.uy\/site\/wp-content\/uploads\/2018\/04\/Ganados-web.jpg?fit=880%2C440&ssl=1&resize=700%2C400 2x"},"classes":[]},{"id":42491,"url":"https:\/\/lahoradelcampo.com.uy\/site\/el-stock-vacuno-caera-ante-el-alto-nivel-de-extraccion\/","url_meta":{"origin":43081,"position":2},"title":"El stock vacuno caer\u00e1 ante  el alto nivel de extracci\u00f3n","author":"La Hora del Campo","date":"6 junio, 2022","format":false,"excerpt":"El ritmo de faena en vacunos que se ha venido registrando desde mediados del a\u00f1o pasado, y principalmente en este primer periodo del 2022, claramente marcan un posicionamiento fuerte de la demanda y un reacci\u00f3n firme del productor ante los valores hist\u00f3ricos que se han venido registrando. Conjuntamente con el\u2026","rel":"","context":"En \u00abActualidad\u00bb","block_context":{"text":"Actualidad","link":"https:\/\/lahoradelcampo.com.uy\/site\/category\/actualidad\/"},"img":{"alt_text":"","src":"https:\/\/i0.wp.com\/lahoradelcampo.com.uy\/site\/wp-content\/uploads\/2022\/04\/ganados-vacas.jpg?fit=880%2C440&ssl=1&resize=350%2C200","width":350,"height":200,"srcset":"https:\/\/i0.wp.com\/lahoradelcampo.com.uy\/site\/wp-content\/uploads\/2022\/04\/ganados-vacas.jpg?fit=880%2C440&ssl=1&resize=350%2C200 1x, https:\/\/i0.wp.com\/lahoradelcampo.com.uy\/site\/wp-content\/uploads\/2022\/04\/ganados-vacas.jpg?fit=880%2C440&ssl=1&resize=525%2C300 1.5x, https:\/\/i0.wp.com\/lahoradelcampo.com.uy\/site\/wp-content\/uploads\/2022\/04\/ganados-vacas.jpg?fit=880%2C440&ssl=1&resize=700%2C400 2x"},"classes":[]},{"id":51389,"url":"https:\/\/lahoradelcampo.com.uy\/site\/montes-estimo-un-aumento-de-400-000-cabezas-en-el-stock-ganadero\/","url_meta":{"origin":43081,"position":3},"title":"Montes estim\u00f3 un aumento de 400.000 cabezas en el stock ganadero","author":"La Hora del Campo","date":"23 junio, 2023","format":false,"excerpt":"El Ing. Agr. Esteban Montes, del Instituto Plan Agropecuario, ha realizado una proyecci\u00f3n del stock ganadero para el ejercicio 2022-2023 que finaliza en pocos d\u00edas, el 30 de junio. En el contexto de un a\u00f1o distinto al anterior, con un menor nivel de faena y una fuerte incidencia de la\u2026","rel":"","context":"En \u00abActualidad\u00bb","block_context":{"text":"Actualidad","link":"https:\/\/lahoradelcampo.com.uy\/site\/category\/actualidad\/"},"img":{"alt_text":"","src":"https:\/\/i0.wp.com\/lahoradelcampo.com.uy\/site\/wp-content\/uploads\/2023\/06\/Esteban-Montes-IPA.jpg?fit=880%2C440&ssl=1&resize=350%2C200","width":350,"height":200,"srcset":"https:\/\/i0.wp.com\/lahoradelcampo.com.uy\/site\/wp-content\/uploads\/2023\/06\/Esteban-Montes-IPA.jpg?fit=880%2C440&ssl=1&resize=350%2C200 1x, https:\/\/i0.wp.com\/lahoradelcampo.com.uy\/site\/wp-content\/uploads\/2023\/06\/Esteban-Montes-IPA.jpg?fit=880%2C440&ssl=1&resize=525%2C300 1.5x, https:\/\/i0.wp.com\/lahoradelcampo.com.uy\/site\/wp-content\/uploads\/2023\/06\/Esteban-Montes-IPA.jpg?fit=880%2C440&ssl=1&resize=700%2C400 2x"},"classes":[]},{"id":44651,"url":"https:\/\/lahoradelcampo.com.uy\/site\/el-stock-vacuno-se-mantiene-estable-segun-datos-de-dicose\/","url_meta":{"origin":43081,"position":4},"title":"El stock vacuno se mantiene estable seg\u00fan datos de DICOSE","author":"La Hora del Campo","date":"12 agosto, 2022","format":false,"excerpt":"El Ministerio de Ganader\u00eda, Agricultura y Pesca (MGAP) present\u00f3 un adelanto del an\u00e1lisis de las Declaraciones Juradas de DICOSE, para el ejercicio 2021-2022, donde se estima un stock levemente inferior al registrado en el ejercicio anterior. De acuerdo a los datos presentados por el director del Sistema Nacional de Informaci\u00f3n\u2026","rel":"","context":"En \u00abActualidad\u00bb","block_context":{"text":"Actualidad","link":"https:\/\/lahoradelcampo.com.uy\/site\/category\/actualidad\/"},"img":{"alt_text":"","src":"https:\/\/i0.wp.com\/lahoradelcampo.com.uy\/site\/wp-content\/uploads\/2022\/08\/mgap-dicose.jpg?fit=880%2C440&ssl=1&resize=350%2C200","width":350,"height":200,"srcset":"https:\/\/i0.wp.com\/lahoradelcampo.com.uy\/site\/wp-content\/uploads\/2022\/08\/mgap-dicose.jpg?fit=880%2C440&ssl=1&resize=350%2C200 1x, https:\/\/i0.wp.com\/lahoradelcampo.com.uy\/site\/wp-content\/uploads\/2022\/08\/mgap-dicose.jpg?fit=880%2C440&ssl=1&resize=525%2C300 1.5x, https:\/\/i0.wp.com\/lahoradelcampo.com.uy\/site\/wp-content\/uploads\/2022\/08\/mgap-dicose.jpg?fit=880%2C440&ssl=1&resize=700%2C400 2x"},"classes":[]},{"id":5183,"url":"https:\/\/lahoradelcampo.com.uy\/site\/exportacion-en-pie-cierra-cerca-de-las-300-000-cabezas-en-2017\/","url_meta":{"origin":43081,"position":5},"title":"Exportaci\u00f3n en pie cierra cerca de las 300.000 cabezas en 2017","author":"La Hora del Campo","date":"27 diciembre, 2017","format":false,"excerpt":"Con una faena que cerrar\u00e1 el 2017 en las 2,3 millones de cabezas, seg\u00fan los datos del Instituto Nacional de Carnes, y una exportaci\u00f3n en pie que contin\u00faa con su tendencia alcista, el sector de producci\u00f3n de carnes en Uruguay registra una mayor presi\u00f3n en la extracci\u00f3n respecto a los\u2026","rel":"","context":"En \u00abActualidad\u00bb","block_context":{"text":"Actualidad","link":"https:\/\/lahoradelcampo.com.uy\/site\/category\/actualidad\/"},"img":{"alt_text":"","src":"https:\/\/i0.wp.com\/lahoradelcampo.com.uy\/site\/wp-content\/uploads\/2017\/12\/exportacion-en-pie.jpg?fit=880%2C440&ssl=1&resize=350%2C200","width":350,"height":200,"srcset":"https:\/\/i0.wp.com\/lahoradelcampo.com.uy\/site\/wp-content\/uploads\/2017\/12\/exportacion-en-pie.jpg?fit=880%2C440&ssl=1&resize=350%2C200 1x, https:\/\/i0.wp.com\/lahoradelcampo.com.uy\/site\/wp-content\/uploads\/2017\/12\/exportacion-en-pie.jpg?fit=880%2C440&ssl=1&resize=525%2C300 1.5x, https:\/\/i0.wp.com\/lahoradelcampo.com.uy\/site\/wp-content\/uploads\/2017\/12\/exportacion-en-pie.jpg?fit=880%2C440&ssl=1&resize=700%2C400 2x"},"classes":[]}],"jetpack_likes_enabled":true,"_links":{"self":[{"href":"https:\/\/lahoradelcampo.com.uy\/site\/wp-json\/wp\/v2\/posts\/43081","targetHints":{"allow":["GET"]}}],"collection":[{"href":"https:\/\/lahoradelcampo.com.uy\/site\/wp-json\/wp\/v2\/posts"}],"about":[{"href":"https:\/\/lahoradelcampo.com.uy\/site\/wp-json\/wp\/v2\/types\/post"}],"author":[{"embeddable":true,"href":"https:\/\/lahoradelcampo.com.uy\/site\/wp-json\/wp\/v2\/users\/5"}],"replies":[{"embeddable":true,"href":"https:\/\/lahoradelcampo.com.uy\/site\/wp-json\/wp\/v2\/comments?post=43081"}],"version-history":[{"count":1,"href":"https:\/\/lahoradelcampo.com.uy\/site\/wp-json\/wp\/v2\/posts\/43081\/revisions"}],"predecessor-version":[{"id":43083,"href":"https:\/\/lahoradelcampo.com.uy\/site\/wp-json\/wp\/v2\/posts\/43081\/revisions\/43083"}],"wp:featuredmedia":[{"embeddable":true,"href":"https:\/\/lahoradelcampo.com.uy\/site\/wp-json\/wp\/v2\/media\/37041"}],"wp:attachment":[{"href":"https:\/\/lahoradelcampo.com.uy\/site\/wp-json\/wp\/v2\/media?parent=43081"}],"wp:term":[{"taxonomy":"category","embeddable":true,"href":"https:\/\/lahoradelcampo.com.uy\/site\/wp-json\/wp\/v2\/categories?post=43081"},{"taxonomy":"post_tag","embeddable":true,"href":"https:\/\/lahoradelcampo.com.uy\/site\/wp-json\/wp\/v2\/tags?post=43081"}],"curies":[{"name":"wp","href":"https:\/\/api.w.org\/{rel}","templated":true}]}}