{"id":43075,"date":"2022-06-22T09:50:04","date_gmt":"2022-06-22T12:50:04","guid":{"rendered":"http:\/\/lahoradelcampo.com.uy\/site\/?p=43075"},"modified":"2022-06-22T09:50:10","modified_gmt":"2022-06-22T12:50:10","slug":"80-de-prenez-indico-el-taller-de-diagnosticos-de-gestacion-vacuna-de-inia","status":"publish","type":"post","link":"https:\/\/lahoradelcampo.com.uy\/site\/80-de-prenez-indico-el-taller-de-diagnosticos-de-gestacion-vacuna-de-inia\/","title":{"rendered":"80% de pre\u00f1ez indic\u00f3 el taller de diagn\u00f3sticos de gestaci\u00f3n vacuna de INIA"},"content":{"rendered":"\n<figure class=\"wp-block-image\"><img data-recalc-dims=\"1\" loading=\"lazy\" decoding=\"async\" width=\"810\" height=\"405\" data-attachment-id=\"43077\" data-permalink=\"https:\/\/lahoradelcampo.com.uy\/site\/80-de-prenez-indico-el-taller-de-diagnosticos-de-gestacion-vacuna-de-inia\/inia-gestacionvacuna\/\" data-orig-file=\"https:\/\/i0.wp.com\/lahoradelcampo.com.uy\/site\/wp-content\/uploads\/2022\/06\/INIA-Gestacionvacuna.jpg?fit=880%2C440&amp;ssl=1\" data-orig-size=\"880,440\" data-comments-opened=\"1\" data-image-meta=\"{&quot;aperture&quot;:&quot;0&quot;,&quot;credit&quot;:&quot;&quot;,&quot;camera&quot;:&quot;&quot;,&quot;caption&quot;:&quot;&quot;,&quot;created_timestamp&quot;:&quot;0&quot;,&quot;copyright&quot;:&quot;&quot;,&quot;focal_length&quot;:&quot;0&quot;,&quot;iso&quot;:&quot;0&quot;,&quot;shutter_speed&quot;:&quot;0&quot;,&quot;title&quot;:&quot;&quot;,&quot;orientation&quot;:&quot;1&quot;}\" data-image-title=\"INIA-Gestacionvacuna\" data-image-description=\"\" data-image-caption=\"\" data-large-file=\"https:\/\/i0.wp.com\/lahoradelcampo.com.uy\/site\/wp-content\/uploads\/2022\/06\/INIA-Gestacionvacuna.jpg?fit=810%2C405&amp;ssl=1\" src=\"https:\/\/i0.wp.com\/lahoradelcampo.com.uy\/site\/wp-content\/uploads\/2022\/06\/INIA-Gestacionvacuna.jpg?resize=810%2C405\" alt=\"\" class=\"wp-image-43077\" srcset=\"https:\/\/i0.wp.com\/lahoradelcampo.com.uy\/site\/wp-content\/uploads\/2022\/06\/INIA-Gestacionvacuna.jpg?w=880&amp;ssl=1 880w, https:\/\/i0.wp.com\/lahoradelcampo.com.uy\/site\/wp-content\/uploads\/2022\/06\/INIA-Gestacionvacuna.jpg?resize=300%2C150&amp;ssl=1 300w, https:\/\/i0.wp.com\/lahoradelcampo.com.uy\/site\/wp-content\/uploads\/2022\/06\/INIA-Gestacionvacuna.jpg?resize=768%2C384&amp;ssl=1 768w, https:\/\/i0.wp.com\/lahoradelcampo.com.uy\/site\/wp-content\/uploads\/2022\/06\/INIA-Gestacionvacuna.jpg?resize=820%2C410&amp;ssl=1 820w\" sizes=\"auto, (max-width: 810px) 100vw, 810px\" \/><\/figure>\n\n\n\n<p>En las instalaciones de INIA Treinta y Tres se desarroll\u00f3 el vig\u00e9simo taller de diagn\u00f3sticos de gestaci\u00f3n vacuna, donde 60 profesionales veterinarios de todo el pa\u00eds presentaron el resultado del chequeo de 366.136 vientres, donde el 80% resulto estando pre\u00f1ado y el 20% restante vac\u00edos. <br><\/p>\n\n\n\n<p>Del total de vientres analizados, el 26% responde a vaquillonas de primer servicio, el 10,1% a vaquillonas de segundo servicio, el 60,6% vacas con cr\u00eda al pie y 3,3% son vacas falladas del entore anterior. <br><\/p>\n\n\n\n<p>En las vaquillonas de primer entore, el porcentaje de pre\u00f1ez fue del 87,7%. <\/p>\n\n\n\n<p>En las vaquillonas de segundo entore, una de las categor\u00edas donde existe la mayor dificultad de volver a pre\u00f1ar, los resultados este a\u00f1o mostraron un 76,3%, lo cual fue indicado como \u00abun buen resultado\u00bb, sin embargo se destac\u00f3 que mayormente en esta categor\u00eda los productores est\u00e1n tomando medidas de manejo diferenciales donde obtienen un 80% de pre\u00f1ez frente al 62% de aquellas que no recibieron manejos. <br><\/p>\n\n\n\n<p>Las vacas con cr\u00eda al pie alcanzaron un 77,2% de pre\u00f1ez sobre 121.877 vientres evaluados, mientras que las vacas falladas del entore anterior registraron un 89,3% sobre los 6.563 vientres chequedas. <\/p>\n\n\n\n<p>Se destac\u00f3 en el informe presentado qu\u00e9 a\u00f1o, tras a\u00f1o, el volumen de vacas falladas al entore disminuye. <br><\/p>\n\n\n\n<p>Los departamentos con mayores porcentajes de pre\u00f1ez, Soriano con el 87,4% de pre\u00f1ez sobre un total de 11.078 vientres chequeados, en tanto que Maldonado sobre 10.301 vientres y Flores sobre 5.356 vientres obtienen ambos un 85,5% de pre\u00f1ez. <br><\/p>\n\n\n\n<p>La situaci\u00f3n clim\u00e1tica ha sido la principal variable que afect\u00f3 negativamente los resultados en los departamentos de Artigas y Salto, que obtienen los menores porcentajes de pre\u00f1ez, siendo del 69,1% sobre 30.301 vientres y 76,7% en un total de 38.358 vientres respectivamente.  <br><\/p>\n\n\n\n<p>El Dr. Guillermo De Nava, m\u00e9dico veterinario del norte del pa\u00eds, dijo que los porcentajes de estos departamentos fue el resultado de una primavera y verano m\u00e1s secos. Es decir el impacto negativo de las condiciones clim\u00e1ticas. <\/p>\n\n\n\n<p>Salto, 22 de junio de 2022<\/p>\n","protected":false},"excerpt":{"rendered":"<p>En las instalaciones de INIA Treinta y Tres se desarroll\u00f3 el vig\u00e9simo taller de diagn\u00f3sticos de gestaci\u00f3n vacuna, donde 60 profesionales veterinarios de todo el pa\u00eds presentaron el resultado del [&hellip;]<\/p>\n","protected":false},"author":5,"featured_media":43077,"comment_status":"open","ping_status":"open","sticky":false,"template":"","format":"standard","meta":{"_price":"","_stock":"","_tribe_ticket_header":"","_tribe_default_ticket_provider":"","_tribe_ticket_capacity":"0","_ticket_start_date":"","_ticket_end_date":"","_tribe_ticket_show_description":"","_tribe_ticket_show_not_going":false,"_tribe_ticket_use_global_stock":"","_tribe_ticket_global_stock_level":"","_global_stock_mode":"","_global_stock_cap":"","_tribe_rsvp_for_event":"","_tribe_ticket_going_count":"","_tribe_ticket_not_going_count":"","_tribe_tickets_list":"[]","_tribe_ticket_has_attendee_info_fields":false,"h5ap_radio_sources":[],"_jetpack_newsletter_access":"","_jetpack_dont_email_post_to_subs":false,"_jetpack_newsletter_tier_id":0,"_jetpack_memberships_contains_paywalled_content":false,"_jetpack_memberships_contains_paid_content":false,"footnotes":""},"categories":[21,5],"tags":[],"class_list":["post-43075","post","type-post","status-publish","format-standard","has-post-thumbnail","hentry","category-actualidad","category-ganaderia"],"jetpack_featured_media_url":"https:\/\/i0.wp.com\/lahoradelcampo.com.uy\/site\/wp-content\/uploads\/2022\/06\/INIA-Gestacionvacuna.jpg?fit=880%2C440&ssl=1","jetpack_sharing_enabled":true,"jetpack_shortlink":"https:\/\/wp.me\/p99IaT-bcL","jetpack-related-posts":[{"id":12195,"url":"https:\/\/lahoradelcampo.com.uy\/site\/los-datos-de-prenez-fueron-del-86-al-78-al-norte-del-rio-negro\/","url_meta":{"origin":43075,"position":0},"title":"Los datos de pre\u00f1ez fueron del 86% al 78% al norte del R\u00edo Negro","author":"La Hora del Campo","date":"26 junio, 2019","format":false,"excerpt":"Se desarrolla en INIA Treinta y Tres el XVII taller de diagn\u00f3sticos de gestaci\u00f3n vacuna, donde se present\u00f3 en el primer bloque los resultados del norte del R\u00edo Negro, por parte del Dr. Lauro Art\u00eda de Paysand\u00fa, el Dr. Eduardo Texeira de Salto y el Dr. Pablo Marinho de Cerro\u2026","rel":"","context":"En \u00abActualidad\u00bb","block_context":{"text":"Actualidad","link":"https:\/\/lahoradelcampo.com.uy\/site\/category\/actualidad\/"},"img":{"alt_text":"","src":"https:\/\/i0.wp.com\/lahoradelcampo.com.uy\/site\/wp-content\/uploads\/2019\/06\/Pre%C3%B1ez.jpg?fit=880%2C440&ssl=1&resize=350%2C200","width":350,"height":200,"srcset":"https:\/\/i0.wp.com\/lahoradelcampo.com.uy\/site\/wp-content\/uploads\/2019\/06\/Pre%C3%B1ez.jpg?fit=880%2C440&ssl=1&resize=350%2C200 1x, https:\/\/i0.wp.com\/lahoradelcampo.com.uy\/site\/wp-content\/uploads\/2019\/06\/Pre%C3%B1ez.jpg?fit=880%2C440&ssl=1&resize=525%2C300 1.5x, https:\/\/i0.wp.com\/lahoradelcampo.com.uy\/site\/wp-content\/uploads\/2019\/06\/Pre%C3%B1ez.jpg?fit=880%2C440&ssl=1&resize=700%2C400 2x"},"classes":[]},{"id":56233,"url":"https:\/\/lahoradelcampo.com.uy\/site\/taller-de-prenez-marco-el-segundo-mayor-registro-del-siglo\/","url_meta":{"origin":43075,"position":1},"title":"Taller de pre\u00f1ez marc\u00f3 el segundo mayor registr\u00f3 del siglo","author":"La Hora del Campo","date":"1 julio, 2025","format":false,"excerpt":"Los resultados del Taller de evaluaci\u00f3n de los diagn\u00f3sticos de gestaci\u00f3n vacuna 2025, organizado por INIA Treinta y Tres, confirman un excelente desempe\u00f1o del entore 2024\/25, con una tasa de pre\u00f1ez nacional del 82,1% sobre un total de 316.681 vientres analizados. Aunque este valor representa una leve baja de 2\u2026","rel":"","context":"En \u00abActualidad\u00bb","block_context":{"text":"Actualidad","link":"https:\/\/lahoradelcampo.com.uy\/site\/category\/actualidad\/"},"img":{"alt_text":"","src":"https:\/\/i0.wp.com\/lahoradelcampo.com.uy\/site\/wp-content\/uploads\/2025\/07\/Preneces2025.jpg?fit=880%2C440&ssl=1&resize=350%2C200","width":350,"height":200,"srcset":"https:\/\/i0.wp.com\/lahoradelcampo.com.uy\/site\/wp-content\/uploads\/2025\/07\/Preneces2025.jpg?fit=880%2C440&ssl=1&resize=350%2C200 1x, https:\/\/i0.wp.com\/lahoradelcampo.com.uy\/site\/wp-content\/uploads\/2025\/07\/Preneces2025.jpg?fit=880%2C440&ssl=1&resize=525%2C300 1.5x, https:\/\/i0.wp.com\/lahoradelcampo.com.uy\/site\/wp-content\/uploads\/2025\/07\/Preneces2025.jpg?fit=880%2C440&ssl=1&resize=700%2C400 2x"},"classes":[]},{"id":4873,"url":"https:\/\/lahoradelcampo.com.uy\/site\/recomendaciones-para-el-manejo-de-rodeos-de-cria-en-este-entore\/","url_meta":{"origin":43075,"position":2},"title":"Recomendaciones para el manejo de rodeos de cr\u00eda en este entore","author":"La Hora del Campo","date":"13 diciembre, 2017","format":false,"excerpt":"El Instituto Plan Agropecuario present\u00f3 en su p\u00e1gina web un art\u00edculo realizado por el Ing. Agr. Esteban Montes donde se realizan recomendaciones para el manejo del rodeo de cr\u00eda durante el presente entore. En estos momentos se est\u00e1 realizando un nuevo entore y en general el rodeo de cr\u00eda tiene\u2026","rel":"","context":"En \u00abGanader\u00eda\u00bb","block_context":{"text":"Ganader\u00eda","link":"https:\/\/lahoradelcampo.com.uy\/site\/category\/ganaderia\/"},"img":{"alt_text":"","src":"https:\/\/i0.wp.com\/lahoradelcampo.com.uy\/site\/wp-content\/uploads\/2017\/12\/cria.jpg?fit=880%2C440&ssl=1&resize=350%2C200","width":350,"height":200,"srcset":"https:\/\/i0.wp.com\/lahoradelcampo.com.uy\/site\/wp-content\/uploads\/2017\/12\/cria.jpg?fit=880%2C440&ssl=1&resize=350%2C200 1x, https:\/\/i0.wp.com\/lahoradelcampo.com.uy\/site\/wp-content\/uploads\/2017\/12\/cria.jpg?fit=880%2C440&ssl=1&resize=525%2C300 1.5x, https:\/\/i0.wp.com\/lahoradelcampo.com.uy\/site\/wp-content\/uploads\/2017\/12\/cria.jpg?fit=880%2C440&ssl=1&resize=700%2C400 2x"},"classes":[]},{"id":21474,"url":"https:\/\/lahoradelcampo.com.uy\/site\/inia-18o-taller-de-diagnosticos-de-gestacion-proyecto-un-749-de-prenez\/","url_meta":{"origin":43075,"position":3},"title":"INIA: 18\u00ba taller de diagn\u00f3sticos de gestaci\u00f3n proyect\u00f3 un 74,9% de pre\u00f1ez","author":"La Hora del Campo","date":"3 julio, 2020","format":false,"excerpt":"El Instituto Nacional de Investigaci\u00f3n Agropecuaria (INIA) conjuntamente con destacados profesionales veterinarios de todo el pa\u00eds, realizaron en la jornada de ayer el 18\u00ba taller de diagn\u00f3sticos de gestaci\u00f3n en vacunos, el cual arroj\u00f3 una proyecci\u00f3n del 74,9% de pre\u00f1ez en los vientres que fueron analizados. En los \u00faltimos 18\u2026","rel":"","context":"En \u00abActualidad\u00bb","block_context":{"text":"Actualidad","link":"https:\/\/lahoradelcampo.com.uy\/site\/category\/actualidad\/"},"img":{"alt_text":"","src":"https:\/\/i0.wp.com\/lahoradelcampo.com.uy\/site\/wp-content\/uploads\/2020\/07\/criavacuna.jpg?fit=880%2C440&ssl=1&resize=350%2C200","width":350,"height":200,"srcset":"https:\/\/i0.wp.com\/lahoradelcampo.com.uy\/site\/wp-content\/uploads\/2020\/07\/criavacuna.jpg?fit=880%2C440&ssl=1&resize=350%2C200 1x, https:\/\/i0.wp.com\/lahoradelcampo.com.uy\/site\/wp-content\/uploads\/2020\/07\/criavacuna.jpg?fit=880%2C440&ssl=1&resize=525%2C300 1.5x, https:\/\/i0.wp.com\/lahoradelcampo.com.uy\/site\/wp-content\/uploads\/2020\/07\/criavacuna.jpg?fit=880%2C440&ssl=1&resize=700%2C400 2x"},"classes":[]},{"id":51471,"url":"https:\/\/lahoradelcampo.com.uy\/site\/en-una-misma-zona-pueden-haber-diferencias-de-30-a-40-puntos-de-prenez\/","url_meta":{"origin":43075,"position":4},"title":"En una misma zona \u00abpueden haber diferencias de 30 a 40 puntos\u00bb de pre\u00f1ez","author":"La Hora del Campo","date":"26 junio, 2023","format":false,"excerpt":"El per\u00edodo de entore 2022-2023 ha presentado desaf\u00edos importantes en el sector ganadero, especialmente en aquellas zonas donde el impacto de la sequ\u00eda fue mayor. Seg\u00fan la Ing. Graciela Quintans, del Instituto Nacional de Investigaci\u00f3n Agropecuaria (INIA), la prolongada sequ\u00eda ha dejado su huella en los resultados reproductivos del rodeo,\u2026","rel":"","context":"En \u00abActualidad\u00bb","block_context":{"text":"Actualidad","link":"https:\/\/lahoradelcampo.com.uy\/site\/category\/actualidad\/"},"img":{"alt_text":"","src":"https:\/\/i0.wp.com\/lahoradelcampo.com.uy\/site\/wp-content\/uploads\/2023\/06\/INIA-Graciela-Quintans.jpg?fit=880%2C440&ssl=1&resize=350%2C200","width":350,"height":200,"srcset":"https:\/\/i0.wp.com\/lahoradelcampo.com.uy\/site\/wp-content\/uploads\/2023\/06\/INIA-Graciela-Quintans.jpg?fit=880%2C440&ssl=1&resize=350%2C200 1x, https:\/\/i0.wp.com\/lahoradelcampo.com.uy\/site\/wp-content\/uploads\/2023\/06\/INIA-Graciela-Quintans.jpg?fit=880%2C440&ssl=1&resize=525%2C300 1.5x, https:\/\/i0.wp.com\/lahoradelcampo.com.uy\/site\/wp-content\/uploads\/2023\/06\/INIA-Graciela-Quintans.jpg?fit=880%2C440&ssl=1&resize=700%2C400 2x"},"classes":[]},{"id":31378,"url":"https:\/\/lahoradelcampo.com.uy\/site\/vacas-de-primera-cria-superan-el-70-de-prenez\/","url_meta":{"origin":43075,"position":5},"title":"Vacas de primera cr\u00eda superan el 70% de pre\u00f1ez","author":"La Hora del Campo","date":"21 junio, 2021","format":false,"excerpt":"El Plan Agropecuario present\u00f3 el resultado de los diagn\u00f3sticos de gestaci\u00f3n vacuna, entre los productores que integran la Red Informaci\u00f3n Nacional Ganadera (Ring), que en un 34% a\u00fan no han realizado las ecograf\u00edas. Entre los productores que ya realizaron diagn\u00f3stico, los resultados son en promedio de buenos a muy buenos\u2026","rel":"","context":"En \u00abActualidad\u00bb","block_context":{"text":"Actualidad","link":"https:\/\/lahoradelcampo.com.uy\/site\/category\/actualidad\/"},"img":{"alt_text":"","src":"https:\/\/i0.wp.com\/lahoradelcampo.com.uy\/site\/wp-content\/uploads\/2017\/12\/cria.jpg?fit=880%2C440&ssl=1&resize=350%2C200","width":350,"height":200,"srcset":"https:\/\/i0.wp.com\/lahoradelcampo.com.uy\/site\/wp-content\/uploads\/2017\/12\/cria.jpg?fit=880%2C440&ssl=1&resize=350%2C200 1x, https:\/\/i0.wp.com\/lahoradelcampo.com.uy\/site\/wp-content\/uploads\/2017\/12\/cria.jpg?fit=880%2C440&ssl=1&resize=525%2C300 1.5x, https:\/\/i0.wp.com\/lahoradelcampo.com.uy\/site\/wp-content\/uploads\/2017\/12\/cria.jpg?fit=880%2C440&ssl=1&resize=700%2C400 2x"},"classes":[]}],"jetpack_likes_enabled":true,"_links":{"self":[{"href":"https:\/\/lahoradelcampo.com.uy\/site\/wp-json\/wp\/v2\/posts\/43075","targetHints":{"allow":["GET"]}}],"collection":[{"href":"https:\/\/lahoradelcampo.com.uy\/site\/wp-json\/wp\/v2\/posts"}],"about":[{"href":"https:\/\/lahoradelcampo.com.uy\/site\/wp-json\/wp\/v2\/types\/post"}],"author":[{"embeddable":true,"href":"https:\/\/lahoradelcampo.com.uy\/site\/wp-json\/wp\/v2\/users\/5"}],"replies":[{"embeddable":true,"href":"https:\/\/lahoradelcampo.com.uy\/site\/wp-json\/wp\/v2\/comments?post=43075"}],"version-history":[{"count":1,"href":"https:\/\/lahoradelcampo.com.uy\/site\/wp-json\/wp\/v2\/posts\/43075\/revisions"}],"predecessor-version":[{"id":43079,"href":"https:\/\/lahoradelcampo.com.uy\/site\/wp-json\/wp\/v2\/posts\/43075\/revisions\/43079"}],"wp:featuredmedia":[{"embeddable":true,"href":"https:\/\/lahoradelcampo.com.uy\/site\/wp-json\/wp\/v2\/media\/43077"}],"wp:attachment":[{"href":"https:\/\/lahoradelcampo.com.uy\/site\/wp-json\/wp\/v2\/media?parent=43075"}],"wp:term":[{"taxonomy":"category","embeddable":true,"href":"https:\/\/lahoradelcampo.com.uy\/site\/wp-json\/wp\/v2\/categories?post=43075"},{"taxonomy":"post_tag","embeddable":true,"href":"https:\/\/lahoradelcampo.com.uy\/site\/wp-json\/wp\/v2\/tags?post=43075"}],"curies":[{"name":"wp","href":"https:\/\/api.w.org\/{rel}","templated":true}]}}