{"id":43071,"date":"2022-06-22T09:47:22","date_gmt":"2022-06-22T12:47:22","guid":{"rendered":"http:\/\/lahoradelcampo.com.uy\/site\/?p=43071"},"modified":"2022-06-22T09:47:30","modified_gmt":"2022-06-22T12:47:30","slug":"fonterra-segunda-licitacion-de-junio-a-la-baja","status":"publish","type":"post","link":"https:\/\/lahoradelcampo.com.uy\/site\/fonterra-segunda-licitacion-de-junio-a-la-baja\/","title":{"rendered":"Fonterra: Segunda licitaci\u00f3n de junio a la baja"},"content":{"rendered":"\n<figure class=\"wp-block-image\"><img data-recalc-dims=\"1\" loading=\"lazy\" decoding=\"async\" width=\"810\" height=\"405\" data-attachment-id=\"14347\" data-permalink=\"https:\/\/lahoradelcampo.com.uy\/site\/retornar-de-la-soja-a-la-ganaderia-insume-1-200-dolares-por-hectarea\/fonterra-3-2\/\" data-orig-file=\"https:\/\/i0.wp.com\/lahoradelcampo.com.uy\/site\/wp-content\/uploads\/2019\/09\/fonterra-3.jpg?fit=880%2C440&amp;ssl=1\" data-orig-size=\"880,440\" data-comments-opened=\"1\" data-image-meta=\"{&quot;aperture&quot;:&quot;0&quot;,&quot;credit&quot;:&quot;&quot;,&quot;camera&quot;:&quot;&quot;,&quot;caption&quot;:&quot;&quot;,&quot;created_timestamp&quot;:&quot;0&quot;,&quot;copyright&quot;:&quot;&quot;,&quot;focal_length&quot;:&quot;0&quot;,&quot;iso&quot;:&quot;0&quot;,&quot;shutter_speed&quot;:&quot;0&quot;,&quot;title&quot;:&quot;&quot;,&quot;orientation&quot;:&quot;1&quot;}\" data-image-title=\"fonterra 3\" data-image-description=\"\" data-image-caption=\"\" data-large-file=\"https:\/\/i0.wp.com\/lahoradelcampo.com.uy\/site\/wp-content\/uploads\/2019\/09\/fonterra-3.jpg?fit=810%2C405&amp;ssl=1\" src=\"https:\/\/i0.wp.com\/lahoradelcampo.com.uy\/site\/wp-content\/uploads\/2019\/09\/fonterra-3.jpg?resize=810%2C405\" alt=\"\" class=\"wp-image-14347\" srcset=\"https:\/\/i0.wp.com\/lahoradelcampo.com.uy\/site\/wp-content\/uploads\/2019\/09\/fonterra-3.jpg?w=880&amp;ssl=1 880w, https:\/\/i0.wp.com\/lahoradelcampo.com.uy\/site\/wp-content\/uploads\/2019\/09\/fonterra-3.jpg?resize=300%2C150&amp;ssl=1 300w, https:\/\/i0.wp.com\/lahoradelcampo.com.uy\/site\/wp-content\/uploads\/2019\/09\/fonterra-3.jpg?resize=768%2C384&amp;ssl=1 768w, https:\/\/i0.wp.com\/lahoradelcampo.com.uy\/site\/wp-content\/uploads\/2019\/09\/fonterra-3.jpg?resize=820%2C410&amp;ssl=1 820w\" sizes=\"auto, (max-width: 810px) 100vw, 810px\" \/><\/figure>\n\n\n\n<p>Luego de la suba al inicio del mes, las ventas de la plataforma electr\u00f3nica GlobalDairyTrade ayer volvi\u00f3 ajustar los promedios a la baja, con una leche en polvo entera que contin\u00faa por debajo de la descremada. <br><\/p>\n\n\n\n<p>El promedio la licitaci\u00f3n 310, se ubic\u00f3 en los US$ 4.600 por tonelada, perdiendo 56 d\u00f3lares, lo que implica una ca\u00edda del 1,3% respecto a la venta anterior. Lo que tambi\u00e9n descendi\u00f3 fue el volumen comercializado, que alcanz\u00f3 las 20.760 toneladas (-3,1%).<br><\/p>\n\n\n\n<p>De los principales productos de exportaci\u00f3n de Uruguay, la Leche en Polvo Entera (LPE) volvi\u00f3 a ajustar a la baja, al igual que las referencias para el queso. En contrapartida subieron la Manteca y la Leche en Polvo Descremada (LPD). <br><\/p>\n\n\n\n<p>El 52% del volumen ofertado en el d\u00eda de ayer, correspondi\u00f3 a LPE, lo que determin\u00f3 un incremento del 1,6% respecto a la venta previa, sin embargo es un 10% inferior a lo que se ofert\u00f3 hace un a\u00f1o atr\u00e1s. <br><\/p>\n\n\n\n<p>El valor promedio para la LPE fue de US$ 4.125 por tonelada, lo que implica una ca\u00edda del 0,8% respecto a la primera licitaci\u00f3n del mes. Por su parte la LPD subi\u00f3 un 1% y cotiz\u00f3 a US$ 4.276 por tonelada. En el caso de la Manteca la suba fue del 2,4% y alcanz\u00f3 los US$ 6.213, mientras que el Cheddar cay\u00f3 9% tras cotizar a US$ 4.875. <br><\/p>\n\n\n\n<p>El norte de As\u00eda contin\u00faa siendo el principal destino para las ventas de GlobalDairyTrade, sin embargo ha venido reduciendo su participaci\u00f3n debido a los altos niveles de producci\u00f3n en China. En esta licitaci\u00f3n fue el destino para el 46,4% del total comercializado, cuando la participaci\u00f3n dentro del volumen comercializado en los \u00faltimos cuatro a\u00f1os es del 53%. <br><\/p>\n\n\n\n<p><strong>Leche en Polvo Entera<\/strong><br><\/p>\n\n\n\n<p>Durante el mes de junio, luego de las dos licitaciones, el promedio de la Leche en Polvo Entera (LPE) registra una recuperaci\u00f3n en su cotizaci\u00f3n, luego de haber alcanzado el promedio mensual m\u00e1s alto desde 2013 en el mes de marzo. Es decir que tras dos meses de bajas de este producto, la LPE se recupera con un valor de 4.142 d\u00f3lares por tonelada en promedio. <\/p>\n\n\n\n<p>Salto, 22 de junio de 2022<\/p>\n","protected":false},"excerpt":{"rendered":"<p>Luego de la suba al inicio del mes, las ventas de la plataforma electr\u00f3nica GlobalDairyTrade ayer volvi\u00f3 ajustar los promedios a la baja, con una leche en polvo entera que [&hellip;]<\/p>\n","protected":false},"author":5,"featured_media":14347,"comment_status":"open","ping_status":"open","sticky":false,"template":"","format":"standard","meta":{"_price":"","_stock":"","_tribe_ticket_header":"","_tribe_default_ticket_provider":"","_tribe_ticket_capacity":"0","_ticket_start_date":"","_ticket_end_date":"","_tribe_ticket_show_description":"","_tribe_ticket_show_not_going":false,"_tribe_ticket_use_global_stock":"","_tribe_ticket_global_stock_level":"","_global_stock_mode":"","_global_stock_cap":"","_tribe_rsvp_for_event":"","_tribe_ticket_going_count":"","_tribe_ticket_not_going_count":"","_tribe_tickets_list":"[]","_tribe_ticket_has_attendee_info_fields":false,"h5ap_radio_sources":[],"_jetpack_newsletter_access":"","_jetpack_dont_email_post_to_subs":false,"_jetpack_newsletter_tier_id":0,"_jetpack_memberships_contains_paywalled_content":false,"_jetpack_memberships_contains_paid_content":false,"footnotes":""},"categories":[21,11],"tags":[],"class_list":["post-43071","post","type-post","status-publish","format-standard","has-post-thumbnail","hentry","category-actualidad","category-lecheria"],"jetpack_featured_media_url":"https:\/\/i0.wp.com\/lahoradelcampo.com.uy\/site\/wp-content\/uploads\/2019\/09\/fonterra-3.jpg?fit=880%2C440&ssl=1","jetpack_sharing_enabled":true,"jetpack_shortlink":"https:\/\/wp.me\/p99IaT-bcH","jetpack-related-posts":[{"id":6343,"url":"https:\/\/lahoradelcampo.com.uy\/site\/primera-licitacion-de-abril-de-fonterra-ajusto-valor-de-los-lacteos-a-la-baja\/","url_meta":{"origin":43071,"position":0},"title":"Primera licitaci\u00f3n de abril de Fonterra  ajust\u00f3 valor de los l\u00e1cteos a la baja","author":"La Hora del Campo","date":"4 abril, 2018","format":false,"excerpt":"En la jornada de ayer, martes 3 de abril, se realiz\u00f3 a trav\u00e9s de la plataforma electr\u00f3nica GlobalDairyTrade, la primera licitaci\u00f3n de Fonterra para el mes de abril, donde el mercado volvi\u00f3 a ajustar los precios de los l\u00e1cteos a la baja por cuarta baja consecutiva. En esta oportunidad cerr\u00f3\u2026","rel":"","context":"En \u00abLecher\u00eda\u00bb","block_context":{"text":"Lecher\u00eda","link":"https:\/\/lahoradelcampo.com.uy\/site\/category\/lecheria\/"},"img":{"alt_text":"","src":"https:\/\/i0.wp.com\/lahoradelcampo.com.uy\/site\/wp-content\/uploads\/2017\/09\/Fonterra.jpg?fit=880%2C440&ssl=1&resize=350%2C200","width":350,"height":200,"srcset":"https:\/\/i0.wp.com\/lahoradelcampo.com.uy\/site\/wp-content\/uploads\/2017\/09\/Fonterra.jpg?fit=880%2C440&ssl=1&resize=350%2C200 1x, https:\/\/i0.wp.com\/lahoradelcampo.com.uy\/site\/wp-content\/uploads\/2017\/09\/Fonterra.jpg?fit=880%2C440&ssl=1&resize=525%2C300 1.5x, https:\/\/i0.wp.com\/lahoradelcampo.com.uy\/site\/wp-content\/uploads\/2017\/09\/Fonterra.jpg?fit=880%2C440&ssl=1&resize=700%2C400 2x"},"classes":[]},{"id":47325,"url":"https:\/\/lahoradelcampo.com.uy\/site\/la-leche-en-polvo-entera-volvio-a-caer-en-gdt-pulse\/","url_meta":{"origin":43071,"position":1},"title":"La leche en polvo entera volvi\u00f3 a caer en GDT Pulse","author":"La Hora del Campo","date":"30 noviembre, 2022","format":false,"excerpt":"La subasta anterior de GDT Pulse, el pasado martes 22 de noviembre, registr\u00f3 un incremento en los valores en el \u00fanico producto de venta, que es la leche en polvo entera. En esa oportunidad el aumento fue del 2,8% que lograba revertir tres bajas consecutivas en estas subastas. En la\u2026","rel":"","context":"En \u00abActualidad\u00bb","block_context":{"text":"Actualidad","link":"https:\/\/lahoradelcampo.com.uy\/site\/category\/actualidad\/"},"img":{"alt_text":"","src":"https:\/\/i0.wp.com\/lahoradelcampo.com.uy\/site\/wp-content\/uploads\/2019\/09\/fonterra-3.jpg?fit=880%2C440&ssl=1&resize=350%2C200","width":350,"height":200,"srcset":"https:\/\/i0.wp.com\/lahoradelcampo.com.uy\/site\/wp-content\/uploads\/2019\/09\/fonterra-3.jpg?fit=880%2C440&ssl=1&resize=350%2C200 1x, https:\/\/i0.wp.com\/lahoradelcampo.com.uy\/site\/wp-content\/uploads\/2019\/09\/fonterra-3.jpg?fit=880%2C440&ssl=1&resize=525%2C300 1.5x, https:\/\/i0.wp.com\/lahoradelcampo.com.uy\/site\/wp-content\/uploads\/2019\/09\/fonterra-3.jpg?fit=880%2C440&ssl=1&resize=700%2C400 2x"},"classes":[]},{"id":53189,"url":"https:\/\/lahoradelcampo.com.uy\/site\/la-leche-en-polvo-entera-volvio-a-situarse-sobre-los-us-3-000\/","url_meta":{"origin":43071,"position":2},"title":"La leche en polvo entera volvi\u00f3 a situarse sobre los US$ 3.000","author":"La Hora del Campo","date":"22 noviembre, 2023","format":false,"excerpt":"La licitaci\u00f3n 344 de la plataforma electr\u00f3nica GlobalDairyTrade de este martes 21 de noviembre cerr\u00f3 sin cambios en el promedio de los l\u00e1cteos, tras la baja de la primera licitaci\u00f3n del mes. El promedio ponderado de la plataforma de subasta, donde mayormente se comercializa productos de Fonterra, cerr\u00f3 en US$\/ton\u2026","rel":"","context":"En \u00abActualidad\u00bb","block_context":{"text":"Actualidad","link":"https:\/\/lahoradelcampo.com.uy\/site\/category\/actualidad\/"},"img":{"alt_text":"","src":"https:\/\/i0.wp.com\/lahoradelcampo.com.uy\/site\/wp-content\/uploads\/2023\/11\/GDT344.jpg?fit=880%2C440&ssl=1&resize=350%2C200","width":350,"height":200,"srcset":"https:\/\/i0.wp.com\/lahoradelcampo.com.uy\/site\/wp-content\/uploads\/2023\/11\/GDT344.jpg?fit=880%2C440&ssl=1&resize=350%2C200 1x, https:\/\/i0.wp.com\/lahoradelcampo.com.uy\/site\/wp-content\/uploads\/2023\/11\/GDT344.jpg?fit=880%2C440&ssl=1&resize=525%2C300 1.5x, https:\/\/i0.wp.com\/lahoradelcampo.com.uy\/site\/wp-content\/uploads\/2023\/11\/GDT344.jpg?fit=880%2C440&ssl=1&resize=700%2C400 2x"},"classes":[]},{"id":40583,"url":"https:\/\/lahoradelcampo.com.uy\/site\/la-leche-en-polvo-entera-se-ubico-como-pocas-veces-por-debajo-de-la-descremada\/","url_meta":{"origin":43071,"position":3},"title":"La Leche en Polvo Entera se ubic\u00f3, como pocas veces, por debajo de la descremada","author":"La Hora del Campo","date":"6 abril, 2022","format":false,"excerpt":"Luego del alcanzar el valor m\u00e1s alto desde febrero de 2014 en la primera licitaci\u00f3n del mes de marzo, ubicado en US$ 4.757 por tonelada, la Leche en Polvo Entera registr\u00f3 en la jornada de ayer la segunda baja consecutiva en sus promedios. En la segunda subasta de marzo el\u2026","rel":"","context":"En \u00abActualidad\u00bb","block_context":{"text":"Actualidad","link":"https:\/\/lahoradelcampo.com.uy\/site\/category\/actualidad\/"},"img":{"alt_text":"","src":"https:\/\/i0.wp.com\/lahoradelcampo.com.uy\/site\/wp-content\/uploads\/2021\/03\/fonterra.jpg?fit=880%2C440&ssl=1&resize=350%2C200","width":350,"height":200,"srcset":"https:\/\/i0.wp.com\/lahoradelcampo.com.uy\/site\/wp-content\/uploads\/2021\/03\/fonterra.jpg?fit=880%2C440&ssl=1&resize=350%2C200 1x, https:\/\/i0.wp.com\/lahoradelcampo.com.uy\/site\/wp-content\/uploads\/2021\/03\/fonterra.jpg?fit=880%2C440&ssl=1&resize=525%2C300 1.5x, https:\/\/i0.wp.com\/lahoradelcampo.com.uy\/site\/wp-content\/uploads\/2021\/03\/fonterra.jpg?fit=880%2C440&ssl=1&resize=700%2C400 2x"},"classes":[]},{"id":54668,"url":"https:\/\/lahoradelcampo.com.uy\/site\/leche-en-polvo-entera-volvio-a-subir-en-gdt-pulse\/","url_meta":{"origin":43071,"position":4},"title":"Leche en polvo entera volvi\u00f3 a subir en GDT Pulse","author":"La Hora del Campo","date":"25 septiembre, 2024","format":false,"excerpt":"Los precios para la leche en polvo entera de Fonterra, en la licitaci\u00f3n 61 de GDT Pulse, volvi\u00f3 a subir un 3%, registrando el segundo mayor valor de 2024. Por su parte, la leche en polvo descremada (LPD) registr\u00f3 una baja del 1% en su cotizaci\u00f3n. Los vol\u00famenes comercializados ayer\u2026","rel":"","context":"En \u00abActualidad\u00bb","block_context":{"text":"Actualidad","link":"https:\/\/lahoradelcampo.com.uy\/site\/category\/actualidad\/"},"img":{"alt_text":"","src":"https:\/\/i0.wp.com\/lahoradelcampo.com.uy\/site\/wp-content\/uploads\/2024\/09\/GDT_62_Pulse.jpg?fit=880%2C440&ssl=1&resize=350%2C200","width":350,"height":200,"srcset":"https:\/\/i0.wp.com\/lahoradelcampo.com.uy\/site\/wp-content\/uploads\/2024\/09\/GDT_62_Pulse.jpg?fit=880%2C440&ssl=1&resize=350%2C200 1x, https:\/\/i0.wp.com\/lahoradelcampo.com.uy\/site\/wp-content\/uploads\/2024\/09\/GDT_62_Pulse.jpg?fit=880%2C440&ssl=1&resize=525%2C300 1.5x, https:\/\/i0.wp.com\/lahoradelcampo.com.uy\/site\/wp-content\/uploads\/2024\/09\/GDT_62_Pulse.jpg?fit=880%2C440&ssl=1&resize=700%2C400 2x"},"classes":[]},{"id":55156,"url":"https:\/\/lahoradelcampo.com.uy\/site\/leche-en-polvo-entera-continua-con-su-tendencia-alcista-en-fonterra\/","url_meta":{"origin":43071,"position":5},"title":"Leche en polvo entera continua con su tendencia alcista en Fonterra","author":"La Hora del Campo","date":"27 noviembre, 2024","format":false,"excerpt":"La subasta 66 de Global Dairy Trade (GDT) Pulse volvi\u00f3 a mostrar un nuevo incremento (el cuarto consecutivo) en el precio promedio de la leche en polvo entera, mientras que la descremada registr\u00f3 un leve descenso, ofertadas \u00fanicamente por Fonterra. En la subasta de ayer, martes 26 de noviembre, se\u2026","rel":"","context":"En \u00abActualidad\u00bb","block_context":{"text":"Actualidad","link":"https:\/\/lahoradelcampo.com.uy\/site\/category\/actualidad\/"},"img":{"alt_text":"","src":"https:\/\/i0.wp.com\/lahoradelcampo.com.uy\/site\/wp-content\/uploads\/2017\/09\/Fonterra.jpg?fit=880%2C440&ssl=1&resize=350%2C200","width":350,"height":200,"srcset":"https:\/\/i0.wp.com\/lahoradelcampo.com.uy\/site\/wp-content\/uploads\/2017\/09\/Fonterra.jpg?fit=880%2C440&ssl=1&resize=350%2C200 1x, https:\/\/i0.wp.com\/lahoradelcampo.com.uy\/site\/wp-content\/uploads\/2017\/09\/Fonterra.jpg?fit=880%2C440&ssl=1&resize=525%2C300 1.5x, https:\/\/i0.wp.com\/lahoradelcampo.com.uy\/site\/wp-content\/uploads\/2017\/09\/Fonterra.jpg?fit=880%2C440&ssl=1&resize=700%2C400 2x"},"classes":[]}],"jetpack_likes_enabled":true,"_links":{"self":[{"href":"https:\/\/lahoradelcampo.com.uy\/site\/wp-json\/wp\/v2\/posts\/43071","targetHints":{"allow":["GET"]}}],"collection":[{"href":"https:\/\/lahoradelcampo.com.uy\/site\/wp-json\/wp\/v2\/posts"}],"about":[{"href":"https:\/\/lahoradelcampo.com.uy\/site\/wp-json\/wp\/v2\/types\/post"}],"author":[{"embeddable":true,"href":"https:\/\/lahoradelcampo.com.uy\/site\/wp-json\/wp\/v2\/users\/5"}],"replies":[{"embeddable":true,"href":"https:\/\/lahoradelcampo.com.uy\/site\/wp-json\/wp\/v2\/comments?post=43071"}],"version-history":[{"count":1,"href":"https:\/\/lahoradelcampo.com.uy\/site\/wp-json\/wp\/v2\/posts\/43071\/revisions"}],"predecessor-version":[{"id":43073,"href":"https:\/\/lahoradelcampo.com.uy\/site\/wp-json\/wp\/v2\/posts\/43071\/revisions\/43073"}],"wp:featuredmedia":[{"embeddable":true,"href":"https:\/\/lahoradelcampo.com.uy\/site\/wp-json\/wp\/v2\/media\/14347"}],"wp:attachment":[{"href":"https:\/\/lahoradelcampo.com.uy\/site\/wp-json\/wp\/v2\/media?parent=43071"}],"wp:term":[{"taxonomy":"category","embeddable":true,"href":"https:\/\/lahoradelcampo.com.uy\/site\/wp-json\/wp\/v2\/categories?post=43071"},{"taxonomy":"post_tag","embeddable":true,"href":"https:\/\/lahoradelcampo.com.uy\/site\/wp-json\/wp\/v2\/tags?post=43071"}],"curies":[{"name":"wp","href":"https:\/\/api.w.org\/{rel}","templated":true}]}}