{"id":43037,"date":"2022-06-21T07:56:55","date_gmt":"2022-06-21T10:56:55","guid":{"rendered":"http:\/\/lahoradelcampo.com.uy\/site\/?p=43037"},"modified":"2022-06-21T07:56:59","modified_gmt":"2022-06-21T10:56:59","slug":"la-aas-entrego-maquina-de-esquila-y-faros-led-a-seguridad-rural","status":"publish","type":"post","link":"https:\/\/lahoradelcampo.com.uy\/site\/la-aas-entrego-maquina-de-esquila-y-faros-led-a-seguridad-rural\/","title":{"rendered":"La AAS entreg\u00f3 m\u00e1quina de esquila y faros led a Seguridad Rural"},"content":{"rendered":"\n<figure class=\"wp-block-image\"><img data-recalc-dims=\"1\" loading=\"lazy\" decoding=\"async\" width=\"810\" height=\"405\" data-attachment-id=\"43039\" data-permalink=\"https:\/\/lahoradelcampo.com.uy\/site\/la-aas-entrego-maquina-de-esquila-y-faros-led-a-seguridad-rural\/aas-seguridadrural\/\" data-orig-file=\"https:\/\/i0.wp.com\/lahoradelcampo.com.uy\/site\/wp-content\/uploads\/2022\/06\/AAS-SeguridadRural.jpg?fit=880%2C440&amp;ssl=1\" data-orig-size=\"880,440\" data-comments-opened=\"1\" data-image-meta=\"{&quot;aperture&quot;:&quot;0&quot;,&quot;credit&quot;:&quot;&quot;,&quot;camera&quot;:&quot;&quot;,&quot;caption&quot;:&quot;&quot;,&quot;created_timestamp&quot;:&quot;0&quot;,&quot;copyright&quot;:&quot;&quot;,&quot;focal_length&quot;:&quot;0&quot;,&quot;iso&quot;:&quot;0&quot;,&quot;shutter_speed&quot;:&quot;0&quot;,&quot;title&quot;:&quot;&quot;,&quot;orientation&quot;:&quot;1&quot;}\" data-image-title=\"AAS-SeguridadRural\" data-image-description=\"\" data-image-caption=\"\" data-large-file=\"https:\/\/i0.wp.com\/lahoradelcampo.com.uy\/site\/wp-content\/uploads\/2022\/06\/AAS-SeguridadRural.jpg?fit=810%2C405&amp;ssl=1\" src=\"https:\/\/i0.wp.com\/lahoradelcampo.com.uy\/site\/wp-content\/uploads\/2022\/06\/AAS-SeguridadRural.jpg?resize=810%2C405\" alt=\"\" class=\"wp-image-43039\" srcset=\"https:\/\/i0.wp.com\/lahoradelcampo.com.uy\/site\/wp-content\/uploads\/2022\/06\/AAS-SeguridadRural.jpg?w=880&amp;ssl=1 880w, https:\/\/i0.wp.com\/lahoradelcampo.com.uy\/site\/wp-content\/uploads\/2022\/06\/AAS-SeguridadRural.jpg?resize=300%2C150&amp;ssl=1 300w, https:\/\/i0.wp.com\/lahoradelcampo.com.uy\/site\/wp-content\/uploads\/2022\/06\/AAS-SeguridadRural.jpg?resize=768%2C384&amp;ssl=1 768w, https:\/\/i0.wp.com\/lahoradelcampo.com.uy\/site\/wp-content\/uploads\/2022\/06\/AAS-SeguridadRural.jpg?resize=820%2C410&amp;ssl=1 820w\" sizes=\"auto, (max-width: 810px) 100vw, 810px\" \/><\/figure>\n\n\n\n<p>En la jornada de ayer la Asociaci\u00f3n Agropecuaria de Salto, conjuntamente con el Centro Comercial e Industrial de Salto, hicieron entrega a la divisi\u00f3n de Seguridad Rural del Ministerio del Interior, de una maquina de esquila y cuatro faros led de alta  potencia, que complementan la entrega del Dron que se realiz\u00f3 tiempo atr\u00e1s. <br><\/p>\n\n\n\n<p>El presidente de la gremial, Ramiro Azambuja, dijo que la entrega de estos materiales son entregados a la divisi\u00f3n de Seguridad Rural para poder desarrollar los controles a nivel del interior rural. Estos implementos fueron adquiridos con fondos que quedaron de la compra del Dron y que fueron donados por productores y otras firmas socias de ambas instituciones. <br><\/p>\n\n\n\n<p>El Inspector General (R) Carlos Ayuto, Jefe de Polic\u00eda de Salto, agradeci\u00f3 a las instituciones y productores en general, y se\u00f1al\u00f3 que esto permitir\u00e1 a la divisi\u00f3n de Seguridad Rural desarrollar los controles a nivel de terreno y nos genera un compromiso mayor de brindar un mejor servicio. <br><\/p>\n\n\n\n<p>Jairo Jacques, Jefe de la Brigada de Seguridad Rural, destac\u00f3 que \u00abla herramienta del dron ha sido fundamental en todas las operaciones de prevenci\u00f3n e inteligencia, facilitando el trabajo y disminuyendo la cantidad de horas hombre que se necesitan para ciertas tareas\u00bb. <br><\/p>\n\n\n\n<p>Aclar\u00f3 que \u00abla m\u00e1quina de esquila permitir\u00e1 que en vez de manipular con cuchillo, el viejo lonjeado que se hac\u00eda en la marca, eso puede llevar a modificar alguna marca y esta herramienta permite extraer el pelo sin alterar la marca original, para una mejor pericia a la hora de presentar ante el fiscal y la justicia\u00bb. <\/p>\n\n\n\n<p>Salto, 21 de junio de 2022<\/p>\n","protected":false},"excerpt":{"rendered":"<p>En la jornada de ayer la Asociaci\u00f3n Agropecuaria de Salto, conjuntamente con el Centro Comercial e Industrial de Salto, hicieron entrega a la divisi\u00f3n de Seguridad Rural del Ministerio del [&hellip;]<\/p>\n","protected":false},"author":5,"featured_media":43039,"comment_status":"open","ping_status":"open","sticky":false,"template":"","format":"standard","meta":{"_price":"","_stock":"","_tribe_ticket_header":"","_tribe_default_ticket_provider":"","_tribe_ticket_capacity":"0","_ticket_start_date":"","_ticket_end_date":"","_tribe_ticket_show_description":"","_tribe_ticket_show_not_going":false,"_tribe_ticket_use_global_stock":"","_tribe_ticket_global_stock_level":"","_global_stock_mode":"","_global_stock_cap":"","_tribe_rsvp_for_event":"","_tribe_ticket_going_count":"","_tribe_ticket_not_going_count":"","_tribe_tickets_list":"[]","_tribe_ticket_has_attendee_info_fields":false,"h5ap_radio_sources":[],"_jetpack_newsletter_access":"","_jetpack_dont_email_post_to_subs":false,"_jetpack_newsletter_tier_id":0,"_jetpack_memberships_contains_paywalled_content":false,"_jetpack_memberships_contains_paid_content":false,"footnotes":""},"categories":[21,5],"tags":[],"class_list":["post-43037","post","type-post","status-publish","format-standard","has-post-thumbnail","hentry","category-actualidad","category-ganaderia"],"jetpack_featured_media_url":"https:\/\/i0.wp.com\/lahoradelcampo.com.uy\/site\/wp-content\/uploads\/2022\/06\/AAS-SeguridadRural.jpg?fit=880%2C440&ssl=1","jetpack_sharing_enabled":true,"jetpack_shortlink":"https:\/\/wp.me\/p99IaT-bc9","jetpack-related-posts":[{"id":20588,"url":"https:\/\/lahoradelcampo.com.uy\/site\/433-productores-alertan-por-abigeato-a-traves-de-whatsapp-en-durazno\/","url_meta":{"origin":43037,"position":0},"title":"433 productores alertan por abigeato a trav\u00e9s de Whatsapp en Durazno","author":"La Hora del Campo","date":"4 junio, 2020","format":false,"excerpt":"La Comisi\u00f3n Departamental Honoraria para la Seguridad Rural en el departamento de Duranzo viene trabajando hace a\u00f1os en la utilizaci\u00f3n de la herramienta de los grupos de Whatsapp para acelerar los tiempos de respuesta ante posibles casos de abigeato e inseguridad en el \u00e1rea rural. En una reuni\u00f3n realizada para\u2026","rel":"","context":"En \u00abActualidad\u00bb","block_context":{"text":"Actualidad","link":"https:\/\/lahoradelcampo.com.uy\/site\/category\/actualidad\/"},"img":{"alt_text":"","src":"https:\/\/i0.wp.com\/lahoradelcampo.com.uy\/site\/wp-content\/uploads\/2017\/09\/Abigeato-vacas.jpg?fit=880%2C440&ssl=1&resize=350%2C200","width":350,"height":200,"srcset":"https:\/\/i0.wp.com\/lahoradelcampo.com.uy\/site\/wp-content\/uploads\/2017\/09\/Abigeato-vacas.jpg?fit=880%2C440&ssl=1&resize=350%2C200 1x, https:\/\/i0.wp.com\/lahoradelcampo.com.uy\/site\/wp-content\/uploads\/2017\/09\/Abigeato-vacas.jpg?fit=880%2C440&ssl=1&resize=525%2C300 1.5x, https:\/\/i0.wp.com\/lahoradelcampo.com.uy\/site\/wp-content\/uploads\/2017\/09\/Abigeato-vacas.jpg?fit=880%2C440&ssl=1&resize=700%2C400 2x"},"classes":[]},{"id":24558,"url":"https:\/\/lahoradelcampo.com.uy\/site\/seguridad-rural-recibio-40-camionetas-para-combate-al-abigeato\/","url_meta":{"origin":43037,"position":1},"title":"Seguridad Rural recibi\u00f3 40 camionetas para combate al abigeato","author":"La Hora del Campo","date":"12 octubre, 2020","format":false,"excerpt":"\u201cLa lucha contra el abigeato no es de un solo d\u00eda, sino un trabajo permanente\u201d, dijo el ministro del Interior, Jorge Larra\u00f1aga, en la entrega de 13 camionetas para la Direcci\u00f3n Nacional de Seguridad Rural. Hasta ahora, se entregaron 40 veh\u00edculos todoterreno, de un total de 55, adquiridos mediante licitaci\u00f3n.\u2026","rel":"","context":"En \u00abActualidad\u00bb","block_context":{"text":"Actualidad","link":"https:\/\/lahoradelcampo.com.uy\/site\/category\/actualidad\/"},"img":{"alt_text":"","src":"https:\/\/i0.wp.com\/lahoradelcampo.com.uy\/site\/wp-content\/uploads\/2020\/10\/seguridadrural.jpg?fit=880%2C440&ssl=1&resize=350%2C200","width":350,"height":200,"srcset":"https:\/\/i0.wp.com\/lahoradelcampo.com.uy\/site\/wp-content\/uploads\/2020\/10\/seguridadrural.jpg?fit=880%2C440&ssl=1&resize=350%2C200 1x, https:\/\/i0.wp.com\/lahoradelcampo.com.uy\/site\/wp-content\/uploads\/2020\/10\/seguridadrural.jpg?fit=880%2C440&ssl=1&resize=525%2C300 1.5x, https:\/\/i0.wp.com\/lahoradelcampo.com.uy\/site\/wp-content\/uploads\/2020\/10\/seguridadrural.jpg?fit=880%2C440&ssl=1&resize=700%2C400 2x"},"classes":[]},{"id":39983,"url":"https:\/\/lahoradelcampo.com.uy\/site\/la-aas-entrego-un-drone-de-ultima-generacion-al-mi\/","url_meta":{"origin":43037,"position":2},"title":"La AAS entreg\u00f3 un drone de \u00faltima generaci\u00f3n al MI","author":"La Hora del Campo","date":"17 marzo, 2022","format":false,"excerpt":"Luego de una campa\u00f1a realizada por la Asociaci\u00f3n Agropecuaria de Salto (AAS) con sus socios y empresas allegadas a la instituci\u00f3n, se logr\u00f3 adquirir un drone de \u00faltima generaci\u00f3n, con las caracter\u00edsticas necesarias para combatir delitos en el \u00e1rea rural tales como el abigeato, faltante de ganados, captura de animales\u2026","rel":"","context":"En \u00abActualidad\u00bb","block_context":{"text":"Actualidad","link":"https:\/\/lahoradelcampo.com.uy\/site\/category\/actualidad\/"},"img":{"alt_text":"","src":"https:\/\/i0.wp.com\/lahoradelcampo.com.uy\/site\/wp-content\/uploads\/2022\/03\/AAS-DRONE.jpg?fit=880%2C440&ssl=1&resize=350%2C200","width":350,"height":200,"srcset":"https:\/\/i0.wp.com\/lahoradelcampo.com.uy\/site\/wp-content\/uploads\/2022\/03\/AAS-DRONE.jpg?fit=880%2C440&ssl=1&resize=350%2C200 1x, https:\/\/i0.wp.com\/lahoradelcampo.com.uy\/site\/wp-content\/uploads\/2022\/03\/AAS-DRONE.jpg?fit=880%2C440&ssl=1&resize=525%2C300 1.5x, https:\/\/i0.wp.com\/lahoradelcampo.com.uy\/site\/wp-content\/uploads\/2022\/03\/AAS-DRONE.jpg?fit=880%2C440&ssl=1&resize=700%2C400 2x"},"classes":[]},{"id":32522,"url":"https:\/\/lahoradelcampo.com.uy\/site\/ganaderia-interior-y-defensa-participaron-en-un-taller-de-sobre-seguridad-rural-con-fiscalia\/","url_meta":{"origin":43037,"position":3},"title":"Ganader\u00eda, Interior y Defensa participaron en un taller de sobre seguridad rural con Fiscal\u00eda","author":"La Hora del Campo","date":"29 julio, 2021","format":false,"excerpt":"La actividad organizada por Fiscal\u00eda General de la Naci\u00f3n, Ministerio de Ganader\u00eda, Agricultura y Pesca, Ministerio del Interior, Ministerio de Defensa y Comisi\u00f3n Nacional de Seguridad Rural- Plan estrat\u00e9gico rubro ovino PENRO, tuvo lugar este mi\u00e9rcoles 28 de julio de 9:00 a 13:30 horas, e incluy\u00f3 a representantes vinculados con\u2026","rel":"","context":"En \u00abActualidad\u00bb","block_context":{"text":"Actualidad","link":"https:\/\/lahoradelcampo.com.uy\/site\/category\/actualidad\/"},"img":{"alt_text":"","src":"https:\/\/i0.wp.com\/lahoradelcampo.com.uy\/site\/wp-content\/uploads\/2021\/07\/MGAP-SR.jpg?fit=880%2C440&ssl=1&resize=350%2C200","width":350,"height":200,"srcset":"https:\/\/i0.wp.com\/lahoradelcampo.com.uy\/site\/wp-content\/uploads\/2021\/07\/MGAP-SR.jpg?fit=880%2C440&ssl=1&resize=350%2C200 1x, https:\/\/i0.wp.com\/lahoradelcampo.com.uy\/site\/wp-content\/uploads\/2021\/07\/MGAP-SR.jpg?fit=880%2C440&ssl=1&resize=525%2C300 1.5x, https:\/\/i0.wp.com\/lahoradelcampo.com.uy\/site\/wp-content\/uploads\/2021\/07\/MGAP-SR.jpg?fit=880%2C440&ssl=1&resize=700%2C400 2x"},"classes":[]},{"id":38907,"url":"https:\/\/lahoradelcampo.com.uy\/site\/seguridad-rural-detuvo-tres-camiones-con-irregularidades\/","url_meta":{"origin":43037,"position":4},"title":"Seguridad Rural detuvo tres camiones con irregularidades","author":"La Hora del Campo","date":"4 febrero, 2022","format":false,"excerpt":"En un operativo de rutina en la ruta, la Direcci\u00f3n de Seguridad Rural del Ministerio del Interior detuvo tres camiones con irregularidades en su documentaci\u00f3n y con animales con garrapata. De acuerdo a la informaci\u00f3n brindada por funcionarios en el operativo, los ganados se trasladaban sin la realizaci\u00f3n del Despacho\u2026","rel":"","context":"En \u00abActualidad\u00bb","block_context":{"text":"Actualidad","link":"https:\/\/lahoradelcampo.com.uy\/site\/category\/actualidad\/"},"img":{"alt_text":"","src":"https:\/\/i0.wp.com\/lahoradelcampo.com.uy\/site\/wp-content\/uploads\/2022\/02\/POLICIA-Camioneros.jpg?fit=880%2C440&ssl=1&resize=350%2C200","width":350,"height":200,"srcset":"https:\/\/i0.wp.com\/lahoradelcampo.com.uy\/site\/wp-content\/uploads\/2022\/02\/POLICIA-Camioneros.jpg?fit=880%2C440&ssl=1&resize=350%2C200 1x, https:\/\/i0.wp.com\/lahoradelcampo.com.uy\/site\/wp-content\/uploads\/2022\/02\/POLICIA-Camioneros.jpg?fit=880%2C440&ssl=1&resize=525%2C300 1.5x, https:\/\/i0.wp.com\/lahoradelcampo.com.uy\/site\/wp-content\/uploads\/2022\/02\/POLICIA-Camioneros.jpg?fit=880%2C440&ssl=1&resize=700%2C400 2x"},"classes":[]},{"id":3121,"url":"https:\/\/lahoradelcampo.com.uy\/site\/jauria-de-perros-ataco-el-plantel-de-pedigree-de-limitour\/","url_meta":{"origin":43037,"position":5},"title":"Jaur\u00eda de perros atac\u00f3 el plantel de Pedigree de Limitour","author":"La Hora del Campo","date":"25 octubre, 2017","format":false,"excerpt":"El pasado fin de semana una jaur\u00eda de perros, pertenecientes a cazadores que ingresaron al predio sin autorizaci\u00f3n, atac\u00f3 el plantel Poll Dorset de pedigree de Caba\u00f1a Salto, Limitour, generando p\u00e9rdidas irrecuperables desde el punto de vista gen\u00e9tico. Se trata de un plantel generado a trav\u00e9s de la importaci\u00f3n de\u2026","rel":"","context":"En \u00abActualidad\u00bb","block_context":{"text":"Actualidad","link":"https:\/\/lahoradelcampo.com.uy\/site\/category\/actualidad\/"},"img":{"alt_text":"","src":"https:\/\/i0.wp.com\/lahoradelcampo.com.uy\/site\/wp-content\/uploads\/2017\/10\/ovinos.jpg?fit=880%2C440&ssl=1&resize=350%2C200","width":350,"height":200,"srcset":"https:\/\/i0.wp.com\/lahoradelcampo.com.uy\/site\/wp-content\/uploads\/2017\/10\/ovinos.jpg?fit=880%2C440&ssl=1&resize=350%2C200 1x, https:\/\/i0.wp.com\/lahoradelcampo.com.uy\/site\/wp-content\/uploads\/2017\/10\/ovinos.jpg?fit=880%2C440&ssl=1&resize=525%2C300 1.5x, https:\/\/i0.wp.com\/lahoradelcampo.com.uy\/site\/wp-content\/uploads\/2017\/10\/ovinos.jpg?fit=880%2C440&ssl=1&resize=700%2C400 2x"},"classes":[]}],"jetpack_likes_enabled":true,"_links":{"self":[{"href":"https:\/\/lahoradelcampo.com.uy\/site\/wp-json\/wp\/v2\/posts\/43037","targetHints":{"allow":["GET"]}}],"collection":[{"href":"https:\/\/lahoradelcampo.com.uy\/site\/wp-json\/wp\/v2\/posts"}],"about":[{"href":"https:\/\/lahoradelcampo.com.uy\/site\/wp-json\/wp\/v2\/types\/post"}],"author":[{"embeddable":true,"href":"https:\/\/lahoradelcampo.com.uy\/site\/wp-json\/wp\/v2\/users\/5"}],"replies":[{"embeddable":true,"href":"https:\/\/lahoradelcampo.com.uy\/site\/wp-json\/wp\/v2\/comments?post=43037"}],"version-history":[{"count":1,"href":"https:\/\/lahoradelcampo.com.uy\/site\/wp-json\/wp\/v2\/posts\/43037\/revisions"}],"predecessor-version":[{"id":43041,"href":"https:\/\/lahoradelcampo.com.uy\/site\/wp-json\/wp\/v2\/posts\/43037\/revisions\/43041"}],"wp:featuredmedia":[{"embeddable":true,"href":"https:\/\/lahoradelcampo.com.uy\/site\/wp-json\/wp\/v2\/media\/43039"}],"wp:attachment":[{"href":"https:\/\/lahoradelcampo.com.uy\/site\/wp-json\/wp\/v2\/media?parent=43037"}],"wp:term":[{"taxonomy":"category","embeddable":true,"href":"https:\/\/lahoradelcampo.com.uy\/site\/wp-json\/wp\/v2\/categories?post=43037"},{"taxonomy":"post_tag","embeddable":true,"href":"https:\/\/lahoradelcampo.com.uy\/site\/wp-json\/wp\/v2\/tags?post=43037"}],"curies":[{"name":"wp","href":"https:\/\/api.w.org\/{rel}","templated":true}]}}