{"id":43033,"date":"2022-06-21T07:52:02","date_gmt":"2022-06-21T10:52:02","guid":{"rendered":"http:\/\/lahoradelcampo.com.uy\/site\/?p=43033"},"modified":"2022-06-21T07:52:05","modified_gmt":"2022-06-21T10:52:05","slug":"holando-entrego-us-1-400-a-dos-instituciones-de-estudio","status":"publish","type":"post","link":"https:\/\/lahoradelcampo.com.uy\/site\/holando-entrego-us-1-400-a-dos-instituciones-de-estudio\/","title":{"rendered":"Holando entreg\u00f3 US$ 1.400 a dos instituciones de estudio"},"content":{"rendered":"\n<figure class=\"wp-block-image\"><img data-recalc-dims=\"1\" loading=\"lazy\" decoding=\"async\" width=\"810\" height=\"405\" data-attachment-id=\"34343\" data-permalink=\"https:\/\/lahoradelcampo.com.uy\/site\/el-jurado-jersey-busco-vacas-que-defienden-el-tambo\/prado-holando\/\" data-orig-file=\"https:\/\/i0.wp.com\/lahoradelcampo.com.uy\/site\/wp-content\/uploads\/2021\/09\/Prado-Holando.jpg?fit=880%2C440&amp;ssl=1\" data-orig-size=\"880,440\" data-comments-opened=\"1\" data-image-meta=\"{&quot;aperture&quot;:&quot;0&quot;,&quot;credit&quot;:&quot;&quot;,&quot;camera&quot;:&quot;&quot;,&quot;caption&quot;:&quot;&quot;,&quot;created_timestamp&quot;:&quot;0&quot;,&quot;copyright&quot;:&quot;&quot;,&quot;focal_length&quot;:&quot;0&quot;,&quot;iso&quot;:&quot;0&quot;,&quot;shutter_speed&quot;:&quot;0&quot;,&quot;title&quot;:&quot;&quot;,&quot;orientation&quot;:&quot;1&quot;}\" data-image-title=\"Prado-Holando\" data-image-description=\"\" data-image-caption=\"\" data-large-file=\"https:\/\/i0.wp.com\/lahoradelcampo.com.uy\/site\/wp-content\/uploads\/2021\/09\/Prado-Holando.jpg?fit=810%2C405&amp;ssl=1\" src=\"https:\/\/i0.wp.com\/lahoradelcampo.com.uy\/site\/wp-content\/uploads\/2021\/09\/Prado-Holando.jpg?resize=810%2C405\" alt=\"\" class=\"wp-image-34343\" srcset=\"https:\/\/i0.wp.com\/lahoradelcampo.com.uy\/site\/wp-content\/uploads\/2021\/09\/Prado-Holando.jpg?w=880&amp;ssl=1 880w, https:\/\/i0.wp.com\/lahoradelcampo.com.uy\/site\/wp-content\/uploads\/2021\/09\/Prado-Holando.jpg?resize=300%2C150&amp;ssl=1 300w, https:\/\/i0.wp.com\/lahoradelcampo.com.uy\/site\/wp-content\/uploads\/2021\/09\/Prado-Holando.jpg?resize=768%2C384&amp;ssl=1 768w, https:\/\/i0.wp.com\/lahoradelcampo.com.uy\/site\/wp-content\/uploads\/2021\/09\/Prado-Holando.jpg?resize=820%2C410&amp;ssl=1 820w\" sizes=\"auto, (max-width: 810px) 100vw, 810px\" \/><\/figure>\n\n\n\n<p>A finales de 2021 las caba\u00f1as uruguayas de Holando participaron de la Copa Holstein Sudamericana, donde obtuvieron varios reconocimientos. Obteniendo la Reservada de Gran Campeona presentada por Jos\u00e9 Gurgitano Blumetto, la Reservada Campeona Intermedia de Antognazza Hnos, la Tercera en la categor\u00eda Solteras de Sociedad Ganadera San Alberto, la Reservada Vaca 3 a\u00f1os y la de 4 a\u00f1os ambas de Antognazza Hnos, la Tercera Vaca 5 a\u00f1os de Jos\u00e9 Gurgitano Blumetto y el Tercer Mejor Conjunto de Vacas Lecheras presentado por la Sociedad de Criadores de Holando del Uruguay. <br><\/p>\n\n\n\n<p>De acuerdo a las bases del certamen, cada asociaci\u00f3n participante deb\u00eda asignar una instituci\u00f3n de promoci\u00f3n de la raza que fuera la beneficiaria del monto obtenido por los premios obtenidos. La Sociedad de Criadores de Holando del Uruguay designo dos instituciones: la Escuela Agraria de Rocha y la Escuela Superior de Lecher\u00eda de Colonia Suiza. Dichos centros de estudio han sido definidos por la gremial como representantes del futuro de la lecher\u00eda. <br><\/p>\n\n\n\n<p>La participaci\u00f3n de las caba\u00f1as uruguayas y los premios obtenidos generaron US$ 1.400 de premio, que han sido entregados a dichas instituciones, que adem\u00e1s est\u00e1n asociadas a la gremial debido a que tienen registros de Selecci\u00f3n Holando y apuestan a la mejora gen\u00e9tica de la raza, al tiempo que forman profesionales para el sector lechero. <\/p>\n\n\n\n<p>Salto, 21 de junio de 2022<\/p>\n","protected":false},"excerpt":{"rendered":"<p>A finales de 2021 las caba\u00f1as uruguayas de Holando participaron de la Copa Holstein Sudamericana, donde obtuvieron varios reconocimientos. Obteniendo la Reservada de Gran Campeona presentada por Jos\u00e9 Gurgitano Blumetto, [&hellip;]<\/p>\n","protected":false},"author":5,"featured_media":34343,"comment_status":"open","ping_status":"open","sticky":false,"template":"","format":"standard","meta":{"_price":"","_stock":"","_tribe_ticket_header":"","_tribe_default_ticket_provider":"","_tribe_ticket_capacity":"0","_ticket_start_date":"","_ticket_end_date":"","_tribe_ticket_show_description":"","_tribe_ticket_show_not_going":false,"_tribe_ticket_use_global_stock":"","_tribe_ticket_global_stock_level":"","_global_stock_mode":"","_global_stock_cap":"","_tribe_rsvp_for_event":"","_tribe_ticket_going_count":"","_tribe_ticket_not_going_count":"","_tribe_tickets_list":"[]","_tribe_ticket_has_attendee_info_fields":false,"h5ap_radio_sources":[],"_jetpack_newsletter_access":"","_jetpack_dont_email_post_to_subs":false,"_jetpack_newsletter_tier_id":0,"_jetpack_memberships_contains_paywalled_content":false,"_jetpack_memberships_contains_paid_content":false,"footnotes":""},"categories":[21,11],"tags":[],"class_list":["post-43033","post","type-post","status-publish","format-standard","has-post-thumbnail","hentry","category-actualidad","category-lecheria"],"jetpack_featured_media_url":"https:\/\/i0.wp.com\/lahoradelcampo.com.uy\/site\/wp-content\/uploads\/2021\/09\/Prado-Holando.jpg?fit=880%2C440&ssl=1","jetpack_sharing_enabled":true,"jetpack_shortlink":"https:\/\/wp.me\/p99IaT-bc5","jetpack-related-posts":[{"id":45585,"url":"https:\/\/lahoradelcampo.com.uy\/site\/antognazza-presento-las-grandes-campeonas-de-la-raza-holando\/","url_meta":{"origin":43033,"position":0},"title":"Antognazza present\u00f3 las grandes campeonas de la raza Holando","author":"La Hora del Campo","date":"16 septiembre, 2022","format":false,"excerpt":"El mejor ejemplar de pedigr\u00ed que fue tambi\u00e9n la Suprema de la raza Holando, fue expuesta por caba\u00f1a El Chivo, de Antognazza, en una muestra que tuvo como jurado al estadounidense, Mark Rueth. Julio Antognazza se\u00f1al\u00f3 que la Gran Campeona \u201cMagda 7778\u201d naci\u00f3 en el tambo, ubicado en San Jos\u00e9,\u2026","rel":"","context":"En \u00abActualidad\u00bb","block_context":{"text":"Actualidad","link":"https:\/\/lahoradelcampo.com.uy\/site\/category\/actualidad\/"},"img":{"alt_text":"","src":"https:\/\/i0.wp.com\/lahoradelcampo.com.uy\/site\/wp-content\/uploads\/2022\/09\/Prado-Holando1.jpg?fit=880%2C440&ssl=1&resize=350%2C200","width":350,"height":200,"srcset":"https:\/\/i0.wp.com\/lahoradelcampo.com.uy\/site\/wp-content\/uploads\/2022\/09\/Prado-Holando1.jpg?fit=880%2C440&ssl=1&resize=350%2C200 1x, https:\/\/i0.wp.com\/lahoradelcampo.com.uy\/site\/wp-content\/uploads\/2022\/09\/Prado-Holando1.jpg?fit=880%2C440&ssl=1&resize=525%2C300 1.5x, https:\/\/i0.wp.com\/lahoradelcampo.com.uy\/site\/wp-content\/uploads\/2022\/09\/Prado-Holando1.jpg?fit=880%2C440&ssl=1&resize=700%2C400 2x"},"classes":[]},{"id":52474,"url":"https:\/\/lahoradelcampo.com.uy\/site\/el-jurado-sudafricano-del-jersey-destaco-la-adaptacion-de-la-raza-al-pais\/","url_meta":{"origin":43033,"position":1},"title":"El jurado sudafricano del Jersey destac\u00f3 la adaptaci\u00f3n de la raza al pa\u00eds","author":"La Hora del Campo","date":"15 septiembre, 2023","format":false,"excerpt":"El jurado sudafricano Johannes Van Eeden, quien ya hab\u00eda evaluado la raza en la Expo Prado hace 12 a\u00f1os, elogi\u00f3 la adaptaci\u00f3n de esta raza al entorno productivo de la lecher\u00eda uruguaya. Siete caba\u00f1as compitieron en la muestra Jersey, exhibiendo un total de 25 ejemplares que representan la evoluci\u00f3n de\u2026","rel":"","context":"En \u00abActualidad\u00bb","block_context":{"text":"Actualidad","link":"https:\/\/lahoradelcampo.com.uy\/site\/category\/actualidad\/"},"img":{"alt_text":"","src":"https:\/\/i0.wp.com\/lahoradelcampo.com.uy\/site\/wp-content\/uploads\/2023\/09\/Jersey-PradoVaca.jpg?fit=880%2C440&ssl=1&resize=350%2C200","width":350,"height":200,"srcset":"https:\/\/i0.wp.com\/lahoradelcampo.com.uy\/site\/wp-content\/uploads\/2023\/09\/Jersey-PradoVaca.jpg?fit=880%2C440&ssl=1&resize=350%2C200 1x, https:\/\/i0.wp.com\/lahoradelcampo.com.uy\/site\/wp-content\/uploads\/2023\/09\/Jersey-PradoVaca.jpg?fit=880%2C440&ssl=1&resize=525%2C300 1.5x, https:\/\/i0.wp.com\/lahoradelcampo.com.uy\/site\/wp-content\/uploads\/2023\/09\/Jersey-PradoVaca.jpg?fit=880%2C440&ssl=1&resize=700%2C400 2x"},"classes":[]},{"id":54554,"url":"https:\/\/lahoradelcampo.com.uy\/site\/la-muesca-gano-en-holando\/","url_meta":{"origin":43033,"position":2},"title":"La Muesca gan\u00f3 en Holando","author":"La Hora del Campo","date":"12 septiembre, 2024","format":false,"excerpt":"La Gran Campeona Selecci\u00f3n Holando, y Campeona Suprema de la raza Holando de la Expo Prado 2024, fue una vaca de cinco a\u00f1os expuesta por caba\u00f1a La Muesca, de Dario Jorc\u00edn. El productor hizo especial \u00e9nfasis en que una vaca SH le gan\u00f3 a una PI: \"eso refleja un gran\u2026","rel":"","context":"En \u00abActualidad\u00bb","block_context":{"text":"Actualidad","link":"https:\/\/lahoradelcampo.com.uy\/site\/category\/actualidad\/"},"img":{"alt_text":"","src":"https:\/\/i0.wp.com\/lahoradelcampo.com.uy\/site\/wp-content\/uploads\/2024\/09\/Prado24-GCHHolando.jpg?fit=880%2C440&ssl=1&resize=350%2C200","width":350,"height":200,"srcset":"https:\/\/i0.wp.com\/lahoradelcampo.com.uy\/site\/wp-content\/uploads\/2024\/09\/Prado24-GCHHolando.jpg?fit=880%2C440&ssl=1&resize=350%2C200 1x, https:\/\/i0.wp.com\/lahoradelcampo.com.uy\/site\/wp-content\/uploads\/2024\/09\/Prado24-GCHHolando.jpg?fit=880%2C440&ssl=1&resize=525%2C300 1.5x, https:\/\/i0.wp.com\/lahoradelcampo.com.uy\/site\/wp-content\/uploads\/2024\/09\/Prado24-GCHHolando.jpg?fit=880%2C440&ssl=1&resize=700%2C400 2x"},"classes":[]},{"id":52468,"url":"https:\/\/lahoradelcampo.com.uy\/site\/el-ceibal-presento-la-campeona-suprema-de-las-pampas\/","url_meta":{"origin":43033,"position":3},"title":"El Ceibal present\u00f3 la Campeona Suprema de las pampas","author":"La Hora del Campo","date":"14 septiembre, 2023","format":false,"excerpt":"En una destacada exhibici\u00f3n de gen\u00e9tica Hereford en la Expo Prado, la caba\u00f1a El Ceibal de Miguel Martirena Bove expuso la Campeona Suprema y Gran Campeona astada, que previamente se destac\u00f3 como la Campeona Ternera Mayor. La elecci\u00f3n de los mejores animales estuvo a cargo del norteamericano P. J. Budler.\u2026","rel":"","context":"En \u00abActualidad\u00bb","block_context":{"text":"Actualidad","link":"https:\/\/lahoradelcampo.com.uy\/site\/category\/actualidad\/"},"img":{"alt_text":"","src":"https:\/\/i0.wp.com\/lahoradelcampo.com.uy\/site\/wp-content\/uploads\/2023\/09\/Herefordvaca-prado.jpg?fit=880%2C440&ssl=1&resize=350%2C200","width":350,"height":200,"srcset":"https:\/\/i0.wp.com\/lahoradelcampo.com.uy\/site\/wp-content\/uploads\/2023\/09\/Herefordvaca-prado.jpg?fit=880%2C440&ssl=1&resize=350%2C200 1x, https:\/\/i0.wp.com\/lahoradelcampo.com.uy\/site\/wp-content\/uploads\/2023\/09\/Herefordvaca-prado.jpg?fit=880%2C440&ssl=1&resize=525%2C300 1.5x, https:\/\/i0.wp.com\/lahoradelcampo.com.uy\/site\/wp-content\/uploads\/2023\/09\/Herefordvaca-prado.jpg?fit=880%2C440&ssl=1&resize=700%2C400 2x"},"classes":[]},{"id":52486,"url":"https:\/\/lahoradelcampo.com.uy\/site\/macedo-gano-en-hembras-y-la-magdalena-debuto-en-brangus\/","url_meta":{"origin":43033,"position":4},"title":"Macedo gan\u00f3 en hembras y La Magdalena debut\u00f3 en Brangus","author":"La Hora del Campo","date":"15 septiembre, 2023","format":false,"excerpt":"Carlos Ojea Rull\u00e1n, el jurado, tuvo palabras de elogio para los criadores de Brangus de Uruguay antes de otorgar el t\u00edtulo de Gran Campe\u00f3n de la raza. Ojea expres\u00f3 su admiraci\u00f3n por el nivel de las hembras presentadas en la exposici\u00f3n, destacando el impresionante crecimiento gen\u00e9tico a lo largo de\u2026","rel":"","context":"En \u00abActualidad\u00bb","block_context":{"text":"Actualidad","link":"https:\/\/lahoradelcampo.com.uy\/site\/category\/actualidad\/"},"img":{"alt_text":"","src":"https:\/\/i0.wp.com\/lahoradelcampo.com.uy\/site\/wp-content\/uploads\/2023\/09\/Brangus-preado.jpg?fit=880%2C440&ssl=1&resize=350%2C200","width":350,"height":200,"srcset":"https:\/\/i0.wp.com\/lahoradelcampo.com.uy\/site\/wp-content\/uploads\/2023\/09\/Brangus-preado.jpg?fit=880%2C440&ssl=1&resize=350%2C200 1x, https:\/\/i0.wp.com\/lahoradelcampo.com.uy\/site\/wp-content\/uploads\/2023\/09\/Brangus-preado.jpg?fit=880%2C440&ssl=1&resize=525%2C300 1.5x, https:\/\/i0.wp.com\/lahoradelcampo.com.uy\/site\/wp-content\/uploads\/2023\/09\/Brangus-preado.jpg?fit=880%2C440&ssl=1&resize=700%2C400 2x"},"classes":[]},{"id":34351,"url":"https:\/\/lahoradelcampo.com.uy\/site\/11-cabanas-marcaron-el-regreso-del-holando-al-prado\/","url_meta":{"origin":43033,"position":5},"title":"11 caba\u00f1as marcaron el regreso del Holando al Prado","author":"La Hora del Campo","date":"18 septiembre, 2021","format":false,"excerpt":"Jurados: Alejo Guich\u00f3nGran Campeona PI - \"El Grillo\" de Jos\u00e9 GurgitanoGran Campe\u00f3n PI - San Alberto S.G.Gran Campeona SH - \"El Chivo\" de Antognazza Hnos. Alejo Guich\u00f3n dijo que fue \"una gran exposici\u00f3n\", con una final \"de tremendo nivel\" y aclar\u00f3 que busc\u00f3 \"animales con mucho balance, vacas modernas y\u2026","rel":"","context":"En \u00abActualidad\u00bb","block_context":{"text":"Actualidad","link":"https:\/\/lahoradelcampo.com.uy\/site\/category\/actualidad\/"},"img":{"alt_text":"","src":"https:\/\/i0.wp.com\/lahoradelcampo.com.uy\/site\/wp-content\/uploads\/2021\/09\/Prado-Holando.jpg?fit=880%2C440&ssl=1&resize=350%2C200","width":350,"height":200,"srcset":"https:\/\/i0.wp.com\/lahoradelcampo.com.uy\/site\/wp-content\/uploads\/2021\/09\/Prado-Holando.jpg?fit=880%2C440&ssl=1&resize=350%2C200 1x, https:\/\/i0.wp.com\/lahoradelcampo.com.uy\/site\/wp-content\/uploads\/2021\/09\/Prado-Holando.jpg?fit=880%2C440&ssl=1&resize=525%2C300 1.5x, https:\/\/i0.wp.com\/lahoradelcampo.com.uy\/site\/wp-content\/uploads\/2021\/09\/Prado-Holando.jpg?fit=880%2C440&ssl=1&resize=700%2C400 2x"},"classes":[]}],"jetpack_likes_enabled":true,"_links":{"self":[{"href":"https:\/\/lahoradelcampo.com.uy\/site\/wp-json\/wp\/v2\/posts\/43033","targetHints":{"allow":["GET"]}}],"collection":[{"href":"https:\/\/lahoradelcampo.com.uy\/site\/wp-json\/wp\/v2\/posts"}],"about":[{"href":"https:\/\/lahoradelcampo.com.uy\/site\/wp-json\/wp\/v2\/types\/post"}],"author":[{"embeddable":true,"href":"https:\/\/lahoradelcampo.com.uy\/site\/wp-json\/wp\/v2\/users\/5"}],"replies":[{"embeddable":true,"href":"https:\/\/lahoradelcampo.com.uy\/site\/wp-json\/wp\/v2\/comments?post=43033"}],"version-history":[{"count":1,"href":"https:\/\/lahoradelcampo.com.uy\/site\/wp-json\/wp\/v2\/posts\/43033\/revisions"}],"predecessor-version":[{"id":43035,"href":"https:\/\/lahoradelcampo.com.uy\/site\/wp-json\/wp\/v2\/posts\/43033\/revisions\/43035"}],"wp:featuredmedia":[{"embeddable":true,"href":"https:\/\/lahoradelcampo.com.uy\/site\/wp-json\/wp\/v2\/media\/34343"}],"wp:attachment":[{"href":"https:\/\/lahoradelcampo.com.uy\/site\/wp-json\/wp\/v2\/media?parent=43033"}],"wp:term":[{"taxonomy":"category","embeddable":true,"href":"https:\/\/lahoradelcampo.com.uy\/site\/wp-json\/wp\/v2\/categories?post=43033"},{"taxonomy":"post_tag","embeddable":true,"href":"https:\/\/lahoradelcampo.com.uy\/site\/wp-json\/wp\/v2\/tags?post=43033"}],"curies":[{"name":"wp","href":"https:\/\/api.w.org\/{rel}","templated":true}]}}