{"id":43027,"date":"2022-06-21T07:50:08","date_gmt":"2022-06-21T10:50:08","guid":{"rendered":"http:\/\/lahoradelcampo.com.uy\/site\/?p=43027"},"modified":"2022-06-21T07:50:13","modified_gmt":"2022-06-21T10:50:13","slug":"carbono-neutro-los-privados-deciden-como-diferenciar-su-producto","status":"publish","type":"post","link":"https:\/\/lahoradelcampo.com.uy\/site\/carbono-neutro-los-privados-deciden-como-diferenciar-su-producto\/","title":{"rendered":"Carbono neutro: \u00ablos  privados deciden como diferenciar su producto\u00bb"},"content":{"rendered":"\n<figure class=\"wp-block-image\"><img data-recalc-dims=\"1\" loading=\"lazy\" decoding=\"async\" width=\"810\" height=\"405\" data-attachment-id=\"43029\" data-permalink=\"https:\/\/lahoradelcampo.com.uy\/site\/carbono-neutro-los-privados-deciden-como-diferenciar-su-producto\/inac-caputi\/\" data-orig-file=\"https:\/\/i0.wp.com\/lahoradelcampo.com.uy\/site\/wp-content\/uploads\/2022\/06\/inac-Caputi.jpg?fit=880%2C440&amp;ssl=1\" data-orig-size=\"880,440\" data-comments-opened=\"1\" data-image-meta=\"{&quot;aperture&quot;:&quot;0&quot;,&quot;credit&quot;:&quot;&quot;,&quot;camera&quot;:&quot;&quot;,&quot;caption&quot;:&quot;&quot;,&quot;created_timestamp&quot;:&quot;0&quot;,&quot;copyright&quot;:&quot;&quot;,&quot;focal_length&quot;:&quot;0&quot;,&quot;iso&quot;:&quot;0&quot;,&quot;shutter_speed&quot;:&quot;0&quot;,&quot;title&quot;:&quot;&quot;,&quot;orientation&quot;:&quot;1&quot;}\" data-image-title=\"inac-Caputi\" data-image-description=\"\" data-image-caption=\"\" data-large-file=\"https:\/\/i0.wp.com\/lahoradelcampo.com.uy\/site\/wp-content\/uploads\/2022\/06\/inac-Caputi.jpg?fit=810%2C405&amp;ssl=1\" src=\"https:\/\/i0.wp.com\/lahoradelcampo.com.uy\/site\/wp-content\/uploads\/2022\/06\/inac-Caputi.jpg?resize=810%2C405\" alt=\"\" class=\"wp-image-43029\" srcset=\"https:\/\/i0.wp.com\/lahoradelcampo.com.uy\/site\/wp-content\/uploads\/2022\/06\/inac-Caputi.jpg?w=880&amp;ssl=1 880w, https:\/\/i0.wp.com\/lahoradelcampo.com.uy\/site\/wp-content\/uploads\/2022\/06\/inac-Caputi.jpg?resize=300%2C150&amp;ssl=1 300w, https:\/\/i0.wp.com\/lahoradelcampo.com.uy\/site\/wp-content\/uploads\/2022\/06\/inac-Caputi.jpg?resize=768%2C384&amp;ssl=1 768w, https:\/\/i0.wp.com\/lahoradelcampo.com.uy\/site\/wp-content\/uploads\/2022\/06\/inac-Caputi.jpg?resize=820%2C410&amp;ssl=1 820w\" sizes=\"auto, (max-width: 810px) 100vw, 810px\" \/><\/figure>\n\n\n\n<p>Las consultas sobre la producci\u00f3n de carne \u00abcarbono neutro\u00bb, las certificaciones, condiciones y beneficios que trae a los productores, son crecientes entre los productores. En este sentido consultamos al Dr. Pablo Caputi, Gerente de Conocimiento del Instituto Nacional de Carnes, qui\u00e9n sostuvo que existe un escenario donde \u00abjuega la celeste\u00bb y otro donde los privados deciden como diferenciar su producto. <br><\/p>\n\n\n\n<p>Consultado sobre si la certificaci\u00f3n de carbono neutro y la presencia de Frank Mitlohener en Uruguay, tra\u00eddo por el instituto, el profesional dijo \u00abtodos tenemos la Celeste, todos somos Uruguay y todos vamos con la ilusi\u00f3n a Qatar, es decir que hay un campeonato del mundo donde todos tenemos la Celeste, y despu\u00e9s cada uno tiene su cuadro de futbol, y tiene su camiseta y en los negocios es parecido\u00bb<br><\/p>\n\n\n\n<p>Frente a la presencia de Mitlohener en nuestro pa\u00eds, Caputi dijo que se realiz\u00f3 \u00abpensando en la Celeste\u00bb. Explic\u00f3 que si bien \u00abel bovino es un animal maravilloso que transforma algo que no tendr\u00eda uso, que es un pasto, en una cosa fant\u00e1stica que es la carne que tiene una alt\u00edsima densidad nutricional\u00bb, sin embargo reconoci\u00f3 que al rumiar el animal \u00abemite metano, y de las emisiones de Uruguay, el 75% de las emisiones de gases de efecto invernadero vienen de la agropecuaria y el 50% es metano\u00bb. <br><\/p>\n\n\n\n<p>El profesional de INAC, indic\u00f3 que tanto \u00abMitlohener de la Universidad de Davis de Estados Unidos y tambi\u00e9n desde la Universidad de Oxford del Reino Unido, dicen que como el metano cicla, si uno tiene un stock constante no contribuye adicionalmente al calentamiento global, es decir que lo que estamos viendo es que el calentamiento global no proviene de las vacas\u00bb<br><\/p>\n\n\n\n<p>Puntualmente sobre las certificaciones de \u00abcarbono neutral\u00bb, Caputi dijo que siempre \u00abhabr\u00e1 oportunidades de diferenciar tu producto, de agregarle alg\u00fan atributo, y si el cliente lo reconoce y paga un peso m\u00e1s, por ejemplo por ser carbono neutro, porque yo emit\u00ed y capture con la forestaci\u00f3n y la pradera, es lo que llamamos un bien privado\u00bb.<\/p>\n\n\n\n<p>Salto, 21 de junio de 2022<\/p>\n","protected":false},"excerpt":{"rendered":"<p>Las consultas sobre la producci\u00f3n de carne \u00abcarbono neutro\u00bb, las certificaciones, condiciones y beneficios que trae a los productores, son crecientes entre los productores. En este sentido consultamos al Dr. [&hellip;]<\/p>\n","protected":false},"author":5,"featured_media":43029,"comment_status":"open","ping_status":"open","sticky":false,"template":"","format":"standard","meta":{"_price":"","_stock":"","_tribe_ticket_header":"","_tribe_default_ticket_provider":"","_tribe_ticket_capacity":"0","_ticket_start_date":"","_ticket_end_date":"","_tribe_ticket_show_description":"","_tribe_ticket_show_not_going":false,"_tribe_ticket_use_global_stock":"","_tribe_ticket_global_stock_level":"","_global_stock_mode":"","_global_stock_cap":"","_tribe_rsvp_for_event":"","_tribe_ticket_going_count":"","_tribe_ticket_not_going_count":"","_tribe_tickets_list":"[]","_tribe_ticket_has_attendee_info_fields":false,"h5ap_radio_sources":[],"_jetpack_newsletter_access":"","_jetpack_dont_email_post_to_subs":false,"_jetpack_newsletter_tier_id":0,"_jetpack_memberships_contains_paywalled_content":false,"_jetpack_memberships_contains_paid_content":false,"footnotes":""},"categories":[21,5],"tags":[],"class_list":["post-43027","post","type-post","status-publish","format-standard","has-post-thumbnail","hentry","category-actualidad","category-ganaderia"],"jetpack_featured_media_url":"https:\/\/i0.wp.com\/lahoradelcampo.com.uy\/site\/wp-content\/uploads\/2022\/06\/inac-Caputi.jpg?fit=880%2C440&ssl=1","jetpack_sharing_enabled":true,"jetpack_shortlink":"https:\/\/wp.me\/p99IaT-bbZ","jetpack-related-posts":[{"id":31490,"url":"https:\/\/lahoradelcampo.com.uy\/site\/bpu-y-montes-del-plata-firman-acuerdo-para-un-sello-de-carne-carbono-neutro\/","url_meta":{"origin":43027,"position":0},"title":"BPU y Montes del Plata firman acuerdo para un sello de carne carbono neutro","author":"La Hora del Campo","date":"25 junio, 2021","format":false,"excerpt":"Los consumidores cada vez demandan m\u00e1s certezas en cuanto al cuidado del medioambiente, en cada uno de los productos que adquieren y donde los nichos de alto valor alimenticio tambi\u00e9n est\u00e1n dispuestos a pagar un plus por alimentos que tengan certificaciones que garanticen lo que se dice. Uruguay ha venido\u2026","rel":"","context":"En \u00abActualidad\u00bb","block_context":{"text":"Actualidad","link":"https:\/\/lahoradelcampo.com.uy\/site\/category\/actualidad\/"},"img":{"alt_text":"","src":"https:\/\/i0.wp.com\/lahoradelcampo.com.uy\/site\/wp-content\/uploads\/2021\/06\/BPU-MdelP.jpg?fit=880%2C440&ssl=1&resize=350%2C200","width":350,"height":200,"srcset":"https:\/\/i0.wp.com\/lahoradelcampo.com.uy\/site\/wp-content\/uploads\/2021\/06\/BPU-MdelP.jpg?fit=880%2C440&ssl=1&resize=350%2C200 1x, https:\/\/i0.wp.com\/lahoradelcampo.com.uy\/site\/wp-content\/uploads\/2021\/06\/BPU-MdelP.jpg?fit=880%2C440&ssl=1&resize=525%2C300 1.5x, https:\/\/i0.wp.com\/lahoradelcampo.com.uy\/site\/wp-content\/uploads\/2021\/06\/BPU-MdelP.jpg?fit=880%2C440&ssl=1&resize=700%2C400 2x"},"classes":[]},{"id":43021,"url":"https:\/\/lahoradelcampo.com.uy\/site\/industrias-realizan-jornadas-sobre-produccion-de-carne-con-carbono-neutro\/","url_meta":{"origin":43027,"position":1},"title":"Industrias realizan jornadas sobre producci\u00f3n  de carne con \u00abCarbono Neutro\u00bb","author":"La Hora del Campo","date":"21 junio, 2022","format":false,"excerpt":"La exportaci\u00f3n reciente de carne con carbono neutro en el pa\u00eds, aviv\u00f3 la curiosidad de los productores ante esta certificaci\u00f3n y sus potenciales beneficios, es as\u00ed que las empresas frigor\u00edficas uruguayas trabajan en brindar respuesta a esas inquietudes. Es as\u00ed que el grupo Marfrig, que posee cuatro plantas en el\u2026","rel":"","context":"En \u00abActualidad\u00bb","block_context":{"text":"Actualidad","link":"https:\/\/lahoradelcampo.com.uy\/site\/category\/actualidad\/"},"img":{"alt_text":"","src":"https:\/\/i0.wp.com\/lahoradelcampo.com.uy\/site\/wp-content\/uploads\/2022\/06\/carne-carbononeutro.jpg?fit=880%2C440&ssl=1&resize=350%2C200","width":350,"height":200,"srcset":"https:\/\/i0.wp.com\/lahoradelcampo.com.uy\/site\/wp-content\/uploads\/2022\/06\/carne-carbononeutro.jpg?fit=880%2C440&ssl=1&resize=350%2C200 1x, https:\/\/i0.wp.com\/lahoradelcampo.com.uy\/site\/wp-content\/uploads\/2022\/06\/carne-carbononeutro.jpg?fit=880%2C440&ssl=1&resize=525%2C300 1.5x, https:\/\/i0.wp.com\/lahoradelcampo.com.uy\/site\/wp-content\/uploads\/2022\/06\/carne-carbononeutro.jpg?fit=880%2C440&ssl=1&resize=700%2C400 2x"},"classes":[]},{"id":43107,"url":"https:\/\/lahoradelcampo.com.uy\/site\/marfrig-uruguay-lanzo-una-herramienta-para-medir-la-huella-de-carbono\/","url_meta":{"origin":43027,"position":2},"title":"Marfrig Uruguay lanz\u00f3 una herramienta  para medir la \u00abHuella de Carbono\u00bb","author":"La Hora del Campo","date":"23 junio, 2022","format":false,"excerpt":"Este mi\u00e9rcoles 22 de junio, el grupo frigor\u00edfico Marfrig present\u00f3 una nueva herramienta que permitir\u00e1 que los productores puedan medir la \"Huella de Carbono\" en sus predios y a partir de los datos gestionar la producci\u00f3n ganadera, lo que se enmarca dentro de uno de los pilares que se ha\u2026","rel":"","context":"En \u00abActualidad\u00bb","block_context":{"text":"Actualidad","link":"https:\/\/lahoradelcampo.com.uy\/site\/category\/actualidad\/"},"img":{"alt_text":"","src":"https:\/\/i0.wp.com\/lahoradelcampo.com.uy\/site\/wp-content\/uploads\/2022\/06\/Marfrig-huellacarbono.jpg?fit=880%2C440&ssl=1&resize=350%2C200","width":350,"height":200,"srcset":"https:\/\/i0.wp.com\/lahoradelcampo.com.uy\/site\/wp-content\/uploads\/2022\/06\/Marfrig-huellacarbono.jpg?fit=880%2C440&ssl=1&resize=350%2C200 1x, https:\/\/i0.wp.com\/lahoradelcampo.com.uy\/site\/wp-content\/uploads\/2022\/06\/Marfrig-huellacarbono.jpg?fit=880%2C440&ssl=1&resize=525%2C300 1.5x, https:\/\/i0.wp.com\/lahoradelcampo.com.uy\/site\/wp-content\/uploads\/2022\/06\/Marfrig-huellacarbono.jpg?fit=880%2C440&ssl=1&resize=700%2C400 2x"},"classes":[]},{"id":40505,"url":"https:\/\/lahoradelcampo.com.uy\/site\/mitloehner-destaco-el-potencial-de-uruguay-ante-la-neutralidad-climatica\/","url_meta":{"origin":43027,"position":3},"title":"Mitloehner destac\u00f3 el potencial de Uruguay ante  la neutralidad clim\u00e1tica","author":"La Hora del Campo","date":"1 abril, 2022","format":false,"excerpt":"Autoridades de gobierno ,representantes de gremiales y t\u00e9cnicos estuvieron presentes. Se destac\u00f3 en el auditorio el ministro de Ganader\u00eda Fernando Mattos, el Presidente de INAC Conrado Ferber, el Presidente de ARU Gonzalo Vald\u00e9z, as\u00ed como el secretario de Presidencia de la Rep\u00fablica \u00c1lvaro Delgado que estuvo en el inicio de\u2026","rel":"","context":"En \u00abActualidad\u00bb","block_context":{"text":"Actualidad","link":"https:\/\/lahoradelcampo.com.uy\/site\/category\/actualidad\/"},"img":{"alt_text":"","src":"https:\/\/i0.wp.com\/lahoradelcampo.com.uy\/site\/wp-content\/uploads\/2022\/04\/INAC-Mitloehner1.jpg?fit=880%2C440&ssl=1&resize=350%2C200","width":350,"height":200,"srcset":"https:\/\/i0.wp.com\/lahoradelcampo.com.uy\/site\/wp-content\/uploads\/2022\/04\/INAC-Mitloehner1.jpg?fit=880%2C440&ssl=1&resize=350%2C200 1x, https:\/\/i0.wp.com\/lahoradelcampo.com.uy\/site\/wp-content\/uploads\/2022\/04\/INAC-Mitloehner1.jpg?fit=880%2C440&ssl=1&resize=525%2C300 1.5x, https:\/\/i0.wp.com\/lahoradelcampo.com.uy\/site\/wp-content\/uploads\/2022\/04\/INAC-Mitloehner1.jpg?fit=880%2C440&ssl=1&resize=700%2C400 2x"},"classes":[]},{"id":41911,"url":"https:\/\/lahoradelcampo.com.uy\/site\/inia-y-merino-trabajan-en-deps-para-emision-de-gases-de-efecto-invernadero\/","url_meta":{"origin":43027,"position":4},"title":"INIA y Merino trabajan en Dep\u2019s para emisi\u00f3n de gases de efecto invernadero","author":"La Hora del Campo","date":"17 mayo, 2022","format":false,"excerpt":"Recientemente se inform\u00f3 sobre la exportaci\u00f3n de carne vacuna uruguaya con certificaci\u00f3n de carbono neutro y es un tema que gana terreno hace algunos a\u00f1os a nivel internacional. En este sentido se viene trabajando desde el Instituto Nacional de Investigaci\u00f3n Agropecuaria (INIA) para dar respuestas a las interrogantes que surgen\u2026","rel":"","context":"En \u00abActualidad\u00bb","block_context":{"text":"Actualidad","link":"https:\/\/lahoradelcampo.com.uy\/site\/category\/actualidad\/"},"img":{"alt_text":"","src":"https:\/\/i0.wp.com\/lahoradelcampo.com.uy\/site\/wp-content\/uploads\/2022\/05\/INIA-DeBarbieri.jpg?fit=880%2C440&ssl=1&resize=350%2C200","width":350,"height":200,"srcset":"https:\/\/i0.wp.com\/lahoradelcampo.com.uy\/site\/wp-content\/uploads\/2022\/05\/INIA-DeBarbieri.jpg?fit=880%2C440&ssl=1&resize=350%2C200 1x, https:\/\/i0.wp.com\/lahoradelcampo.com.uy\/site\/wp-content\/uploads\/2022\/05\/INIA-DeBarbieri.jpg?fit=880%2C440&ssl=1&resize=525%2C300 1.5x, https:\/\/i0.wp.com\/lahoradelcampo.com.uy\/site\/wp-content\/uploads\/2022\/05\/INIA-DeBarbieri.jpg?fit=880%2C440&ssl=1&resize=700%2C400 2x"},"classes":[]},{"id":19592,"url":"https:\/\/lahoradelcampo.com.uy\/site\/sul-no-entregara-mas-la-grifa-celeste-a-los-productores\/","url_meta":{"origin":43027,"position":5},"title":"SUL no entregar\u00e1 m\u00e1s la grifa celeste a los productores","author":"La Hora del Campo","date":"11 mayo, 2020","format":false,"excerpt":"Para una zafra que ronda los 25 millones de kilos de lana los productores acondicionan el 60%, donde hasta el momento se realizaban dos certificaciones de la cosecha a trav\u00e9s de las grifas verde (colocada por la m\u00e1quina de esquila) y la celeste (colocada por el productor). En los \u00faltimos\u2026","rel":"","context":"En \u00abActualidad\u00bb","block_context":{"text":"Actualidad","link":"https:\/\/lahoradelcampo.com.uy\/site\/category\/actualidad\/"},"img":{"alt_text":"","src":"https:\/\/i0.wp.com\/lahoradelcampo.com.uy\/site\/wp-content\/uploads\/2017\/12\/Lana.jpg?fit=880%2C440&ssl=1&resize=350%2C200","width":350,"height":200,"srcset":"https:\/\/i0.wp.com\/lahoradelcampo.com.uy\/site\/wp-content\/uploads\/2017\/12\/Lana.jpg?fit=880%2C440&ssl=1&resize=350%2C200 1x, https:\/\/i0.wp.com\/lahoradelcampo.com.uy\/site\/wp-content\/uploads\/2017\/12\/Lana.jpg?fit=880%2C440&ssl=1&resize=525%2C300 1.5x, https:\/\/i0.wp.com\/lahoradelcampo.com.uy\/site\/wp-content\/uploads\/2017\/12\/Lana.jpg?fit=880%2C440&ssl=1&resize=700%2C400 2x"},"classes":[]}],"jetpack_likes_enabled":true,"_links":{"self":[{"href":"https:\/\/lahoradelcampo.com.uy\/site\/wp-json\/wp\/v2\/posts\/43027","targetHints":{"allow":["GET"]}}],"collection":[{"href":"https:\/\/lahoradelcampo.com.uy\/site\/wp-json\/wp\/v2\/posts"}],"about":[{"href":"https:\/\/lahoradelcampo.com.uy\/site\/wp-json\/wp\/v2\/types\/post"}],"author":[{"embeddable":true,"href":"https:\/\/lahoradelcampo.com.uy\/site\/wp-json\/wp\/v2\/users\/5"}],"replies":[{"embeddable":true,"href":"https:\/\/lahoradelcampo.com.uy\/site\/wp-json\/wp\/v2\/comments?post=43027"}],"version-history":[{"count":1,"href":"https:\/\/lahoradelcampo.com.uy\/site\/wp-json\/wp\/v2\/posts\/43027\/revisions"}],"predecessor-version":[{"id":43031,"href":"https:\/\/lahoradelcampo.com.uy\/site\/wp-json\/wp\/v2\/posts\/43027\/revisions\/43031"}],"wp:featuredmedia":[{"embeddable":true,"href":"https:\/\/lahoradelcampo.com.uy\/site\/wp-json\/wp\/v2\/media\/43029"}],"wp:attachment":[{"href":"https:\/\/lahoradelcampo.com.uy\/site\/wp-json\/wp\/v2\/media?parent=43027"}],"wp:term":[{"taxonomy":"category","embeddable":true,"href":"https:\/\/lahoradelcampo.com.uy\/site\/wp-json\/wp\/v2\/categories?post=43027"},{"taxonomy":"post_tag","embeddable":true,"href":"https:\/\/lahoradelcampo.com.uy\/site\/wp-json\/wp\/v2\/tags?post=43027"}],"curies":[{"name":"wp","href":"https:\/\/api.w.org\/{rel}","templated":true}]}}