{"id":43017,"date":"2022-06-21T07:42:44","date_gmt":"2022-06-21T10:42:44","guid":{"rendered":"http:\/\/lahoradelcampo.com.uy\/site\/?p=43017"},"modified":"2022-06-21T07:42:54","modified_gmt":"2022-06-21T10:42:54","slug":"faena-volvio-a-caer-y-sigue-por-debajo-de-las-50-000-cabezas","status":"publish","type":"post","link":"https:\/\/lahoradelcampo.com.uy\/site\/faena-volvio-a-caer-y-sigue-por-debajo-de-las-50-000-cabezas\/","title":{"rendered":"Faena volvi\u00f3 a caer y sigue por debajo de las 50.000 cabezas"},"content":{"rendered":"\n<figure class=\"wp-block-image\"><img data-recalc-dims=\"1\" loading=\"lazy\" decoding=\"async\" width=\"810\" height=\"405\" data-attachment-id=\"38763\" data-permalink=\"https:\/\/lahoradelcampo.com.uy\/site\/enero-cierra-con-un-aumento-del-135-en-la-faena-vacuna\/faena-vacas\/\" data-orig-file=\"https:\/\/i0.wp.com\/lahoradelcampo.com.uy\/site\/wp-content\/uploads\/2022\/02\/Faena-vacas.jpg?fit=880%2C440&amp;ssl=1\" data-orig-size=\"880,440\" data-comments-opened=\"1\" data-image-meta=\"{&quot;aperture&quot;:&quot;0&quot;,&quot;credit&quot;:&quot;&quot;,&quot;camera&quot;:&quot;&quot;,&quot;caption&quot;:&quot;&quot;,&quot;created_timestamp&quot;:&quot;0&quot;,&quot;copyright&quot;:&quot;&quot;,&quot;focal_length&quot;:&quot;0&quot;,&quot;iso&quot;:&quot;0&quot;,&quot;shutter_speed&quot;:&quot;0&quot;,&quot;title&quot;:&quot;&quot;,&quot;orientation&quot;:&quot;1&quot;}\" data-image-title=\"Faena-vacas\" data-image-description=\"\" data-image-caption=\"\" data-large-file=\"https:\/\/i0.wp.com\/lahoradelcampo.com.uy\/site\/wp-content\/uploads\/2022\/02\/Faena-vacas.jpg?fit=810%2C405&amp;ssl=1\" src=\"https:\/\/i0.wp.com\/lahoradelcampo.com.uy\/site\/wp-content\/uploads\/2022\/02\/Faena-vacas.jpg?resize=810%2C405\" alt=\"\" class=\"wp-image-38763\" srcset=\"https:\/\/i0.wp.com\/lahoradelcampo.com.uy\/site\/wp-content\/uploads\/2022\/02\/Faena-vacas.jpg?w=880&amp;ssl=1 880w, https:\/\/i0.wp.com\/lahoradelcampo.com.uy\/site\/wp-content\/uploads\/2022\/02\/Faena-vacas.jpg?resize=300%2C150&amp;ssl=1 300w, https:\/\/i0.wp.com\/lahoradelcampo.com.uy\/site\/wp-content\/uploads\/2022\/02\/Faena-vacas.jpg?resize=768%2C384&amp;ssl=1 768w, https:\/\/i0.wp.com\/lahoradelcampo.com.uy\/site\/wp-content\/uploads\/2022\/02\/Faena-vacas.jpg?resize=820%2C410&amp;ssl=1 820w\" sizes=\"auto, (max-width: 810px) 100vw, 810px\" \/><\/figure>\n\n\n\n<p>Durante la \u00faltima semana de faena a nivel pa\u00eds, la industria frigor\u00edfica proceso 46.922 cabezas vacunas, un 4,1% inferior a la semana previa, y 3% por debajo de la misma semana de 2021, a pesar de ello, en el acumulado de este a\u00f1o la actividad industrial contin\u00faa siendo un 10,8% superior. <br><\/p>\n\n\n\n<p>La actividad semanal estuvo compuesta por 21.964 novillos, que representan el 46% de la faena, 18.272 vacas (39%) y 6.209 vaquillonas (13%). El descenso en la faena estuvo marcada por una ca\u00edda del 12,8% en el volumen de vacas faenadas y 7% en las vaquillonas, en tanto que los novillos subieron un 7,6%. <br><\/p>\n\n\n\n<p>La planta de mayor actividad, fue Frigor\u00edfico Tacuaremb\u00f3 del Grupo Marfrig, con 5.017 cabezas, siendo la \u00fanica planta que super\u00f3 las 5.000 cabezas y representa un 10,7% del total. Le siguieron en orden de importancia Las Piedras con el 10,4% y Pando con el 8,1%. <br><\/p>\n\n\n\n<p>La planta de La Caballada, del grupo Marfrig, fue la \u00fanica planta salte\u00f1a operativa en la especie vacuna, representando el 6,7% del total faenado a nivel nacional. <br><\/p>\n\n\n\n<p>En el acumulado de 2022, la faena vacuna ha crecido un 10,8%, tras sumar 1.265.736 cabezas. El 48% de ese volumen son novillos, el 37% vacas y el 13% vaquillonas. <\/p>\n\n\n\n<p>Salto, 21 de junio de 2022<\/p>\n","protected":false},"excerpt":{"rendered":"<p>Durante la \u00faltima semana de faena a nivel pa\u00eds, la industria frigor\u00edfica proceso 46.922 cabezas vacunas, un 4,1% inferior a la semana previa, y 3% por debajo de la misma [&hellip;]<\/p>\n","protected":false},"author":5,"featured_media":38763,"comment_status":"open","ping_status":"open","sticky":false,"template":"","format":"standard","meta":{"_price":"","_stock":"","_tribe_ticket_header":"","_tribe_default_ticket_provider":"","_tribe_ticket_capacity":"0","_ticket_start_date":"","_ticket_end_date":"","_tribe_ticket_show_description":"","_tribe_ticket_show_not_going":false,"_tribe_ticket_use_global_stock":"","_tribe_ticket_global_stock_level":"","_global_stock_mode":"","_global_stock_cap":"","_tribe_rsvp_for_event":"","_tribe_ticket_going_count":"","_tribe_ticket_not_going_count":"","_tribe_tickets_list":"[]","_tribe_ticket_has_attendee_info_fields":false,"h5ap_radio_sources":[],"_jetpack_newsletter_access":"","_jetpack_dont_email_post_to_subs":false,"_jetpack_newsletter_tier_id":0,"_jetpack_memberships_contains_paywalled_content":false,"_jetpack_memberships_contains_paid_content":false,"footnotes":""},"categories":[21,5],"tags":[],"class_list":["post-43017","post","type-post","status-publish","format-standard","has-post-thumbnail","hentry","category-actualidad","category-ganaderia"],"jetpack_featured_media_url":"https:\/\/i0.wp.com\/lahoradelcampo.com.uy\/site\/wp-content\/uploads\/2022\/02\/Faena-vacas.jpg?fit=880%2C440&ssl=1","jetpack_sharing_enabled":true,"jetpack_shortlink":"https:\/\/wp.me\/p99IaT-bbP","jetpack-related-posts":[{"id":54249,"url":"https:\/\/lahoradelcampo.com.uy\/site\/faena-vacuna-cayo-pero-supera-las-47-mil-cabezas\/","url_meta":{"origin":43017,"position":0},"title":"Faena vacuna cay\u00f3, pero supera las 47 mil cabezas","author":"La Hora del Campo","date":"20 agosto, 2024","format":false,"excerpt":"Con 29 plantas activas al cierre de la semana pasada, la faena vacuna sum\u00f3 47.329 cabezas, 2.561 cabezas menos que la semana anterior (-5,1%). Por su parte, la actividad en ovinos se posicion\u00f3 en 12.047 cabezas, con 6 plantas, subiendo un 7,5% la faena respecto a la semana pasada. La\u2026","rel":"","context":"En \u00abActualidad\u00bb","block_context":{"text":"Actualidad","link":"https:\/\/lahoradelcampo.com.uy\/site\/category\/actualidad\/"},"img":{"alt_text":"","src":"https:\/\/i0.wp.com\/lahoradelcampo.com.uy\/site\/wp-content\/uploads\/2024\/08\/faena-vacuna-20-8.jpg?fit=880%2C440&ssl=1&resize=350%2C200","width":350,"height":200,"srcset":"https:\/\/i0.wp.com\/lahoradelcampo.com.uy\/site\/wp-content\/uploads\/2024\/08\/faena-vacuna-20-8.jpg?fit=880%2C440&ssl=1&resize=350%2C200 1x, https:\/\/i0.wp.com\/lahoradelcampo.com.uy\/site\/wp-content\/uploads\/2024\/08\/faena-vacuna-20-8.jpg?fit=880%2C440&ssl=1&resize=525%2C300 1.5x, https:\/\/i0.wp.com\/lahoradelcampo.com.uy\/site\/wp-content\/uploads\/2024\/08\/faena-vacuna-20-8.jpg?fit=880%2C440&ssl=1&resize=700%2C400 2x"},"classes":[]},{"id":43257,"url":"https:\/\/lahoradelcampo.com.uy\/site\/faena-volvio-a-caer-esta-semana\/","url_meta":{"origin":43017,"position":1},"title":"Faena vacuna volvi\u00f3 a caer esta semana","author":"La Hora del Campo","date":"28 junio, 2022","format":false,"excerpt":"En la \u00faltima semana, cerrada el 25 de junio, la faena vacuna se posicion\u00f3 en las 43.811 cabezas, registrando una baja semanal del 6,6% y del 13,6% frente a la \u00faltima semana del mes de mayo. La actividad de la industria estuvo compuesta por 19.288 cabezas de novillos, 17.385 vacas,\u2026","rel":"","context":"En \u00abActualidad\u00bb","block_context":{"text":"Actualidad","link":"https:\/\/lahoradelcampo.com.uy\/site\/category\/actualidad\/"},"img":{"alt_text":"","src":"https:\/\/i0.wp.com\/lahoradelcampo.com.uy\/site\/wp-content\/uploads\/2019\/05\/Faena-1.jpg?fit=880%2C440&ssl=1&resize=350%2C200","width":350,"height":200,"srcset":"https:\/\/i0.wp.com\/lahoradelcampo.com.uy\/site\/wp-content\/uploads\/2019\/05\/Faena-1.jpg?fit=880%2C440&ssl=1&resize=350%2C200 1x, https:\/\/i0.wp.com\/lahoradelcampo.com.uy\/site\/wp-content\/uploads\/2019\/05\/Faena-1.jpg?fit=880%2C440&ssl=1&resize=525%2C300 1.5x, https:\/\/i0.wp.com\/lahoradelcampo.com.uy\/site\/wp-content\/uploads\/2019\/05\/Faena-1.jpg?fit=880%2C440&ssl=1&resize=700%2C400 2x"},"classes":[]},{"id":45867,"url":"https:\/\/lahoradelcampo.com.uy\/site\/faena-vacuna-crecio-un-19-y-la-ovina-57\/","url_meta":{"origin":43017,"position":2},"title":"Faena vacuna creci\u00f3 un 19% y la ovina 5,7%","author":"La Hora del Campo","date":"27 septiembre, 2022","format":false,"excerpt":"Sin los ganados de corral y con 26 plantas activas, de las 33 que han estado activas en lo que va del a\u00f1o, la faena vacuna subi\u00f3 un 19%. Se debe tener en cuenta que la informaci\u00f3n de la pasada semana ten\u00eda en cuenta un d\u00eda menos de actividad por\u2026","rel":"","context":"En \u00abActualidad\u00bb","block_context":{"text":"Actualidad","link":"https:\/\/lahoradelcampo.com.uy\/site\/category\/actualidad\/"},"img":{"alt_text":"","src":"https:\/\/i0.wp.com\/lahoradelcampo.com.uy\/site\/wp-content\/uploads\/2022\/07\/FAENA-vacuna1.jpg?fit=880%2C440&ssl=1&resize=350%2C200","width":350,"height":200,"srcset":"https:\/\/i0.wp.com\/lahoradelcampo.com.uy\/site\/wp-content\/uploads\/2022\/07\/FAENA-vacuna1.jpg?fit=880%2C440&ssl=1&resize=350%2C200 1x, https:\/\/i0.wp.com\/lahoradelcampo.com.uy\/site\/wp-content\/uploads\/2022\/07\/FAENA-vacuna1.jpg?fit=880%2C440&ssl=1&resize=525%2C300 1.5x, https:\/\/i0.wp.com\/lahoradelcampo.com.uy\/site\/wp-content\/uploads\/2022\/07\/FAENA-vacuna1.jpg?fit=880%2C440&ssl=1&resize=700%2C400 2x"},"classes":[]},{"id":27100,"url":"https:\/\/lahoradelcampo.com.uy\/site\/la-faena-vacuna-se-mantuvo-estable-en-las-45-958-cabezas\/","url_meta":{"origin":43017,"position":3},"title":"La faena vacuna se mantuvo estable en las 45.958 cabezas","author":"La Hora del Campo","date":"26 enero, 2021","format":false,"excerpt":"Con menos plantas activas al cierre de la semana, debido al registro de casos de Covd-19 en funcionarios, fuera de las mismas, la faena vacuna cerr\u00f3 el 23 de enero en 45.958 cabezas, 20 cabezas m\u00e1s que la semana anterior. A modo de ejemplo, la planta de Tacuaremb\u00f3 Marfrig, que\u2026","rel":"","context":"En \u00abActualidad\u00bb","block_context":{"text":"Actualidad","link":"https:\/\/lahoradelcampo.com.uy\/site\/category\/actualidad\/"},"img":{"alt_text":"","src":"https:\/\/i0.wp.com\/lahoradelcampo.com.uy\/site\/wp-content\/uploads\/2017\/12\/Faena-1.jpg?fit=880%2C440&ssl=1&resize=350%2C200","width":350,"height":200,"srcset":"https:\/\/i0.wp.com\/lahoradelcampo.com.uy\/site\/wp-content\/uploads\/2017\/12\/Faena-1.jpg?fit=880%2C440&ssl=1&resize=350%2C200 1x, https:\/\/i0.wp.com\/lahoradelcampo.com.uy\/site\/wp-content\/uploads\/2017\/12\/Faena-1.jpg?fit=880%2C440&ssl=1&resize=525%2C300 1.5x, https:\/\/i0.wp.com\/lahoradelcampo.com.uy\/site\/wp-content\/uploads\/2017\/12\/Faena-1.jpg?fit=880%2C440&ssl=1&resize=700%2C400 2x"},"classes":[]},{"id":43481,"url":"https:\/\/lahoradelcampo.com.uy\/site\/en-junio-la-faena-vacuna-cayo-un-128\/","url_meta":{"origin":43017,"position":4},"title":"En junio, la faena vacuna cay\u00f3 un 12,8%","author":"La Hora del Campo","date":"5 julio, 2022","format":false,"excerpt":"La pasada semana cerrada el 2 de julio de 2022, la faena vacuna registr\u00f3 el segundo menor nivel semanal de actividad del presente a\u00f1o. Seg\u00fan los datos aportados por el Instituto Nacional de Carnes (INAC), la faena cerr\u00f3 en 39.987 cabezas de vacunos, un 8,7% por debajo de la semana\u2026","rel":"","context":"En \u00abActualidad\u00bb","block_context":{"text":"Actualidad","link":"https:\/\/lahoradelcampo.com.uy\/site\/category\/actualidad\/"},"img":{"alt_text":"","src":"https:\/\/i0.wp.com\/lahoradelcampo.com.uy\/site\/wp-content\/uploads\/2022\/07\/FAENA-vacuna1.jpg?fit=880%2C440&ssl=1&resize=350%2C200","width":350,"height":200,"srcset":"https:\/\/i0.wp.com\/lahoradelcampo.com.uy\/site\/wp-content\/uploads\/2022\/07\/FAENA-vacuna1.jpg?fit=880%2C440&ssl=1&resize=350%2C200 1x, https:\/\/i0.wp.com\/lahoradelcampo.com.uy\/site\/wp-content\/uploads\/2022\/07\/FAENA-vacuna1.jpg?fit=880%2C440&ssl=1&resize=525%2C300 1.5x, https:\/\/i0.wp.com\/lahoradelcampo.com.uy\/site\/wp-content\/uploads\/2022\/07\/FAENA-vacuna1.jpg?fit=880%2C440&ssl=1&resize=700%2C400 2x"},"classes":[]},{"id":15436,"url":"https:\/\/lahoradelcampo.com.uy\/site\/la-faena-vacuna-semanal-crecio-un-35\/","url_meta":{"origin":43017,"position":5},"title":"La faena vacuna semanal creci\u00f3 un 3,5%","author":"La Hora del Campo","date":"29 octubre, 2019","format":false,"excerpt":"Seg\u00fan los datos aportados por el Instituto Nacional de Carnes, la faena vacuna creci\u00f3 un 3,5% en la \u00faltima semana, tras la recuperaci\u00f3n en el volumen de vacas y novillos en la actividad industrial. Durante los \u00faltimos siete d\u00edas, al 26 de octubre, la faena alcanz\u00f3 las 34.563 cabezas. En\u2026","rel":"","context":"En \u00abActualidad\u00bb","block_context":{"text":"Actualidad","link":"https:\/\/lahoradelcampo.com.uy\/site\/category\/actualidad\/"},"img":{"alt_text":"","src":"https:\/\/i0.wp.com\/lahoradelcampo.com.uy\/site\/wp-content\/uploads\/2017\/10\/faena-vacuna.jpg?fit=880%2C440&ssl=1&resize=350%2C200","width":350,"height":200,"srcset":"https:\/\/i0.wp.com\/lahoradelcampo.com.uy\/site\/wp-content\/uploads\/2017\/10\/faena-vacuna.jpg?fit=880%2C440&ssl=1&resize=350%2C200 1x, https:\/\/i0.wp.com\/lahoradelcampo.com.uy\/site\/wp-content\/uploads\/2017\/10\/faena-vacuna.jpg?fit=880%2C440&ssl=1&resize=525%2C300 1.5x, https:\/\/i0.wp.com\/lahoradelcampo.com.uy\/site\/wp-content\/uploads\/2017\/10\/faena-vacuna.jpg?fit=880%2C440&ssl=1&resize=700%2C400 2x"},"classes":[]}],"jetpack_likes_enabled":true,"_links":{"self":[{"href":"https:\/\/lahoradelcampo.com.uy\/site\/wp-json\/wp\/v2\/posts\/43017","targetHints":{"allow":["GET"]}}],"collection":[{"href":"https:\/\/lahoradelcampo.com.uy\/site\/wp-json\/wp\/v2\/posts"}],"about":[{"href":"https:\/\/lahoradelcampo.com.uy\/site\/wp-json\/wp\/v2\/types\/post"}],"author":[{"embeddable":true,"href":"https:\/\/lahoradelcampo.com.uy\/site\/wp-json\/wp\/v2\/users\/5"}],"replies":[{"embeddable":true,"href":"https:\/\/lahoradelcampo.com.uy\/site\/wp-json\/wp\/v2\/comments?post=43017"}],"version-history":[{"count":1,"href":"https:\/\/lahoradelcampo.com.uy\/site\/wp-json\/wp\/v2\/posts\/43017\/revisions"}],"predecessor-version":[{"id":43019,"href":"https:\/\/lahoradelcampo.com.uy\/site\/wp-json\/wp\/v2\/posts\/43017\/revisions\/43019"}],"wp:featuredmedia":[{"embeddable":true,"href":"https:\/\/lahoradelcampo.com.uy\/site\/wp-json\/wp\/v2\/media\/38763"}],"wp:attachment":[{"href":"https:\/\/lahoradelcampo.com.uy\/site\/wp-json\/wp\/v2\/media?parent=43017"}],"wp:term":[{"taxonomy":"category","embeddable":true,"href":"https:\/\/lahoradelcampo.com.uy\/site\/wp-json\/wp\/v2\/categories?post=43017"},{"taxonomy":"post_tag","embeddable":true,"href":"https:\/\/lahoradelcampo.com.uy\/site\/wp-json\/wp\/v2\/tags?post=43017"}],"curies":[{"name":"wp","href":"https:\/\/api.w.org\/{rel}","templated":true}]}}