{"id":43011,"date":"2022-06-21T07:41:12","date_gmt":"2022-06-21T10:41:12","guid":{"rendered":"http:\/\/lahoradelcampo.com.uy\/site\/?p=43011"},"modified":"2022-06-21T07:41:18","modified_gmt":"2022-06-21T10:41:18","slug":"foica-anuncio-paro-de-24-horas-para-el-7-de-julio","status":"publish","type":"post","link":"https:\/\/lahoradelcampo.com.uy\/site\/foica-anuncio-paro-de-24-horas-para-el-7-de-julio\/","title":{"rendered":"FOICA anunci\u00f3 paro de 24 horas para  el 7 de julio"},"content":{"rendered":"\n<figure class=\"wp-block-image\"><img data-recalc-dims=\"1\" loading=\"lazy\" decoding=\"async\" width=\"810\" height=\"405\" data-attachment-id=\"4563\" data-permalink=\"https:\/\/lahoradelcampo.com.uy\/site\/en-12-dias-los-precios-del-gordo-bajaron-20-centavos\/foica-2\/\" data-orig-file=\"https:\/\/i0.wp.com\/lahoradelcampo.com.uy\/site\/wp-content\/uploads\/2017\/12\/Foica.jpg?fit=880%2C440&amp;ssl=1\" data-orig-size=\"880,440\" data-comments-opened=\"1\" data-image-meta=\"{&quot;aperture&quot;:&quot;0&quot;,&quot;credit&quot;:&quot;Vicente-Manuel-Tort&quot;,&quot;camera&quot;:&quot;&quot;,&quot;caption&quot;:&quot;&quot;,&quot;created_timestamp&quot;:&quot;0&quot;,&quot;copyright&quot;:&quot;Presidencia de la Republica - Sec.Com.Inst.&quot;,&quot;focal_length&quot;:&quot;0&quot;,&quot;iso&quot;:&quot;0&quot;,&quot;shutter_speed&quot;:&quot;0&quot;,&quot;title&quot;:&quot;&quot;,&quot;orientation&quot;:&quot;1&quot;}\" data-image-title=\"Foica\" data-image-description=\"\" data-image-caption=\"\" data-large-file=\"https:\/\/i0.wp.com\/lahoradelcampo.com.uy\/site\/wp-content\/uploads\/2017\/12\/Foica.jpg?fit=810%2C405&amp;ssl=1\" src=\"https:\/\/i0.wp.com\/lahoradelcampo.com.uy\/site\/wp-content\/uploads\/2017\/12\/Foica.jpg?resize=810%2C405\" alt=\"\" class=\"wp-image-4563\" srcset=\"https:\/\/i0.wp.com\/lahoradelcampo.com.uy\/site\/wp-content\/uploads\/2017\/12\/Foica.jpg?w=880&amp;ssl=1 880w, https:\/\/i0.wp.com\/lahoradelcampo.com.uy\/site\/wp-content\/uploads\/2017\/12\/Foica.jpg?resize=300%2C150&amp;ssl=1 300w, https:\/\/i0.wp.com\/lahoradelcampo.com.uy\/site\/wp-content\/uploads\/2017\/12\/Foica.jpg?resize=768%2C384&amp;ssl=1 768w, https:\/\/i0.wp.com\/lahoradelcampo.com.uy\/site\/wp-content\/uploads\/2017\/12\/Foica.jpg?resize=820%2C410&amp;ssl=1 820w\" sizes=\"auto, (max-width: 810px) 100vw, 810px\" \/><\/figure>\n\n\n\n<p>La Federaci\u00f3n Obrera de la Industria de la Carne y Afines (Foica) anunci\u00f3 que realizar\u00e1 un paro general de 24 horas, el pr\u00f3ximo jueves 7 de julio de 2022. Dicha decisi\u00f3n se enmarca dentro del Paro General Metropolitano con Movilizaci\u00f3n entre las 9 y las 13 horas, coordinado por el Pit-Cnt. <br><\/p>\n\n\n\n<p>El sindicato de obreros de la carne en su comunicado define que la movilizaci\u00f3n es contra el hambre y la desigualdad, contra la Reforma de la Seguridad Social, en Defensa de la Ley de Negociaci\u00f3n Colectiva, en apoyo a los Gremios P\u00fablicos y Privados en conflicto por diferentes motivos y contra el ataque sistem\u00e1tico a las Organizaciones Sindicales. <\/p>\n\n\n\n<p>Salto, 21 de junio de 2022<\/p>\n","protected":false},"excerpt":{"rendered":"<p>La Federaci\u00f3n Obrera de la Industria de la Carne y Afines (Foica) anunci\u00f3 que realizar\u00e1 un paro general de 24 horas, el pr\u00f3ximo jueves 7 de julio de 2022. Dicha [&hellip;]<\/p>\n","protected":false},"author":5,"featured_media":4563,"comment_status":"open","ping_status":"open","sticky":false,"template":"","format":"standard","meta":{"_price":"","_stock":"","_tribe_ticket_header":"","_tribe_default_ticket_provider":"","_tribe_ticket_capacity":"0","_ticket_start_date":"","_ticket_end_date":"","_tribe_ticket_show_description":"","_tribe_ticket_show_not_going":false,"_tribe_ticket_use_global_stock":"","_tribe_ticket_global_stock_level":"","_global_stock_mode":"","_global_stock_cap":"","_tribe_rsvp_for_event":"","_tribe_ticket_going_count":"","_tribe_ticket_not_going_count":"","_tribe_tickets_list":"[]","_tribe_ticket_has_attendee_info_fields":false,"h5ap_radio_sources":[],"_jetpack_newsletter_access":"","_jetpack_dont_email_post_to_subs":false,"_jetpack_newsletter_tier_id":0,"_jetpack_memberships_contains_paywalled_content":false,"_jetpack_memberships_contains_paid_content":false,"footnotes":""},"categories":[21,5],"tags":[],"class_list":["post-43011","post","type-post","status-publish","format-standard","has-post-thumbnail","hentry","category-actualidad","category-ganaderia"],"jetpack_featured_media_url":"https:\/\/i0.wp.com\/lahoradelcampo.com.uy\/site\/wp-content\/uploads\/2017\/12\/Foica.jpg?fit=880%2C440&ssl=1","jetpack_sharing_enabled":true,"jetpack_shortlink":"https:\/\/wp.me\/p99IaT-bbJ","jetpack-related-posts":[{"id":7221,"url":"https:\/\/lahoradelcampo.com.uy\/site\/foica-anuncio-paro-de-24-horas-en-toda-la-industria\/","url_meta":{"origin":43011,"position":0},"title":"FOICA anunci\u00f3 paro de 24 horas en toda la industria","author":"La Hora del Campo","date":"16 mayo, 2018","format":false,"excerpt":"La problem\u00e1tica en la empresa Somicar, responsable por la planta del ex-Matadero Municipal de Salto, contin\u00faa incambiada, por lo cual la Federaci\u00f3n de Obreros de la Industria de la Carne y Afines (FOICA) anunci\u00f3 que realizar\u00e1 en la jornada de ma\u00f1ana un nuevo paro de 24 horas en toda la\u2026","rel":"","context":"En \u00abActualidad\u00bb","block_context":{"text":"Actualidad","link":"https:\/\/lahoradelcampo.com.uy\/site\/category\/actualidad\/"},"img":{"alt_text":"","src":"https:\/\/i0.wp.com\/lahoradelcampo.com.uy\/site\/wp-content\/uploads\/2018\/05\/somicar.jpg?fit=880%2C440&ssl=1&resize=350%2C200","width":350,"height":200,"srcset":"https:\/\/i0.wp.com\/lahoradelcampo.com.uy\/site\/wp-content\/uploads\/2018\/05\/somicar.jpg?fit=880%2C440&ssl=1&resize=350%2C200 1x, https:\/\/i0.wp.com\/lahoradelcampo.com.uy\/site\/wp-content\/uploads\/2018\/05\/somicar.jpg?fit=880%2C440&ssl=1&resize=525%2C300 1.5x, https:\/\/i0.wp.com\/lahoradelcampo.com.uy\/site\/wp-content\/uploads\/2018\/05\/somicar.jpg?fit=880%2C440&ssl=1&resize=700%2C400 2x"},"classes":[]},{"id":22148,"url":"https:\/\/lahoradelcampo.com.uy\/site\/foica-realiza-paro-nacional-el-28-de-julio\/","url_meta":{"origin":43011,"position":1},"title":"Foica realiza paro nacional el 28 de julio","author":"La Hora del Campo","date":"27 julio, 2020","format":false,"excerpt":"La Federaci\u00f3n de Obreros de la Industria de la Carne y Afines (FOICA) resolvi\u00f3 en el plenario nacional la realizaci\u00f3n de un paro general de 24 horas para el martes 28 de julio. El mismo, seg\u00fan el comunicado de la gremial de trabajadores, tiene dos ejes centrales de reinvindicaci\u00f3n: Trabajo\u2026","rel":"","context":"En \u00abActualidad\u00bb","block_context":{"text":"Actualidad","link":"https:\/\/lahoradelcampo.com.uy\/site\/category\/actualidad\/"},"img":{"alt_text":"","src":"https:\/\/i0.wp.com\/lahoradelcampo.com.uy\/site\/wp-content\/uploads\/2017\/12\/Foica.jpg?fit=880%2C440&ssl=1&resize=350%2C200","width":350,"height":200,"srcset":"https:\/\/i0.wp.com\/lahoradelcampo.com.uy\/site\/wp-content\/uploads\/2017\/12\/Foica.jpg?fit=880%2C440&ssl=1&resize=350%2C200 1x, https:\/\/i0.wp.com\/lahoradelcampo.com.uy\/site\/wp-content\/uploads\/2017\/12\/Foica.jpg?fit=880%2C440&ssl=1&resize=525%2C300 1.5x, https:\/\/i0.wp.com\/lahoradelcampo.com.uy\/site\/wp-content\/uploads\/2017\/12\/Foica.jpg?fit=880%2C440&ssl=1&resize=700%2C400 2x"},"classes":[]},{"id":54376,"url":"https:\/\/lahoradelcampo.com.uy\/site\/foica-anuncio-paro-de-48-horas-para-esta-semana\/","url_meta":{"origin":43011,"position":2},"title":"FOICA anunci\u00f3 paro de 48 horas para esta semana","author":"La Hora del Campo","date":"3 septiembre, 2024","format":false,"excerpt":"La Federaci\u00f3n de Obreros de la Industria de la Carne y Afines (Foica) ha decidido convocar un paro de 48 horas este mi\u00e9rcoles 4 y jueves 5 de septiembre, en protesta por la falta de acuerdo en la renovaci\u00f3n del convenio colectivo del sector triper\u00eda. Esta medida se produce en\u2026","rel":"","context":"En \u00abActualidad\u00bb","block_context":{"text":"Actualidad","link":"https:\/\/lahoradelcampo.com.uy\/site\/category\/actualidad\/"},"img":{"alt_text":"","src":"https:\/\/i0.wp.com\/lahoradelcampo.com.uy\/site\/wp-content\/uploads\/2017\/12\/Foica.jpg?fit=880%2C440&ssl=1&resize=350%2C200","width":350,"height":200,"srcset":"https:\/\/i0.wp.com\/lahoradelcampo.com.uy\/site\/wp-content\/uploads\/2017\/12\/Foica.jpg?fit=880%2C440&ssl=1&resize=350%2C200 1x, https:\/\/i0.wp.com\/lahoradelcampo.com.uy\/site\/wp-content\/uploads\/2017\/12\/Foica.jpg?fit=880%2C440&ssl=1&resize=525%2C300 1.5x, https:\/\/i0.wp.com\/lahoradelcampo.com.uy\/site\/wp-content\/uploads\/2017\/12\/Foica.jpg?fit=880%2C440&ssl=1&resize=700%2C400 2x"},"classes":[]},{"id":6745,"url":"https:\/\/lahoradelcampo.com.uy\/site\/hoy-se-realiza-paro-nacional-en-la-industria-frigorifica\/","url_meta":{"origin":43011,"position":3},"title":"Hoy se realiza Paro Nacional en la industria frigor\u00edfica","author":"La Hora del Campo","date":"2 mayo, 2018","format":false,"excerpt":"Hoy mi\u00e9rcoles 2 de mayo los frigor\u00edficos paran por 24 horas. La Federaci\u00f3n de Obreros de la Industria de la Carne y Afines (FOICA) resolvi\u00f3 hacer un paro para reclamar el reintegro del presidente del sindicato del Frigor\u00edfico Somicar, qui\u00e9n fue despedido por la empresa. La FOICA se reuni\u00f3 en\u2026","rel":"","context":"En \u00abActualidad\u00bb","block_context":{"text":"Actualidad","link":"https:\/\/lahoradelcampo.com.uy\/site\/category\/actualidad\/"},"img":{"alt_text":"","src":"https:\/\/i0.wp.com\/lahoradelcampo.com.uy\/site\/wp-content\/uploads\/2017\/09\/Faena-vacuna.jpg?fit=880%2C440&ssl=1&resize=350%2C200","width":350,"height":200,"srcset":"https:\/\/i0.wp.com\/lahoradelcampo.com.uy\/site\/wp-content\/uploads\/2017\/09\/Faena-vacuna.jpg?fit=880%2C440&ssl=1&resize=350%2C200 1x, https:\/\/i0.wp.com\/lahoradelcampo.com.uy\/site\/wp-content\/uploads\/2017\/09\/Faena-vacuna.jpg?fit=880%2C440&ssl=1&resize=525%2C300 1.5x, https:\/\/i0.wp.com\/lahoradelcampo.com.uy\/site\/wp-content\/uploads\/2017\/09\/Faena-vacuna.jpg?fit=880%2C440&ssl=1&resize=700%2C400 2x"},"classes":[]},{"id":4589,"url":"https:\/\/lahoradelcampo.com.uy\/site\/trabajadores-rechazaron-propuesta-de-frigorifico-solis\/","url_meta":{"origin":43011,"position":4},"title":"Trabajadores rechazaron propuesta de Frigor\u00edfico Sol\u00eds","author":"La Hora del Campo","date":"5 diciembre, 2017","format":false,"excerpt":"Luego del paro de 48 horas realizado por la Federaci\u00f3n de Obreros de la Industria C\u00e1rnica y Afines (Foica) la pasada semana, que afectara todas las plantas frigor\u00edficas del pa\u00eds,se realizaron dos reuniones llevadas adelante por parte de mediadores del MTSS con ambas partes del conflicto y todo hacia parecer\u2026","rel":"","context":"En \u00abActualidad\u00bb","block_context":{"text":"Actualidad","link":"https:\/\/lahoradelcampo.com.uy\/site\/category\/actualidad\/"},"img":{"alt_text":"","src":"https:\/\/i0.wp.com\/lahoradelcampo.com.uy\/site\/wp-content\/uploads\/2017\/12\/Foica.jpg?fit=880%2C440&ssl=1&resize=350%2C200","width":350,"height":200,"srcset":"https:\/\/i0.wp.com\/lahoradelcampo.com.uy\/site\/wp-content\/uploads\/2017\/12\/Foica.jpg?fit=880%2C440&ssl=1&resize=350%2C200 1x, https:\/\/i0.wp.com\/lahoradelcampo.com.uy\/site\/wp-content\/uploads\/2017\/12\/Foica.jpg?fit=880%2C440&ssl=1&resize=525%2C300 1.5x, https:\/\/i0.wp.com\/lahoradelcampo.com.uy\/site\/wp-content\/uploads\/2017\/12\/Foica.jpg?fit=880%2C440&ssl=1&resize=700%2C400 2x"},"classes":[]},{"id":18552,"url":"https:\/\/lahoradelcampo.com.uy\/site\/comenzo-hoy-el-paro-en-la-industria-frigorifica\/","url_meta":{"origin":43011,"position":5},"title":"Comenz\u00f3 hoy el paro en la industria frigor\u00edfica","author":"La Hora del Campo","date":"1 abril, 2020","format":false,"excerpt":"En la jornada de hoy dio comienzo el paro de actividades en la industria c\u00e1rnica convocado por la Federaci\u00f3n de Obreros de la Industria C\u00e1rnica y Afines (FOICA), que se encuentra dividida desde hace muchos a\u00f1os. En este sentido ha quedado clara la posici\u00f3n de la rama del sindicato definida\u2026","rel":"","context":"En \u00abActualidad\u00bb","block_context":{"text":"Actualidad","link":"https:\/\/lahoradelcampo.com.uy\/site\/category\/actualidad\/"},"img":{"alt_text":"","src":"https:\/\/i0.wp.com\/lahoradelcampo.com.uy\/site\/wp-content\/uploads\/2017\/12\/Faena.jpg?fit=880%2C440&ssl=1&resize=350%2C200","width":350,"height":200,"srcset":"https:\/\/i0.wp.com\/lahoradelcampo.com.uy\/site\/wp-content\/uploads\/2017\/12\/Faena.jpg?fit=880%2C440&ssl=1&resize=350%2C200 1x, https:\/\/i0.wp.com\/lahoradelcampo.com.uy\/site\/wp-content\/uploads\/2017\/12\/Faena.jpg?fit=880%2C440&ssl=1&resize=525%2C300 1.5x, https:\/\/i0.wp.com\/lahoradelcampo.com.uy\/site\/wp-content\/uploads\/2017\/12\/Faena.jpg?fit=880%2C440&ssl=1&resize=700%2C400 2x"},"classes":[]}],"jetpack_likes_enabled":true,"_links":{"self":[{"href":"https:\/\/lahoradelcampo.com.uy\/site\/wp-json\/wp\/v2\/posts\/43011","targetHints":{"allow":["GET"]}}],"collection":[{"href":"https:\/\/lahoradelcampo.com.uy\/site\/wp-json\/wp\/v2\/posts"}],"about":[{"href":"https:\/\/lahoradelcampo.com.uy\/site\/wp-json\/wp\/v2\/types\/post"}],"author":[{"embeddable":true,"href":"https:\/\/lahoradelcampo.com.uy\/site\/wp-json\/wp\/v2\/users\/5"}],"replies":[{"embeddable":true,"href":"https:\/\/lahoradelcampo.com.uy\/site\/wp-json\/wp\/v2\/comments?post=43011"}],"version-history":[{"count":1,"href":"https:\/\/lahoradelcampo.com.uy\/site\/wp-json\/wp\/v2\/posts\/43011\/revisions"}],"predecessor-version":[{"id":43013,"href":"https:\/\/lahoradelcampo.com.uy\/site\/wp-json\/wp\/v2\/posts\/43011\/revisions\/43013"}],"wp:featuredmedia":[{"embeddable":true,"href":"https:\/\/lahoradelcampo.com.uy\/site\/wp-json\/wp\/v2\/media\/4563"}],"wp:attachment":[{"href":"https:\/\/lahoradelcampo.com.uy\/site\/wp-json\/wp\/v2\/media?parent=43011"}],"wp:term":[{"taxonomy":"category","embeddable":true,"href":"https:\/\/lahoradelcampo.com.uy\/site\/wp-json\/wp\/v2\/categories?post=43011"},{"taxonomy":"post_tag","embeddable":true,"href":"https:\/\/lahoradelcampo.com.uy\/site\/wp-json\/wp\/v2\/tags?post=43011"}],"curies":[{"name":"wp","href":"https:\/\/api.w.org\/{rel}","templated":true}]}}