{"id":43005,"date":"2022-06-21T07:40:00","date_gmt":"2022-06-21T10:40:00","guid":{"rendered":"http:\/\/lahoradelcampo.com.uy\/site\/?p=43005"},"modified":"2022-06-21T07:40:07","modified_gmt":"2022-06-21T10:40:07","slug":"alta-presencia-de-publico-y-ventas-menos-agiles-a-final-del-mes","status":"publish","type":"post","link":"https:\/\/lahoradelcampo.com.uy\/site\/alta-presencia-de-publico-y-ventas-menos-agiles-a-final-del-mes\/","title":{"rendered":"Alta presencia de p\u00fablico y ventas menos \u00e1giles a final del mes"},"content":{"rendered":"\n<figure class=\"wp-block-image\"><img data-recalc-dims=\"1\" loading=\"lazy\" decoding=\"async\" width=\"810\" height=\"405\" data-attachment-id=\"7307\" data-permalink=\"https:\/\/lahoradelcampo.com.uy\/site\/primeros-frios-normalizan-el-nivel-de-oferta-en-el-mercado-modelo\/granja-2\/\" data-orig-file=\"https:\/\/i0.wp.com\/lahoradelcampo.com.uy\/site\/wp-content\/uploads\/2018\/05\/Granja.jpg?fit=880%2C440&amp;ssl=1\" data-orig-size=\"880,440\" data-comments-opened=\"1\" data-image-meta=\"{&quot;aperture&quot;:&quot;0&quot;,&quot;credit&quot;:&quot;&quot;,&quot;camera&quot;:&quot;&quot;,&quot;caption&quot;:&quot;&quot;,&quot;created_timestamp&quot;:&quot;0&quot;,&quot;copyright&quot;:&quot;&quot;,&quot;focal_length&quot;:&quot;0&quot;,&quot;iso&quot;:&quot;0&quot;,&quot;shutter_speed&quot;:&quot;0&quot;,&quot;title&quot;:&quot;&quot;,&quot;orientation&quot;:&quot;1&quot;}\" data-image-title=\"Granja\" data-image-description=\"\" data-image-caption=\"\" data-large-file=\"https:\/\/i0.wp.com\/lahoradelcampo.com.uy\/site\/wp-content\/uploads\/2018\/05\/Granja.jpg?fit=810%2C405&amp;ssl=1\" src=\"https:\/\/i0.wp.com\/lahoradelcampo.com.uy\/site\/wp-content\/uploads\/2018\/05\/Granja.jpg?resize=810%2C405\" alt=\"\" class=\"wp-image-7307\" srcset=\"https:\/\/i0.wp.com\/lahoradelcampo.com.uy\/site\/wp-content\/uploads\/2018\/05\/Granja.jpg?w=880&amp;ssl=1 880w, https:\/\/i0.wp.com\/lahoradelcampo.com.uy\/site\/wp-content\/uploads\/2018\/05\/Granja.jpg?resize=300%2C150&amp;ssl=1 300w, https:\/\/i0.wp.com\/lahoradelcampo.com.uy\/site\/wp-content\/uploads\/2018\/05\/Granja.jpg?resize=768%2C384&amp;ssl=1 768w, https:\/\/i0.wp.com\/lahoradelcampo.com.uy\/site\/wp-content\/uploads\/2018\/05\/Granja.jpg?resize=820%2C410&amp;ssl=1 820w\" sizes=\"auto, (max-width: 810px) 100vw, 810px\" \/><\/figure>\n\n\n\n<p>La jornada comercial de ayer transcurri\u00f3 de forma medianamente \u00e1gil en la Unidad Agroalimentaria Metropolitana, a\u00fan con alta concurrencia de p\u00fablico comprador. <br><\/p>\n\n\n\n<p>El menor nivel de ventas esperado, de acuerdo a la cantidad de p\u00fablico, se debe  como es habitual, al avance del mes ya entrada la segunda quincena, lo que genera cierta retracci\u00f3n en el levante de mercader\u00eda con respecto a la semana anterior.<br><\/p>\n\n\n\n<div class=\"wp-block-image\"><figure class=\"aligncenter is-resized\"><img data-recalc-dims=\"1\" loading=\"lazy\" decoding=\"async\" data-attachment-id=\"43007\" data-permalink=\"https:\/\/lahoradelcampo.com.uy\/site\/alta-presencia-de-publico-y-ventas-menos-agiles-a-final-del-mes\/granjapreciossa\/\" data-orig-file=\"https:\/\/i0.wp.com\/lahoradelcampo.com.uy\/site\/wp-content\/uploads\/2022\/06\/granjapreciossa.jpg?fit=598%2C483&amp;ssl=1\" data-orig-size=\"598,483\" data-comments-opened=\"1\" data-image-meta=\"{&quot;aperture&quot;:&quot;0&quot;,&quot;credit&quot;:&quot;&quot;,&quot;camera&quot;:&quot;&quot;,&quot;caption&quot;:&quot;&quot;,&quot;created_timestamp&quot;:&quot;0&quot;,&quot;copyright&quot;:&quot;&quot;,&quot;focal_length&quot;:&quot;0&quot;,&quot;iso&quot;:&quot;0&quot;,&quot;shutter_speed&quot;:&quot;0&quot;,&quot;title&quot;:&quot;&quot;,&quot;orientation&quot;:&quot;0&quot;}\" data-image-title=\"granjapreciossa\" data-image-description=\"\" data-image-caption=\"\" data-large-file=\"https:\/\/i0.wp.com\/lahoradelcampo.com.uy\/site\/wp-content\/uploads\/2022\/06\/granjapreciossa.jpg?fit=598%2C483&amp;ssl=1\" src=\"https:\/\/i0.wp.com\/lahoradelcampo.com.uy\/site\/wp-content\/uploads\/2022\/06\/granjapreciossa.jpg?resize=366%2C295\" alt=\"\" class=\"wp-image-43007\" width=\"366\" height=\"295\" srcset=\"https:\/\/i0.wp.com\/lahoradelcampo.com.uy\/site\/wp-content\/uploads\/2022\/06\/granjapreciossa.jpg?w=598&amp;ssl=1 598w, https:\/\/i0.wp.com\/lahoradelcampo.com.uy\/site\/wp-content\/uploads\/2022\/06\/granjapreciossa.jpg?resize=300%2C242&amp;ssl=1 300w\" sizes=\"auto, (max-width: 366px) 100vw, 366px\" \/><\/figure><\/div>\n\n\n\n<p>En este escenario se registraron descensos en los precios de referencia de remolacha, cebollas, papa Rosada y zanahoria.<br><\/p>\n\n\n\n<p>Mientras que en contrapartida se observaron incrementos en las cotizaciones de zapallito, morr\u00f3n Amarillo, tomate Cherry Perita, chauchas, zapallo Kabuti\u00e1, apio Hoja, perejil y frutilla.<\/p>\n\n\n\n<p>Salto, 21 de junio de 2022<\/p>\n","protected":false},"excerpt":{"rendered":"<p>La jornada comercial de ayer transcurri\u00f3 de forma medianamente \u00e1gil en la Unidad Agroalimentaria Metropolitana, a\u00fan con alta concurrencia de p\u00fablico comprador. El menor nivel de ventas esperado, de acuerdo [&hellip;]<\/p>\n","protected":false},"author":5,"featured_media":7307,"comment_status":"open","ping_status":"open","sticky":false,"template":"","format":"standard","meta":{"_price":"","_stock":"","_tribe_ticket_header":"","_tribe_default_ticket_provider":"","_tribe_ticket_capacity":"0","_ticket_start_date":"","_ticket_end_date":"","_tribe_ticket_show_description":"","_tribe_ticket_show_not_going":false,"_tribe_ticket_use_global_stock":"","_tribe_ticket_global_stock_level":"","_global_stock_mode":"","_global_stock_cap":"","_tribe_rsvp_for_event":"","_tribe_ticket_going_count":"","_tribe_ticket_not_going_count":"","_tribe_tickets_list":"[]","_tribe_ticket_has_attendee_info_fields":false,"h5ap_radio_sources":[],"_jetpack_newsletter_access":"","_jetpack_dont_email_post_to_subs":false,"_jetpack_newsletter_tier_id":0,"_jetpack_memberships_contains_paywalled_content":false,"_jetpack_memberships_contains_paid_content":false,"footnotes":""},"categories":[21,9],"tags":[],"class_list":["post-43005","post","type-post","status-publish","format-standard","has-post-thumbnail","hentry","category-actualidad","category-granja"],"jetpack_featured_media_url":"https:\/\/i0.wp.com\/lahoradelcampo.com.uy\/site\/wp-content\/uploads\/2018\/05\/Granja.jpg?fit=880%2C440&ssl=1","jetpack_sharing_enabled":true,"jetpack_shortlink":"https:\/\/wp.me\/p99IaT-bbD","jetpack-related-posts":[{"id":41433,"url":"https:\/\/lahoradelcampo.com.uy\/site\/alto-nivel-de-publico-y-ventas-poco-agiles\/","url_meta":{"origin":43005,"position":0},"title":"Alto nivel de p\u00fablico y ventas poco \u00e1giles","author":"La Hora del Campo","date":"3 mayo, 2022","format":false,"excerpt":"La operativa transcurri\u00f3 de manera poco \u00e1gil en la jornada de ayer lunes en la Unidad Agroalimentaria Metropolitana (UAM), lo cual evidencia la realidad del inicio de mes, aunque con alta la concurrencia de p\u00fablico comprador. En este escenario del mercado, se registraron descensos en los precios de referencia de\u2026","rel":"","context":"En \u00abActualidad\u00bb","block_context":{"text":"Actualidad","link":"https:\/\/lahoradelcampo.com.uy\/site\/category\/actualidad\/"},"img":{"alt_text":"","src":"https:\/\/i0.wp.com\/lahoradelcampo.com.uy\/site\/wp-content\/uploads\/2018\/05\/Tomate.jpg?fit=880%2C440&ssl=1&resize=350%2C200","width":350,"height":200,"srcset":"https:\/\/i0.wp.com\/lahoradelcampo.com.uy\/site\/wp-content\/uploads\/2018\/05\/Tomate.jpg?fit=880%2C440&ssl=1&resize=350%2C200 1x, https:\/\/i0.wp.com\/lahoradelcampo.com.uy\/site\/wp-content\/uploads\/2018\/05\/Tomate.jpg?fit=880%2C440&ssl=1&resize=525%2C300 1.5x, https:\/\/i0.wp.com\/lahoradelcampo.com.uy\/site\/wp-content\/uploads\/2018\/05\/Tomate.jpg?fit=880%2C440&ssl=1&resize=700%2C400 2x"},"classes":[]},{"id":35081,"url":"https:\/\/lahoradelcampo.com.uy\/site\/volvio-la-agilidad-en-las-ventas-granjeras\/","url_meta":{"origin":43005,"position":1},"title":"Volvi\u00f3 la agilidad en las ventas granjeras","author":"La Hora del Campo","date":"5 octubre, 2021","format":false,"excerpt":"El comienzo del mes de octubre reactivo una demanda en el sector frutihort\u00edcola que en las \u00faltimas semanas hab\u00eda mermado con la llegada del final del mes de setiembre. Este lunes, seg\u00fan los referentes del mercado, la jornada transcurri\u00f3 de manera \u00e1gil, con alta concurrencia de p\u00fablico comprador y levante\u2026","rel":"","context":"En \u00abActualidad\u00bb","block_context":{"text":"Actualidad","link":"https:\/\/lahoradelcampo.com.uy\/site\/category\/actualidad\/"},"img":{"alt_text":"","src":"https:\/\/i0.wp.com\/lahoradelcampo.com.uy\/site\/wp-content\/uploads\/2017\/11\/Morr%C3%B3n.jpg?fit=880%2C440&ssl=1&resize=350%2C200","width":350,"height":200,"srcset":"https:\/\/i0.wp.com\/lahoradelcampo.com.uy\/site\/wp-content\/uploads\/2017\/11\/Morr%C3%B3n.jpg?fit=880%2C440&ssl=1&resize=350%2C200 1x, https:\/\/i0.wp.com\/lahoradelcampo.com.uy\/site\/wp-content\/uploads\/2017\/11\/Morr%C3%B3n.jpg?fit=880%2C440&ssl=1&resize=525%2C300 1.5x, https:\/\/i0.wp.com\/lahoradelcampo.com.uy\/site\/wp-content\/uploads\/2017\/11\/Morr%C3%B3n.jpg?fit=880%2C440&ssl=1&resize=700%2C400 2x"},"classes":[]},{"id":41655,"url":"https:\/\/lahoradelcampo.com.uy\/site\/alto-nivel-de-publico-y-ventas-poco-agiles-2\/","url_meta":{"origin":43005,"position":2},"title":"Alto nivel de p\u00fablico y ventas poco \u00e1giles","author":"La Hora del Campo","date":"10 mayo, 2022","format":false,"excerpt":"La actividad comercial transcurri\u00f3 medianamente \u00e1gil con alta concurrencia de p\u00fablico comprador, aunque con menor levante de mercader\u00eda con relaci\u00f3n a la semana pasada, seg\u00fan inform\u00f3 ayer la Unidad Agroalimentaria Metropolitana (UAM). Como novedad se registr\u00f3 el ingreso de las primeras partidas de mandarinas Criollas. Se registraron descensos en los\u2026","rel":"","context":"En \u00abActualidad\u00bb","block_context":{"text":"Actualidad","link":"https:\/\/lahoradelcampo.com.uy\/site\/category\/actualidad\/"},"img":{"alt_text":"","src":"https:\/\/i0.wp.com\/lahoradelcampo.com.uy\/site\/wp-content\/uploads\/2021\/05\/Mandarinacriolla.jpg?fit=880%2C440&ssl=1&resize=350%2C200","width":350,"height":200,"srcset":"https:\/\/i0.wp.com\/lahoradelcampo.com.uy\/site\/wp-content\/uploads\/2021\/05\/Mandarinacriolla.jpg?fit=880%2C440&ssl=1&resize=350%2C200 1x, https:\/\/i0.wp.com\/lahoradelcampo.com.uy\/site\/wp-content\/uploads\/2021\/05\/Mandarinacriolla.jpg?fit=880%2C440&ssl=1&resize=525%2C300 1.5x, https:\/\/i0.wp.com\/lahoradelcampo.com.uy\/site\/wp-content\/uploads\/2021\/05\/Mandarinacriolla.jpg?fit=880%2C440&ssl=1&resize=700%2C400 2x"},"classes":[]},{"id":47151,"url":"https:\/\/lahoradelcampo.com.uy\/site\/menor-presencia-de-publico-bajas-ventas-de-la-granja\/","url_meta":{"origin":43005,"position":3},"title":"Menor presencia de p\u00fablico, bajas ventas de la granja","author":"La Hora del Campo","date":"22 noviembre, 2022","format":false,"excerpt":"El comienzo de la semana comercial en la Unidad Agroalimentaria Metropolitana (UAM) se present\u00f3 poco \u00e1gil con un menor ingreso de p\u00fablico comprador y un levante de mercader\u00eda enlentecido debido a la ocurrencia de precipitaciones y el comienzo de la \u00faltima decena del mes. Como novedad se registr\u00f3 el ingreso\u2026","rel":"","context":"En \u00abActualidad\u00bb","block_context":{"text":"Actualidad","link":"https:\/\/lahoradelcampo.com.uy\/site\/category\/actualidad\/"},"img":{"alt_text":"","src":"https:\/\/i0.wp.com\/lahoradelcampo.com.uy\/site\/wp-content\/uploads\/2022\/04\/UAM-General.jpg?fit=880%2C440&ssl=1&resize=350%2C200","width":350,"height":200,"srcset":"https:\/\/i0.wp.com\/lahoradelcampo.com.uy\/site\/wp-content\/uploads\/2022\/04\/UAM-General.jpg?fit=880%2C440&ssl=1&resize=350%2C200 1x, https:\/\/i0.wp.com\/lahoradelcampo.com.uy\/site\/wp-content\/uploads\/2022\/04\/UAM-General.jpg?fit=880%2C440&ssl=1&resize=525%2C300 1.5x, https:\/\/i0.wp.com\/lahoradelcampo.com.uy\/site\/wp-content\/uploads\/2022\/04\/UAM-General.jpg?fit=880%2C440&ssl=1&resize=700%2C400 2x"},"classes":[]},{"id":30586,"url":"https:\/\/lahoradelcampo.com.uy\/site\/la-llegada-de-fin-de-mes-profundizo-el-bajo-nivel-de-ventas\/","url_meta":{"origin":43005,"position":4},"title":"La llegada de fin de mes profundiz\u00f3 el bajo nivel de ventas","author":"La Hora del Campo","date":"28 mayo, 2021","format":false,"excerpt":"La llegada del final del mes profundiz\u00f3 el bajo nivel de ventas que se ha venido observando en la Unidad Agroalimentaria Metropolitana desde el comienzo de la semana posterior a las celebraciones del D\u00eda de la Madre. Seg\u00fan operadores del mercado, la semana estuvo caracterizada por por una menor afluencia\u2026","rel":"","context":"En \u00abActualidad\u00bb","block_context":{"text":"Actualidad","link":"https:\/\/lahoradelcampo.com.uy\/site\/category\/actualidad\/"},"img":{"alt_text":"","src":"https:\/\/i0.wp.com\/lahoradelcampo.com.uy\/site\/wp-content\/uploads\/2021\/05\/hortalizasdehoja.jpg?fit=880%2C440&ssl=1&resize=350%2C200","width":350,"height":200,"srcset":"https:\/\/i0.wp.com\/lahoradelcampo.com.uy\/site\/wp-content\/uploads\/2021\/05\/hortalizasdehoja.jpg?fit=880%2C440&ssl=1&resize=350%2C200 1x, https:\/\/i0.wp.com\/lahoradelcampo.com.uy\/site\/wp-content\/uploads\/2021\/05\/hortalizasdehoja.jpg?fit=880%2C440&ssl=1&resize=525%2C300 1.5x, https:\/\/i0.wp.com\/lahoradelcampo.com.uy\/site\/wp-content\/uploads\/2021\/05\/hortalizasdehoja.jpg?fit=880%2C440&ssl=1&resize=700%2C400 2x"},"classes":[]},{"id":28124,"url":"https:\/\/lahoradelcampo.com.uy\/site\/con-buena-presencia-de-publico-menor-volumen-de-colocacion-de-la-oferta\/","url_meta":{"origin":43005,"position":5},"title":"Con buena presencia de p\u00fablico, menor volumen de colocaci\u00f3n de la oferta","author":"La Hora del Campo","date":"2 marzo, 2021","format":false,"excerpt":"Mientras esperamos el reinicio de la informaci\u00f3n del mercado local, realizado por Avanza Salto Hort\u00edcola, les acercamos los valores y la operativa en la recientemente inaugurada Unidad Agroalimentaria Metropolitana. El inicio de la segunda semana de ventas en el nuevo centro de comercializaci\u00f3n se present\u00f3 medianamente \u00e1gil, con buena afluencia\u2026","rel":"","context":"En \u00abActualidad\u00bb","block_context":{"text":"Actualidad","link":"https:\/\/lahoradelcampo.com.uy\/site\/category\/actualidad\/"},"img":{"alt_text":"","src":"https:\/\/i0.wp.com\/lahoradelcampo.com.uy\/site\/wp-content\/uploads\/2020\/10\/UAM-granja.jpg?fit=880%2C440&ssl=1&resize=350%2C200","width":350,"height":200,"srcset":"https:\/\/i0.wp.com\/lahoradelcampo.com.uy\/site\/wp-content\/uploads\/2020\/10\/UAM-granja.jpg?fit=880%2C440&ssl=1&resize=350%2C200 1x, https:\/\/i0.wp.com\/lahoradelcampo.com.uy\/site\/wp-content\/uploads\/2020\/10\/UAM-granja.jpg?fit=880%2C440&ssl=1&resize=525%2C300 1.5x, https:\/\/i0.wp.com\/lahoradelcampo.com.uy\/site\/wp-content\/uploads\/2020\/10\/UAM-granja.jpg?fit=880%2C440&ssl=1&resize=700%2C400 2x"},"classes":[]}],"jetpack_likes_enabled":true,"_links":{"self":[{"href":"https:\/\/lahoradelcampo.com.uy\/site\/wp-json\/wp\/v2\/posts\/43005","targetHints":{"allow":["GET"]}}],"collection":[{"href":"https:\/\/lahoradelcampo.com.uy\/site\/wp-json\/wp\/v2\/posts"}],"about":[{"href":"https:\/\/lahoradelcampo.com.uy\/site\/wp-json\/wp\/v2\/types\/post"}],"author":[{"embeddable":true,"href":"https:\/\/lahoradelcampo.com.uy\/site\/wp-json\/wp\/v2\/users\/5"}],"replies":[{"embeddable":true,"href":"https:\/\/lahoradelcampo.com.uy\/site\/wp-json\/wp\/v2\/comments?post=43005"}],"version-history":[{"count":1,"href":"https:\/\/lahoradelcampo.com.uy\/site\/wp-json\/wp\/v2\/posts\/43005\/revisions"}],"predecessor-version":[{"id":43009,"href":"https:\/\/lahoradelcampo.com.uy\/site\/wp-json\/wp\/v2\/posts\/43005\/revisions\/43009"}],"wp:featuredmedia":[{"embeddable":true,"href":"https:\/\/lahoradelcampo.com.uy\/site\/wp-json\/wp\/v2\/media\/7307"}],"wp:attachment":[{"href":"https:\/\/lahoradelcampo.com.uy\/site\/wp-json\/wp\/v2\/media?parent=43005"}],"wp:term":[{"taxonomy":"category","embeddable":true,"href":"https:\/\/lahoradelcampo.com.uy\/site\/wp-json\/wp\/v2\/categories?post=43005"},{"taxonomy":"post_tag","embeddable":true,"href":"https:\/\/lahoradelcampo.com.uy\/site\/wp-json\/wp\/v2\/tags?post=43005"}],"curies":[{"name":"wp","href":"https:\/\/api.w.org\/{rel}","templated":true}]}}