{"id":42975,"date":"2022-06-20T07:48:33","date_gmt":"2022-06-20T10:48:33","guid":{"rendered":"http:\/\/lahoradelcampo.com.uy\/site\/?p=42975"},"modified":"2022-06-20T11:38:03","modified_gmt":"2022-06-20T14:38:03","slug":"area-de-colza-crecio-un-636-y-es-el-principal-cultivo-de-invierno","status":"publish","type":"post","link":"https:\/\/lahoradelcampo.com.uy\/site\/area-de-colza-crecio-un-636-y-es-el-principal-cultivo-de-invierno\/","title":{"rendered":"\u00c1rea de colza creci\u00f3 un 63,6% y es el principal cultivo de invierno"},"content":{"rendered":"\n<figure class=\"wp-block-image\"><img data-recalc-dims=\"1\" loading=\"lazy\" decoding=\"async\" width=\"810\" height=\"405\" data-attachment-id=\"31546\" data-permalink=\"https:\/\/lahoradelcampo.com.uy\/site\/area-de-cultivos-de-invierno-creceria-un-16-en-2021\/colza\/\" data-orig-file=\"https:\/\/i0.wp.com\/lahoradelcampo.com.uy\/site\/wp-content\/uploads\/2021\/06\/colza.jpg?fit=880%2C440&amp;ssl=1\" data-orig-size=\"880,440\" data-comments-opened=\"1\" data-image-meta=\"{&quot;aperture&quot;:&quot;0&quot;,&quot;credit&quot;:&quot;&quot;,&quot;camera&quot;:&quot;&quot;,&quot;caption&quot;:&quot;&quot;,&quot;created_timestamp&quot;:&quot;0&quot;,&quot;copyright&quot;:&quot;&quot;,&quot;focal_length&quot;:&quot;0&quot;,&quot;iso&quot;:&quot;0&quot;,&quot;shutter_speed&quot;:&quot;0&quot;,&quot;title&quot;:&quot;&quot;,&quot;orientation&quot;:&quot;1&quot;}\" data-image-title=\"colza\" data-image-description=\"\" data-image-caption=\"\" data-large-file=\"https:\/\/i0.wp.com\/lahoradelcampo.com.uy\/site\/wp-content\/uploads\/2021\/06\/colza.jpg?fit=810%2C405&amp;ssl=1\" src=\"https:\/\/i0.wp.com\/lahoradelcampo.com.uy\/site\/wp-content\/uploads\/2021\/06\/colza.jpg?resize=810%2C405\" alt=\"\" class=\"wp-image-31546\" srcset=\"https:\/\/i0.wp.com\/lahoradelcampo.com.uy\/site\/wp-content\/uploads\/2021\/06\/colza.jpg?w=880&amp;ssl=1 880w, https:\/\/i0.wp.com\/lahoradelcampo.com.uy\/site\/wp-content\/uploads\/2021\/06\/colza.jpg?resize=300%2C150&amp;ssl=1 300w, https:\/\/i0.wp.com\/lahoradelcampo.com.uy\/site\/wp-content\/uploads\/2021\/06\/colza.jpg?resize=768%2C384&amp;ssl=1 768w, https:\/\/i0.wp.com\/lahoradelcampo.com.uy\/site\/wp-content\/uploads\/2021\/06\/colza.jpg?resize=820%2C410&amp;ssl=1 820w\" sizes=\"auto, (max-width: 810px) 100vw, 810px\" \/><\/figure>\n\n\n\n<p>El buen momento\nde valores para los cultivos oleaginosos y el aceite en el mundo, ha\ndeterminado un importante incremento del \u00e1rea del cultivo de Colza-Carinata,\nconvirti\u00e9ndolo en el primer cultivo de invierno y el segundo tras la soja a\nnivel anual. <\/p>\n\n\n\n<p>En una reciente\nreuni\u00f3n de integrantes del sector privado, se analizaron los datos presentados\nde los diferentes actores sobre el \u00e1rea de siembra de los cultivos de invierno,\nestim\u00e1ndose que el \u00e1rea acumulada de los cultivos de colza, cebada y trigo,\ncreci\u00f3 un 17,6% respecto al \u00e1rea sembrada en 2021. Alcanzando las 742.000\nhect\u00e1reas aproximadamente. <\/p>\n\n\n\n<p>El principal\nincremento se registr\u00f3 en la colza, que pas\u00f3 de 162.000 hect\u00e1reas en la zafra\npasada a 265.000 hect\u00e1reas este a\u00f1o, seg\u00fan las fuentes del sector. Con el\nincremento del 63,6%, seg\u00fan las estimaciones, el cultivo pasa a convertirse en\nel principal de invierno y es el segundo a nivel nacional tras la soja. <\/p>\n\n\n\n<p>En el caso del\ntrigo, el \u00e1rea tambi\u00e9n registra un incremento. En este caso un 6,1%, tras pasar\nde 245.000 en 2021 a 260.000 hect\u00e1reas estimadas para la presente zafra. Por su\nparte la cebada pasa de 224.000 a 217.000 hect\u00e1reas, cayendo un 3,1% en el\n\u00e1rea. <\/p>\n\n\n\n<p>El Ing. Agr. Leonardo Olivera, Director de los Servicios Agr\u00edcolas del MGAP, dijo que \u201cla colza viene empujando por varias razones, una de ellas es el precio, otra es la historia reciente porque anduvo muy bien\u201d. El jerarca dijo que \u201clos valores son hist\u00f3ricos, muy buenos\u201d pero dio que avanza porque \u201ces un cultivo distinto que vino para ocupar un lugar en la rotaci\u00f3n que permite cosas que los cereales a veces no lo permiten\u201d. <\/p>\n\n\n\n<p>En este sentido\nrecord\u00f3 que es un cultivo de \u201ccosecha temprana, es un rastrojo f\u00e1cil para lo\nque son las segundas, tanto de ma\u00edz como de soja, y adem\u00e1s tiene un control de\nmalezas que tampoco tienen las gram\u00edneas\u201d. <\/p>\n\n\n\n<p>Olivera indic\u00f3 que \u201ccuando uno ve los resultados potenciales y los reales, entendemos que hay un escal\u00f3n para seguir escalando. Hay una brecha de unos 1.000 kilos m\u00e1s que se pueden estar sacando\u201d. El incremento del \u00e1rea por sobre las 200.000 hect\u00e1reas \u201ces un desaf\u00edo\u201d a medida que \u201cva tomando \u00e1rea y relevancia, que entran nuevos productores\u201d.<\/p>\n\n\n\n<p>Salto, 20 de junio de 2022<\/p>\n","protected":false},"excerpt":{"rendered":"<p>El buen momento de valores para los cultivos oleaginosos y el aceite en el mundo, ha determinado un importante incremento del \u00e1rea del cultivo de Colza-Carinata, convirti\u00e9ndolo en el primer [&hellip;]<\/p>\n","protected":false},"author":5,"featured_media":31546,"comment_status":"open","ping_status":"open","sticky":false,"template":"","format":"standard","meta":{"_price":"","_stock":"","_tribe_ticket_header":"","_tribe_default_ticket_provider":"","_tribe_ticket_capacity":"0","_ticket_start_date":"","_ticket_end_date":"","_tribe_ticket_show_description":"","_tribe_ticket_show_not_going":false,"_tribe_ticket_use_global_stock":"","_tribe_ticket_global_stock_level":"","_global_stock_mode":"","_global_stock_cap":"","_tribe_rsvp_for_event":"","_tribe_ticket_going_count":"","_tribe_ticket_not_going_count":"","_tribe_tickets_list":"[]","_tribe_ticket_has_attendee_info_fields":false,"h5ap_radio_sources":[],"_jetpack_newsletter_access":"","_jetpack_dont_email_post_to_subs":false,"_jetpack_newsletter_tier_id":0,"_jetpack_memberships_contains_paywalled_content":false,"_jetpack_memberships_contains_paid_content":false,"footnotes":""},"categories":[21,7],"tags":[],"class_list":["post-42975","post","type-post","status-publish","format-standard","has-post-thumbnail","hentry","category-actualidad","category-agricultura"],"jetpack_featured_media_url":"https:\/\/i0.wp.com\/lahoradelcampo.com.uy\/site\/wp-content\/uploads\/2021\/06\/colza.jpg?fit=880%2C440&ssl=1","jetpack_sharing_enabled":true,"jetpack_shortlink":"https:\/\/wp.me\/p99IaT-bb9","jetpack-related-posts":[{"id":37885,"url":"https:\/\/lahoradelcampo.com.uy\/site\/superficie-de-colza-crecio-un-40-en-el-invierno\/","url_meta":{"origin":42975,"position":0},"title":"Superficie de colza creci\u00f3 un 40% en el invierno","author":"La Hora del Campo","date":"28 diciembre, 2021","format":false,"excerpt":"La Direcci\u00f3n de Informaci\u00f3n y Estad\u00edsticas (DIEA) del Ministerio de Ganader\u00eda, Agricultura y Pesca (MGAP), present\u00f3 los resultados de la Encuesta Agr\u00edcola \u201cPrimavera 2021\u201d se llev\u00f3 a cabo entre el 29 de noviembre y el 21 de diciembre de 2021, donde se informa de un aumento del 18,5% en la\u2026","rel":"","context":"En \u00abActualidad\u00bb","block_context":{"text":"Actualidad","link":"https:\/\/lahoradelcampo.com.uy\/site\/category\/actualidad\/"},"img":{"alt_text":"","src":"https:\/\/i0.wp.com\/lahoradelcampo.com.uy\/site\/wp-content\/uploads\/2021\/06\/colza.jpg?fit=880%2C440&ssl=1&resize=350%2C200","width":350,"height":200,"srcset":"https:\/\/i0.wp.com\/lahoradelcampo.com.uy\/site\/wp-content\/uploads\/2021\/06\/colza.jpg?fit=880%2C440&ssl=1&resize=350%2C200 1x, https:\/\/i0.wp.com\/lahoradelcampo.com.uy\/site\/wp-content\/uploads\/2021\/06\/colza.jpg?fit=880%2C440&ssl=1&resize=525%2C300 1.5x, https:\/\/i0.wp.com\/lahoradelcampo.com.uy\/site\/wp-content\/uploads\/2021\/06\/colza.jpg?fit=880%2C440&ssl=1&resize=700%2C400 2x"},"classes":[]},{"id":48473,"url":"https:\/\/lahoradelcampo.com.uy\/site\/produccion-de-colza-crecio-un-99\/","url_meta":{"origin":42975,"position":1},"title":"Producci\u00f3n  de colza  creci\u00f3 un 99%","author":"La Hora del Campo","date":"31 enero, 2023","format":false,"excerpt":"El \u00e1rea sembrada entre Colza (Brassica napus) y Carinata (Brassica carinata) continua en crecimiento, alcanzando en \u00e9sta zafra 348.145 hect\u00e1reas, un 114 % m\u00e1s que en la zafra anterior, consolid\u00e1ndose de esta forma como el principal cultivo de invierno del pa\u00eds. Su rendimiento promedio se estim\u00f3 en 1.687 kg\/ha, valor\u2026","rel":"","context":"En \u00abActualidad\u00bb","block_context":{"text":"Actualidad","link":"https:\/\/lahoradelcampo.com.uy\/site\/category\/actualidad\/"},"img":{"alt_text":"","src":"https:\/\/i0.wp.com\/lahoradelcampo.com.uy\/site\/wp-content\/uploads\/2021\/06\/colza.jpg?fit=880%2C440&ssl=1&resize=350%2C200","width":350,"height":200,"srcset":"https:\/\/i0.wp.com\/lahoradelcampo.com.uy\/site\/wp-content\/uploads\/2021\/06\/colza.jpg?fit=880%2C440&ssl=1&resize=350%2C200 1x, https:\/\/i0.wp.com\/lahoradelcampo.com.uy\/site\/wp-content\/uploads\/2021\/06\/colza.jpg?fit=880%2C440&ssl=1&resize=525%2C300 1.5x, https:\/\/i0.wp.com\/lahoradelcampo.com.uy\/site\/wp-content\/uploads\/2021\/06\/colza.jpg?fit=880%2C440&ssl=1&resize=700%2C400 2x"},"classes":[]},{"id":47511,"url":"https:\/\/lahoradelcampo.com.uy\/site\/sorprenden-los-rendimientos-de-los-cultivos-de-invierno\/","url_meta":{"origin":42975,"position":2},"title":"Sorprenden los rendimientos de los cultivos de invierno","author":"La Hora del Campo","date":"7 diciembre, 2022","format":false,"excerpt":"Los rendimientos de los cultivos de invierno han superado las expectativas de rendimientos tanto en el sur, como en el norte del pa\u00eds, debido a un claro efecto a\u00f1o. El Ing. Agr. Federico Nolla de PGG Wrightson Seeds en Uruguay, dijo que \"a pesar de la seca que sufrimos, nos\u2026","rel":"","context":"En \u00abActualidad\u00bb","block_context":{"text":"Actualidad","link":"https:\/\/lahoradelcampo.com.uy\/site\/category\/actualidad\/"},"img":{"alt_text":"","src":"https:\/\/i0.wp.com\/lahoradelcampo.com.uy\/site\/wp-content\/uploads\/2022\/12\/FedericoNolla.jpg?fit=880%2C440&ssl=1&resize=350%2C200","width":350,"height":200,"srcset":"https:\/\/i0.wp.com\/lahoradelcampo.com.uy\/site\/wp-content\/uploads\/2022\/12\/FedericoNolla.jpg?fit=880%2C440&ssl=1&resize=350%2C200 1x, https:\/\/i0.wp.com\/lahoradelcampo.com.uy\/site\/wp-content\/uploads\/2022\/12\/FedericoNolla.jpg?fit=880%2C440&ssl=1&resize=525%2C300 1.5x, https:\/\/i0.wp.com\/lahoradelcampo.com.uy\/site\/wp-content\/uploads\/2022\/12\/FedericoNolla.jpg?fit=880%2C440&ssl=1&resize=700%2C400 2x"},"classes":[]},{"id":26372,"url":"https:\/\/lahoradelcampo.com.uy\/site\/area-de-cultivos-de-invierno-crecio-un-11\/","url_meta":{"origin":42975,"position":3},"title":"\u00c1rea de cultivos de invierno creci\u00f3 un 11%","author":"La Hora del Campo","date":"28 diciembre, 2020","format":false,"excerpt":"La superficie total sembrada con cultivos de invierno fue estimada en 547 mil hect\u00e1reas, casi un 11 % m\u00e1s que en la campa\u00f1a anterior, cuando se registraron 495 mil hect\u00e1reas sembradas con cultivos de invierno para grano seco, de acuerdo a la informaci\u00f3n recabada por la Direcci\u00f3n de Estad\u00edsticas del\u2026","rel":"","context":"En \u00abActualidad\u00bb","block_context":{"text":"Actualidad","link":"https:\/\/lahoradelcampo.com.uy\/site\/category\/actualidad\/"},"img":{"alt_text":"","src":"https:\/\/i0.wp.com\/lahoradelcampo.com.uy\/site\/wp-content\/uploads\/2017\/09\/Trigo.jpg?fit=880%2C440&ssl=1&resize=350%2C200","width":350,"height":200,"srcset":"https:\/\/i0.wp.com\/lahoradelcampo.com.uy\/site\/wp-content\/uploads\/2017\/09\/Trigo.jpg?fit=880%2C440&ssl=1&resize=350%2C200 1x, https:\/\/i0.wp.com\/lahoradelcampo.com.uy\/site\/wp-content\/uploads\/2017\/09\/Trigo.jpg?fit=880%2C440&ssl=1&resize=525%2C300 1.5x, https:\/\/i0.wp.com\/lahoradelcampo.com.uy\/site\/wp-content\/uploads\/2017\/09\/Trigo.jpg?fit=880%2C440&ssl=1&resize=700%2C400 2x"},"classes":[]},{"id":31544,"url":"https:\/\/lahoradelcampo.com.uy\/site\/area-de-cultivos-de-invierno-creceria-un-16-en-2021\/","url_meta":{"origin":42975,"position":4},"title":"\u00c1rea de cultivos de invierno crecer\u00eda un 16% en 2021","author":"La Hora del Campo","date":"26 junio, 2021","format":false,"excerpt":"La Direcci\u00f3n de Informaci\u00f3n y Estad\u00edsticas del Ministerio de Ganader\u00eda, Agricultura y Pesca (MGAP) present\u00f3 los resultados de la Encuesta Agr\u00edcola \"Invierno 2021\", la cual se realiz\u00f3 entre el 20 de mayo y el 4 de junio. En la misma se ha definido que la intenci\u00f3n de siembra por parte\u2026","rel":"","context":"En \u00abActualidad\u00bb","block_context":{"text":"Actualidad","link":"https:\/\/lahoradelcampo.com.uy\/site\/category\/actualidad\/"},"img":{"alt_text":"","src":"https:\/\/i0.wp.com\/lahoradelcampo.com.uy\/site\/wp-content\/uploads\/2021\/06\/colza.jpg?fit=880%2C440&ssl=1&resize=350%2C200","width":350,"height":200,"srcset":"https:\/\/i0.wp.com\/lahoradelcampo.com.uy\/site\/wp-content\/uploads\/2021\/06\/colza.jpg?fit=880%2C440&ssl=1&resize=350%2C200 1x, https:\/\/i0.wp.com\/lahoradelcampo.com.uy\/site\/wp-content\/uploads\/2021\/06\/colza.jpg?fit=880%2C440&ssl=1&resize=525%2C300 1.5x, https:\/\/i0.wp.com\/lahoradelcampo.com.uy\/site\/wp-content\/uploads\/2021\/06\/colza.jpg?fit=880%2C440&ssl=1&resize=700%2C400 2x"},"classes":[]},{"id":21862,"url":"https:\/\/lahoradelcampo.com.uy\/site\/area-de-cultivos-de-invierno-crecera-un-12\/","url_meta":{"origin":42975,"position":5},"title":"\u00c1rea de cultivos de invierno crecer\u00e1 un 12%","author":"La Hora del Campo","date":"15 julio, 2020","format":false,"excerpt":"Para los cultivos de invierno, las estimaciones realizadas por la DIEA, en cuanto al intenci\u00f3n de siembra para grano seco se ubica en 532 mil hect\u00e1reas, de las cu\u00e1les a la fecha de la encuesta se hab\u00edan sembrado 484 mil hect\u00e1reas, el 90 % del total. De concretarse la intenci\u00f3n\u2026","rel":"","context":"En \u00abActualidad\u00bb","block_context":{"text":"Actualidad","link":"https:\/\/lahoradelcampo.com.uy\/site\/category\/actualidad\/"},"img":{"alt_text":"","src":"https:\/\/i0.wp.com\/lahoradelcampo.com.uy\/site\/wp-content\/uploads\/2020\/07\/trigoweb.jpg?fit=880%2C440&ssl=1&resize=350%2C200","width":350,"height":200,"srcset":"https:\/\/i0.wp.com\/lahoradelcampo.com.uy\/site\/wp-content\/uploads\/2020\/07\/trigoweb.jpg?fit=880%2C440&ssl=1&resize=350%2C200 1x, https:\/\/i0.wp.com\/lahoradelcampo.com.uy\/site\/wp-content\/uploads\/2020\/07\/trigoweb.jpg?fit=880%2C440&ssl=1&resize=525%2C300 1.5x, https:\/\/i0.wp.com\/lahoradelcampo.com.uy\/site\/wp-content\/uploads\/2020\/07\/trigoweb.jpg?fit=880%2C440&ssl=1&resize=700%2C400 2x"},"classes":[]}],"jetpack_likes_enabled":true,"_links":{"self":[{"href":"https:\/\/lahoradelcampo.com.uy\/site\/wp-json\/wp\/v2\/posts\/42975","targetHints":{"allow":["GET"]}}],"collection":[{"href":"https:\/\/lahoradelcampo.com.uy\/site\/wp-json\/wp\/v2\/posts"}],"about":[{"href":"https:\/\/lahoradelcampo.com.uy\/site\/wp-json\/wp\/v2\/types\/post"}],"author":[{"embeddable":true,"href":"https:\/\/lahoradelcampo.com.uy\/site\/wp-json\/wp\/v2\/users\/5"}],"replies":[{"embeddable":true,"href":"https:\/\/lahoradelcampo.com.uy\/site\/wp-json\/wp\/v2\/comments?post=42975"}],"version-history":[{"count":2,"href":"https:\/\/lahoradelcampo.com.uy\/site\/wp-json\/wp\/v2\/posts\/42975\/revisions"}],"predecessor-version":[{"id":43001,"href":"https:\/\/lahoradelcampo.com.uy\/site\/wp-json\/wp\/v2\/posts\/42975\/revisions\/43001"}],"wp:featuredmedia":[{"embeddable":true,"href":"https:\/\/lahoradelcampo.com.uy\/site\/wp-json\/wp\/v2\/media\/31546"}],"wp:attachment":[{"href":"https:\/\/lahoradelcampo.com.uy\/site\/wp-json\/wp\/v2\/media?parent=42975"}],"wp:term":[{"taxonomy":"category","embeddable":true,"href":"https:\/\/lahoradelcampo.com.uy\/site\/wp-json\/wp\/v2\/categories?post=42975"},{"taxonomy":"post_tag","embeddable":true,"href":"https:\/\/lahoradelcampo.com.uy\/site\/wp-json\/wp\/v2\/tags?post=42975"}],"curies":[{"name":"wp","href":"https:\/\/api.w.org\/{rel}","templated":true}]}}