{"id":42971,"date":"2022-06-20T07:42:42","date_gmt":"2022-06-20T10:42:42","guid":{"rendered":"http:\/\/lahoradelcampo.com.uy\/site\/?p=42971"},"modified":"2022-06-20T07:43:22","modified_gmt":"2022-06-20T10:43:22","slug":"estan-definidas-todas-las-fechas-para-las-exposiciones-del-mercosur","status":"publish","type":"post","link":"https:\/\/lahoradelcampo.com.uy\/site\/estan-definidas-todas-las-fechas-para-las-exposiciones-del-mercosur\/","title":{"rendered":"Est\u00e1n definidas todas las fechas para las exposiciones del Mercosur"},"content":{"rendered":"\n<figure class=\"wp-block-image\"><img data-recalc-dims=\"1\" loading=\"lazy\" decoding=\"async\" width=\"810\" height=\"405\" data-attachment-id=\"33959\" data-permalink=\"https:\/\/lahoradelcampo.com.uy\/site\/hoy-comienza-la-expo-prado-con-1-162-reproductores-en-las-pistas\/pradoexpo\/\" data-orig-file=\"https:\/\/i0.wp.com\/lahoradelcampo.com.uy\/site\/wp-content\/uploads\/2021\/09\/PradoExpo.jpg?fit=880%2C440&amp;ssl=1\" data-orig-size=\"880,440\" data-comments-opened=\"1\" data-image-meta=\"{&quot;aperture&quot;:&quot;0&quot;,&quot;credit&quot;:&quot;&quot;,&quot;camera&quot;:&quot;&quot;,&quot;caption&quot;:&quot;&quot;,&quot;created_timestamp&quot;:&quot;0&quot;,&quot;copyright&quot;:&quot;&quot;,&quot;focal_length&quot;:&quot;0&quot;,&quot;iso&quot;:&quot;0&quot;,&quot;shutter_speed&quot;:&quot;0&quot;,&quot;title&quot;:&quot;&quot;,&quot;orientation&quot;:&quot;1&quot;}\" data-image-title=\"PradoExpo\" data-image-description=\"\" data-image-caption=\"\" data-large-file=\"https:\/\/i0.wp.com\/lahoradelcampo.com.uy\/site\/wp-content\/uploads\/2021\/09\/PradoExpo.jpg?fit=810%2C405&amp;ssl=1\" src=\"https:\/\/i0.wp.com\/lahoradelcampo.com.uy\/site\/wp-content\/uploads\/2021\/09\/PradoExpo.jpg?resize=810%2C405\" alt=\"\" class=\"wp-image-33959\" srcset=\"https:\/\/i0.wp.com\/lahoradelcampo.com.uy\/site\/wp-content\/uploads\/2021\/09\/PradoExpo.jpg?w=880&amp;ssl=1 880w, https:\/\/i0.wp.com\/lahoradelcampo.com.uy\/site\/wp-content\/uploads\/2021\/09\/PradoExpo.jpg?resize=300%2C150&amp;ssl=1 300w, https:\/\/i0.wp.com\/lahoradelcampo.com.uy\/site\/wp-content\/uploads\/2021\/09\/PradoExpo.jpg?resize=768%2C384&amp;ssl=1 768w, https:\/\/i0.wp.com\/lahoradelcampo.com.uy\/site\/wp-content\/uploads\/2021\/09\/PradoExpo.jpg?resize=820%2C410&amp;ssl=1 820w\" sizes=\"auto, (max-width: 810px) 100vw, 810px\" \/><\/figure>\n\n\n\n<p>Las gremiales del Mercosur han definido el retorno a las pistas en sus exposiciones ganaderas, comenzando con la muestra de Paraguay y la de Argentina el pr\u00f3ximo mes y luego Brasil en agosto y Uruguay ha marcado la Expo Prado para el mes de setiembre, siendo esta la \u00fanica muestra de la regi\u00f3n que no detuvo su marcha durante la pandemia del Covid-19. <br><\/p>\n\n\n\n<p><strong>Mariano Roque Alonso &#8211; Asunci\u00f3n, Paraguay<\/strong><br><\/p>\n\n\n\n<p>La Asociaci\u00f3n Rural del Paraguay present\u00f3 la XXXIX Expo Feria Internacional de Ganader\u00eda, Industria, Agricultura, Comercio y Servicios, y la LXXVI Exposici\u00f3n de Ganader\u00eda, que se llevar\u00e1 a cabo del 9 al 24 de julio en el predio de exposiciones Mariano Roque Alonso.<br><\/p>\n\n\n\n<p>La Expo Internacional en esta edici\u00f3n busca convertirse en un espacio que permita la reactivaci\u00f3n econ\u00f3mica de los sectores productivos. Para este fin se tiene prevista la realizaci\u00f3n de ferias agropecuarias y de comercio, present\u00e1ndose, as\u00ed como una excelente oportunidad de encuentro de importantes negociaciones e inversiones. Como parte de estas actividades se realizar\u00e1 la tradicional Expo Rueda Internacional de Negocios que reunir\u00e1 a empresarios y emprendedores de Paraguay, la Regi\u00f3n y el Mundo.<br><\/p>\n\n\n\n<p>En lo que se refiere al sector ganadero, por primera vez en Paraguay se realizar\u00e1 el Congreso Mundial Brahman, que ya cuenta con la participaci\u00f3n confirmada de delegaciones de productores de Canad\u00e1, Estados Unidos, M\u00e9xico, Panam\u00e1, Colombia, Argentina, Brasil, Bolivia, Alemania, Sud\u00e1frica, Filipinas, Tailandia y Australia, d\u00e1ndole un destaque especial a la Expo 2022.<br><\/p>\n\n\n\n<p>El retorno de la Expo de Mariano Roque Alonso no solo beneficiar\u00e1 al sector ganadero e industrial, sino que tambi\u00e9n ser\u00e1 fuente de empleo directo e indirecto a m\u00e1s de 12.000 personas de todos los sectores como la gastronom\u00eda, transporte, seguridad y el arte, que fue uno de los rubros m\u00e1s afectados durante la pandemia.<br><\/p>\n\n\n\n<p><strong>Palermo &#8211; Buenos Aires, Argentina<\/strong><br><\/p>\n\n\n\n<p>La 134\u00ba Exposici\u00f3n Rural de Palermo, organizada por la Sociedad Rural Argentina se realizar\u00e1 en el tradicional predio bonaerense entre los d\u00edas 21 y 31 de julio. Tras dos a\u00f1os de impasse por la pandemia y bajo el lema \u00abVolvimos, volv\u00e9\u00bb, la muestra tendr\u00e1 tres ejes centrales, \u00ablos j\u00f3venes, las agtech y la sostenibilidad\u00bb dijo el presidente de la gremial Nicolas Pino en el lanzamiento de la muestra. <br><\/p>\n\n\n\n<p>Entre las novedades, destacaron que el inicio de actividades ser\u00e1 con un Concurso de Novillos y Block Test en el Mercado Agroganadero (MAG), en Ca\u00f1uelas. \u00abEl domingo de cierre, tambi\u00e9n habr\u00e1 como novedad un desfile de los campeones. Antes de la Misa de campo, ser\u00e1 para los ejemplares campeones que no desfilaron el s\u00e1bado de la inauguraci\u00f3n donde solo lo hacen los grandes campeones. Entonces es para que aquellos caba\u00f1eros tengan la oportunidad de mostrar su animal en la pista central\u00bb, dijo Etchebehere.<br><\/p>\n\n\n\n<p>Por \u00faltimo, indicaron que ser\u00e1 tambi\u00e9n una \u00abexpo rural virtual\u00bb donde se podr\u00e1 ingresar y visitar los distintos stands y generar una interacci\u00f3n comercial. Adem\u00e1s, se podr\u00e1n seguir todas las actividades de la pista central en vivo, por ejemplo las juras de las distintas razas. \u00abA trav\u00e9s de la plataforma, los usuarios podr\u00e1n recorrer, interactuar y generar transacciones con los expositores; adem\u00e1s de poder ver v\u00eda streaming todas las actividades: las de pista, juras, remates y conferencias\u00bb.<br><\/p>\n\n\n\n<p><strong>Esteio &#8211; Porto Alegre, Brasil<\/strong><br><\/p>\n\n\n\n<p>La Secretaria de Agricultura, Pecu\u00e1ria e Desenvolvimento Rural del estado de R\u00edo Grande del Sur, dijo a conocer que la 45\u00aa edici\u00f3n de la Expointer, se desarrollar\u00e1 como es tradicional en el Parque Estatal de Exposciones Assis Brasil, en la localidad de Esteio, Porto Alegre, entre los d\u00edas 27 de agosto y 4 de setiembre. <br><\/p>\n\n\n\n<p>El evento organizado por el gobierno del estado, conjuntamente con las gremiales de productores, trabajadores y empresarios, este a\u00f1o tendr\u00e1 su apertura al p\u00fablico en general. Retornando adem\u00e1s de los tradicionales eventos, lecheros, equinos y ganaderos, un escenario con la presencia de artistas de renombre en Brasil. <br><\/p>\n\n\n\n<p>Como es tradicional se contar\u00e1 con el pabell\u00f3n de agricultura familiar, donde la inscripci\u00f3n supera los 200 expositores y se estima un nivel de comercializaci\u00f3n de productos coloniales, plantas y artesan\u00edas que supere los tres millones de reales de 2021, donde se cont\u00f3 con una fuerte restricci\u00f3n de p\u00fablico.<br><\/p>\n\n\n\n<p><strong>Prado &#8211; Montevideo, Uruguay <\/strong><br><\/p>\n\n\n\n<p>La Asociaci\u00f3n Rural del Uruguay tambi\u00e9n confirm\u00f3 la fecha para la realizaci\u00f3n de la 117\u00aa edici\u00f3n de la Exposici\u00f3n Internacional de Ganader\u00eda y Muestra Agroindustrial y Comercial, Expo Prado 2022, que este a\u00f1o tendr\u00e1 lugar entre el 9 y el 18 de setiembre, en el predio de la Rural del Prado, en la capital del pa\u00eds. La gremial recuerda que el pr\u00f3ximo jueves 30 de junio vence el plazo para la pre-inscripci\u00f3n de los ejemplares que participar\u00e1n en la muestra y posteriormente del 8 al 19 de agosto se realiza la confirmaci\u00f3n. <br><\/p>\n\n\n\n<p>La muestra es el evento m\u00e1s importante del pa\u00eds a nivel ganadero, donde se expone la mejor gen\u00e9tica a trav\u00e9s de los principales reproductores de razas equinas, bovinas, ovinas, caprinas, porcinas, y lo m\u00e1s destacado de la avicultura y cunicultura. El acontecimiento adem\u00e1s re\u00fane lo m\u00e1s relevante del sector agroindustrial con la participaci\u00f3n de las m\u00e1s renombradas empresas, organismos e instituciones.<\/p>\n\n\n\n<p>Salto, 20 de junio de 2022<\/p>\n","protected":false},"excerpt":{"rendered":"<p>Las gremiales del Mercosur han definido el retorno a las pistas en sus exposiciones ganaderas, comenzando con la muestra de Paraguay y la de Argentina el pr\u00f3ximo mes y luego [&hellip;]<\/p>\n","protected":false},"author":5,"featured_media":33959,"comment_status":"open","ping_status":"open","sticky":false,"template":"","format":"standard","meta":{"_price":"","_stock":"","_tribe_ticket_header":"","_tribe_default_ticket_provider":"","_tribe_ticket_capacity":"0","_ticket_start_date":"","_ticket_end_date":"","_tribe_ticket_show_description":"","_tribe_ticket_show_not_going":false,"_tribe_ticket_use_global_stock":"","_tribe_ticket_global_stock_level":"","_global_stock_mode":"","_global_stock_cap":"","_tribe_rsvp_for_event":"","_tribe_ticket_going_count":"","_tribe_ticket_not_going_count":"","_tribe_tickets_list":"[]","_tribe_ticket_has_attendee_info_fields":false,"h5ap_radio_sources":[],"_jetpack_newsletter_access":"","_jetpack_dont_email_post_to_subs":false,"_jetpack_newsletter_tier_id":0,"_jetpack_memberships_contains_paywalled_content":false,"_jetpack_memberships_contains_paid_content":false,"footnotes":""},"categories":[21,5],"tags":[],"class_list":["post-42971","post","type-post","status-publish","format-standard","has-post-thumbnail","hentry","category-actualidad","category-ganaderia"],"jetpack_featured_media_url":"https:\/\/i0.wp.com\/lahoradelcampo.com.uy\/site\/wp-content\/uploads\/2021\/09\/PradoExpo.jpg?fit=880%2C440&ssl=1","jetpack_sharing_enabled":true,"jetpack_shortlink":"https:\/\/wp.me\/p99IaT-bb5","jetpack-related-posts":[{"id":19812,"url":"https:\/\/lahoradelcampo.com.uy\/site\/aru-realizara-indefectiblemente-la-muestra-ganadera-de-la-expo-prado\/","url_meta":{"origin":42971,"position":0},"title":"ARU realizar\u00e1 indefectiblemente la muestra ganadera de la Expo Prado","author":"La Hora del Campo","date":"15 mayo, 2020","format":false,"excerpt":"La Asociaci\u00f3n Rural del Uruguay ha emitido un comunicado a los expositores de las diferentes razas, de cara a la 115\u00aa edici\u00f3n de la Exposici\u00f3n Internacional de Ganader\u00eda y Muestra Agroindustrial y Comercial, Expo Prado 2020, que la misma se realizar\u00e1 del 9 al 20 de setiembre de 2020 como\u2026","rel":"","context":"En \u00abActualidad\u00bb","block_context":{"text":"Actualidad","link":"https:\/\/lahoradelcampo.com.uy\/site\/category\/actualidad\/"},"img":{"alt_text":"","src":"https:\/\/i0.wp.com\/lahoradelcampo.com.uy\/site\/wp-content\/uploads\/2020\/05\/ExpoPrado.jpg?fit=880%2C440&ssl=1&resize=350%2C200","width":350,"height":200,"srcset":"https:\/\/i0.wp.com\/lahoradelcampo.com.uy\/site\/wp-content\/uploads\/2020\/05\/ExpoPrado.jpg?fit=880%2C440&ssl=1&resize=350%2C200 1x, https:\/\/i0.wp.com\/lahoradelcampo.com.uy\/site\/wp-content\/uploads\/2020\/05\/ExpoPrado.jpg?fit=880%2C440&ssl=1&resize=525%2C300 1.5x, https:\/\/i0.wp.com\/lahoradelcampo.com.uy\/site\/wp-content\/uploads\/2020\/05\/ExpoPrado.jpg?fit=880%2C440&ssl=1&resize=700%2C400 2x"},"classes":[]},{"id":44753,"url":"https:\/\/lahoradelcampo.com.uy\/site\/expointer-contara-con-mas-de-6-000-reproductores\/","url_meta":{"origin":42971,"position":1},"title":"Expointer contar\u00e1 con m\u00e1s de 6.000 reproductores","author":"La Hora del Campo","date":"15 agosto, 2022","format":false,"excerpt":"En la regi\u00f3n ya se concretaron las exposiciones de Mariano Roque Alonso en Paraguay y Palermo en Argentina, por lo que previo a la Expo Prado, a\u00fan resta la realizaci\u00f3n de la Expointer 2022, en Esteio, Porto Alegre, Brasil. La muestra este a\u00f1o se realizar\u00e1 desde el 27 de agosto\u2026","rel":"","context":"En \u00abActualidad\u00bb","block_context":{"text":"Actualidad","link":"https:\/\/lahoradelcampo.com.uy\/site\/category\/actualidad\/"},"img":{"alt_text":"","src":"https:\/\/i0.wp.com\/lahoradelcampo.com.uy\/site\/wp-content\/uploads\/2021\/06\/Expointer.jpg?fit=880%2C440&ssl=1&resize=350%2C200","width":350,"height":200,"srcset":"https:\/\/i0.wp.com\/lahoradelcampo.com.uy\/site\/wp-content\/uploads\/2021\/06\/Expointer.jpg?fit=880%2C440&ssl=1&resize=350%2C200 1x, https:\/\/i0.wp.com\/lahoradelcampo.com.uy\/site\/wp-content\/uploads\/2021\/06\/Expointer.jpg?fit=880%2C440&ssl=1&resize=525%2C300 1.5x, https:\/\/i0.wp.com\/lahoradelcampo.com.uy\/site\/wp-content\/uploads\/2021\/06\/Expointer.jpg?fit=880%2C440&ssl=1&resize=700%2C400 2x"},"classes":[]},{"id":6001,"url":"https:\/\/lahoradelcampo.com.uy\/site\/foro-mercosur-de-la-carne-aceptara-una-oferta-de-160-000-toneladas-de-carne\/","url_meta":{"origin":42971,"position":2},"title":"Foro Mercosur de la Carne aceptar\u00e1 una oferta de 160.000 toneladas de carne","author":"La Hora del Campo","date":"25 febrero, 2018","format":false,"excerpt":"Durante la semana se han reunido en Paraguay, las delegaciones de la Uni\u00f3n Europea y el Mercosur con vistas a lograr el cierre del acuerdo entre ambos bloques econ\u00f3micos. Uno de los productos principales para alcanzar este acuerdo es la carne y la aspiraci\u00f3n del bloque del Mercosur era de\u2026","rel":"","context":"En \u00abActualidad\u00bb","block_context":{"text":"Actualidad","link":"https:\/\/lahoradelcampo.com.uy\/site\/category\/actualidad\/"},"img":{"alt_text":"","src":"https:\/\/i0.wp.com\/lahoradelcampo.com.uy\/site\/wp-content\/uploads\/2018\/02\/web-FMC.jpg?fit=880%2C440&ssl=1&resize=350%2C200","width":350,"height":200,"srcset":"https:\/\/i0.wp.com\/lahoradelcampo.com.uy\/site\/wp-content\/uploads\/2018\/02\/web-FMC.jpg?fit=880%2C440&ssl=1&resize=350%2C200 1x, https:\/\/i0.wp.com\/lahoradelcampo.com.uy\/site\/wp-content\/uploads\/2018\/02\/web-FMC.jpg?fit=880%2C440&ssl=1&resize=525%2C300 1.5x, https:\/\/i0.wp.com\/lahoradelcampo.com.uy\/site\/wp-content\/uploads\/2018\/02\/web-FMC.jpg?fit=880%2C440&ssl=1&resize=700%2C400 2x"},"classes":[]},{"id":21296,"url":"https:\/\/lahoradelcampo.com.uy\/site\/el-campo-no-se-detiene-ante-el-covid-19-las-exposiciones-ganaderas-tampoco\/","url_meta":{"origin":42971,"position":3},"title":"El campo no se detiene ante el Covid-19,  las exposiciones ganaderas tampoco","author":"La Hora del Campo","date":"25 junio, 2020","format":false,"excerpt":"La Asociaci\u00f3n Rural del Uruguay movi\u00f3 el tablero de las exposiciones agropecuarias en el pa\u00eds de cara a lo que ser\u00e1 la antesala a la zafra de reproductores en la primavera. Luego de que Paraguay cancel\u00f3 la muestra de este a\u00f1o en Asunci\u00f3n, que Argentina marcaba nueva fecha para su\u2026","rel":"","context":"En \u00abActualidad\u00bb","block_context":{"text":"Actualidad","link":"https:\/\/lahoradelcampo.com.uy\/site\/category\/actualidad\/"},"img":{"alt_text":"","src":"https:\/\/i0.wp.com\/lahoradelcampo.com.uy\/site\/wp-content\/uploads\/2020\/06\/Exposaltoweb.jpg?fit=880%2C440&ssl=1&resize=350%2C200","width":350,"height":200,"srcset":"https:\/\/i0.wp.com\/lahoradelcampo.com.uy\/site\/wp-content\/uploads\/2020\/06\/Exposaltoweb.jpg?fit=880%2C440&ssl=1&resize=350%2C200 1x, https:\/\/i0.wp.com\/lahoradelcampo.com.uy\/site\/wp-content\/uploads\/2020\/06\/Exposaltoweb.jpg?fit=880%2C440&ssl=1&resize=525%2C300 1.5x, https:\/\/i0.wp.com\/lahoradelcampo.com.uy\/site\/wp-content\/uploads\/2020\/06\/Exposaltoweb.jpg?fit=880%2C440&ssl=1&resize=700%2C400 2x"},"classes":[]},{"id":32030,"url":"https:\/\/lahoradelcampo.com.uy\/site\/se-confirman-las-exposiciones-del-norte-del-pais\/","url_meta":{"origin":42971,"position":4},"title":"Se confirman las exposiciones del norte del pa\u00eds","author":"La Hora del Campo","date":"14 julio, 2021","format":false,"excerpt":"La Expo Prado ya confirm\u00f3 su fecha y al mismo tiempo la exigencia de las dos vacunas contra el Covid-19, con 15 d\u00edas de anticipaci\u00f3n del ingreso al predio. La muestra este a\u00f1o se desarrollar\u00e1 desde el 10 al 19 de setiembre de 2021. La primer gremial del interior en\u2026","rel":"","context":"En \u00abActualidad\u00bb","block_context":{"text":"Actualidad","link":"https:\/\/lahoradelcampo.com.uy\/site\/category\/actualidad\/"},"img":{"alt_text":"","src":"https:\/\/i0.wp.com\/lahoradelcampo.com.uy\/site\/wp-content\/uploads\/2020\/10\/Expopaysandu.jpg?fit=880%2C440&ssl=1&resize=350%2C200","width":350,"height":200,"srcset":"https:\/\/i0.wp.com\/lahoradelcampo.com.uy\/site\/wp-content\/uploads\/2020\/10\/Expopaysandu.jpg?fit=880%2C440&ssl=1&resize=350%2C200 1x, https:\/\/i0.wp.com\/lahoradelcampo.com.uy\/site\/wp-content\/uploads\/2020\/10\/Expopaysandu.jpg?fit=880%2C440&ssl=1&resize=525%2C300 1.5x, https:\/\/i0.wp.com\/lahoradelcampo.com.uy\/site\/wp-content\/uploads\/2020\/10\/Expopaysandu.jpg?fit=880%2C440&ssl=1&resize=700%2C400 2x"},"classes":[]},{"id":12913,"url":"https:\/\/lahoradelcampo.com.uy\/site\/con-un-valor-record-novillo-en-uruguay-se-distancia-del-mercosur\/","url_meta":{"origin":42971,"position":5},"title":"Con un valor r\u00e9cord, novillo en Uruguay se distancia del Mercosur","author":"La Hora del Campo","date":"22 julio, 2019","format":false,"excerpt":"Los precios para el novillo en Uruguay se han distanciado fuertemente de los valores de los pa\u00edses del Mercosur, incluso superando a Australia y Estados Unidos en sus referencias. En Argentina y Brasil las subas fueron leves e impulsadas por el tipo de cambio, mientras que Paraguay volvi\u00f3 a ajustar\u2026","rel":"","context":"En \u00abActualidad\u00bb","block_context":{"text":"Actualidad","link":"https:\/\/lahoradelcampo.com.uy\/site\/category\/actualidad\/"},"img":{"alt_text":"","src":"https:\/\/i0.wp.com\/lahoradelcampo.com.uy\/site\/wp-content\/uploads\/2017\/10\/Novillo-tipo.jpg?fit=880%2C440&ssl=1&resize=350%2C200","width":350,"height":200,"srcset":"https:\/\/i0.wp.com\/lahoradelcampo.com.uy\/site\/wp-content\/uploads\/2017\/10\/Novillo-tipo.jpg?fit=880%2C440&ssl=1&resize=350%2C200 1x, https:\/\/i0.wp.com\/lahoradelcampo.com.uy\/site\/wp-content\/uploads\/2017\/10\/Novillo-tipo.jpg?fit=880%2C440&ssl=1&resize=525%2C300 1.5x, https:\/\/i0.wp.com\/lahoradelcampo.com.uy\/site\/wp-content\/uploads\/2017\/10\/Novillo-tipo.jpg?fit=880%2C440&ssl=1&resize=700%2C400 2x"},"classes":[]}],"jetpack_likes_enabled":true,"_links":{"self":[{"href":"https:\/\/lahoradelcampo.com.uy\/site\/wp-json\/wp\/v2\/posts\/42971","targetHints":{"allow":["GET"]}}],"collection":[{"href":"https:\/\/lahoradelcampo.com.uy\/site\/wp-json\/wp\/v2\/posts"}],"about":[{"href":"https:\/\/lahoradelcampo.com.uy\/site\/wp-json\/wp\/v2\/types\/post"}],"author":[{"embeddable":true,"href":"https:\/\/lahoradelcampo.com.uy\/site\/wp-json\/wp\/v2\/users\/5"}],"replies":[{"embeddable":true,"href":"https:\/\/lahoradelcampo.com.uy\/site\/wp-json\/wp\/v2\/comments?post=42971"}],"version-history":[{"count":1,"href":"https:\/\/lahoradelcampo.com.uy\/site\/wp-json\/wp\/v2\/posts\/42971\/revisions"}],"predecessor-version":[{"id":42973,"href":"https:\/\/lahoradelcampo.com.uy\/site\/wp-json\/wp\/v2\/posts\/42971\/revisions\/42973"}],"wp:featuredmedia":[{"embeddable":true,"href":"https:\/\/lahoradelcampo.com.uy\/site\/wp-json\/wp\/v2\/media\/33959"}],"wp:attachment":[{"href":"https:\/\/lahoradelcampo.com.uy\/site\/wp-json\/wp\/v2\/media?parent=42971"}],"wp:term":[{"taxonomy":"category","embeddable":true,"href":"https:\/\/lahoradelcampo.com.uy\/site\/wp-json\/wp\/v2\/categories?post=42971"},{"taxonomy":"post_tag","embeddable":true,"href":"https:\/\/lahoradelcampo.com.uy\/site\/wp-json\/wp\/v2\/tags?post=42971"}],"curies":[{"name":"wp","href":"https:\/\/api.w.org\/{rel}","templated":true}]}}