{"id":42967,"date":"2022-06-20T07:24:24","date_gmt":"2022-06-20T10:24:24","guid":{"rendered":"http:\/\/lahoradelcampo.com.uy\/site\/?p=42967"},"modified":"2022-06-20T07:24:30","modified_gmt":"2022-06-20T10:24:30","slug":"gran-desafio-arroceros-enfrentaran-costo-de-us-2-185-por-hectarea","status":"publish","type":"post","link":"https:\/\/lahoradelcampo.com.uy\/site\/gran-desafio-arroceros-enfrentaran-costo-de-us-2-185-por-hectarea\/","title":{"rendered":"Gran desaf\u00edo: arroceros enfrentaran costo de US$ 2.185 por hect\u00e1rea"},"content":{"rendered":"\n<figure class=\"wp-block-image\"><img data-recalc-dims=\"1\" loading=\"lazy\" decoding=\"async\" width=\"810\" height=\"405\" data-attachment-id=\"9873\" data-permalink=\"https:\/\/lahoradelcampo.com.uy\/site\/en-marzo-subieron-un-1-los-precios-del-arroz-a-nivel-mundial\/arroz-5\/\" data-orig-file=\"https:\/\/i0.wp.com\/lahoradelcampo.com.uy\/site\/wp-content\/uploads\/2019\/04\/arroz-1.jpg?fit=880%2C440&amp;ssl=1\" data-orig-size=\"880,440\" data-comments-opened=\"1\" data-image-meta=\"{&quot;aperture&quot;:&quot;0&quot;,&quot;credit&quot;:&quot;&quot;,&quot;camera&quot;:&quot;&quot;,&quot;caption&quot;:&quot;&quot;,&quot;created_timestamp&quot;:&quot;0&quot;,&quot;copyright&quot;:&quot;&quot;,&quot;focal_length&quot;:&quot;0&quot;,&quot;iso&quot;:&quot;0&quot;,&quot;shutter_speed&quot;:&quot;0&quot;,&quot;title&quot;:&quot;&quot;,&quot;orientation&quot;:&quot;1&quot;}\" data-image-title=\"arroz\" data-image-description=\"\" data-image-caption=\"\" data-large-file=\"https:\/\/i0.wp.com\/lahoradelcampo.com.uy\/site\/wp-content\/uploads\/2019\/04\/arroz-1.jpg?fit=810%2C405&amp;ssl=1\" src=\"https:\/\/i0.wp.com\/lahoradelcampo.com.uy\/site\/wp-content\/uploads\/2019\/04\/arroz-1.jpg?resize=810%2C405\" alt=\"\" class=\"wp-image-9873\" srcset=\"https:\/\/i0.wp.com\/lahoradelcampo.com.uy\/site\/wp-content\/uploads\/2019\/04\/arroz-1.jpg?w=880&amp;ssl=1 880w, https:\/\/i0.wp.com\/lahoradelcampo.com.uy\/site\/wp-content\/uploads\/2019\/04\/arroz-1.jpg?resize=300%2C150&amp;ssl=1 300w, https:\/\/i0.wp.com\/lahoradelcampo.com.uy\/site\/wp-content\/uploads\/2019\/04\/arroz-1.jpg?resize=768%2C384&amp;ssl=1 768w, https:\/\/i0.wp.com\/lahoradelcampo.com.uy\/site\/wp-content\/uploads\/2019\/04\/arroz-1.jpg?resize=820%2C410&amp;ssl=1 820w\" sizes=\"auto, (max-width: 810px) 100vw, 810px\" \/><\/figure>\n\n\n\n<p>En el \u00faltimo taller de an\u00e1lisis de la zafra arrocera 2021-2022 realizado en INIA Treinta y Tres, uno de los datos destacados presentado por los molinos arroceros, fue el costo por hect\u00e1rea que deber\u00e1n enfrentar los productores en la pr\u00f3xima zafra. <br><\/p>\n\n\n\n<p>Desde la empresa SAMAN, Muzio Marella mencion\u00f3 que el costo de producci\u00f3n del cultivo se ha visto afectado por la suba de insumos, mano de obra y combustible, estim\u00e1ndose en 2.185 d\u00f3lares por hect\u00e1rea para la pr\u00f3xima zafra. Esto representa, al valor actual de la bosa de arroz, un punto de equilibrio de 8850 kg\/ha, planteando un nuevo desaf\u00edo para el pr\u00f3ximo periodo.<br><\/p>\n\n\n\n<p>A modo de repaso, en la cosecha recientemente finalizada el rendimiento nacional de 9.318 kilogramos de arroz por hect\u00e1rea, siendo esta la segunda zafra m\u00e1s productiva de la historia. <br><\/p>\n\n\n\n<p>Como es tradicional cada zona tiene su rendimiento en particular, el este del pa\u00eds en esta zafra se obtuvieron 9.430 kilos por hect\u00e1rea, en tanto que en el norte se cosech\u00f3 9.246 kilos y en el centro del pa\u00eds 8.790 kilogramos. <br><\/p>\n\n\n\n<p>INIA Mer\u00edn se consolida como la variedad m\u00e1s sembrada por los productores, alcanzando el 45,2% del \u00e1rea, seguida por Gur\u00ed Inta CL, INIA Olimar e INIA Tacuar\u00ed. A diferencia del este y centro del pa\u00eds, donde INIA Mer\u00edn es la principal variedad, el norte la principal elecci\u00f3n de los productores pas\u00f3 por INIA Olimar. <\/p>\n\n\n\n<p>Salto, 20 de junio de 2022<\/p>\n","protected":false},"excerpt":{"rendered":"<p>En el \u00faltimo taller de an\u00e1lisis de la zafra arrocera 2021-2022 realizado en INIA Treinta y Tres, uno de los datos destacados presentado por los molinos arroceros, fue el costo [&hellip;]<\/p>\n","protected":false},"author":5,"featured_media":9873,"comment_status":"open","ping_status":"open","sticky":false,"template":"","format":"standard","meta":{"_price":"","_stock":"","_tribe_ticket_header":"","_tribe_default_ticket_provider":"","_tribe_ticket_capacity":"0","_ticket_start_date":"","_ticket_end_date":"","_tribe_ticket_show_description":"","_tribe_ticket_show_not_going":false,"_tribe_ticket_use_global_stock":"","_tribe_ticket_global_stock_level":"","_global_stock_mode":"","_global_stock_cap":"","_tribe_rsvp_for_event":"","_tribe_ticket_going_count":"","_tribe_ticket_not_going_count":"","_tribe_tickets_list":"[]","_tribe_ticket_has_attendee_info_fields":false,"h5ap_radio_sources":[],"_jetpack_newsletter_access":"","_jetpack_dont_email_post_to_subs":false,"_jetpack_newsletter_tier_id":0,"_jetpack_memberships_contains_paywalled_content":false,"_jetpack_memberships_contains_paid_content":false,"footnotes":""},"categories":[21,7],"tags":[],"class_list":["post-42967","post","type-post","status-publish","format-standard","has-post-thumbnail","hentry","category-actualidad","category-agricultura"],"jetpack_featured_media_url":"https:\/\/i0.wp.com\/lahoradelcampo.com.uy\/site\/wp-content\/uploads\/2019\/04\/arroz-1.jpg?fit=880%2C440&ssl=1","jetpack_sharing_enabled":true,"jetpack_shortlink":"https:\/\/wp.me\/p99IaT-bb1","jetpack-related-posts":[{"id":19288,"url":"https:\/\/lahoradelcampo.com.uy\/site\/el-sector-arrocero-define-arbitros-para-definir-el-precio-de-la-zafra-2018-19\/","url_meta":{"origin":42967,"position":0},"title":"El sector arrocero define \u00e1rbitros para definir el precio de la zafra 2018-19","author":"La Hora del Campo","date":"29 abril, 2020","format":false,"excerpt":"La pasada semana se realiz\u00f3 una reuni\u00f3n entre productores y molinos para definir el precio final de la zafra 2018-19, en la cual no se lleg\u00f3 a un acuerdo entre ambas partes. Las grandes diferencias se encuentran en los componentes que conforman el costo industrial. A modo de repaso, el\u2026","rel":"","context":"En \u00abActualidad\u00bb","block_context":{"text":"Actualidad","link":"https:\/\/lahoradelcampo.com.uy\/site\/category\/actualidad\/"},"img":{"alt_text":"","src":"https:\/\/i0.wp.com\/lahoradelcampo.com.uy\/site\/wp-content\/uploads\/2017\/11\/Arroceros.jpg?fit=880%2C440&ssl=1&resize=350%2C200","width":350,"height":200,"srcset":"https:\/\/i0.wp.com\/lahoradelcampo.com.uy\/site\/wp-content\/uploads\/2017\/11\/Arroceros.jpg?fit=880%2C440&ssl=1&resize=350%2C200 1x, https:\/\/i0.wp.com\/lahoradelcampo.com.uy\/site\/wp-content\/uploads\/2017\/11\/Arroceros.jpg?fit=880%2C440&ssl=1&resize=525%2C300 1.5x, https:\/\/i0.wp.com\/lahoradelcampo.com.uy\/site\/wp-content\/uploads\/2017\/11\/Arroceros.jpg?fit=880%2C440&ssl=1&resize=700%2C400 2x"},"classes":[]},{"id":30164,"url":"https:\/\/lahoradelcampo.com.uy\/site\/arroceros-superaron-los-9-600-kilos-por-hectarea-de-promedio-en-el-norte\/","url_meta":{"origin":42967,"position":1},"title":"Arroceros superaron los 9.600 kilos por hect\u00e1rea de promedio en el norte","author":"La Hora del Campo","date":"17 mayo, 2021","format":false,"excerpt":"La Asociaci\u00f3n de Cultivadores de Arroz del Uruguay (ACA) inform\u00f3 que la cosecha de arroz alcanz\u00f3 el 99% al 10 de mayo, sobre un total de 143.247 hect\u00e1reas sembradas con el cereal. En el norte del pa\u00eds (Salto y Artigas) se sembr\u00f3 32.947 hect\u00e1reas, que responden por el 23% del\u2026","rel":"","context":"En \u00abActualidad\u00bb","block_context":{"text":"Actualidad","link":"https:\/\/lahoradelcampo.com.uy\/site\/category\/actualidad\/"},"img":{"alt_text":"","src":"https:\/\/i0.wp.com\/lahoradelcampo.com.uy\/site\/wp-content\/uploads\/2021\/05\/Guillermoobrien.jpg?fit=880%2C440&ssl=1&resize=350%2C200","width":350,"height":200,"srcset":"https:\/\/i0.wp.com\/lahoradelcampo.com.uy\/site\/wp-content\/uploads\/2021\/05\/Guillermoobrien.jpg?fit=880%2C440&ssl=1&resize=350%2C200 1x, https:\/\/i0.wp.com\/lahoradelcampo.com.uy\/site\/wp-content\/uploads\/2021\/05\/Guillermoobrien.jpg?fit=880%2C440&ssl=1&resize=525%2C300 1.5x, https:\/\/i0.wp.com\/lahoradelcampo.com.uy\/site\/wp-content\/uploads\/2021\/05\/Guillermoobrien.jpg?fit=880%2C440&ssl=1&resize=700%2C400 2x"},"classes":[]},{"id":9639,"url":"https:\/\/lahoradelcampo.com.uy\/site\/sector-arrocero-alcanzo-el-70-de-la-cosecha-en-el-norte\/","url_meta":{"origin":42967,"position":2},"title":"Sector arrocero alcanz\u00f3 el 70% de la cosecha en el norte","author":"La Hora del Campo","date":"5 abril, 2019","format":false,"excerpt":"El sector arrocero continua avanzando con su cosecha de la zafra 2018\/19, alcanzando un 55% a nivel nacional y con mejores rendimientos en la zona este que en el norte del pa\u00eds. Seg\u00fan Guillermo O'brien, productor arrocero del norte del pa\u00eds e integrante de la Asociaci\u00f3n de Cultivadores de Arroz\u2026","rel":"","context":"En \u00abActualidad\u00bb","block_context":{"text":"Actualidad","link":"https:\/\/lahoradelcampo.com.uy\/site\/category\/actualidad\/"},"img":{"alt_text":"","src":"https:\/\/i0.wp.com\/lahoradelcampo.com.uy\/site\/wp-content\/uploads\/2019\/04\/Arroceros.jpg?fit=880%2C440&ssl=1&resize=350%2C200","width":350,"height":200,"srcset":"https:\/\/i0.wp.com\/lahoradelcampo.com.uy\/site\/wp-content\/uploads\/2019\/04\/Arroceros.jpg?fit=880%2C440&ssl=1&resize=350%2C200 1x, https:\/\/i0.wp.com\/lahoradelcampo.com.uy\/site\/wp-content\/uploads\/2019\/04\/Arroceros.jpg?fit=880%2C440&ssl=1&resize=525%2C300 1.5x, https:\/\/i0.wp.com\/lahoradelcampo.com.uy\/site\/wp-content\/uploads\/2019\/04\/Arroceros.jpg?fit=880%2C440&ssl=1&resize=700%2C400 2x"},"classes":[]},{"id":44381,"url":"https:\/\/lahoradelcampo.com.uy\/site\/arroceros-preocupados-con-los-altos-costos-para-la-proxima-zafra\/","url_meta":{"origin":42967,"position":3},"title":"Arroceros preocupados con los altos costos para la pr\u00f3xima zafra","author":"La Hora del Campo","date":"1 agosto, 2022","format":false,"excerpt":"Luego de una cosecha arrocera con una excelente producci\u00f3n a nivel nacional, m\u00e1s all\u00e1 de los casos puntuales donde los productores se vieron fuertemente afectados por la ausencia de precipitaciones, el sector arrocero analiza cuidadosamente el aumento de los costos y la baja del precio del cereal, lo que implicar\u00e1\u2026","rel":"","context":"En \u00abActualidad\u00bb","block_context":{"text":"Actualidad","link":"https:\/\/lahoradelcampo.com.uy\/site\/category\/actualidad\/"},"img":{"alt_text":"","src":"https:\/\/i0.wp.com\/lahoradelcampo.com.uy\/site\/wp-content\/uploads\/2022\/08\/Guillermo-Obrien.jpg?fit=880%2C440&ssl=1&resize=350%2C200","width":350,"height":200,"srcset":"https:\/\/i0.wp.com\/lahoradelcampo.com.uy\/site\/wp-content\/uploads\/2022\/08\/Guillermo-Obrien.jpg?fit=880%2C440&ssl=1&resize=350%2C200 1x, https:\/\/i0.wp.com\/lahoradelcampo.com.uy\/site\/wp-content\/uploads\/2022\/08\/Guillermo-Obrien.jpg?fit=880%2C440&ssl=1&resize=525%2C300 1.5x, https:\/\/i0.wp.com\/lahoradelcampo.com.uy\/site\/wp-content\/uploads\/2022\/08\/Guillermo-Obrien.jpg?fit=880%2C440&ssl=1&resize=700%2C400 2x"},"classes":[]},{"id":5127,"url":"https:\/\/lahoradelcampo.com.uy\/site\/costos-en-suba-y-el-clima-son-factores-determinantes-para-la-zafra-arrocera\/","url_meta":{"origin":42967,"position":4},"title":"Costos en suba y el clima son factores determinantes para la zafra arrocera","author":"La Hora del Campo","date":"25 diciembre, 2017","format":false,"excerpt":"La situaci\u00f3n de siembra del cultivo no fue la mejor este a\u00f1o, partiendo de un 30% del \u00e1rea sembrada en la primera quincena del mes de octubre, en tanto un poco m\u00e1s del 50% fue plantado entre el 15 de octubre y el 10 de noviembre y el \u00e1rea restante\u2026","rel":"","context":"En \u00abActualidad\u00bb","block_context":{"text":"Actualidad","link":"https:\/\/lahoradelcampo.com.uy\/site\/category\/actualidad\/"},"img":{"alt_text":"","src":"https:\/\/i0.wp.com\/lahoradelcampo.com.uy\/site\/wp-content\/uploads\/2017\/12\/Arroceros.jpg?fit=880%2C440&ssl=1&resize=350%2C200","width":350,"height":200,"srcset":"https:\/\/i0.wp.com\/lahoradelcampo.com.uy\/site\/wp-content\/uploads\/2017\/12\/Arroceros.jpg?fit=880%2C440&ssl=1&resize=350%2C200 1x, https:\/\/i0.wp.com\/lahoradelcampo.com.uy\/site\/wp-content\/uploads\/2017\/12\/Arroceros.jpg?fit=880%2C440&ssl=1&resize=525%2C300 1.5x, https:\/\/i0.wp.com\/lahoradelcampo.com.uy\/site\/wp-content\/uploads\/2017\/12\/Arroceros.jpg?fit=880%2C440&ssl=1&resize=700%2C400 2x"},"classes":[]},{"id":20908,"url":"https:\/\/lahoradelcampo.com.uy\/site\/rendimientos-arroceros-alcanzaron-los-9-000-kilos-en-el-norte\/","url_meta":{"origin":42967,"position":5},"title":"Rendimientos arroceros alcanzaron los 9.000 kilos en el norte","author":"La Hora del Campo","date":"15 junio, 2020","format":false,"excerpt":"El Ing. Agr. Federico Molina, al cierre del taller de INIA, dio a conocer los resultados obtenidos por el sector arrocero en la presente zafra. En este sentido mencion\u00f3 que el rendimiento promedio a nivel pa\u00eds es de 170 bolsas por hect\u00e1rea, es decir en el entorno de los 8.500\u2026","rel":"","context":"En \u00abActualidad\u00bb","block_context":{"text":"Actualidad","link":"https:\/\/lahoradelcampo.com.uy\/site\/category\/actualidad\/"},"img":{"alt_text":"","src":"https:\/\/i0.wp.com\/lahoradelcampo.com.uy\/site\/wp-content\/uploads\/2020\/06\/Arroz-rendimientos.jpg?fit=880%2C440&ssl=1&resize=350%2C200","width":350,"height":200,"srcset":"https:\/\/i0.wp.com\/lahoradelcampo.com.uy\/site\/wp-content\/uploads\/2020\/06\/Arroz-rendimientos.jpg?fit=880%2C440&ssl=1&resize=350%2C200 1x, https:\/\/i0.wp.com\/lahoradelcampo.com.uy\/site\/wp-content\/uploads\/2020\/06\/Arroz-rendimientos.jpg?fit=880%2C440&ssl=1&resize=525%2C300 1.5x, https:\/\/i0.wp.com\/lahoradelcampo.com.uy\/site\/wp-content\/uploads\/2020\/06\/Arroz-rendimientos.jpg?fit=880%2C440&ssl=1&resize=700%2C400 2x"},"classes":[]}],"jetpack_likes_enabled":true,"_links":{"self":[{"href":"https:\/\/lahoradelcampo.com.uy\/site\/wp-json\/wp\/v2\/posts\/42967","targetHints":{"allow":["GET"]}}],"collection":[{"href":"https:\/\/lahoradelcampo.com.uy\/site\/wp-json\/wp\/v2\/posts"}],"about":[{"href":"https:\/\/lahoradelcampo.com.uy\/site\/wp-json\/wp\/v2\/types\/post"}],"author":[{"embeddable":true,"href":"https:\/\/lahoradelcampo.com.uy\/site\/wp-json\/wp\/v2\/users\/5"}],"replies":[{"embeddable":true,"href":"https:\/\/lahoradelcampo.com.uy\/site\/wp-json\/wp\/v2\/comments?post=42967"}],"version-history":[{"count":1,"href":"https:\/\/lahoradelcampo.com.uy\/site\/wp-json\/wp\/v2\/posts\/42967\/revisions"}],"predecessor-version":[{"id":42969,"href":"https:\/\/lahoradelcampo.com.uy\/site\/wp-json\/wp\/v2\/posts\/42967\/revisions\/42969"}],"wp:featuredmedia":[{"embeddable":true,"href":"https:\/\/lahoradelcampo.com.uy\/site\/wp-json\/wp\/v2\/media\/9873"}],"wp:attachment":[{"href":"https:\/\/lahoradelcampo.com.uy\/site\/wp-json\/wp\/v2\/media?parent=42967"}],"wp:term":[{"taxonomy":"category","embeddable":true,"href":"https:\/\/lahoradelcampo.com.uy\/site\/wp-json\/wp\/v2\/categories?post=42967"},{"taxonomy":"post_tag","embeddable":true,"href":"https:\/\/lahoradelcampo.com.uy\/site\/wp-json\/wp\/v2\/tags?post=42967"}],"curies":[{"name":"wp","href":"https:\/\/api.w.org\/{rel}","templated":true}]}}