{"id":42961,"date":"2022-06-20T07:05:47","date_gmt":"2022-06-20T10:05:47","guid":{"rendered":"http:\/\/lahoradelcampo.com.uy\/site\/?p=42961"},"modified":"2022-06-20T07:51:10","modified_gmt":"2022-06-20T10:51:10","slug":"59-de-los-productores-ya-se-encuentran-suplementando-al-inicio-del-invierno","status":"publish","type":"post","link":"https:\/\/lahoradelcampo.com.uy\/site\/59-de-los-productores-ya-se-encuentran-suplementando-al-inicio-del-invierno\/","title":{"rendered":"59% de los productores ya se est\u00e1n suplementando al inicio del invierno"},"content":{"rendered":"\n<figure class=\"wp-block-image\"><img data-recalc-dims=\"1\" loading=\"lazy\" decoding=\"async\" width=\"810\" height=\"405\" data-attachment-id=\"42963\" data-permalink=\"https:\/\/lahoradelcampo.com.uy\/site\/59-de-los-productores-ya-se-encuentran-suplementando-al-inicio-del-invierno\/suplementacionvacuna\/\" data-orig-file=\"https:\/\/i0.wp.com\/lahoradelcampo.com.uy\/site\/wp-content\/uploads\/2022\/06\/Suplementacionvacuna.jpg?fit=880%2C440&amp;ssl=1\" data-orig-size=\"880,440\" data-comments-opened=\"1\" data-image-meta=\"{&quot;aperture&quot;:&quot;0&quot;,&quot;credit&quot;:&quot;&quot;,&quot;camera&quot;:&quot;&quot;,&quot;caption&quot;:&quot;&quot;,&quot;created_timestamp&quot;:&quot;0&quot;,&quot;copyright&quot;:&quot;&quot;,&quot;focal_length&quot;:&quot;0&quot;,&quot;iso&quot;:&quot;0&quot;,&quot;shutter_speed&quot;:&quot;0&quot;,&quot;title&quot;:&quot;&quot;,&quot;orientation&quot;:&quot;1&quot;}\" data-image-title=\"Suplementacionvacuna\" data-image-description=\"\" data-image-caption=\"\" data-large-file=\"https:\/\/i0.wp.com\/lahoradelcampo.com.uy\/site\/wp-content\/uploads\/2022\/06\/Suplementacionvacuna.jpg?fit=810%2C405&amp;ssl=1\" src=\"https:\/\/i0.wp.com\/lahoradelcampo.com.uy\/site\/wp-content\/uploads\/2022\/06\/Suplementacionvacuna.jpg?resize=810%2C405\" alt=\"\" class=\"wp-image-42963\" srcset=\"https:\/\/i0.wp.com\/lahoradelcampo.com.uy\/site\/wp-content\/uploads\/2022\/06\/Suplementacionvacuna.jpg?w=880&amp;ssl=1 880w, https:\/\/i0.wp.com\/lahoradelcampo.com.uy\/site\/wp-content\/uploads\/2022\/06\/Suplementacionvacuna.jpg?resize=300%2C150&amp;ssl=1 300w, https:\/\/i0.wp.com\/lahoradelcampo.com.uy\/site\/wp-content\/uploads\/2022\/06\/Suplementacionvacuna.jpg?resize=768%2C384&amp;ssl=1 768w, https:\/\/i0.wp.com\/lahoradelcampo.com.uy\/site\/wp-content\/uploads\/2022\/06\/Suplementacionvacuna.jpg?resize=820%2C410&amp;ssl=1 820w\" sizes=\"auto, (max-width: 810px) 100vw, 810px\" \/><\/figure>\n\n\n\n<p>Entre los resultados que dej\u00f3 la encuentra realizada por el Instituto Plan Agropecuario (IPA) a los 372 productores integrados a la Red de Informaci\u00f3n Nacional Ganadera (RING), se encuentra la decisi\u00f3n de los productores de comenzar a suplementar sus ganados antes de comenzar el invierno, teniendo en cuenta que los datos aportados en la encuesta son pertenecientes al mes de mayo y los primeros diez d\u00edas de junio. <br><\/p>\n\n\n\n<p>De acuerdo al informe realizado por los t\u00e9cnicos del Plan Agropecuario, el 59% de  los productores ha reportado que se encuentra suplementando sus ganados, siendo la categor\u00eda preferida los terneros y las terneras (48%). <br><\/p>\n\n\n\n<p>El suplemento  m\u00e1s usado es la raci\u00f3n (36%), seguido por los fardos (19%), mientras la combinaci\u00f3n de suplementos  es utilizada por el 33% de los productores.<br><\/p>\n\n\n\n<p>Consultados sobre si est\u00e1n planificando el suministro de fardos a las vacas de cr\u00eda, el 34% responde afirmativamente.  Consultados si participar\u00edan de un operativo fardos con alg\u00fan tipo de subsidio por parte del MGAP, el 57% lo har\u00eda.<br><\/p>\n\n\n\n<p>Teniendo en cuenta que el conocimiento sobre qu\u00e9 suplemento utilizar, en qu\u00e9 cantidad, c\u00f3mo y para qu\u00e9, consultamos si participar\u00edan de instancias de capacitaci\u00f3n en esta tem\u00e1tica con una respuesta afirmativa del 83%.  <\/p>\n\n\n\n<p>El Plan Agropecuario est\u00e1 organizando diversas actividades regionales y transversales en capacitaci\u00f3n y extensi\u00f3n en esta tem\u00e1tica y para la diversidad de p\u00fablico objetivo, productores y trabajadores.<\/p>\n\n\n\n<p>Salto, 20 de junio de 2022<\/p>\n","protected":false},"excerpt":{"rendered":"<p>Entre los resultados que dej\u00f3 la encuentra realizada por el Instituto Plan Agropecuario (IPA) a los 372 productores integrados a la Red de Informaci\u00f3n Nacional Ganadera (RING), se encuentra la [&hellip;]<\/p>\n","protected":false},"author":5,"featured_media":42963,"comment_status":"open","ping_status":"open","sticky":false,"template":"","format":"standard","meta":{"_price":"","_stock":"","_tribe_ticket_header":"","_tribe_default_ticket_provider":"","_tribe_ticket_capacity":"0","_ticket_start_date":"","_ticket_end_date":"","_tribe_ticket_show_description":"","_tribe_ticket_show_not_going":false,"_tribe_ticket_use_global_stock":"","_tribe_ticket_global_stock_level":"","_global_stock_mode":"","_global_stock_cap":"","_tribe_rsvp_for_event":"","_tribe_ticket_going_count":"","_tribe_ticket_not_going_count":"","_tribe_tickets_list":"[]","_tribe_ticket_has_attendee_info_fields":false,"h5ap_radio_sources":[],"_jetpack_newsletter_access":"","_jetpack_dont_email_post_to_subs":false,"_jetpack_newsletter_tier_id":0,"_jetpack_memberships_contains_paywalled_content":false,"_jetpack_memberships_contains_paid_content":false,"footnotes":""},"categories":[21,5],"tags":[],"class_list":["post-42961","post","type-post","status-publish","format-standard","has-post-thumbnail","hentry","category-actualidad","category-ganaderia"],"jetpack_featured_media_url":"https:\/\/i0.wp.com\/lahoradelcampo.com.uy\/site\/wp-content\/uploads\/2022\/06\/Suplementacionvacuna.jpg?fit=880%2C440&ssl=1","jetpack_sharing_enabled":true,"jetpack_shortlink":"https:\/\/wp.me\/p99IaT-baV","jetpack-related-posts":[{"id":44993,"url":"https:\/\/lahoradelcampo.com.uy\/site\/continua-deteriorandose-la-condicion-corporal-del-rodeo-de-cria\/","url_meta":{"origin":42961,"position":0},"title":"Contin\u00faa deterior\u00e1ndose la condici\u00f3n corporal del rodeo de cr\u00eda","author":"La Hora del Campo","date":"27 agosto, 2022","format":false,"excerpt":"De acuerdo a la informaci\u00f3n que surge de la Encuesta realizada por el Instituto Plan Agropecuario a su Red de Informaci\u00f3n Nacional Ganadera (RING), la situaci\u00f3n de los rodeos de cr\u00eda, en cuanto a su condici\u00f3n corporal (C.C.) contin\u00faa deterior\u00e1ndose de manera notoria. El n\u00famero de productores con el rodeo\u2026","rel":"","context":"En \u00abActualidad\u00bb","block_context":{"text":"Actualidad","link":"https:\/\/lahoradelcampo.com.uy\/site\/category\/actualidad\/"},"img":{"alt_text":"","src":"https:\/\/i0.wp.com\/lahoradelcampo.com.uy\/site\/wp-content\/uploads\/2019\/06\/cria.jpg?fit=880%2C440&ssl=1&resize=350%2C200","width":350,"height":200,"srcset":"https:\/\/i0.wp.com\/lahoradelcampo.com.uy\/site\/wp-content\/uploads\/2019\/06\/cria.jpg?fit=880%2C440&ssl=1&resize=350%2C200 1x, https:\/\/i0.wp.com\/lahoradelcampo.com.uy\/site\/wp-content\/uploads\/2019\/06\/cria.jpg?fit=880%2C440&ssl=1&resize=525%2C300 1.5x, https:\/\/i0.wp.com\/lahoradelcampo.com.uy\/site\/wp-content\/uploads\/2019\/06\/cria.jpg?fit=880%2C440&ssl=1&resize=700%2C400 2x"},"classes":[]},{"id":45803,"url":"https:\/\/lahoradelcampo.com.uy\/site\/rodeo-de-cria-mantiene-su-condicion-corporal-a-la-salida-del-invierno\/","url_meta":{"origin":42961,"position":1},"title":"Rodeo de cr\u00eda mantiene su condici\u00f3n corporal a la salida del invierno","author":"La Hora del Campo","date":"26 septiembre, 2022","format":false,"excerpt":"De acuerdo a los resultados de la encuesta realizada a 357 productores que integran la Red de Informaci\u00f3n Nacional Ganadera (RING), por parte del Instituto Plan Agropecuario, la condici\u00f3n corporal del rodeo de cr\u00eda (CC) se ha mantenido estable teniendo en cuenta el mes de agosto y los primeros d\u00edas\u2026","rel":"","context":"En \u00abActualidad\u00bb","block_context":{"text":"Actualidad","link":"https:\/\/lahoradelcampo.com.uy\/site\/category\/actualidad\/"},"img":{"alt_text":"","src":"https:\/\/i0.wp.com\/lahoradelcampo.com.uy\/site\/wp-content\/uploads\/2019\/06\/cria-vacuna.jpg?fit=880%2C440&ssl=1&resize=350%2C200","width":350,"height":200,"srcset":"https:\/\/i0.wp.com\/lahoradelcampo.com.uy\/site\/wp-content\/uploads\/2019\/06\/cria-vacuna.jpg?fit=880%2C440&ssl=1&resize=350%2C200 1x, https:\/\/i0.wp.com\/lahoradelcampo.com.uy\/site\/wp-content\/uploads\/2019\/06\/cria-vacuna.jpg?fit=880%2C440&ssl=1&resize=525%2C300 1.5x, https:\/\/i0.wp.com\/lahoradelcampo.com.uy\/site\/wp-content\/uploads\/2019\/06\/cria-vacuna.jpg?fit=880%2C440&ssl=1&resize=700%2C400 2x"},"classes":[]},{"id":52869,"url":"https:\/\/lahoradelcampo.com.uy\/site\/59-de-los-productores-compran-toros-en-base-a-los-datos-de-epd\/","url_meta":{"origin":42961,"position":2},"title":"59% de los productores compran toros en base a los datos de EPD","author":"La Hora del Campo","date":"24 octubre, 2023","format":false,"excerpt":"El Instituto Plan Agropecuario ha llevado a cabo la encuesta mensual RING (Red de Informaci\u00f3n Nacional Ganadera) correspondiente al per\u00edodo de setiembre y octubre de 2023, la cual est\u00e1 a cargo de los ingenieros agr\u00f3nomos Marcelo Ghelfi, Carlos Molina, y Esteban Carriquiry, junto con la t\u00e9cnica Manuela de Torres. Dentro\u2026","rel":"","context":"En \u00abActualidad\u00bb","block_context":{"text":"Actualidad","link":"https:\/\/lahoradelcampo.com.uy\/site\/category\/actualidad\/"},"img":{"alt_text":"","src":"https:\/\/i0.wp.com\/lahoradelcampo.com.uy\/site\/wp-content\/uploads\/2017\/11\/toros.jpg?fit=880%2C440&ssl=1&resize=350%2C200","width":350,"height":200,"srcset":"https:\/\/i0.wp.com\/lahoradelcampo.com.uy\/site\/wp-content\/uploads\/2017\/11\/toros.jpg?fit=880%2C440&ssl=1&resize=350%2C200 1x, https:\/\/i0.wp.com\/lahoradelcampo.com.uy\/site\/wp-content\/uploads\/2017\/11\/toros.jpg?fit=880%2C440&ssl=1&resize=525%2C300 1.5x, https:\/\/i0.wp.com\/lahoradelcampo.com.uy\/site\/wp-content\/uploads\/2017\/11\/toros.jpg?fit=880%2C440&ssl=1&resize=700%2C400 2x"},"classes":[]},{"id":40177,"url":"https:\/\/lahoradelcampo.com.uy\/site\/tras-las-lluvias-los-ganados-recuperaron-condicion-corporal\/","url_meta":{"origin":42961,"position":3},"title":"Tras las lluvias los ganados recuperaron condici\u00f3n corporal","author":"La Hora del Campo","date":"23 marzo, 2022","format":false,"excerpt":"En relaci\u00f3n directa con el retorno de las lluvias, la recuperaci\u00f3n en la disponibilidad de pasturas, sumado a las decisiones de los productores, los rodeos de cr\u00eda paridos y criados, muestran la recuperaci\u00f3n de su estado corporal, seg\u00fan informaron los productores al Instituto Plan Agropecuario a trav\u00e9s de la encuesta\u2026","rel":"","context":"En \u00abActualidad\u00bb","block_context":{"text":"Actualidad","link":"https:\/\/lahoradelcampo.com.uy\/site\/category\/actualidad\/"},"img":{"alt_text":"","src":"https:\/\/i0.wp.com\/lahoradelcampo.com.uy\/site\/wp-content\/uploads\/2019\/06\/cria-vacuna.jpg?fit=880%2C440&ssl=1&resize=350%2C200","width":350,"height":200,"srcset":"https:\/\/i0.wp.com\/lahoradelcampo.com.uy\/site\/wp-content\/uploads\/2019\/06\/cria-vacuna.jpg?fit=880%2C440&ssl=1&resize=350%2C200 1x, https:\/\/i0.wp.com\/lahoradelcampo.com.uy\/site\/wp-content\/uploads\/2019\/06\/cria-vacuna.jpg?fit=880%2C440&ssl=1&resize=525%2C300 1.5x, https:\/\/i0.wp.com\/lahoradelcampo.com.uy\/site\/wp-content\/uploads\/2019\/06\/cria-vacuna.jpg?fit=880%2C440&ssl=1&resize=700%2C400 2x"},"classes":[]},{"id":42761,"url":"https:\/\/lahoradelcampo.com.uy\/site\/las-preneces-con-una-seca-de-por-medio-van-a-ser-buenas\/","url_meta":{"origin":42961,"position":4},"title":"\u00abLas pre\u00f1eces, con  una seca de por medio, van a ser buenas\u00bb","author":"La Hora del Campo","date":"14 junio, 2022","format":false,"excerpt":"A pesar de la sequ\u00eda en el verano y las dificultades forrajeras que se registraron en varios puntos del pa\u00eds, el Ing. Agr. Marcelo Pereira del Instituto Plan Agropecuario, sostuvo que \"la gente aprendi\u00f3\" y que \"las pre\u00f1eces, con una seca de por medio, van a ser buenas. Pereira se\u00f1al\u00f3\u2026","rel":"","context":"En \u00abActualidad\u00bb","block_context":{"text":"Actualidad","link":"https:\/\/lahoradelcampo.com.uy\/site\/category\/actualidad\/"},"img":{"alt_text":"","src":"https:\/\/i0.wp.com\/lahoradelcampo.com.uy\/site\/wp-content\/uploads\/2019\/06\/marcelo-pereira.jpg?fit=880%2C440&ssl=1&resize=350%2C200","width":350,"height":200,"srcset":"https:\/\/i0.wp.com\/lahoradelcampo.com.uy\/site\/wp-content\/uploads\/2019\/06\/marcelo-pereira.jpg?fit=880%2C440&ssl=1&resize=350%2C200 1x, https:\/\/i0.wp.com\/lahoradelcampo.com.uy\/site\/wp-content\/uploads\/2019\/06\/marcelo-pereira.jpg?fit=880%2C440&ssl=1&resize=525%2C300 1.5x, https:\/\/i0.wp.com\/lahoradelcampo.com.uy\/site\/wp-content\/uploads\/2019\/06\/marcelo-pereira.jpg?fit=880%2C440&ssl=1&resize=700%2C400 2x"},"classes":[]},{"id":56328,"url":"https:\/\/lahoradelcampo.com.uy\/site\/vacas-de-cria-estan-en-condicion-corporal-4-o-superior-segun-la-encuesta-ring\/","url_meta":{"origin":42961,"position":5},"title":"Vacas de cr\u00eda est\u00e1n en condici\u00f3n corporal 4 o superior, seg\u00fan la encuesta Ring","author":"La Hora del Campo","date":"17 julio, 2025","format":false,"excerpt":"El Instituto Plan Agropecuario difundi\u00f3 una nueva edici\u00f3n de la encuesta RING (Red de Informaci\u00f3n Nacional Ganadera), herramienta que desde hace cinco a\u00f1os recoge de forma sistem\u00e1tica el pulso de los sistemas ganaderos a partir del relevamiento directo a productores. El informe, correspondiente a junio y comienzos de julio, muestra\u2026","rel":"","context":"En \u00abActualidad\u00bb","block_context":{"text":"Actualidad","link":"https:\/\/lahoradelcampo.com.uy\/site\/category\/actualidad\/"},"img":{"alt_text":"","src":"https:\/\/i0.wp.com\/lahoradelcampo.com.uy\/site\/wp-content\/uploads\/2025\/07\/Carlos-Molina-Plan.jpg?fit=880%2C440&ssl=1&resize=350%2C200","width":350,"height":200,"srcset":"https:\/\/i0.wp.com\/lahoradelcampo.com.uy\/site\/wp-content\/uploads\/2025\/07\/Carlos-Molina-Plan.jpg?fit=880%2C440&ssl=1&resize=350%2C200 1x, https:\/\/i0.wp.com\/lahoradelcampo.com.uy\/site\/wp-content\/uploads\/2025\/07\/Carlos-Molina-Plan.jpg?fit=880%2C440&ssl=1&resize=525%2C300 1.5x, https:\/\/i0.wp.com\/lahoradelcampo.com.uy\/site\/wp-content\/uploads\/2025\/07\/Carlos-Molina-Plan.jpg?fit=880%2C440&ssl=1&resize=700%2C400 2x"},"classes":[]}],"jetpack_likes_enabled":true,"_links":{"self":[{"href":"https:\/\/lahoradelcampo.com.uy\/site\/wp-json\/wp\/v2\/posts\/42961","targetHints":{"allow":["GET"]}}],"collection":[{"href":"https:\/\/lahoradelcampo.com.uy\/site\/wp-json\/wp\/v2\/posts"}],"about":[{"href":"https:\/\/lahoradelcampo.com.uy\/site\/wp-json\/wp\/v2\/types\/post"}],"author":[{"embeddable":true,"href":"https:\/\/lahoradelcampo.com.uy\/site\/wp-json\/wp\/v2\/users\/5"}],"replies":[{"embeddable":true,"href":"https:\/\/lahoradelcampo.com.uy\/site\/wp-json\/wp\/v2\/comments?post=42961"}],"version-history":[{"count":2,"href":"https:\/\/lahoradelcampo.com.uy\/site\/wp-json\/wp\/v2\/posts\/42961\/revisions"}],"predecessor-version":[{"id":42979,"href":"https:\/\/lahoradelcampo.com.uy\/site\/wp-json\/wp\/v2\/posts\/42961\/revisions\/42979"}],"wp:featuredmedia":[{"embeddable":true,"href":"https:\/\/lahoradelcampo.com.uy\/site\/wp-json\/wp\/v2\/media\/42963"}],"wp:attachment":[{"href":"https:\/\/lahoradelcampo.com.uy\/site\/wp-json\/wp\/v2\/media?parent=42961"}],"wp:term":[{"taxonomy":"category","embeddable":true,"href":"https:\/\/lahoradelcampo.com.uy\/site\/wp-json\/wp\/v2\/categories?post=42961"},{"taxonomy":"post_tag","embeddable":true,"href":"https:\/\/lahoradelcampo.com.uy\/site\/wp-json\/wp\/v2\/tags?post=42961"}],"curies":[{"name":"wp","href":"https:\/\/api.w.org\/{rel}","templated":true}]}}