{"id":42955,"date":"2022-06-20T07:01:03","date_gmt":"2022-06-20T10:01:03","guid":{"rendered":"http:\/\/lahoradelcampo.com.uy\/site\/?p=42955"},"modified":"2022-06-20T07:51:59","modified_gmt":"2022-06-20T10:51:59","slug":"el-26-de-junio-se-realiza-el-concurso-nacional-de-perros-de-trabajo-en-salto","status":"publish","type":"post","link":"https:\/\/lahoradelcampo.com.uy\/site\/el-26-de-junio-se-realiza-el-concurso-nacional-de-perros-de-trabajo-en-salto\/","title":{"rendered":"26 de junio: \u00abConcurso Nacional de Perros de Trabajo\u00bb en Salto"},"content":{"rendered":"\n<figure class=\"wp-block-image\"><img data-recalc-dims=\"1\" loading=\"lazy\" decoding=\"async\" width=\"810\" height=\"405\" data-attachment-id=\"42957\" data-permalink=\"https:\/\/lahoradelcampo.com.uy\/site\/el-26-de-junio-se-realiza-el-concurso-nacional-de-perros-de-trabajo-en-salto\/perrostrabajo1\/\" data-orig-file=\"https:\/\/i0.wp.com\/lahoradelcampo.com.uy\/site\/wp-content\/uploads\/2022\/06\/perrostrabajo1.jpg?fit=880%2C440&amp;ssl=1\" data-orig-size=\"880,440\" data-comments-opened=\"1\" data-image-meta=\"{&quot;aperture&quot;:&quot;0&quot;,&quot;credit&quot;:&quot;&quot;,&quot;camera&quot;:&quot;&quot;,&quot;caption&quot;:&quot;&quot;,&quot;created_timestamp&quot;:&quot;0&quot;,&quot;copyright&quot;:&quot;&quot;,&quot;focal_length&quot;:&quot;0&quot;,&quot;iso&quot;:&quot;0&quot;,&quot;shutter_speed&quot;:&quot;0&quot;,&quot;title&quot;:&quot;&quot;,&quot;orientation&quot;:&quot;1&quot;}\" data-image-title=\"perrostrabajo1\" data-image-description=\"\" data-image-caption=\"\" data-large-file=\"https:\/\/i0.wp.com\/lahoradelcampo.com.uy\/site\/wp-content\/uploads\/2022\/06\/perrostrabajo1.jpg?fit=810%2C405&amp;ssl=1\" src=\"https:\/\/i0.wp.com\/lahoradelcampo.com.uy\/site\/wp-content\/uploads\/2022\/06\/perrostrabajo1.jpg?resize=810%2C405\" alt=\"\" class=\"wp-image-42957\" srcset=\"https:\/\/i0.wp.com\/lahoradelcampo.com.uy\/site\/wp-content\/uploads\/2022\/06\/perrostrabajo1.jpg?w=880&amp;ssl=1 880w, https:\/\/i0.wp.com\/lahoradelcampo.com.uy\/site\/wp-content\/uploads\/2022\/06\/perrostrabajo1.jpg?resize=300%2C150&amp;ssl=1 300w, https:\/\/i0.wp.com\/lahoradelcampo.com.uy\/site\/wp-content\/uploads\/2022\/06\/perrostrabajo1.jpg?resize=768%2C384&amp;ssl=1 768w, https:\/\/i0.wp.com\/lahoradelcampo.com.uy\/site\/wp-content\/uploads\/2022\/06\/perrostrabajo1.jpg?resize=820%2C410&amp;ssl=1 820w\" sizes=\"auto, (max-width: 810px) 100vw, 810px\" \/><\/figure>\n\n\n\n<p>En el marco del Campeonato Uruguayo de Perros de Pastoreo organizado por la Asociaci\u00f3n Uruguaya de Perros de Pastoreo (AUPP), se realiza el Concurso de Perros de Trabajo organizado por el Secretariado Uruguayo de la Lana (SUL). <br><\/p>\n\n\n\n<p>\u00abExcelente oportunidad para participar y compartir las destrezas del perro en el trabajo con animales\u00bb dijo el Ing. Mat\u00edas Orihuela, t\u00e9cnico del SUL en Salto. El profesional explic\u00f3 que \u00abel circuito consta de 4 pruebas con ovinos que deber\u00e1n realizarlo en un tiempo m\u00e1ximo de 15 minutos\u00bb.<br><\/p>\n\n\n\n<p>La fecha marcada para el concurso ser\u00e1 el domingo 26 de junio, en el establecimiento \u00abMburucuy\u00e1\u00bb de la familia Otegui, sobre ruta 31. Los jurados designados son Javier Rodr\u00edguez ( Instructor SUL &#8211; Baltasar Brum\/Artigas) y Mart\u00edn Mach\u00edn (SUL &#8211; Cerro Colorado\/Florida). <br><\/p>\n\n\n\n<p>Los precios establecidos ser\u00e1n: 1er puesto (U$S 250, premios SUL, premio Don Benicio); 2do puesto (U$S 150, premios SUL, premio Don Benicio); 3er puesto (U$S 50, premios SUL, premio Don Benicio); 4to puesto (U$S 50).<br><\/p>\n\n\n\n<p>Las inscripciones tendr\u00e1n un costo de $ 400 por perro participante.  Las mismas deben realizarse con Mat\u00edas Orihuela al 098553221<\/p>\n\n\n\n<p>Salto, 20 de junio de 2022<\/p>\n","protected":false},"excerpt":{"rendered":"<p>En el marco del Campeonato Uruguayo de Perros de Pastoreo organizado por la Asociaci\u00f3n Uruguaya de Perros de Pastoreo (AUPP), se realiza el Concurso de Perros de Trabajo organizado por [&hellip;]<\/p>\n","protected":false},"author":5,"featured_media":42957,"comment_status":"open","ping_status":"open","sticky":false,"template":"","format":"standard","meta":{"_price":"","_stock":"","_tribe_ticket_header":"","_tribe_default_ticket_provider":"","_tribe_ticket_capacity":"0","_ticket_start_date":"","_ticket_end_date":"","_tribe_ticket_show_description":"","_tribe_ticket_show_not_going":false,"_tribe_ticket_use_global_stock":"","_tribe_ticket_global_stock_level":"","_global_stock_mode":"","_global_stock_cap":"","_tribe_rsvp_for_event":"","_tribe_ticket_going_count":"","_tribe_ticket_not_going_count":"","_tribe_tickets_list":"[]","_tribe_ticket_has_attendee_info_fields":false,"h5ap_radio_sources":[],"_jetpack_newsletter_access":"","_jetpack_dont_email_post_to_subs":false,"_jetpack_newsletter_tier_id":0,"_jetpack_memberships_contains_paywalled_content":false,"_jetpack_memberships_contains_paid_content":false,"footnotes":""},"categories":[21,13],"tags":[],"class_list":["post-42955","post","type-post","status-publish","format-standard","has-post-thumbnail","hentry","category-actualidad","category-ovinos"],"jetpack_featured_media_url":"https:\/\/i0.wp.com\/lahoradelcampo.com.uy\/site\/wp-content\/uploads\/2022\/06\/perrostrabajo1.jpg?fit=880%2C440&ssl=1","jetpack_sharing_enabled":true,"jetpack_shortlink":"https:\/\/wp.me\/p99IaT-baP","jetpack-related-posts":[{"id":44557,"url":"https:\/\/lahoradelcampo.com.uy\/site\/jovenes-del-norte-mostraron-sus-destrezas-con-el-ovino-en-salto\/","url_meta":{"origin":42955,"position":0},"title":"J\u00f3venes del norte mostraron sus destrezas con el ovino en Salto","author":"La Hora del Campo","date":"8 agosto, 2022","format":false,"excerpt":"El s\u00e1bado en la ma\u00f1ana se desarroll\u00f3 el Concurso de Destrezas Ovinas, en el marco del Salto Ovino organizado en el predio de la Asociaci\u00f3n Agropecuaria de Salto, con la participaci\u00f3n de 14 duplas de j\u00f3venes que representaron instituciones de estudio de Rivera, Tacuaremb\u00f3, Artigas, Paysand\u00fa, Flores y Salto. El\u2026","rel":"","context":"En \u00abActualidad\u00bb","block_context":{"text":"Actualidad","link":"https:\/\/lahoradelcampo.com.uy\/site\/category\/actualidad\/"},"img":{"alt_text":"","src":"https:\/\/i0.wp.com\/lahoradelcampo.com.uy\/site\/wp-content\/uploads\/2022\/08\/SaltoOvino-jovenesBB.jpg?fit=880%2C440&ssl=1&resize=350%2C200","width":350,"height":200,"srcset":"https:\/\/i0.wp.com\/lahoradelcampo.com.uy\/site\/wp-content\/uploads\/2022\/08\/SaltoOvino-jovenesBB.jpg?fit=880%2C440&ssl=1&resize=350%2C200 1x, https:\/\/i0.wp.com\/lahoradelcampo.com.uy\/site\/wp-content\/uploads\/2022\/08\/SaltoOvino-jovenesBB.jpg?fit=880%2C440&ssl=1&resize=525%2C300 1.5x, https:\/\/i0.wp.com\/lahoradelcampo.com.uy\/site\/wp-content\/uploads\/2022\/08\/SaltoOvino-jovenesBB.jpg?fit=880%2C440&ssl=1&resize=700%2C400 2x"},"classes":[]},{"id":3235,"url":"https:\/\/lahoradelcampo.com.uy\/site\/el-sul-coloco-chips-a-perros-pastores-para-entregar-a-productores-ovinos\/","url_meta":{"origin":42955,"position":1},"title":"El SUL coloc\u00f3 chips a perros pastores para entregar a productores ovinos","author":"La Hora del Campo","date":"27 octubre, 2017","format":false,"excerpt":"El Secretariado Uruguayo de la Lana (SUL) entreg\u00f3 cachorros maremma a siete familias de productores ovinos en la Sociedad de Fomento Rural e Industrial de Maldonado, en el marco de la Expo San Carlos. Los productores beneficiarios de Maldonado, Treinta y Tres y Sarand\u00ed del Y\u00ed que recibieron cachorros maremma\u2026","rel":"","context":"En \u00abActualidad\u00bb","block_context":{"text":"Actualidad","link":"https:\/\/lahoradelcampo.com.uy\/site\/category\/actualidad\/"},"img":{"alt_text":"","src":"https:\/\/i0.wp.com\/lahoradelcampo.com.uy\/site\/wp-content\/uploads\/2017\/10\/SUL.jpg?fit=880%2C440&ssl=1&resize=350%2C200","width":350,"height":200,"srcset":"https:\/\/i0.wp.com\/lahoradelcampo.com.uy\/site\/wp-content\/uploads\/2017\/10\/SUL.jpg?fit=880%2C440&ssl=1&resize=350%2C200 1x, https:\/\/i0.wp.com\/lahoradelcampo.com.uy\/site\/wp-content\/uploads\/2017\/10\/SUL.jpg?fit=880%2C440&ssl=1&resize=525%2C300 1.5x, https:\/\/i0.wp.com\/lahoradelcampo.com.uy\/site\/wp-content\/uploads\/2017\/10\/SUL.jpg?fit=880%2C440&ssl=1&resize=700%2C400 2x"},"classes":[]},{"id":44485,"url":"https:\/\/lahoradelcampo.com.uy\/site\/viernes-sabado-y-domingo-se-realiza-un-nuevo-salto-ovino\/","url_meta":{"origin":42955,"position":2},"title":"Viernes, s\u00e1bado y domingo se realiza un nuevo Salto Ovino","author":"La Hora del Campo","date":"4 agosto, 2022","format":false,"excerpt":"Este viernes se inaugura una nueva edici\u00f3n del Salto Ovino, as\u00ed como tambi\u00e9n la muestra av\u00edcola salte\u00f1a. Ramiro Azambuja, presidente de la Asociaci\u00f3n Agropecuaria de Salto, dio inicio a la conferencia de prensa de presentaci\u00f3n del evento, se\u00f1alando \"la satisfacci\u00f3n y orgullo\" de la gremial ante el trabajo realizado por\u2026","rel":"","context":"En \u00abActualidad\u00bb","block_context":{"text":"Actualidad","link":"https:\/\/lahoradelcampo.com.uy\/site\/category\/actualidad\/"},"img":{"alt_text":"","src":"https:\/\/i0.wp.com\/lahoradelcampo.com.uy\/site\/wp-content\/uploads\/2022\/08\/Salto-Ovino.jpg?fit=880%2C440&ssl=1&resize=350%2C200","width":350,"height":200,"srcset":"https:\/\/i0.wp.com\/lahoradelcampo.com.uy\/site\/wp-content\/uploads\/2022\/08\/Salto-Ovino.jpg?fit=880%2C440&ssl=1&resize=350%2C200 1x, https:\/\/i0.wp.com\/lahoradelcampo.com.uy\/site\/wp-content\/uploads\/2022\/08\/Salto-Ovino.jpg?fit=880%2C440&ssl=1&resize=525%2C300 1.5x, https:\/\/i0.wp.com\/lahoradelcampo.com.uy\/site\/wp-content\/uploads\/2022\/08\/Salto-Ovino.jpg?fit=880%2C440&ssl=1&resize=700%2C400 2x"},"classes":[]},{"id":11045,"url":"https:\/\/lahoradelcampo.com.uy\/site\/jornada-sobre-animales-de-guarda-para-la-majada-en-colonia-lavalleja\/","url_meta":{"origin":42955,"position":3},"title":"Jornada sobre animales de guarda para la majada en Colonia Lavalleja","author":"La Hora del Campo","date":"23 mayo, 2019","format":false,"excerpt":"El pr\u00f3ximo lunes 27 de mayo, a las 14:00 horas, se realizar\u00e1 la actividad prevista sobre animales de guarda para la majada, como lo son los perros maremma y las burras. Esta actividad se hab\u00eda previsto en primera instancia para el d\u00eda martes 21 de mayo, pero debido al paro\u2026","rel":"","context":"En \u00abActualidad\u00bb","block_context":{"text":"Actualidad","link":"https:\/\/lahoradelcampo.com.uy\/site\/category\/actualidad\/"},"img":{"alt_text":"","src":"https:\/\/i0.wp.com\/lahoradelcampo.com.uy\/site\/wp-content\/uploads\/2019\/05\/Burras.jpg?fit=880%2C440&ssl=1&resize=350%2C200","width":350,"height":200,"srcset":"https:\/\/i0.wp.com\/lahoradelcampo.com.uy\/site\/wp-content\/uploads\/2019\/05\/Burras.jpg?fit=880%2C440&ssl=1&resize=350%2C200 1x, https:\/\/i0.wp.com\/lahoradelcampo.com.uy\/site\/wp-content\/uploads\/2019\/05\/Burras.jpg?fit=880%2C440&ssl=1&resize=525%2C300 1.5x, https:\/\/i0.wp.com\/lahoradelcampo.com.uy\/site\/wp-content\/uploads\/2019\/05\/Burras.jpg?fit=880%2C440&ssl=1&resize=700%2C400 2x"},"classes":[]},{"id":23630,"url":"https:\/\/lahoradelcampo.com.uy\/site\/una-de-las-grandes-virtudes-del-ovino-es-dar-trabajo\/","url_meta":{"origin":42955,"position":4},"title":"\u00abUna de las grandes virtudes del ovino es dar trabajo\u00bb","author":"La Hora del Campo","date":"15 septiembre, 2020","format":false,"excerpt":"\"Una de las grandes virtudes del ovino es dar trabajo\" dijo el Presidente del Secretariado Uruguayo de la Lana (SUL), Miguel Sanguinetti, al dar inicio a la ceremonia de lanzamiento de la zafra ovina 2020 en el Galp\u00f3n de Ventas de la Expo Prado. El presidente del SUL destac\u00f3 la\u2026","rel":"","context":"En \u00abActualidad\u00bb","block_context":{"text":"Actualidad","link":"https:\/\/lahoradelcampo.com.uy\/site\/category\/actualidad\/"},"img":{"alt_text":"","src":"https:\/\/i0.wp.com\/lahoradelcampo.com.uy\/site\/wp-content\/uploads\/2020\/09\/lanzamientozafra.jpg?fit=880%2C440&ssl=1&resize=350%2C200","width":350,"height":200,"srcset":"https:\/\/i0.wp.com\/lahoradelcampo.com.uy\/site\/wp-content\/uploads\/2020\/09\/lanzamientozafra.jpg?fit=880%2C440&ssl=1&resize=350%2C200 1x, https:\/\/i0.wp.com\/lahoradelcampo.com.uy\/site\/wp-content\/uploads\/2020\/09\/lanzamientozafra.jpg?fit=880%2C440&ssl=1&resize=525%2C300 1.5x, https:\/\/i0.wp.com\/lahoradelcampo.com.uy\/site\/wp-content\/uploads\/2020\/09\/lanzamientozafra.jpg?fit=880%2C440&ssl=1&resize=700%2C400 2x"},"classes":[]},{"id":44335,"url":"https:\/\/lahoradelcampo.com.uy\/site\/crearon-un-seguro-integral-para-ovinos-que-incluye-ataque-de-perros\/","url_meta":{"origin":42955,"position":5},"title":"Crearon un seguro integral para ovinos, que incluye ataque de perros","author":"La Hora del Campo","date":"29 julio, 2022","format":false,"excerpt":"En la jornada de ayer el Ministerio de Ganader\u00eda, Agricultura y Pesca (MGAP) y el Banco de Seguros del Estado (BSE) firmaron un convenio para la creaci\u00f3n de un seguro integral para ovinos, que contar\u00e1 con subsidios para peque\u00f1os productores y podr\u00e1 atender hasta la mortandad por ataques de perros\u2026","rel":"","context":"En \u00abActualidad\u00bb","block_context":{"text":"Actualidad","link":"https:\/\/lahoradelcampo.com.uy\/site\/category\/actualidad\/"},"img":{"alt_text":"","src":"https:\/\/i0.wp.com\/lahoradelcampo.com.uy\/site\/wp-content\/uploads\/2022\/07\/MGAP-SeguroOvino.jpg?fit=880%2C440&ssl=1&resize=350%2C200","width":350,"height":200,"srcset":"https:\/\/i0.wp.com\/lahoradelcampo.com.uy\/site\/wp-content\/uploads\/2022\/07\/MGAP-SeguroOvino.jpg?fit=880%2C440&ssl=1&resize=350%2C200 1x, https:\/\/i0.wp.com\/lahoradelcampo.com.uy\/site\/wp-content\/uploads\/2022\/07\/MGAP-SeguroOvino.jpg?fit=880%2C440&ssl=1&resize=525%2C300 1.5x, https:\/\/i0.wp.com\/lahoradelcampo.com.uy\/site\/wp-content\/uploads\/2022\/07\/MGAP-SeguroOvino.jpg?fit=880%2C440&ssl=1&resize=700%2C400 2x"},"classes":[]}],"jetpack_likes_enabled":true,"_links":{"self":[{"href":"https:\/\/lahoradelcampo.com.uy\/site\/wp-json\/wp\/v2\/posts\/42955","targetHints":{"allow":["GET"]}}],"collection":[{"href":"https:\/\/lahoradelcampo.com.uy\/site\/wp-json\/wp\/v2\/posts"}],"about":[{"href":"https:\/\/lahoradelcampo.com.uy\/site\/wp-json\/wp\/v2\/types\/post"}],"author":[{"embeddable":true,"href":"https:\/\/lahoradelcampo.com.uy\/site\/wp-json\/wp\/v2\/users\/5"}],"replies":[{"embeddable":true,"href":"https:\/\/lahoradelcampo.com.uy\/site\/wp-json\/wp\/v2\/comments?post=42955"}],"version-history":[{"count":2,"href":"https:\/\/lahoradelcampo.com.uy\/site\/wp-json\/wp\/v2\/posts\/42955\/revisions"}],"predecessor-version":[{"id":42981,"href":"https:\/\/lahoradelcampo.com.uy\/site\/wp-json\/wp\/v2\/posts\/42955\/revisions\/42981"}],"wp:featuredmedia":[{"embeddable":true,"href":"https:\/\/lahoradelcampo.com.uy\/site\/wp-json\/wp\/v2\/media\/42957"}],"wp:attachment":[{"href":"https:\/\/lahoradelcampo.com.uy\/site\/wp-json\/wp\/v2\/media?parent=42955"}],"wp:term":[{"taxonomy":"category","embeddable":true,"href":"https:\/\/lahoradelcampo.com.uy\/site\/wp-json\/wp\/v2\/categories?post=42955"},{"taxonomy":"post_tag","embeddable":true,"href":"https:\/\/lahoradelcampo.com.uy\/site\/wp-json\/wp\/v2\/tags?post=42955"}],"curies":[{"name":"wp","href":"https:\/\/api.w.org\/{rel}","templated":true}]}}