{"id":42891,"date":"2022-06-17T07:46:46","date_gmt":"2022-06-17T10:46:46","guid":{"rendered":"http:\/\/lahoradelcampo.com.uy\/site\/?p=42891"},"modified":"2022-06-17T07:46:51","modified_gmt":"2022-06-17T10:46:51","slug":"98-de-venta-en-las-dos-primeras-jornadas-de-plaza-rural","status":"publish","type":"post","link":"https:\/\/lahoradelcampo.com.uy\/site\/98-de-venta-en-las-dos-primeras-jornadas-de-plaza-rural\/","title":{"rendered":"98% de venta en las dos primeras jornadas de Plaza Rural"},"content":{"rendered":"\n<figure class=\"wp-block-image\"><img data-recalc-dims=\"1\" loading=\"lazy\" decoding=\"async\" width=\"810\" height=\"405\" data-attachment-id=\"42895\" data-permalink=\"https:\/\/lahoradelcampo.com.uy\/site\/98-de-venta-en-las-dos-primeras-jornadas-de-plaza-rural\/plazarural-remate\/\" data-orig-file=\"https:\/\/i0.wp.com\/lahoradelcampo.com.uy\/site\/wp-content\/uploads\/2022\/06\/plazarural-remate.jpg?fit=880%2C440&amp;ssl=1\" data-orig-size=\"880,440\" data-comments-opened=\"1\" data-image-meta=\"{&quot;aperture&quot;:&quot;0&quot;,&quot;credit&quot;:&quot;&quot;,&quot;camera&quot;:&quot;&quot;,&quot;caption&quot;:&quot;&quot;,&quot;created_timestamp&quot;:&quot;0&quot;,&quot;copyright&quot;:&quot;&quot;,&quot;focal_length&quot;:&quot;0&quot;,&quot;iso&quot;:&quot;0&quot;,&quot;shutter_speed&quot;:&quot;0&quot;,&quot;title&quot;:&quot;&quot;,&quot;orientation&quot;:&quot;1&quot;}\" data-image-title=\"plazarural-remate\" data-image-description=\"\" data-image-caption=\"\" data-large-file=\"https:\/\/i0.wp.com\/lahoradelcampo.com.uy\/site\/wp-content\/uploads\/2022\/06\/plazarural-remate.jpg?fit=810%2C405&amp;ssl=1\" src=\"https:\/\/i0.wp.com\/lahoradelcampo.com.uy\/site\/wp-content\/uploads\/2022\/06\/plazarural-remate.jpg?resize=810%2C405\" alt=\"\" class=\"wp-image-42895\" srcset=\"https:\/\/i0.wp.com\/lahoradelcampo.com.uy\/site\/wp-content\/uploads\/2022\/06\/plazarural-remate.jpg?w=880&amp;ssl=1 880w, https:\/\/i0.wp.com\/lahoradelcampo.com.uy\/site\/wp-content\/uploads\/2022\/06\/plazarural-remate.jpg?resize=300%2C150&amp;ssl=1 300w, https:\/\/i0.wp.com\/lahoradelcampo.com.uy\/site\/wp-content\/uploads\/2022\/06\/plazarural-remate.jpg?resize=768%2C384&amp;ssl=1 768w, https:\/\/i0.wp.com\/lahoradelcampo.com.uy\/site\/wp-content\/uploads\/2022\/06\/plazarural-remate.jpg?resize=820%2C410&amp;ssl=1 820w\" sizes=\"auto, (max-width: 810px) 100vw, 810px\" \/><\/figure>\n\n\n\n<p>Plaza Rural concret\u00f3 en la jornada de ayer la segunda jornada de ventas, con un 98% de comercializaci\u00f3n de la oferta, con valores que se posicionan con leves variaciones respecto al remate anterior. <\/p>\n\n\n\n<p>En la jornada de hoy se comercializan los ovinos, vientres pre\u00f1ados, entorados y piezas de cr\u00eda. <\/p>\n\n\n\n<div class=\"wp-block-image\"><figure class=\"aligncenter is-resized\"><img data-recalc-dims=\"1\" loading=\"lazy\" decoding=\"async\" data-attachment-id=\"42893\" data-permalink=\"https:\/\/lahoradelcampo.com.uy\/site\/98-de-venta-en-las-dos-primeras-jornadas-de-plaza-rural\/plazarural1-2\/\" data-orig-file=\"https:\/\/i0.wp.com\/lahoradelcampo.com.uy\/site\/wp-content\/uploads\/2022\/06\/plazarural1-1.jpg?fit=577%2C524&amp;ssl=1\" data-orig-size=\"577,524\" data-comments-opened=\"1\" data-image-meta=\"{&quot;aperture&quot;:&quot;0&quot;,&quot;credit&quot;:&quot;&quot;,&quot;camera&quot;:&quot;&quot;,&quot;caption&quot;:&quot;&quot;,&quot;created_timestamp&quot;:&quot;0&quot;,&quot;copyright&quot;:&quot;&quot;,&quot;focal_length&quot;:&quot;0&quot;,&quot;iso&quot;:&quot;0&quot;,&quot;shutter_speed&quot;:&quot;0&quot;,&quot;title&quot;:&quot;&quot;,&quot;orientation&quot;:&quot;0&quot;}\" data-image-title=\"plazarural1\" data-image-description=\"\" data-image-caption=\"\" data-large-file=\"https:\/\/i0.wp.com\/lahoradelcampo.com.uy\/site\/wp-content\/uploads\/2022\/06\/plazarural1-1.jpg?fit=577%2C524&amp;ssl=1\" src=\"https:\/\/i0.wp.com\/lahoradelcampo.com.uy\/site\/wp-content\/uploads\/2022\/06\/plazarural1-1.jpg?resize=475%2C431\" alt=\"\" class=\"wp-image-42893\" width=\"475\" height=\"431\" srcset=\"https:\/\/i0.wp.com\/lahoradelcampo.com.uy\/site\/wp-content\/uploads\/2022\/06\/plazarural1-1.jpg?w=577&amp;ssl=1 577w, https:\/\/i0.wp.com\/lahoradelcampo.com.uy\/site\/wp-content\/uploads\/2022\/06\/plazarural1-1.jpg?resize=300%2C272&amp;ssl=1 300w\" sizes=\"auto, (max-width: 475px) 100vw, 475px\" \/><\/figure><\/div>\n\n\n\n<p>Salto, 17 de junio de 2022<\/p>\n","protected":false},"excerpt":{"rendered":"<p>Plaza Rural concret\u00f3 en la jornada de ayer la segunda jornada de ventas, con un 98% de comercializaci\u00f3n de la oferta, con valores que se posicionan con leves variaciones respecto [&hellip;]<\/p>\n","protected":false},"author":5,"featured_media":42895,"comment_status":"open","ping_status":"open","sticky":false,"template":"","format":"standard","meta":{"_price":"","_stock":"","_tribe_ticket_header":"","_tribe_default_ticket_provider":"","_tribe_ticket_capacity":"0","_ticket_start_date":"","_ticket_end_date":"","_tribe_ticket_show_description":"","_tribe_ticket_show_not_going":false,"_tribe_ticket_use_global_stock":"","_tribe_ticket_global_stock_level":"","_global_stock_mode":"","_global_stock_cap":"","_tribe_rsvp_for_event":"","_tribe_ticket_going_count":"","_tribe_ticket_not_going_count":"","_tribe_tickets_list":"[]","_tribe_ticket_has_attendee_info_fields":false,"h5ap_radio_sources":[],"_jetpack_newsletter_access":"","_jetpack_dont_email_post_to_subs":false,"_jetpack_newsletter_tier_id":0,"_jetpack_memberships_contains_paywalled_content":false,"_jetpack_memberships_contains_paid_content":false,"footnotes":""},"categories":[21,5],"tags":[],"class_list":["post-42891","post","type-post","status-publish","format-standard","has-post-thumbnail","hentry","category-actualidad","category-ganaderia"],"jetpack_featured_media_url":"https:\/\/i0.wp.com\/lahoradelcampo.com.uy\/site\/wp-content\/uploads\/2022\/06\/plazarural-remate.jpg?fit=880%2C440&ssl=1","jetpack_sharing_enabled":true,"jetpack_shortlink":"https:\/\/wp.me\/p99IaT-b9N","jetpack-related-posts":[{"id":39961,"url":"https:\/\/lahoradelcampo.com.uy\/site\/buen-arranque-de-plaza-rural-con-100-de-colocacion-de-los-terneros\/","url_meta":{"origin":42891,"position":0},"title":"Buen arranque de Plaza Rural con 100% de colocaci\u00f3n de los terneros","author":"La Hora del Campo","date":"17 marzo, 2022","format":false,"excerpt":"Plaza Rural comenz\u00f3 en la jornada de ayer su remate 245, que tendr\u00e1 tres d\u00edas m\u00e1s ventas para colocar un volumen de oferta que supera las 29.000 cabezas de vacunos. En la jornada de ayer se ofert\u00f3 la escalera de terneros, donde los valores fluctuaron entre US$ 3,65 para los\u2026","rel":"","context":"En \u00abActualidad\u00bb","block_context":{"text":"Actualidad","link":"https:\/\/lahoradelcampo.com.uy\/site\/category\/actualidad\/"},"img":{"alt_text":"","src":"https:\/\/i0.wp.com\/lahoradelcampo.com.uy\/site\/wp-content\/uploads\/2021\/02\/PLazarural.jpg?fit=880%2C440&ssl=1&resize=350%2C200","width":350,"height":200,"srcset":"https:\/\/i0.wp.com\/lahoradelcampo.com.uy\/site\/wp-content\/uploads\/2021\/02\/PLazarural.jpg?fit=880%2C440&ssl=1&resize=350%2C200 1x, https:\/\/i0.wp.com\/lahoradelcampo.com.uy\/site\/wp-content\/uploads\/2021\/02\/PLazarural.jpg?fit=880%2C440&ssl=1&resize=525%2C300 1.5x, https:\/\/i0.wp.com\/lahoradelcampo.com.uy\/site\/wp-content\/uploads\/2021\/02\/PLazarural.jpg?fit=880%2C440&ssl=1&resize=700%2C400 2x"},"classes":[]},{"id":30378,"url":"https:\/\/lahoradelcampo.com.uy\/site\/plaza-rural-cerro-su-segunda-jornada-con-buen-nivel-de-ventas\/","url_meta":{"origin":42891,"position":1},"title":"Plaza Rural cerr\u00f3 su segunda jornada con buen nivel de ventas","author":"La Hora del Campo","date":"21 mayo, 2021","format":false,"excerpt":"El consorcio de rematadores de Plaza Rural concret\u00f3 su segunda jornada de ventas del remate 234, con un 100% de colocaci\u00f3n en la escalera de novillos y la vaca de invernada. A lo largo de la operativa se observo un mayor inter\u00e9s por los negocios m\u00e1s cortos, tal cual se\u2026","rel":"","context":"En \u00abActualidad\u00bb","block_context":{"text":"Actualidad","link":"https:\/\/lahoradelcampo.com.uy\/site\/category\/actualidad\/"},"img":{"alt_text":"","src":"https:\/\/i0.wp.com\/lahoradelcampo.com.uy\/site\/wp-content\/uploads\/2017\/10\/Plaza-Rural.jpg?fit=880%2C440&ssl=1&resize=350%2C200","width":350,"height":200,"srcset":"https:\/\/i0.wp.com\/lahoradelcampo.com.uy\/site\/wp-content\/uploads\/2017\/10\/Plaza-Rural.jpg?fit=880%2C440&ssl=1&resize=350%2C200 1x, https:\/\/i0.wp.com\/lahoradelcampo.com.uy\/site\/wp-content\/uploads\/2017\/10\/Plaza-Rural.jpg?fit=880%2C440&ssl=1&resize=525%2C300 1.5x, https:\/\/i0.wp.com\/lahoradelcampo.com.uy\/site\/wp-content\/uploads\/2017\/10\/Plaza-Rural.jpg?fit=880%2C440&ssl=1&resize=700%2C400 2x"},"classes":[]},{"id":53734,"url":"https:\/\/lahoradelcampo.com.uy\/site\/terneros-promediaron-us-274-en-plaza-rural\/","url_meta":{"origin":42891,"position":2},"title":"Terneros promediaron US$ 2,74 en Plaza Rural","author":"La Hora del Campo","date":"10 abril, 2024","format":false,"excerpt":"Con gran agilidad el consorcio Plaza Rural vendi\u00f3 este martes los 6.411 de la oferta de terneros (100%) en la primera jornada del remate 284 con Plaza Braford. Los terneros hicieron un promedio de US$ 2,74 (US$ 504 al bulto), con un m\u00ednimo de US$ 2,30 y un m\u00e1ximo de\u2026","rel":"","context":"En \u00abActualidad\u00bb","block_context":{"text":"Actualidad","link":"https:\/\/lahoradelcampo.com.uy\/site\/category\/actualidad\/"},"img":{"alt_text":"","src":"https:\/\/i0.wp.com\/lahoradelcampo.com.uy\/site\/wp-content\/uploads\/2023\/06\/Plaza-Rural-1.jpg?fit=880%2C440&ssl=1&resize=350%2C200","width":350,"height":200,"srcset":"https:\/\/i0.wp.com\/lahoradelcampo.com.uy\/site\/wp-content\/uploads\/2023\/06\/Plaza-Rural-1.jpg?fit=880%2C440&ssl=1&resize=350%2C200 1x, https:\/\/i0.wp.com\/lahoradelcampo.com.uy\/site\/wp-content\/uploads\/2023\/06\/Plaza-Rural-1.jpg?fit=880%2C440&ssl=1&resize=525%2C300 1.5x, https:\/\/i0.wp.com\/lahoradelcampo.com.uy\/site\/wp-content\/uploads\/2023\/06\/Plaza-Rural-1.jpg?fit=880%2C440&ssl=1&resize=700%2C400 2x"},"classes":[]},{"id":36683,"url":"https:\/\/lahoradelcampo.com.uy\/site\/plaza-rural-coloco-el-92-de-la-oferta-en-su-primera-jornada\/","url_meta":{"origin":42891,"position":3},"title":"Plaza Rural coloc\u00f3 el 92% de la oferta en su primera jornada","author":"La Hora del Campo","date":"18 noviembre, 2021","format":false,"excerpt":"Plaza Rural concret\u00f3 su primera jornada de ventas en el d\u00eda de ayer, donde coloc\u00f3 el 92% de la oferta que ten\u00eda prevista para las categor\u00edas de invernada, donde los negocios m\u00e1s cortos lograron un mayor nivel de colocaci\u00f3n y fue m\u00e1s \u00e1gil para encontrar las puntas. Al finalizar las\u2026","rel":"","context":"En \u00abActualidad\u00bb","block_context":{"text":"Actualidad","link":"https:\/\/lahoradelcampo.com.uy\/site\/category\/actualidad\/"},"img":{"alt_text":"","src":"https:\/\/i0.wp.com\/lahoradelcampo.com.uy\/site\/wp-content\/uploads\/2021\/11\/PlazaRural-Victorica.jpg?fit=880%2C440&ssl=1&resize=350%2C200","width":350,"height":200,"srcset":"https:\/\/i0.wp.com\/lahoradelcampo.com.uy\/site\/wp-content\/uploads\/2021\/11\/PlazaRural-Victorica.jpg?fit=880%2C440&ssl=1&resize=350%2C200 1x, https:\/\/i0.wp.com\/lahoradelcampo.com.uy\/site\/wp-content\/uploads\/2021\/11\/PlazaRural-Victorica.jpg?fit=880%2C440&ssl=1&resize=525%2C300 1.5x, https:\/\/i0.wp.com\/lahoradelcampo.com.uy\/site\/wp-content\/uploads\/2021\/11\/PlazaRural-Victorica.jpg?fit=880%2C440&ssl=1&resize=700%2C400 2x"},"classes":[]},{"id":41227,"url":"https:\/\/lahoradelcampo.com.uy\/site\/plaza-rural-recaudo-us-31-800-para-ayudar-a-una-nina-en-su-tratamiento\/","url_meta":{"origin":42891,"position":4},"title":"Plaza Rural recaud\u00f3 US$ 31.800 para ayudar a una ni\u00f1a en su tratamiento","author":"La Hora del Campo","date":"27 abril, 2022","format":false,"excerpt":"En la jornada de ayer, Plaza Rural concret\u00f3 su primera jornada de ventas del remate 247, donde adem\u00e1s se incluye el Plaza Braford. Al finalizar la jornada se coloc\u00f3 11.575 vacunos, casi el 99% de lo ofertado en la jornada, seg\u00fan inform\u00f3 Mauricio Digenova, integrante de la firma Zambrano &\u2026","rel":"","context":"En \u00abActualidad\u00bb","block_context":{"text":"Actualidad","link":"https:\/\/lahoradelcampo.com.uy\/site\/category\/actualidad\/"},"img":{"alt_text":"","src":"https:\/\/i0.wp.com\/lahoradelcampo.com.uy\/site\/wp-content\/uploads\/2022\/04\/PLAZA-Abelenda.jpg?fit=880%2C440&ssl=1&resize=350%2C200","width":350,"height":200,"srcset":"https:\/\/i0.wp.com\/lahoradelcampo.com.uy\/site\/wp-content\/uploads\/2022\/04\/PLAZA-Abelenda.jpg?fit=880%2C440&ssl=1&resize=350%2C200 1x, https:\/\/i0.wp.com\/lahoradelcampo.com.uy\/site\/wp-content\/uploads\/2022\/04\/PLAZA-Abelenda.jpg?fit=880%2C440&ssl=1&resize=525%2C300 1.5x, https:\/\/i0.wp.com\/lahoradelcampo.com.uy\/site\/wp-content\/uploads\/2022\/04\/PLAZA-Abelenda.jpg?fit=880%2C440&ssl=1&resize=700%2C400 2x"},"classes":[]},{"id":41981,"url":"https:\/\/lahoradelcampo.com.uy\/site\/plaza-rural-coloco-el-957-de-ventas-en-la-primera-jornada-del-plaza-angus\/","url_meta":{"origin":42891,"position":5},"title":"Plaza Rural coloc\u00f3 el 95,7% de ventas en la primera jornada del Plaza Angus","author":"La Hora del Campo","date":"19 mayo, 2022","format":false,"excerpt":"Plaza Rural concret\u00f3 en la jornada de ayer la primera jornada de ventas de su remate 248, que incluye el Plaza Angus, con un 95,7% de colocaci\u00f3n. Donde con m\u00e1s de ocho horas de remate y una oferta que super\u00f3 los 6.000 terneros, se registr\u00f3 un baja del 4,7% en\u2026","rel":"","context":"En \u00abActualidad\u00bb","block_context":{"text":"Actualidad","link":"https:\/\/lahoradelcampo.com.uy\/site\/category\/actualidad\/"},"img":{"alt_text":"","src":"https:\/\/i0.wp.com\/lahoradelcampo.com.uy\/site\/wp-content\/uploads\/2022\/05\/PLazaRural-general.jpg?fit=880%2C440&ssl=1&resize=350%2C200","width":350,"height":200,"srcset":"https:\/\/i0.wp.com\/lahoradelcampo.com.uy\/site\/wp-content\/uploads\/2022\/05\/PLazaRural-general.jpg?fit=880%2C440&ssl=1&resize=350%2C200 1x, https:\/\/i0.wp.com\/lahoradelcampo.com.uy\/site\/wp-content\/uploads\/2022\/05\/PLazaRural-general.jpg?fit=880%2C440&ssl=1&resize=525%2C300 1.5x, https:\/\/i0.wp.com\/lahoradelcampo.com.uy\/site\/wp-content\/uploads\/2022\/05\/PLazaRural-general.jpg?fit=880%2C440&ssl=1&resize=700%2C400 2x"},"classes":[]}],"jetpack_likes_enabled":true,"_links":{"self":[{"href":"https:\/\/lahoradelcampo.com.uy\/site\/wp-json\/wp\/v2\/posts\/42891","targetHints":{"allow":["GET"]}}],"collection":[{"href":"https:\/\/lahoradelcampo.com.uy\/site\/wp-json\/wp\/v2\/posts"}],"about":[{"href":"https:\/\/lahoradelcampo.com.uy\/site\/wp-json\/wp\/v2\/types\/post"}],"author":[{"embeddable":true,"href":"https:\/\/lahoradelcampo.com.uy\/site\/wp-json\/wp\/v2\/users\/5"}],"replies":[{"embeddable":true,"href":"https:\/\/lahoradelcampo.com.uy\/site\/wp-json\/wp\/v2\/comments?post=42891"}],"version-history":[{"count":1,"href":"https:\/\/lahoradelcampo.com.uy\/site\/wp-json\/wp\/v2\/posts\/42891\/revisions"}],"predecessor-version":[{"id":42897,"href":"https:\/\/lahoradelcampo.com.uy\/site\/wp-json\/wp\/v2\/posts\/42891\/revisions\/42897"}],"wp:featuredmedia":[{"embeddable":true,"href":"https:\/\/lahoradelcampo.com.uy\/site\/wp-json\/wp\/v2\/media\/42895"}],"wp:attachment":[{"href":"https:\/\/lahoradelcampo.com.uy\/site\/wp-json\/wp\/v2\/media?parent=42891"}],"wp:term":[{"taxonomy":"category","embeddable":true,"href":"https:\/\/lahoradelcampo.com.uy\/site\/wp-json\/wp\/v2\/categories?post=42891"},{"taxonomy":"post_tag","embeddable":true,"href":"https:\/\/lahoradelcampo.com.uy\/site\/wp-json\/wp\/v2\/tags?post=42891"}],"curies":[{"name":"wp","href":"https:\/\/api.w.org\/{rel}","templated":true}]}}