{"id":42407,"date":"2022-06-03T07:24:07","date_gmt":"2022-06-03T10:24:07","guid":{"rendered":"http:\/\/lahoradelcampo.com.uy\/site\/?p=42407"},"modified":"2022-06-03T07:24:12","modified_gmt":"2022-06-03T10:24:12","slug":"agilidad-y-mayor-presencia-de-publico-al-cierre-de-la-semana","status":"publish","type":"post","link":"https:\/\/lahoradelcampo.com.uy\/site\/agilidad-y-mayor-presencia-de-publico-al-cierre-de-la-semana\/","title":{"rendered":"Agilidad y mayor presencia de p\u00fablico al cierre de la semana"},"content":{"rendered":"\n<figure class=\"wp-block-image\"><img data-recalc-dims=\"1\" loading=\"lazy\" decoding=\"async\" width=\"810\" height=\"405\" data-attachment-id=\"7087\" data-permalink=\"https:\/\/lahoradelcampo.com.uy\/site\/llegaron-las-primeras-partidas-de-mandarinas-criollas-al-mercado-modelo\/mandarinas-2\/\" data-orig-file=\"https:\/\/i0.wp.com\/lahoradelcampo.com.uy\/site\/wp-content\/uploads\/2018\/05\/mandarinas.jpg?fit=880%2C440&amp;ssl=1\" data-orig-size=\"880,440\" data-comments-opened=\"1\" data-image-meta=\"{&quot;aperture&quot;:&quot;0&quot;,&quot;credit&quot;:&quot;&quot;,&quot;camera&quot;:&quot;&quot;,&quot;caption&quot;:&quot;&quot;,&quot;created_timestamp&quot;:&quot;0&quot;,&quot;copyright&quot;:&quot;&quot;,&quot;focal_length&quot;:&quot;0&quot;,&quot;iso&quot;:&quot;0&quot;,&quot;shutter_speed&quot;:&quot;0&quot;,&quot;title&quot;:&quot;&quot;,&quot;orientation&quot;:&quot;1&quot;}\" data-image-title=\"mandarinas\" data-image-description=\"\" data-image-caption=\"\" data-large-file=\"https:\/\/i0.wp.com\/lahoradelcampo.com.uy\/site\/wp-content\/uploads\/2018\/05\/mandarinas.jpg?fit=810%2C405&amp;ssl=1\" src=\"https:\/\/i0.wp.com\/lahoradelcampo.com.uy\/site\/wp-content\/uploads\/2018\/05\/mandarinas.jpg?resize=810%2C405\" alt=\"\" class=\"wp-image-7087\" srcset=\"https:\/\/i0.wp.com\/lahoradelcampo.com.uy\/site\/wp-content\/uploads\/2018\/05\/mandarinas.jpg?w=880&amp;ssl=1 880w, https:\/\/i0.wp.com\/lahoradelcampo.com.uy\/site\/wp-content\/uploads\/2018\/05\/mandarinas.jpg?resize=300%2C150&amp;ssl=1 300w, https:\/\/i0.wp.com\/lahoradelcampo.com.uy\/site\/wp-content\/uploads\/2018\/05\/mandarinas.jpg?resize=768%2C384&amp;ssl=1 768w, https:\/\/i0.wp.com\/lahoradelcampo.com.uy\/site\/wp-content\/uploads\/2018\/05\/mandarinas.jpg?resize=820%2C410&amp;ssl=1 820w\" sizes=\"auto, (max-width: 810px) 100vw, 810px\" \/><\/figure>\n\n\n\n<p>La jornada comercial de ayer jueves, transcurri\u00f3 medianamente \u00e1gil en la Unidad Agroalimentaria Metropolitana (UAM) , con mayor presencia de p\u00fablico comprador en relaci\u00f3n con el inicio de la semana.<br><\/p>\n\n\n\n<p>Se registraron descensos en los precios de referencia de papa Blanca, apio, albahaca, cebolla de Verdeo, perejil, remolacha y frutilla.<br><\/p>\n\n\n\n<p>Se observaron incrementos en las cotizaciones de tomates, morr\u00f3n Amarillo y Rojo, coliflor, rabanito y boniato Arapey\/Cuar\u00ed.<br><\/p>\n\n\n\n<p>Como novedad se registraron los primeros ingresos de mandarinas Afourer y Nova.<\/p>\n\n\n\n<div class=\"wp-block-image\"><figure class=\"aligncenter is-resized\"><img data-recalc-dims=\"1\" loading=\"lazy\" decoding=\"async\" data-attachment-id=\"42409\" data-permalink=\"https:\/\/lahoradelcampo.com.uy\/site\/agilidad-y-mayor-presencia-de-publico-al-cierre-de-la-semana\/preciosgranjeros\/\" data-orig-file=\"https:\/\/i0.wp.com\/lahoradelcampo.com.uy\/site\/wp-content\/uploads\/2022\/06\/preciosgranjeros.png?fit=823%2C687&amp;ssl=1\" data-orig-size=\"823,687\" data-comments-opened=\"1\" data-image-meta=\"{&quot;aperture&quot;:&quot;0&quot;,&quot;credit&quot;:&quot;&quot;,&quot;camera&quot;:&quot;&quot;,&quot;caption&quot;:&quot;&quot;,&quot;created_timestamp&quot;:&quot;0&quot;,&quot;copyright&quot;:&quot;&quot;,&quot;focal_length&quot;:&quot;0&quot;,&quot;iso&quot;:&quot;0&quot;,&quot;shutter_speed&quot;:&quot;0&quot;,&quot;title&quot;:&quot;&quot;,&quot;orientation&quot;:&quot;0&quot;}\" data-image-title=\"preciosgranjeros\" data-image-description=\"\" data-image-caption=\"\" data-large-file=\"https:\/\/i0.wp.com\/lahoradelcampo.com.uy\/site\/wp-content\/uploads\/2022\/06\/preciosgranjeros.png?fit=810%2C676&amp;ssl=1\" src=\"https:\/\/i0.wp.com\/lahoradelcampo.com.uy\/site\/wp-content\/uploads\/2022\/06\/preciosgranjeros.png?resize=327%2C273\" alt=\"\" class=\"wp-image-42409\" width=\"327\" height=\"273\" srcset=\"https:\/\/i0.wp.com\/lahoradelcampo.com.uy\/site\/wp-content\/uploads\/2022\/06\/preciosgranjeros.png?w=823&amp;ssl=1 823w, https:\/\/i0.wp.com\/lahoradelcampo.com.uy\/site\/wp-content\/uploads\/2022\/06\/preciosgranjeros.png?resize=300%2C250&amp;ssl=1 300w, https:\/\/i0.wp.com\/lahoradelcampo.com.uy\/site\/wp-content\/uploads\/2022\/06\/preciosgranjeros.png?resize=768%2C641&amp;ssl=1 768w\" sizes=\"auto, (max-width: 327px) 100vw, 327px\" \/><\/figure><\/div>\n\n\n\n<p>Salto, 3 de junio de 2022<\/p>\n","protected":false},"excerpt":{"rendered":"<p>La jornada comercial de ayer jueves, transcurri\u00f3 medianamente \u00e1gil en la Unidad Agroalimentaria Metropolitana (UAM) , con mayor presencia de p\u00fablico comprador en relaci\u00f3n con el inicio de la semana. [&hellip;]<\/p>\n","protected":false},"author":5,"featured_media":7087,"comment_status":"open","ping_status":"open","sticky":false,"template":"","format":"standard","meta":{"_price":"","_stock":"","_tribe_ticket_header":"","_tribe_default_ticket_provider":"","_tribe_ticket_capacity":"0","_ticket_start_date":"","_ticket_end_date":"","_tribe_ticket_show_description":"","_tribe_ticket_show_not_going":false,"_tribe_ticket_use_global_stock":"","_tribe_ticket_global_stock_level":"","_global_stock_mode":"","_global_stock_cap":"","_tribe_rsvp_for_event":"","_tribe_ticket_going_count":"","_tribe_ticket_not_going_count":"","_tribe_tickets_list":"[]","_tribe_ticket_has_attendee_info_fields":false,"h5ap_radio_sources":[],"_jetpack_newsletter_access":"","_jetpack_dont_email_post_to_subs":false,"_jetpack_newsletter_tier_id":0,"_jetpack_memberships_contains_paywalled_content":false,"_jetpack_memberships_contains_paid_content":false,"footnotes":""},"categories":[21,9],"tags":[],"class_list":["post-42407","post","type-post","status-publish","format-standard","has-post-thumbnail","hentry","category-actualidad","category-granja"],"jetpack_featured_media_url":"https:\/\/i0.wp.com\/lahoradelcampo.com.uy\/site\/wp-content\/uploads\/2018\/05\/mandarinas.jpg?fit=880%2C440&ssl=1","jetpack_sharing_enabled":true,"jetpack_shortlink":"https:\/\/wp.me\/p99IaT-b1Z","jetpack-related-posts":[{"id":42919,"url":"https:\/\/lahoradelcampo.com.uy\/site\/operativa-medianamente-agil-con-menor-presencia-de-publico-comprador\/","url_meta":{"origin":42407,"position":0},"title":"Operativa medianamente \u00e1gil, con menor presencia  de p\u00fablico comprador","author":"La Hora del Campo","date":"17 junio, 2022","format":false,"excerpt":"La operativa comercial de ayer jueves 16 de junio, transcurri\u00f3 de forma medianamente \u00e1gil en la Unidad Agroalimentaria Metropolitana (UAM). Registr\u00e1ndose una menor concurrencia de p\u00fablico comprador con relaci\u00f3n al inicio de la semana, pero con un mayor levante de mercader\u00eda, seg\u00fan indicaron informantes calificados. En ese escenario se registraron\u2026","rel":"","context":"En \u00abActualidad\u00bb","block_context":{"text":"Actualidad","link":"https:\/\/lahoradelcampo.com.uy\/site\/category\/actualidad\/"},"img":{"alt_text":"","src":"https:\/\/i0.wp.com\/lahoradelcampo.com.uy\/site\/wp-content\/uploads\/2021\/06\/UAMmercado.jpg?fit=880%2C440&ssl=1&resize=350%2C200","width":350,"height":200,"srcset":"https:\/\/i0.wp.com\/lahoradelcampo.com.uy\/site\/wp-content\/uploads\/2021\/06\/UAMmercado.jpg?fit=880%2C440&ssl=1&resize=350%2C200 1x, https:\/\/i0.wp.com\/lahoradelcampo.com.uy\/site\/wp-content\/uploads\/2021\/06\/UAMmercado.jpg?fit=880%2C440&ssl=1&resize=525%2C300 1.5x, https:\/\/i0.wp.com\/lahoradelcampo.com.uy\/site\/wp-content\/uploads\/2021\/06\/UAMmercado.jpg?fit=880%2C440&ssl=1&resize=700%2C400 2x"},"classes":[]},{"id":43005,"url":"https:\/\/lahoradelcampo.com.uy\/site\/alta-presencia-de-publico-y-ventas-menos-agiles-a-final-del-mes\/","url_meta":{"origin":42407,"position":1},"title":"Alta presencia de p\u00fablico y ventas menos \u00e1giles a final del mes","author":"La Hora del Campo","date":"21 junio, 2022","format":false,"excerpt":"La jornada comercial de ayer transcurri\u00f3 de forma medianamente \u00e1gil en la Unidad Agroalimentaria Metropolitana, a\u00fan con alta concurrencia de p\u00fablico comprador. El menor nivel de ventas esperado, de acuerdo a la cantidad de p\u00fablico, se debe como es habitual, al avance del mes ya entrada la segunda quincena, lo\u2026","rel":"","context":"En \u00abActualidad\u00bb","block_context":{"text":"Actualidad","link":"https:\/\/lahoradelcampo.com.uy\/site\/category\/actualidad\/"},"img":{"alt_text":"","src":"https:\/\/i0.wp.com\/lahoradelcampo.com.uy\/site\/wp-content\/uploads\/2018\/05\/Granja.jpg?fit=880%2C440&ssl=1&resize=350%2C200","width":350,"height":200,"srcset":"https:\/\/i0.wp.com\/lahoradelcampo.com.uy\/site\/wp-content\/uploads\/2018\/05\/Granja.jpg?fit=880%2C440&ssl=1&resize=350%2C200 1x, https:\/\/i0.wp.com\/lahoradelcampo.com.uy\/site\/wp-content\/uploads\/2018\/05\/Granja.jpg?fit=880%2C440&ssl=1&resize=525%2C300 1.5x, https:\/\/i0.wp.com\/lahoradelcampo.com.uy\/site\/wp-content\/uploads\/2018\/05\/Granja.jpg?fit=880%2C440&ssl=1&resize=700%2C400 2x"},"classes":[]},{"id":47151,"url":"https:\/\/lahoradelcampo.com.uy\/site\/menor-presencia-de-publico-bajas-ventas-de-la-granja\/","url_meta":{"origin":42407,"position":2},"title":"Menor presencia de p\u00fablico, bajas ventas de la granja","author":"La Hora del Campo","date":"22 noviembre, 2022","format":false,"excerpt":"El comienzo de la semana comercial en la Unidad Agroalimentaria Metropolitana (UAM) se present\u00f3 poco \u00e1gil con un menor ingreso de p\u00fablico comprador y un levante de mercader\u00eda enlentecido debido a la ocurrencia de precipitaciones y el comienzo de la \u00faltima decena del mes. Como novedad se registr\u00f3 el ingreso\u2026","rel":"","context":"En \u00abActualidad\u00bb","block_context":{"text":"Actualidad","link":"https:\/\/lahoradelcampo.com.uy\/site\/category\/actualidad\/"},"img":{"alt_text":"","src":"https:\/\/i0.wp.com\/lahoradelcampo.com.uy\/site\/wp-content\/uploads\/2022\/04\/UAM-General.jpg?fit=880%2C440&ssl=1&resize=350%2C200","width":350,"height":200,"srcset":"https:\/\/i0.wp.com\/lahoradelcampo.com.uy\/site\/wp-content\/uploads\/2022\/04\/UAM-General.jpg?fit=880%2C440&ssl=1&resize=350%2C200 1x, https:\/\/i0.wp.com\/lahoradelcampo.com.uy\/site\/wp-content\/uploads\/2022\/04\/UAM-General.jpg?fit=880%2C440&ssl=1&resize=525%2C300 1.5x, https:\/\/i0.wp.com\/lahoradelcampo.com.uy\/site\/wp-content\/uploads\/2022\/04\/UAM-General.jpg?fit=880%2C440&ssl=1&resize=700%2C400 2x"},"classes":[]},{"id":28124,"url":"https:\/\/lahoradelcampo.com.uy\/site\/con-buena-presencia-de-publico-menor-volumen-de-colocacion-de-la-oferta\/","url_meta":{"origin":42407,"position":3},"title":"Con buena presencia de p\u00fablico, menor volumen de colocaci\u00f3n de la oferta","author":"La Hora del Campo","date":"2 marzo, 2021","format":false,"excerpt":"Mientras esperamos el reinicio de la informaci\u00f3n del mercado local, realizado por Avanza Salto Hort\u00edcola, les acercamos los valores y la operativa en la recientemente inaugurada Unidad Agroalimentaria Metropolitana. El inicio de la segunda semana de ventas en el nuevo centro de comercializaci\u00f3n se present\u00f3 medianamente \u00e1gil, con buena afluencia\u2026","rel":"","context":"En \u00abActualidad\u00bb","block_context":{"text":"Actualidad","link":"https:\/\/lahoradelcampo.com.uy\/site\/category\/actualidad\/"},"img":{"alt_text":"","src":"https:\/\/i0.wp.com\/lahoradelcampo.com.uy\/site\/wp-content\/uploads\/2020\/10\/UAM-granja.jpg?fit=880%2C440&ssl=1&resize=350%2C200","width":350,"height":200,"srcset":"https:\/\/i0.wp.com\/lahoradelcampo.com.uy\/site\/wp-content\/uploads\/2020\/10\/UAM-granja.jpg?fit=880%2C440&ssl=1&resize=350%2C200 1x, https:\/\/i0.wp.com\/lahoradelcampo.com.uy\/site\/wp-content\/uploads\/2020\/10\/UAM-granja.jpg?fit=880%2C440&ssl=1&resize=525%2C300 1.5x, https:\/\/i0.wp.com\/lahoradelcampo.com.uy\/site\/wp-content\/uploads\/2020\/10\/UAM-granja.jpg?fit=880%2C440&ssl=1&resize=700%2C400 2x"},"classes":[]},{"id":32790,"url":"https:\/\/lahoradelcampo.com.uy\/site\/mayor-presencia-de-publico-y-mas-agilidad-en-las-ventas-de-la-uam\/","url_meta":{"origin":42407,"position":4},"title":"Mayor presencia de p\u00fablico y m\u00e1s agilidad en las ventas de la UAM","author":"La Hora del Campo","date":"6 agosto, 2021","format":false,"excerpt":"Ayer jueves, la operativa comercial en la Unidad Agroalimentaria Metropolitana (UAM), transcurri\u00f3 de forma \u00e1gil, debido a una mayor presencia de p\u00fablico en las instalaciones del mercado granjero, as\u00ed como tambi\u00e9n un mayor inter\u00e9s de los compradores en relaci\u00f3n a d\u00edas anteriores, seg\u00fan el comentario general de los informantes principales\u2026","rel":"","context":"En \u00abActualidad\u00bb","block_context":{"text":"Actualidad","link":"https:\/\/lahoradelcampo.com.uy\/site\/category\/actualidad\/"},"img":{"alt_text":"","src":"https:\/\/i0.wp.com\/lahoradelcampo.com.uy\/site\/wp-content\/uploads\/2020\/10\/UAM-granja.jpg?fit=880%2C440&ssl=1&resize=350%2C200","width":350,"height":200,"srcset":"https:\/\/i0.wp.com\/lahoradelcampo.com.uy\/site\/wp-content\/uploads\/2020\/10\/UAM-granja.jpg?fit=880%2C440&ssl=1&resize=350%2C200 1x, https:\/\/i0.wp.com\/lahoradelcampo.com.uy\/site\/wp-content\/uploads\/2020\/10\/UAM-granja.jpg?fit=880%2C440&ssl=1&resize=525%2C300 1.5x, https:\/\/i0.wp.com\/lahoradelcampo.com.uy\/site\/wp-content\/uploads\/2020\/10\/UAM-granja.jpg?fit=880%2C440&ssl=1&resize=700%2C400 2x"},"classes":[]},{"id":44031,"url":"https:\/\/lahoradelcampo.com.uy\/site\/mayor-nivel-de-publico-y-colocacion-en-la-uam\/","url_meta":{"origin":42407,"position":5},"title":"Mayor nivel de p\u00fablico y colocaci\u00f3n en la UAM","author":"La Hora del Campo","date":"22 julio, 2022","format":false,"excerpt":"La jornada de ayer transcurri\u00f3 medianamente \u00e1gil, con buena afluencia de p\u00fablico comprador y con mayor levante de mercader\u00eda con relaci\u00f3n a la semana pasada. Se registraron descensos en los precios de referencia de tomates, morrones, zucchini, acelga, br\u00f3coli, lechuga Crespa, coliflor, repollos y repollito de Bruselas. Se observaron incrementos\u2026","rel":"","context":"En \u00abActualidad\u00bb","block_context":{"text":"Actualidad","link":"https:\/\/lahoradelcampo.com.uy\/site\/category\/actualidad\/"},"img":{"alt_text":"","src":"https:\/\/i0.wp.com\/lahoradelcampo.com.uy\/site\/wp-content\/uploads\/2021\/06\/UAMmercado.jpg?fit=880%2C440&ssl=1&resize=350%2C200","width":350,"height":200,"srcset":"https:\/\/i0.wp.com\/lahoradelcampo.com.uy\/site\/wp-content\/uploads\/2021\/06\/UAMmercado.jpg?fit=880%2C440&ssl=1&resize=350%2C200 1x, https:\/\/i0.wp.com\/lahoradelcampo.com.uy\/site\/wp-content\/uploads\/2021\/06\/UAMmercado.jpg?fit=880%2C440&ssl=1&resize=525%2C300 1.5x, https:\/\/i0.wp.com\/lahoradelcampo.com.uy\/site\/wp-content\/uploads\/2021\/06\/UAMmercado.jpg?fit=880%2C440&ssl=1&resize=700%2C400 2x"},"classes":[]}],"jetpack_likes_enabled":true,"_links":{"self":[{"href":"https:\/\/lahoradelcampo.com.uy\/site\/wp-json\/wp\/v2\/posts\/42407","targetHints":{"allow":["GET"]}}],"collection":[{"href":"https:\/\/lahoradelcampo.com.uy\/site\/wp-json\/wp\/v2\/posts"}],"about":[{"href":"https:\/\/lahoradelcampo.com.uy\/site\/wp-json\/wp\/v2\/types\/post"}],"author":[{"embeddable":true,"href":"https:\/\/lahoradelcampo.com.uy\/site\/wp-json\/wp\/v2\/users\/5"}],"replies":[{"embeddable":true,"href":"https:\/\/lahoradelcampo.com.uy\/site\/wp-json\/wp\/v2\/comments?post=42407"}],"version-history":[{"count":1,"href":"https:\/\/lahoradelcampo.com.uy\/site\/wp-json\/wp\/v2\/posts\/42407\/revisions"}],"predecessor-version":[{"id":42411,"href":"https:\/\/lahoradelcampo.com.uy\/site\/wp-json\/wp\/v2\/posts\/42407\/revisions\/42411"}],"wp:featuredmedia":[{"embeddable":true,"href":"https:\/\/lahoradelcampo.com.uy\/site\/wp-json\/wp\/v2\/media\/7087"}],"wp:attachment":[{"href":"https:\/\/lahoradelcampo.com.uy\/site\/wp-json\/wp\/v2\/media?parent=42407"}],"wp:term":[{"taxonomy":"category","embeddable":true,"href":"https:\/\/lahoradelcampo.com.uy\/site\/wp-json\/wp\/v2\/categories?post=42407"},{"taxonomy":"post_tag","embeddable":true,"href":"https:\/\/lahoradelcampo.com.uy\/site\/wp-json\/wp\/v2\/tags?post=42407"}],"curies":[{"name":"wp","href":"https:\/\/api.w.org\/{rel}","templated":true}]}}