{"id":42401,"date":"2022-06-02T11:57:23","date_gmt":"2022-06-02T14:57:23","guid":{"rendered":"http:\/\/lahoradelcampo.com.uy\/site\/?p=42401"},"modified":"2022-06-03T07:35:28","modified_gmt":"2022-06-03T10:35:28","slug":"una-buen-sanidad-parasitaria-en-las-recrias-maximiza-las-ganancias-diarias","status":"publish","type":"post","link":"https:\/\/lahoradelcampo.com.uy\/site\/una-buen-sanidad-parasitaria-en-las-recrias-maximiza-las-ganancias-diarias\/","title":{"rendered":"Una buena sanidad parasitaria en las recr\u00edas maximiza las ganancias diarias"},"content":{"rendered":"\n<figure class=\"wp-block-image\"><img data-recalc-dims=\"1\" loading=\"lazy\" decoding=\"async\" width=\"810\" height=\"405\" data-attachment-id=\"40871\" data-permalink=\"https:\/\/lahoradelcampo.com.uy\/site\/es-momento-de-cuidar-los-parasitos-gastrointestinales\/biogenesis-tachi\/\" data-orig-file=\"https:\/\/i0.wp.com\/lahoradelcampo.com.uy\/site\/wp-content\/uploads\/2022\/04\/Biogenesis-tachi.jpg?fit=880%2C440&amp;ssl=1\" data-orig-size=\"880,440\" data-comments-opened=\"1\" data-image-meta=\"{&quot;aperture&quot;:&quot;0&quot;,&quot;credit&quot;:&quot;&quot;,&quot;camera&quot;:&quot;&quot;,&quot;caption&quot;:&quot;&quot;,&quot;created_timestamp&quot;:&quot;0&quot;,&quot;copyright&quot;:&quot;&quot;,&quot;focal_length&quot;:&quot;0&quot;,&quot;iso&quot;:&quot;0&quot;,&quot;shutter_speed&quot;:&quot;0&quot;,&quot;title&quot;:&quot;&quot;,&quot;orientation&quot;:&quot;1&quot;}\" data-image-title=\"Biogenesis-tachi\" data-image-description=\"\" data-image-caption=\"\" data-large-file=\"https:\/\/i0.wp.com\/lahoradelcampo.com.uy\/site\/wp-content\/uploads\/2022\/04\/Biogenesis-tachi.jpg?fit=810%2C405&amp;ssl=1\" src=\"https:\/\/i0.wp.com\/lahoradelcampo.com.uy\/site\/wp-content\/uploads\/2022\/04\/Biogenesis-tachi.jpg?resize=810%2C405\" alt=\"\" class=\"wp-image-40871\" srcset=\"https:\/\/i0.wp.com\/lahoradelcampo.com.uy\/site\/wp-content\/uploads\/2022\/04\/Biogenesis-tachi.jpg?w=880&amp;ssl=1 880w, https:\/\/i0.wp.com\/lahoradelcampo.com.uy\/site\/wp-content\/uploads\/2022\/04\/Biogenesis-tachi.jpg?resize=300%2C150&amp;ssl=1 300w, https:\/\/i0.wp.com\/lahoradelcampo.com.uy\/site\/wp-content\/uploads\/2022\/04\/Biogenesis-tachi.jpg?resize=768%2C384&amp;ssl=1 768w, https:\/\/i0.wp.com\/lahoradelcampo.com.uy\/site\/wp-content\/uploads\/2022\/04\/Biogenesis-tachi.jpg?resize=820%2C410&amp;ssl=1 820w\" sizes=\"auto, (max-width: 810px) 100vw, 810px\" \/><\/figure>\n\n\n\n<p>Poniendo foco en las recr\u00edas, una de las categor\u00edas m\u00e1s sensibles en este momento, es muy importante prestar atenci\u00f3n en la sanidad parasitaria para que esta problem\u00e1tica no incida negativamente en las ganancias diarias. <\/p>\n\n\n\n<p>El Dr. Juan Andr\u00e9s Garc\u00eda Pintos, integrante del equipo t\u00e9cnico de Biog\u00e9nesis Bag\u00f3, marc\u00f3 la importancia de atender con especialmente estas categor\u00edas. <\/p>\n\n\n\n<figure class=\"wp-block-embed-youtube wp-block-embed is-type-video is-provider-youtube wp-embed-aspect-16-9 wp-has-aspect-ratio\"><div class=\"wp-block-embed__wrapper\">\n<span class=\"embed-youtube\" style=\"text-align:center; display: block;\"><iframe loading=\"lazy\" class=\"youtube-player\" width=\"810\" height=\"456\" src=\"https:\/\/www.youtube.com\/embed\/FOB4NnikPrs?version=3&#038;rel=1&#038;showsearch=0&#038;showinfo=1&#038;iv_load_policy=1&#038;fs=1&#038;hl=es-ES&#038;autohide=2&#038;wmode=transparent\" allowfullscreen=\"true\" style=\"border:0;\" sandbox=\"allow-scripts allow-same-origin allow-popups allow-presentation allow-popups-to-escape-sandbox\"><\/iframe><\/span>\n<\/div><figcaption><br><\/figcaption><\/figure>\n\n\n\n<p>Biog\u00e9nesis Bag\u00f3 una empresa global, con m\u00e1s de 30 a\u00f1os instalada en el Uruguay, con un fuerte arraigo a nivel local y cada vez m\u00e1s cerca de los productores y el comercio. <\/p>\n\n\n\n<p>Salto, 2 de junio de 2022<\/p>\n","protected":false},"excerpt":{"rendered":"<p>Poniendo foco en las recr\u00edas, una de las categor\u00edas m\u00e1s sensibles en este momento, es muy importante prestar atenci\u00f3n en la sanidad parasitaria para que esta problem\u00e1tica no incida negativamente [&hellip;]<\/p>\n","protected":false},"author":5,"featured_media":40871,"comment_status":"open","ping_status":"open","sticky":false,"template":"","format":"standard","meta":{"_price":"","_stock":"","_tribe_ticket_header":"","_tribe_default_ticket_provider":"","_tribe_ticket_capacity":"0","_ticket_start_date":"","_ticket_end_date":"","_tribe_ticket_show_description":"","_tribe_ticket_show_not_going":false,"_tribe_ticket_use_global_stock":"","_tribe_ticket_global_stock_level":"","_global_stock_mode":"","_global_stock_cap":"","_tribe_rsvp_for_event":"","_tribe_ticket_going_count":"","_tribe_ticket_not_going_count":"","_tribe_tickets_list":"[]","_tribe_ticket_has_attendee_info_fields":false,"h5ap_radio_sources":[],"_jetpack_newsletter_access":"","_jetpack_dont_email_post_to_subs":false,"_jetpack_newsletter_tier_id":0,"_jetpack_memberships_contains_paywalled_content":false,"_jetpack_memberships_contains_paid_content":false,"footnotes":""},"categories":[21,5],"tags":[],"class_list":["post-42401","post","type-post","status-publish","format-standard","has-post-thumbnail","hentry","category-actualidad","category-ganaderia"],"jetpack_featured_media_url":"https:\/\/i0.wp.com\/lahoradelcampo.com.uy\/site\/wp-content\/uploads\/2022\/04\/Biogenesis-tachi.jpg?fit=880%2C440&ssl=1","jetpack_sharing_enabled":true,"jetpack_shortlink":"https:\/\/wp.me\/p99IaT-b1T","jetpack-related-posts":[{"id":15380,"url":"https:\/\/lahoradelcampo.com.uy\/site\/se-debe-monitorear-el-rodeo-de-cria-porque-la-oferta-de-forraje-puede-ser-una-limitante\/","url_meta":{"origin":42401,"position":0},"title":"Se debe monitorear el rodeo de cr\u00eda porque la oferta de forraje puede ser una limitante","author":"La Hora del Campo","date":"28 octubre, 2019","format":false,"excerpt":"El Instituto Plan Agropecuario present\u00f3 al cierre de la semana, su informe mensual, donde detalla la situaci\u00f3n actual del sector agropecuario en las distintas zonas del pa\u00eds. En este sentido se se\u00f1ala que del 15 de agosto al 15 de octubre las precipitaciones han sido superiores al promedio hist\u00f3rico para\u2026","rel":"","context":"En \u00abActualidad\u00bb","block_context":{"text":"Actualidad","link":"https:\/\/lahoradelcampo.com.uy\/site\/category\/actualidad\/"},"img":{"alt_text":"","src":"https:\/\/i0.wp.com\/lahoradelcampo.com.uy\/site\/wp-content\/uploads\/2019\/10\/criavacuna.jpg?fit=880%2C440&ssl=1&resize=350%2C200","width":350,"height":200,"srcset":"https:\/\/i0.wp.com\/lahoradelcampo.com.uy\/site\/wp-content\/uploads\/2019\/10\/criavacuna.jpg?fit=880%2C440&ssl=1&resize=350%2C200 1x, https:\/\/i0.wp.com\/lahoradelcampo.com.uy\/site\/wp-content\/uploads\/2019\/10\/criavacuna.jpg?fit=880%2C440&ssl=1&resize=525%2C300 1.5x, https:\/\/i0.wp.com\/lahoradelcampo.com.uy\/site\/wp-content\/uploads\/2019\/10\/criavacuna.jpg?fit=880%2C440&ssl=1&resize=700%2C400 2x"},"classes":[]},{"id":43557,"url":"https:\/\/lahoradelcampo.com.uy\/site\/es-momento-de-controlar-las-parasitosis-internas-en-el-preparto-ovino\/","url_meta":{"origin":42401,"position":1},"title":"Es momento de controlar las parasitosis internas en el preparto ovino","author":"La Hora del Campo","date":"6 julio, 2022","format":false,"excerpt":"La sanidad en el pre-parto de los ovinos, conjuntamente con la esquila y el manejo nutricional diferencial, es fundamental para lograr una mayor sobrevida de los corderos. Es un momento importante para controlar la carga parasitaria de las ovejas, para ello se deben usar productos que no presenten resistencia. Adem\u00e1s\u2026","rel":"","context":"En \u00abActualidad\u00bb","block_context":{"text":"Actualidad","link":"https:\/\/lahoradelcampo.com.uy\/site\/category\/actualidad\/"},"img":{"alt_text":"","src":"https:\/\/i0.wp.com\/lahoradelcampo.com.uy\/site\/wp-content\/uploads\/2022\/05\/Biogenesis-Mederos.jpg?fit=880%2C440&ssl=1&resize=350%2C200","width":350,"height":200,"srcset":"https:\/\/i0.wp.com\/lahoradelcampo.com.uy\/site\/wp-content\/uploads\/2022\/05\/Biogenesis-Mederos.jpg?fit=880%2C440&ssl=1&resize=350%2C200 1x, https:\/\/i0.wp.com\/lahoradelcampo.com.uy\/site\/wp-content\/uploads\/2022\/05\/Biogenesis-Mederos.jpg?fit=880%2C440&ssl=1&resize=525%2C300 1.5x, https:\/\/i0.wp.com\/lahoradelcampo.com.uy\/site\/wp-content\/uploads\/2022\/05\/Biogenesis-Mederos.jpg?fit=880%2C440&ssl=1&resize=700%2C400 2x"},"classes":[]},{"id":28284,"url":"https:\/\/lahoradelcampo.com.uy\/site\/que-es-la-tristeza-parasitaria-y-como-planificar-un-buen-control\/","url_meta":{"origin":42401,"position":2},"title":"\u00bfQu\u00e9 es la Tristeza Parasitaria y c\u00f3mo planificar un buen control?","author":"La Hora del Campo","date":"5 marzo, 2021","format":false,"excerpt":"La tristeza parasitaria genera p\u00e9rdidas a nivel de los establecimientos productivos en todo el pa\u00eds. El Dr. Ignacio Arrospide, integrante de Biog\u00e9nesis Bag\u00f3, nos explica que es la Tristeza Parasitaria y cual es la mejor estrategia para lograr superarla. https:\/\/youtu.be\/wzx1GWYpSA0 Salto, 5 de marzo de 2021","rel":"","context":"En \u00abActualidad\u00bb","block_context":{"text":"Actualidad","link":"https:\/\/lahoradelcampo.com.uy\/site\/category\/actualidad\/"},"img":{"alt_text":"","src":"https:\/\/i0.wp.com\/lahoradelcampo.com.uy\/site\/wp-content\/uploads\/2021\/03\/biogenesis-3.jpg?fit=880%2C440&ssl=1&resize=350%2C200","width":350,"height":200,"srcset":"https:\/\/i0.wp.com\/lahoradelcampo.com.uy\/site\/wp-content\/uploads\/2021\/03\/biogenesis-3.jpg?fit=880%2C440&ssl=1&resize=350%2C200 1x, https:\/\/i0.wp.com\/lahoradelcampo.com.uy\/site\/wp-content\/uploads\/2021\/03\/biogenesis-3.jpg?fit=880%2C440&ssl=1&resize=525%2C300 1.5x, https:\/\/i0.wp.com\/lahoradelcampo.com.uy\/site\/wp-content\/uploads\/2021\/03\/biogenesis-3.jpg?fit=880%2C440&ssl=1&resize=700%2C400 2x"},"classes":[]},{"id":53948,"url":"https:\/\/lahoradelcampo.com.uy\/site\/tristeza-genera-perdidas-por-us-15-millones-en-los-ultimos-10-anos\/","url_meta":{"origin":42401,"position":3},"title":"Tristeza genera p\u00e9rdidas por US$ 15 millones en los \u00faltimos 10 a\u00f1os","author":"La Hora del Campo","date":"11 junio, 2024","format":false,"excerpt":"En el marco de las 51\u00b0 Jornadas Uruguayas de Buiatr\u00eda, realizadas en el sal\u00f3n Egeo de Paysand\u00fa, se present\u00f3 un \"Poster\" sobre la tristeza parasitaria en bovinos en Uruguay. Titulado \"An\u00e1lisis retrospectivo de la tristeza parasitaria en Uruguay utilizando registros hist\u00f3ricos de Dilave 'Miguel C. Rubino' (1977-2023)\" revel\u00f3 que en\u2026","rel":"","context":"En \u00abActualidad\u00bb","block_context":{"text":"Actualidad","link":"https:\/\/lahoradelcampo.com.uy\/site\/category\/actualidad\/"},"img":{"alt_text":"","src":"https:\/\/i0.wp.com\/lahoradelcampo.com.uy\/site\/wp-content\/uploads\/2024\/06\/buiatria-24.jpg?fit=880%2C440&ssl=1&resize=350%2C200","width":350,"height":200,"srcset":"https:\/\/i0.wp.com\/lahoradelcampo.com.uy\/site\/wp-content\/uploads\/2024\/06\/buiatria-24.jpg?fit=880%2C440&ssl=1&resize=350%2C200 1x, https:\/\/i0.wp.com\/lahoradelcampo.com.uy\/site\/wp-content\/uploads\/2024\/06\/buiatria-24.jpg?fit=880%2C440&ssl=1&resize=525%2C300 1.5x, https:\/\/i0.wp.com\/lahoradelcampo.com.uy\/site\/wp-content\/uploads\/2024\/06\/buiatria-24.jpg?fit=880%2C440&ssl=1&resize=700%2C400 2x"},"classes":[]},{"id":40219,"url":"https:\/\/lahoradelcampo.com.uy\/site\/la-tristeza-parasitaria-es-una-de-las-principales-causas-de-muerte-en-bovinos\/","url_meta":{"origin":42401,"position":4},"title":"La tristeza parasitaria es una de las principales causas de muerte en bovinos","author":"La Hora del Campo","date":"24 marzo, 2022","format":false,"excerpt":"La tristeza parasitaria es transmitida por la garrapata y actualmente es una de las principales causas de muertes en bovinos en el pa\u00eds. El Dr. Horacio Mederos, integrante del departamento t\u00e9cnico de Biog\u00b4\u00b4enesis Bag\u00f3, nos brinda informaci\u00f3n sobre esta problem\u00e1tica sanitaria. Adem\u00e1s nos brinda recomendaciones para prevenir y como tratar\u2026","rel":"","context":"En \u00abActualidad\u00bb","block_context":{"text":"Actualidad","link":"https:\/\/lahoradelcampo.com.uy\/site\/category\/actualidad\/"},"img":{"alt_text":"","src":"https:\/\/i0.wp.com\/lahoradelcampo.com.uy\/site\/wp-content\/uploads\/2021\/02\/biogenesis-2.jpg?fit=880%2C440&ssl=1&resize=350%2C200","width":350,"height":200,"srcset":"https:\/\/i0.wp.com\/lahoradelcampo.com.uy\/site\/wp-content\/uploads\/2021\/02\/biogenesis-2.jpg?fit=880%2C440&ssl=1&resize=350%2C200 1x, https:\/\/i0.wp.com\/lahoradelcampo.com.uy\/site\/wp-content\/uploads\/2021\/02\/biogenesis-2.jpg?fit=880%2C440&ssl=1&resize=525%2C300 1.5x, https:\/\/i0.wp.com\/lahoradelcampo.com.uy\/site\/wp-content\/uploads\/2021\/02\/biogenesis-2.jpg?fit=880%2C440&ssl=1&resize=700%2C400 2x"},"classes":[]},{"id":53231,"url":"https:\/\/lahoradelcampo.com.uy\/site\/sul-emitio-recomendaciones-para-una-primavera-verano-lluviosos\/","url_meta":{"origin":42401,"position":5},"title":"SUL emiti\u00f3 recomendaciones para una primavera \u2013 verano lluviosos","author":"La Hora del Campo","date":"30 noviembre, 2023","format":false,"excerpt":"El equipo t\u00e9cnico de SUL ha compartido una serie de medidas sanitarias cruciales para asegurar la salud y el rendimiento \u00f3ptimo de los ovinos durante los periodos lluviosos y de temperaturas elevadas, factores que pueden impactar significativamente en la producci\u00f3n y el bienestar animal. En una cartilla t\u00e9cnica elaborada por\u2026","rel":"","context":"En \u00abActualidad\u00bb","block_context":{"text":"Actualidad","link":"https:\/\/lahoradelcampo.com.uy\/site\/category\/actualidad\/"},"img":{"alt_text":"","src":"https:\/\/i0.wp.com\/lahoradelcampo.com.uy\/site\/wp-content\/uploads\/2023\/11\/Ovinos23.jpg?fit=880%2C440&ssl=1&resize=350%2C200","width":350,"height":200,"srcset":"https:\/\/i0.wp.com\/lahoradelcampo.com.uy\/site\/wp-content\/uploads\/2023\/11\/Ovinos23.jpg?fit=880%2C440&ssl=1&resize=350%2C200 1x, https:\/\/i0.wp.com\/lahoradelcampo.com.uy\/site\/wp-content\/uploads\/2023\/11\/Ovinos23.jpg?fit=880%2C440&ssl=1&resize=525%2C300 1.5x, https:\/\/i0.wp.com\/lahoradelcampo.com.uy\/site\/wp-content\/uploads\/2023\/11\/Ovinos23.jpg?fit=880%2C440&ssl=1&resize=700%2C400 2x"},"classes":[]}],"jetpack_likes_enabled":true,"_links":{"self":[{"href":"https:\/\/lahoradelcampo.com.uy\/site\/wp-json\/wp\/v2\/posts\/42401","targetHints":{"allow":["GET"]}}],"collection":[{"href":"https:\/\/lahoradelcampo.com.uy\/site\/wp-json\/wp\/v2\/posts"}],"about":[{"href":"https:\/\/lahoradelcampo.com.uy\/site\/wp-json\/wp\/v2\/types\/post"}],"author":[{"embeddable":true,"href":"https:\/\/lahoradelcampo.com.uy\/site\/wp-json\/wp\/v2\/users\/5"}],"replies":[{"embeddable":true,"href":"https:\/\/lahoradelcampo.com.uy\/site\/wp-json\/wp\/v2\/comments?post=42401"}],"version-history":[{"count":2,"href":"https:\/\/lahoradelcampo.com.uy\/site\/wp-json\/wp\/v2\/posts\/42401\/revisions"}],"predecessor-version":[{"id":42421,"href":"https:\/\/lahoradelcampo.com.uy\/site\/wp-json\/wp\/v2\/posts\/42401\/revisions\/42421"}],"wp:featuredmedia":[{"embeddable":true,"href":"https:\/\/lahoradelcampo.com.uy\/site\/wp-json\/wp\/v2\/media\/40871"}],"wp:attachment":[{"href":"https:\/\/lahoradelcampo.com.uy\/site\/wp-json\/wp\/v2\/media?parent=42401"}],"wp:term":[{"taxonomy":"category","embeddable":true,"href":"https:\/\/lahoradelcampo.com.uy\/site\/wp-json\/wp\/v2\/categories?post=42401"},{"taxonomy":"post_tag","embeddable":true,"href":"https:\/\/lahoradelcampo.com.uy\/site\/wp-json\/wp\/v2\/tags?post=42401"}],"curies":[{"name":"wp","href":"https:\/\/api.w.org\/{rel}","templated":true}]}}