{"id":42397,"date":"2022-06-02T09:45:55","date_gmt":"2022-06-02T12:45:55","guid":{"rendered":"http:\/\/lahoradelcampo.com.uy\/site\/?p=42397"},"modified":"2022-06-02T09:46:10","modified_gmt":"2022-06-02T12:46:10","slug":"han-aparecido-malezas-resistentes-pero-no-son-los-principales-problemas","status":"publish","type":"post","link":"https:\/\/lahoradelcampo.com.uy\/site\/han-aparecido-malezas-resistentes-pero-no-son-los-principales-problemas\/","title":{"rendered":"\u00abHan aparecido malezas resistentes pero no son los principales problemas\u00bb"},"content":{"rendered":"\n<figure class=\"wp-block-image\"><img data-recalc-dims=\"1\" loading=\"lazy\" decoding=\"async\" width=\"810\" height=\"405\" data-attachment-id=\"42391\" data-permalink=\"https:\/\/lahoradelcampo.com.uy\/site\/se-nota-en-la-respuesta-de-los-verdeos-que-estan-pidiendo-nitrogeno\/agropecuariasalto-pasturas\/\" data-orig-file=\"https:\/\/i0.wp.com\/lahoradelcampo.com.uy\/site\/wp-content\/uploads\/2022\/06\/AgropecuariaSalto-pasturas.jpg?fit=880%2C440&amp;ssl=1\" data-orig-size=\"880,440\" data-comments-opened=\"1\" data-image-meta=\"{&quot;aperture&quot;:&quot;0&quot;,&quot;credit&quot;:&quot;&quot;,&quot;camera&quot;:&quot;&quot;,&quot;caption&quot;:&quot;&quot;,&quot;created_timestamp&quot;:&quot;0&quot;,&quot;copyright&quot;:&quot;&quot;,&quot;focal_length&quot;:&quot;0&quot;,&quot;iso&quot;:&quot;0&quot;,&quot;shutter_speed&quot;:&quot;0&quot;,&quot;title&quot;:&quot;&quot;,&quot;orientation&quot;:&quot;1&quot;}\" data-image-title=\"AgropecuariaSalto-pasturas\" data-image-description=\"\" data-image-caption=\"\" data-large-file=\"https:\/\/i0.wp.com\/lahoradelcampo.com.uy\/site\/wp-content\/uploads\/2022\/06\/AgropecuariaSalto-pasturas.jpg?fit=810%2C405&amp;ssl=1\" src=\"https:\/\/i0.wp.com\/lahoradelcampo.com.uy\/site\/wp-content\/uploads\/2022\/06\/AgropecuariaSalto-pasturas.jpg?resize=810%2C405\" alt=\"\" class=\"wp-image-42391\" srcset=\"https:\/\/i0.wp.com\/lahoradelcampo.com.uy\/site\/wp-content\/uploads\/2022\/06\/AgropecuariaSalto-pasturas.jpg?w=880&amp;ssl=1 880w, https:\/\/i0.wp.com\/lahoradelcampo.com.uy\/site\/wp-content\/uploads\/2022\/06\/AgropecuariaSalto-pasturas.jpg?resize=300%2C150&amp;ssl=1 300w, https:\/\/i0.wp.com\/lahoradelcampo.com.uy\/site\/wp-content\/uploads\/2022\/06\/AgropecuariaSalto-pasturas.jpg?resize=768%2C384&amp;ssl=1 768w, https:\/\/i0.wp.com\/lahoradelcampo.com.uy\/site\/wp-content\/uploads\/2022\/06\/AgropecuariaSalto-pasturas.jpg?resize=820%2C410&amp;ssl=1 820w\" sizes=\"auto, (max-width: 810px) 100vw, 810px\" \/><\/figure>\n\n\n\n<p>El Ing. Agr. Juan Diego Cano, integrante de la empresa Rutilan, qui\u00e9n diserto en la jornada de control en malezas en Agropecuaria Salto, dijo que cada vez es m\u00e1s complejo el control de malezas cuando se realizan mezclas de algunas especies a la hora de sembrar, sin embargo indic\u00f3 que existen diferentes estrategias a seguir y \u00abtambi\u00e9n el campo manda, con una determinada maleza vamos a tener que apuntar una cosa, si el enmalezamiento es distinto hay otras alternativas\u00bb. <br><\/p>\n\n\n\n<p>Respecto a la presencia de resistencia a los herbicidas, el profesional se\u00f1al\u00f3 que \u00abs\u00ed, han aparecido malezas resistentes, pero no en todos los casos son los principales problemas\u00bb. En este sentido dijo que \u00abhay algunas que son resistentes y otras que por determinada rotaci\u00f3n se van complicando, en el uso intensivo de la agricultura sobre todo se van generando algunas que se van complicando y despu\u00e9s las praderas heredan algunas malezas que se generaron en la agricultura y en definitiva s\u00ed van apareciendo, pero alguna de ellas no son resistente y por el tipo rotaci\u00f3n van aumentando\u00bb.<br><\/p>\n\n\n\n<p>Respecto al control puntual de algunas malezas, Cano indic\u00f3 que \u00abla flor morada es una especie bien problem\u00e1tica y en ra\u00edgrass y avena muchas veces arranca temprano y ahoga las pasturas, o sea, y realmente son de esas malezas excluyentes que est\u00e1 en esta zona hay mucho\u00bb. En este sentido se present\u00f3 en la charla \u00abun nuevo herbicida con un perfil ambiental ecotoxicol\u00f3gico muy bueno y de muy buena selectividad sobre ra\u00edgrass y avena que permite hacer un tratamiento incluido en un manejo integral donde la pastura acompa\u00f1e\u00bb. <br><\/p>\n\n\n\n<p>Sobre los costos, dijo que las l\u00edneas de herbicidas selectivos en pasturas \u00abno han tenido grandes variaciones, en algunos casos puntualmente s\u00ed, pero en porcentajes chicos de precios\u00bb. M\u00e1s all\u00e1 del sostenimiento de los valores, indic\u00f3 que la problem\u00e1tica est\u00e1 en el tema log\u00edstico a nivel mundial, que puede generar escasez de alg\u00fan producto o la llegada fuera de tiempo. <\/p>\n\n\n\n<p>Salto, 2 de junio de 2022<\/p>\n","protected":false},"excerpt":{"rendered":"<p>El Ing. Agr. Juan Diego Cano, integrante de la empresa Rutilan, qui\u00e9n diserto en la jornada de control en malezas en Agropecuaria Salto, dijo que cada vez es m\u00e1s complejo [&hellip;]<\/p>\n","protected":false},"author":5,"featured_media":42391,"comment_status":"open","ping_status":"open","sticky":false,"template":"","format":"standard","meta":{"_price":"","_stock":"","_tribe_ticket_header":"","_tribe_default_ticket_provider":"","_tribe_ticket_capacity":"0","_ticket_start_date":"","_ticket_end_date":"","_tribe_ticket_show_description":"","_tribe_ticket_show_not_going":false,"_tribe_ticket_use_global_stock":"","_tribe_ticket_global_stock_level":"","_global_stock_mode":"","_global_stock_cap":"","_tribe_rsvp_for_event":"","_tribe_ticket_going_count":"","_tribe_ticket_not_going_count":"","_tribe_tickets_list":"[]","_tribe_ticket_has_attendee_info_fields":false,"h5ap_radio_sources":[],"_jetpack_newsletter_access":"","_jetpack_dont_email_post_to_subs":false,"_jetpack_newsletter_tier_id":0,"_jetpack_memberships_contains_paywalled_content":false,"_jetpack_memberships_contains_paid_content":false,"footnotes":""},"categories":[21,7],"tags":[],"class_list":["post-42397","post","type-post","status-publish","format-standard","has-post-thumbnail","hentry","category-actualidad","category-agricultura"],"jetpack_featured_media_url":"https:\/\/i0.wp.com\/lahoradelcampo.com.uy\/site\/wp-content\/uploads\/2022\/06\/AgropecuariaSalto-pasturas.jpg?fit=880%2C440&ssl=1","jetpack_sharing_enabled":true,"jetpack_shortlink":"https:\/\/wp.me\/p99IaT-b1P","jetpack-related-posts":[{"id":55509,"url":"https:\/\/lahoradelcampo.com.uy\/site\/80-de-los-yuyos-colorados-presentan-resistencia-a-herbicidas\/","url_meta":{"origin":42397,"position":0},"title":"80% de los yuyos colorados presentan resistencia a herbicidas","author":"La Hora del Campo","date":"14 enero, 2025","format":false,"excerpt":"La resistencia de los yuyos colorados a herbicidas es un problema creciente que afecta gravemente la competitividad agr\u00edcola. Seg\u00fan estudios realizados por el Instituto Nacional de Investigaci\u00f3n Agropecuaria (INIA), m\u00e1s del 80% de las poblaciones de estas malezas presentan fallas de control frente a productos qu\u00edmicos ampliamente utilizados como el\u2026","rel":"","context":"En \u00abActualidad\u00bb","block_context":{"text":"Actualidad","link":"https:\/\/lahoradelcampo.com.uy\/site\/category\/actualidad\/"},"img":{"alt_text":"","src":"https:\/\/i0.wp.com\/lahoradelcampo.com.uy\/site\/wp-content\/uploads\/2025\/01\/yuyocolorado.jpg?fit=880%2C440&ssl=1&resize=350%2C200","width":350,"height":200,"srcset":"https:\/\/i0.wp.com\/lahoradelcampo.com.uy\/site\/wp-content\/uploads\/2025\/01\/yuyocolorado.jpg?fit=880%2C440&ssl=1&resize=350%2C200 1x, https:\/\/i0.wp.com\/lahoradelcampo.com.uy\/site\/wp-content\/uploads\/2025\/01\/yuyocolorado.jpg?fit=880%2C440&ssl=1&resize=525%2C300 1.5x, https:\/\/i0.wp.com\/lahoradelcampo.com.uy\/site\/wp-content\/uploads\/2025\/01\/yuyocolorado.jpg?fit=880%2C440&ssl=1&resize=700%2C400 2x"},"classes":[]},{"id":42389,"url":"https:\/\/lahoradelcampo.com.uy\/site\/se-nota-en-la-respuesta-de-los-verdeos-que-estan-pidiendo-nitrogeno\/","url_meta":{"origin":42397,"position":1},"title":"\u00abSe nota en la respuesta de los verdeos que est\u00e1n pidiendo nitr\u00f3geno\u00bb","author":"La Hora del Campo","date":"2 junio, 2022","format":false,"excerpt":"Durante el mes de mayo la firma Agropecuaria Salto realiz\u00f3 algunas actividades enfocadas al sector productivo, entre ellas una destinada al control de malezas en pasturas, con la presencia del Ing. Agr. Juan Diego Cano, donde se marc\u00f3 la importancia de la efectividad de los controles en momentos donde los\u2026","rel":"","context":"En \u00abActualidad\u00bb","block_context":{"text":"Actualidad","link":"https:\/\/lahoradelcampo.com.uy\/site\/category\/actualidad\/"},"img":{"alt_text":"","src":"https:\/\/i0.wp.com\/lahoradelcampo.com.uy\/site\/wp-content\/uploads\/2022\/06\/AgropecuariaSalto-casimiro.jpg?fit=880%2C440&ssl=1&resize=350%2C200","width":350,"height":200,"srcset":"https:\/\/i0.wp.com\/lahoradelcampo.com.uy\/site\/wp-content\/uploads\/2022\/06\/AgropecuariaSalto-casimiro.jpg?fit=880%2C440&ssl=1&resize=350%2C200 1x, https:\/\/i0.wp.com\/lahoradelcampo.com.uy\/site\/wp-content\/uploads\/2022\/06\/AgropecuariaSalto-casimiro.jpg?fit=880%2C440&ssl=1&resize=525%2C300 1.5x, https:\/\/i0.wp.com\/lahoradelcampo.com.uy\/site\/wp-content\/uploads\/2022\/06\/AgropecuariaSalto-casimiro.jpg?fit=880%2C440&ssl=1&resize=700%2C400 2x"},"classes":[]},{"id":57103,"url":"https:\/\/lahoradelcampo.com.uy\/site\/no-es-la-oveja-quien-degrada-el-campo-natural-sino-quien-decide-cuantas-pone-y-como-las-maneja\/","url_meta":{"origin":42397,"position":2},"title":"\u00abNo es la oveja quien degrada el campo natural, sino quien decide cu\u00e1ntas pone y c\u00f3mo las maneja\u00bb","author":"La Hora del Campo","date":"21 noviembre, 2025","format":false,"excerpt":"El campo natural, uno de los ecosistemas m\u00e1s valiosos y singulares del pa\u00eds, enfrenta transformaciones profundas que desaf\u00edan la sostenibilidad de los sistemas ganaderos. En ese escenario, el rol del ovino aparece nuevamente en debate, muchas veces se\u00f1alado como responsable del deterioro del pastizal. Sin embargo, el Ing. Agr. Marcelo\u2026","rel":"","context":"En \u00abActualidad\u00bb","block_context":{"text":"Actualidad","link":"https:\/\/lahoradelcampo.com.uy\/site\/category\/actualidad\/"},"img":{"alt_text":"","src":"https:\/\/i0.wp.com\/lahoradelcampo.com.uy\/site\/wp-content\/uploads\/2025\/11\/Marcelo-Pereira-Campo-Natural.jpg?fit=1200%2C651&ssl=1&resize=350%2C200","width":350,"height":200,"srcset":"https:\/\/i0.wp.com\/lahoradelcampo.com.uy\/site\/wp-content\/uploads\/2025\/11\/Marcelo-Pereira-Campo-Natural.jpg?fit=1200%2C651&ssl=1&resize=350%2C200 1x, https:\/\/i0.wp.com\/lahoradelcampo.com.uy\/site\/wp-content\/uploads\/2025\/11\/Marcelo-Pereira-Campo-Natural.jpg?fit=1200%2C651&ssl=1&resize=525%2C300 1.5x, https:\/\/i0.wp.com\/lahoradelcampo.com.uy\/site\/wp-content\/uploads\/2025\/11\/Marcelo-Pereira-Campo-Natural.jpg?fit=1200%2C651&ssl=1&resize=700%2C400 2x, https:\/\/i0.wp.com\/lahoradelcampo.com.uy\/site\/wp-content\/uploads\/2025\/11\/Marcelo-Pereira-Campo-Natural.jpg?fit=1200%2C651&ssl=1&resize=1050%2C600 3x"},"classes":[]},{"id":42285,"url":"https:\/\/lahoradelcampo.com.uy\/site\/mas-del-90-de-la-cosecha-y-la-calidad-de-la-soja-es-excepcional\/","url_meta":{"origin":42397,"position":3},"title":"M\u00e1s del 90% de la cosecha y la calidad de la soja es \u00abexcepcional\u00bb","author":"La Hora del Campo","date":"31 mayo, 2022","format":false,"excerpt":"El clima durante la \u00faltima semana retraso parte de las tareas de cosecha en la presente zafra, sin embargo se lleva un 90% de la soja ya levantada en los campos, \"es una cosecha en la que estamos muy conformes, con buenos rendimientos, con calidades excepcionales\" dijo el Director de\u2026","rel":"","context":"En \u00abActualidad\u00bb","block_context":{"text":"Actualidad","link":"https:\/\/lahoradelcampo.com.uy\/site\/category\/actualidad\/"},"img":{"alt_text":"","src":"https:\/\/i0.wp.com\/lahoradelcampo.com.uy\/site\/wp-content\/uploads\/2022\/05\/MGAP-Nicolas-Olivera.jpg?fit=880%2C440&ssl=1&resize=350%2C200","width":350,"height":200,"srcset":"https:\/\/i0.wp.com\/lahoradelcampo.com.uy\/site\/wp-content\/uploads\/2022\/05\/MGAP-Nicolas-Olivera.jpg?fit=880%2C440&ssl=1&resize=350%2C200 1x, https:\/\/i0.wp.com\/lahoradelcampo.com.uy\/site\/wp-content\/uploads\/2022\/05\/MGAP-Nicolas-Olivera.jpg?fit=880%2C440&ssl=1&resize=525%2C300 1.5x, https:\/\/i0.wp.com\/lahoradelcampo.com.uy\/site\/wp-content\/uploads\/2022\/05\/MGAP-Nicolas-Olivera.jpg?fit=880%2C440&ssl=1&resize=700%2C400 2x"},"classes":[]},{"id":13564,"url":"https:\/\/lahoradelcampo.com.uy\/site\/productores-apuestan-al-doble-cultivo-en-busca-de-mayor-rentabilidad\/","url_meta":{"origin":42397,"position":4},"title":"Productores apuestan al doble cultivo en busca de mayor rentabilidad","author":"La Hora del Campo","date":"21 agosto, 2019","format":false,"excerpt":"El Ing. Diego LLuberas, asesor agr\u00edcola privado en varias empresas del litoral del pa\u00eds, dijo a La Hora del Campo que para la zafra de verano se contin\u00faa con \"una fuerte inclinaci\u00f3n por la soja\" debido a que contin\u00faa siendo \"el cultivo que hoy manda y que se desarrolla m\u00e1s\u2026","rel":"","context":"En \u00abActualidad\u00bb","block_context":{"text":"Actualidad","link":"https:\/\/lahoradelcampo.com.uy\/site\/category\/actualidad\/"},"img":{"alt_text":"","src":"https:\/\/i0.wp.com\/lahoradelcampo.com.uy\/site\/wp-content\/uploads\/2019\/08\/Sojaa.jpg?fit=880%2C440&ssl=1&resize=350%2C200","width":350,"height":200,"srcset":"https:\/\/i0.wp.com\/lahoradelcampo.com.uy\/site\/wp-content\/uploads\/2019\/08\/Sojaa.jpg?fit=880%2C440&ssl=1&resize=350%2C200 1x, https:\/\/i0.wp.com\/lahoradelcampo.com.uy\/site\/wp-content\/uploads\/2019\/08\/Sojaa.jpg?fit=880%2C440&ssl=1&resize=525%2C300 1.5x, https:\/\/i0.wp.com\/lahoradelcampo.com.uy\/site\/wp-content\/uploads\/2019\/08\/Sojaa.jpg?fit=880%2C440&ssl=1&resize=700%2C400 2x"},"classes":[]},{"id":32592,"url":"https:\/\/lahoradelcampo.com.uy\/site\/llega-el-fin-de-la-zafra-de-cultivos-con-la-cosecha-de-maiz\/","url_meta":{"origin":42397,"position":5},"title":"Llega el fin de la zafra de cultivos con la cosecha de ma\u00edz","author":"La Hora del Campo","date":"2 agosto, 2021","format":false,"excerpt":"Con motivo del cierre de las cosechas del ma\u00edz de segunda, el Ing. Agr. Diego Guigou, gerente de Producci\u00f3n Agr\u00edcola de ADP, realiz\u00f3 un balance del cultivo y de los problemas generados por bicho bolita, o de la humedad, el cual vive aliment\u00e1ndose de rastrojos muertos y cultivos naciendo, provocando\u2026","rel":"","context":"En \u00abActualidad\u00bb","block_context":{"text":"Actualidad","link":"https:\/\/lahoradelcampo.com.uy\/site\/category\/actualidad\/"},"img":{"alt_text":"","src":"https:\/\/i0.wp.com\/lahoradelcampo.com.uy\/site\/wp-content\/uploads\/2021\/08\/DiegoGuigou.jpg?fit=880%2C440&ssl=1&resize=350%2C200","width":350,"height":200,"srcset":"https:\/\/i0.wp.com\/lahoradelcampo.com.uy\/site\/wp-content\/uploads\/2021\/08\/DiegoGuigou.jpg?fit=880%2C440&ssl=1&resize=350%2C200 1x, https:\/\/i0.wp.com\/lahoradelcampo.com.uy\/site\/wp-content\/uploads\/2021\/08\/DiegoGuigou.jpg?fit=880%2C440&ssl=1&resize=525%2C300 1.5x, https:\/\/i0.wp.com\/lahoradelcampo.com.uy\/site\/wp-content\/uploads\/2021\/08\/DiegoGuigou.jpg?fit=880%2C440&ssl=1&resize=700%2C400 2x"},"classes":[]}],"jetpack_likes_enabled":true,"_links":{"self":[{"href":"https:\/\/lahoradelcampo.com.uy\/site\/wp-json\/wp\/v2\/posts\/42397","targetHints":{"allow":["GET"]}}],"collection":[{"href":"https:\/\/lahoradelcampo.com.uy\/site\/wp-json\/wp\/v2\/posts"}],"about":[{"href":"https:\/\/lahoradelcampo.com.uy\/site\/wp-json\/wp\/v2\/types\/post"}],"author":[{"embeddable":true,"href":"https:\/\/lahoradelcampo.com.uy\/site\/wp-json\/wp\/v2\/users\/5"}],"replies":[{"embeddable":true,"href":"https:\/\/lahoradelcampo.com.uy\/site\/wp-json\/wp\/v2\/comments?post=42397"}],"version-history":[{"count":1,"href":"https:\/\/lahoradelcampo.com.uy\/site\/wp-json\/wp\/v2\/posts\/42397\/revisions"}],"predecessor-version":[{"id":42399,"href":"https:\/\/lahoradelcampo.com.uy\/site\/wp-json\/wp\/v2\/posts\/42397\/revisions\/42399"}],"wp:featuredmedia":[{"embeddable":true,"href":"https:\/\/lahoradelcampo.com.uy\/site\/wp-json\/wp\/v2\/media\/42391"}],"wp:attachment":[{"href":"https:\/\/lahoradelcampo.com.uy\/site\/wp-json\/wp\/v2\/media?parent=42397"}],"wp:term":[{"taxonomy":"category","embeddable":true,"href":"https:\/\/lahoradelcampo.com.uy\/site\/wp-json\/wp\/v2\/categories?post=42397"},{"taxonomy":"post_tag","embeddable":true,"href":"https:\/\/lahoradelcampo.com.uy\/site\/wp-json\/wp\/v2\/tags?post=42397"}],"curies":[{"name":"wp","href":"https:\/\/api.w.org\/{rel}","templated":true}]}}