{"id":42389,"date":"2022-06-02T09:34:53","date_gmt":"2022-06-02T12:34:53","guid":{"rendered":"http:\/\/lahoradelcampo.com.uy\/site\/?p=42389"},"modified":"2022-06-02T09:34:58","modified_gmt":"2022-06-02T12:34:58","slug":"se-nota-en-la-respuesta-de-los-verdeos-que-estan-pidiendo-nitrogeno","status":"publish","type":"post","link":"https:\/\/lahoradelcampo.com.uy\/site\/se-nota-en-la-respuesta-de-los-verdeos-que-estan-pidiendo-nitrogeno\/","title":{"rendered":"\u00abSe nota en la respuesta de los verdeos que est\u00e1n pidiendo nitr\u00f3geno\u00bb"},"content":{"rendered":"\n<figure class=\"wp-block-image\"><img data-recalc-dims=\"1\" loading=\"lazy\" decoding=\"async\" width=\"810\" height=\"405\" data-attachment-id=\"42393\" data-permalink=\"https:\/\/lahoradelcampo.com.uy\/site\/se-nota-en-la-respuesta-de-los-verdeos-que-estan-pidiendo-nitrogeno\/agropecuariasalto-casimiro\/\" data-orig-file=\"https:\/\/i0.wp.com\/lahoradelcampo.com.uy\/site\/wp-content\/uploads\/2022\/06\/AgropecuariaSalto-casimiro.jpg?fit=880%2C440&amp;ssl=1\" data-orig-size=\"880,440\" data-comments-opened=\"1\" data-image-meta=\"{&quot;aperture&quot;:&quot;0&quot;,&quot;credit&quot;:&quot;&quot;,&quot;camera&quot;:&quot;&quot;,&quot;caption&quot;:&quot;&quot;,&quot;created_timestamp&quot;:&quot;0&quot;,&quot;copyright&quot;:&quot;&quot;,&quot;focal_length&quot;:&quot;0&quot;,&quot;iso&quot;:&quot;0&quot;,&quot;shutter_speed&quot;:&quot;0&quot;,&quot;title&quot;:&quot;&quot;,&quot;orientation&quot;:&quot;1&quot;}\" data-image-title=\"AgropecuariaSalto-casimiro\" data-image-description=\"\" data-image-caption=\"\" data-large-file=\"https:\/\/i0.wp.com\/lahoradelcampo.com.uy\/site\/wp-content\/uploads\/2022\/06\/AgropecuariaSalto-casimiro.jpg?fit=810%2C405&amp;ssl=1\" src=\"https:\/\/i0.wp.com\/lahoradelcampo.com.uy\/site\/wp-content\/uploads\/2022\/06\/AgropecuariaSalto-casimiro.jpg?resize=810%2C405\" alt=\"\" class=\"wp-image-42393\" srcset=\"https:\/\/i0.wp.com\/lahoradelcampo.com.uy\/site\/wp-content\/uploads\/2022\/06\/AgropecuariaSalto-casimiro.jpg?w=880&amp;ssl=1 880w, https:\/\/i0.wp.com\/lahoradelcampo.com.uy\/site\/wp-content\/uploads\/2022\/06\/AgropecuariaSalto-casimiro.jpg?resize=300%2C150&amp;ssl=1 300w, https:\/\/i0.wp.com\/lahoradelcampo.com.uy\/site\/wp-content\/uploads\/2022\/06\/AgropecuariaSalto-casimiro.jpg?resize=768%2C384&amp;ssl=1 768w, https:\/\/i0.wp.com\/lahoradelcampo.com.uy\/site\/wp-content\/uploads\/2022\/06\/AgropecuariaSalto-casimiro.jpg?resize=820%2C410&amp;ssl=1 820w\" sizes=\"auto, (max-width: 810px) 100vw, 810px\" \/><\/figure>\n\n\n\n<p>Durante el mes de mayo la firma Agropecuaria Salto realiz\u00f3 algunas actividades enfocadas al sector productivo, entre ellas una destinada al control de malezas en pasturas, con la presencia del Ing. Agr. Juan Diego Cano, donde se marc\u00f3 la importancia de la efectividad de los controles en momentos donde los costos son importantes. <br><\/p>\n\n\n\n<p>El Ing. Casimiro Silva, integrante de Agropecuaria Salto dijo que la problem\u00e1tica de las malezas en las pasturas es un tema recurrente en las consultas de los productores. El profesional se\u00f1al\u00f3 que la implantaci\u00f3n de pasturas no ha sido pareja aqu\u00ed en la zona, \u00abhay bastante diversidad, pero podemos decir que est\u00e1n en buena situaci\u00f3n\u00bb, en este sentido indic\u00f3 que \u00ablos verdeos se est\u00e1n este comenzando a comer, en algunos casos con buenas disponibilidades\u00bb.<br><\/p>\n\n\n\n<p>La diversidad en las implantaciones, se ha debido principalmente a problem\u00e1ticas \u00abcon insectos, tambi\u00e9n mucha agua en la siembra donde pensamos que ten\u00edamos mucho nitr\u00f3geno en los suelos por la seca, pero hubo lugares donde llovi\u00f3 bastante, arriba de los 100 mil\u00edmetros y eso llevo a que la disponibilidad de nitr\u00f3geno en los suelos bajo mucho y eso se nota en la respuesta de los verdeos que est\u00e1n pidiendo nitr\u00f3geno\u00bb. <\/p>\n\n\n\n<p>Sobre las malezas, indic\u00f3 que es un tema que complejiza a\u00f1o a a\u00f1o, \u00abvienen apareciendo malezas nuevas y tambi\u00e9n se est\u00e1n haciendo cada vez m\u00e1s pasturas con poli-especies y siempre quedamos con menos herramientas para trabajar y se complican m\u00e1s los controles\u00bb. <\/p>\n\n\n\n<p>Salto, 2 de junio de 2022<\/p>\n","protected":false},"excerpt":{"rendered":"<p>Durante el mes de mayo la firma Agropecuaria Salto realiz\u00f3 algunas actividades enfocadas al sector productivo, entre ellas una destinada al control de malezas en pasturas, con la presencia del [&hellip;]<\/p>\n","protected":false},"author":5,"featured_media":42393,"comment_status":"open","ping_status":"open","sticky":false,"template":"","format":"standard","meta":{"_price":"","_stock":"","_tribe_ticket_header":"","_tribe_default_ticket_provider":"","_tribe_ticket_capacity":"0","_ticket_start_date":"","_ticket_end_date":"","_tribe_ticket_show_description":"","_tribe_ticket_show_not_going":false,"_tribe_ticket_use_global_stock":"","_tribe_ticket_global_stock_level":"","_global_stock_mode":"","_global_stock_cap":"","_tribe_rsvp_for_event":"","_tribe_ticket_going_count":"","_tribe_ticket_not_going_count":"","_tribe_tickets_list":"[]","_tribe_ticket_has_attendee_info_fields":false,"h5ap_radio_sources":[],"_jetpack_newsletter_access":"","_jetpack_dont_email_post_to_subs":false,"_jetpack_newsletter_tier_id":0,"_jetpack_memberships_contains_paywalled_content":false,"_jetpack_memberships_contains_paid_content":false,"footnotes":""},"categories":[21,7],"tags":[],"class_list":["post-42389","post","type-post","status-publish","format-standard","has-post-thumbnail","hentry","category-actualidad","category-agricultura"],"jetpack_featured_media_url":"https:\/\/i0.wp.com\/lahoradelcampo.com.uy\/site\/wp-content\/uploads\/2022\/06\/AgropecuariaSalto-casimiro.jpg?fit=880%2C440&ssl=1","jetpack_sharing_enabled":true,"jetpack_shortlink":"https:\/\/wp.me\/p99IaT-b1H","jetpack-related-posts":[{"id":42397,"url":"https:\/\/lahoradelcampo.com.uy\/site\/han-aparecido-malezas-resistentes-pero-no-son-los-principales-problemas\/","url_meta":{"origin":42389,"position":0},"title":"\u00abHan aparecido malezas resistentes pero no son los principales problemas\u00bb","author":"La Hora del Campo","date":"2 junio, 2022","format":false,"excerpt":"El Ing. Agr. Juan Diego Cano, integrante de la empresa Rutilan, qui\u00e9n diserto en la jornada de control en malezas en Agropecuaria Salto, dijo que cada vez es m\u00e1s complejo el control de malezas cuando se realizan mezclas de algunas especies a la hora de sembrar, sin embargo indic\u00f3 que\u2026","rel":"","context":"En \u00abActualidad\u00bb","block_context":{"text":"Actualidad","link":"https:\/\/lahoradelcampo.com.uy\/site\/category\/actualidad\/"},"img":{"alt_text":"","src":"https:\/\/i0.wp.com\/lahoradelcampo.com.uy\/site\/wp-content\/uploads\/2022\/06\/AgropecuariaSalto-pasturas.jpg?fit=880%2C440&ssl=1&resize=350%2C200","width":350,"height":200,"srcset":"https:\/\/i0.wp.com\/lahoradelcampo.com.uy\/site\/wp-content\/uploads\/2022\/06\/AgropecuariaSalto-pasturas.jpg?fit=880%2C440&ssl=1&resize=350%2C200 1x, https:\/\/i0.wp.com\/lahoradelcampo.com.uy\/site\/wp-content\/uploads\/2022\/06\/AgropecuariaSalto-pasturas.jpg?fit=880%2C440&ssl=1&resize=525%2C300 1.5x, https:\/\/i0.wp.com\/lahoradelcampo.com.uy\/site\/wp-content\/uploads\/2022\/06\/AgropecuariaSalto-pasturas.jpg?fit=880%2C440&ssl=1&resize=700%2C400 2x"},"classes":[]},{"id":6719,"url":"https:\/\/lahoradelcampo.com.uy\/site\/el-invierno-va-a-ser-duro-independientemente-del-clima\/","url_meta":{"origin":42389,"position":1},"title":"El invierno va a ser duro independientemente del clima","author":"La Hora del Campo","date":"28 abril, 2018","format":false,"excerpt":"Los \u00faltimos cuatro meses se ha registrado un crecimiento de las pasturas que se encuentra en promedio un 20% por debajo del crecimiento hist\u00f3rico para este per\u00edodo, lo que ha generado que el 50% de los predios monitoreados por el Instituto Plan Agropecuario se encuentre con muy baja disponibilidad de\u2026","rel":"","context":"En \u00abActualidad\u00bb","block_context":{"text":"Actualidad","link":"https:\/\/lahoradelcampo.com.uy\/site\/category\/actualidad\/"},"img":{"alt_text":"","src":"https:\/\/i0.wp.com\/lahoradelcampo.com.uy\/site\/wp-content\/uploads\/2018\/05\/agropecuaria.jpg?fit=880%2C440&ssl=1&resize=350%2C200","width":350,"height":200,"srcset":"https:\/\/i0.wp.com\/lahoradelcampo.com.uy\/site\/wp-content\/uploads\/2018\/05\/agropecuaria.jpg?fit=880%2C440&ssl=1&resize=350%2C200 1x, https:\/\/i0.wp.com\/lahoradelcampo.com.uy\/site\/wp-content\/uploads\/2018\/05\/agropecuaria.jpg?fit=880%2C440&ssl=1&resize=525%2C300 1.5x, https:\/\/i0.wp.com\/lahoradelcampo.com.uy\/site\/wp-content\/uploads\/2018\/05\/agropecuaria.jpg?fit=880%2C440&ssl=1&resize=700%2C400 2x"},"classes":[]},{"id":56311,"url":"https:\/\/lahoradelcampo.com.uy\/site\/se-necesitan-dos-semanas-con-temperaturas-de-20-grados-para-normalizar-el-campo-natural\/","url_meta":{"origin":42389,"position":2},"title":"Se necesitan dos semanas con temperaturas de 20 grados para normalizar el campo natural","author":"La Hora del Campo","date":"14 julio, 2025","format":false,"excerpt":"En pleno invierno, el campo natural atraviesa un per\u00edodo de crecimiento pr\u00e1cticamente nulo, afectado por heladas tard\u00edas, escasa radiaci\u00f3n solar y temperaturas m\u00ednimas. El Ing. Agr. Mart\u00edn Jaurena, investigador del Instituto Nacional de Investigaci\u00f3n Agropecuaria (INIA) especializado en campo natural, dijo que la situaci\u00f3n actual es de \"tasas de crecimiento\u2026","rel":"","context":"En \u00abActualidad\u00bb","block_context":{"text":"Actualidad","link":"https:\/\/lahoradelcampo.com.uy\/site\/category\/actualidad\/"},"img":{"alt_text":"","src":"https:\/\/i0.wp.com\/lahoradelcampo.com.uy\/site\/wp-content\/uploads\/2023\/11\/INIA-Martin-Jaurena.jpg?fit=880%2C440&ssl=1&resize=350%2C200","width":350,"height":200,"srcset":"https:\/\/i0.wp.com\/lahoradelcampo.com.uy\/site\/wp-content\/uploads\/2023\/11\/INIA-Martin-Jaurena.jpg?fit=880%2C440&ssl=1&resize=350%2C200 1x, https:\/\/i0.wp.com\/lahoradelcampo.com.uy\/site\/wp-content\/uploads\/2023\/11\/INIA-Martin-Jaurena.jpg?fit=880%2C440&ssl=1&resize=525%2C300 1.5x, https:\/\/i0.wp.com\/lahoradelcampo.com.uy\/site\/wp-content\/uploads\/2023\/11\/INIA-Martin-Jaurena.jpg?fit=880%2C440&ssl=1&resize=700%2C400 2x"},"classes":[]},{"id":6495,"url":"https:\/\/lahoradelcampo.com.uy\/site\/situacion-de-pasturas-y-que-esperar-del-invierno\/","url_meta":{"origin":42389,"position":3},"title":"Situaci\u00f3n de Pasturas  y qu\u00e9 esperar del invierno","author":"La Hora del Campo","date":"17 abril, 2018","format":false,"excerpt":"La Asociaci\u00f3n Agropecuaria de Salto y el Instituto Plan Agropecuario realizar\u00e1n el pr\u00f3ximo 27 de abril a las 19:00 horas en el sal\u00f3n de la gremial, Amor\u00edn 55, una jornada donde se presentar\u00e1 informaci\u00f3n sobre la situaci\u00f3n actual y una visi\u00f3n hacia el invierno. De acuerdo a la informaci\u00f3n proporcionada\u2026","rel":"","context":"En \u00abActualidad\u00bb","block_context":{"text":"Actualidad","link":"https:\/\/lahoradelcampo.com.uy\/site\/category\/actualidad\/"},"img":{"alt_text":"","src":"https:\/\/i0.wp.com\/lahoradelcampo.com.uy\/site\/wp-content\/uploads\/2018\/02\/Seca-1.jpg?fit=880%2C440&ssl=1&resize=350%2C200","width":350,"height":200,"srcset":"https:\/\/i0.wp.com\/lahoradelcampo.com.uy\/site\/wp-content\/uploads\/2018\/02\/Seca-1.jpg?fit=880%2C440&ssl=1&resize=350%2C200 1x, https:\/\/i0.wp.com\/lahoradelcampo.com.uy\/site\/wp-content\/uploads\/2018\/02\/Seca-1.jpg?fit=880%2C440&ssl=1&resize=525%2C300 1.5x, https:\/\/i0.wp.com\/lahoradelcampo.com.uy\/site\/wp-content\/uploads\/2018\/02\/Seca-1.jpg?fit=880%2C440&ssl=1&resize=700%2C400 2x"},"classes":[]},{"id":22560,"url":"https:\/\/lahoradelcampo.com.uy\/site\/el-sorgo-forrajero-en-la-recria-y-el-engorde-de-novillos-en-el-verano\/","url_meta":{"origin":42389,"position":4},"title":"El sorgo forrajero en la recr\u00eda y el engorde de novillos en el verano","author":"La Hora del Campo","date":"11 agosto, 2020","format":false,"excerpt":"El Instituto Nacional de Investigaci\u00f3n Agropecuaria (INIA) y el programa de Carne y Lana, comienza el pr\u00f3ximo jueves 27 de agosto un nuevo ciclo de charlas con propuestas tecnol\u00f3gicas para la ganader\u00eda de carne ovina y bovina. En este sentido el Ing. Agr. Fabio Montossi, integrante del programa de Carne\u2026","rel":"","context":"En \u00abActualidad\u00bb","block_context":{"text":"Actualidad","link":"https:\/\/lahoradelcampo.com.uy\/site\/category\/actualidad\/"},"img":{"alt_text":"","src":"https:\/\/i0.wp.com\/lahoradelcampo.com.uy\/site\/wp-content\/uploads\/2020\/08\/Novillossorgo.jpg?fit=880%2C440&ssl=1&resize=350%2C200","width":350,"height":200,"srcset":"https:\/\/i0.wp.com\/lahoradelcampo.com.uy\/site\/wp-content\/uploads\/2020\/08\/Novillossorgo.jpg?fit=880%2C440&ssl=1&resize=350%2C200 1x, https:\/\/i0.wp.com\/lahoradelcampo.com.uy\/site\/wp-content\/uploads\/2020\/08\/Novillossorgo.jpg?fit=880%2C440&ssl=1&resize=525%2C300 1.5x, https:\/\/i0.wp.com\/lahoradelcampo.com.uy\/site\/wp-content\/uploads\/2020\/08\/Novillossorgo.jpg?fit=880%2C440&ssl=1&resize=700%2C400 2x"},"classes":[]},{"id":40101,"url":"https:\/\/lahoradelcampo.com.uy\/site\/lluvias-permitieron-recuperar-el-volumen-de-pasturas-excepto-en-el-norte\/","url_meta":{"origin":42389,"position":5},"title":"Lluvias permitieron recuperar el volumen de pasturas, excepto en el norte","author":"La Hora del Campo","date":"22 marzo, 2022","format":false,"excerpt":"De acuerdo a la encuesta realizada por el Instituto Plan Agropecuario (IPA) a 469 productores nucleados en la Red de Informaci\u00f3n Nacional Ganadera (RING), las precipitaciones permitieron una recuperaci\u00f3n del volumen de pasto en gran parte del pa\u00eds, excepto en el norte. \u201cLa ocurrencia de precipitaciones m\u00e1s generalizadas a partir\u2026","rel":"","context":"En \u00abActualidad\u00bb","block_context":{"text":"Actualidad","link":"https:\/\/lahoradelcampo.com.uy\/site\/category\/actualidad\/"},"img":{"alt_text":"","src":"https:\/\/i0.wp.com\/lahoradelcampo.com.uy\/site\/wp-content\/uploads\/2022\/03\/Plan-Pastura.jpg?fit=880%2C440&ssl=1&resize=350%2C200","width":350,"height":200,"srcset":"https:\/\/i0.wp.com\/lahoradelcampo.com.uy\/site\/wp-content\/uploads\/2022\/03\/Plan-Pastura.jpg?fit=880%2C440&ssl=1&resize=350%2C200 1x, https:\/\/i0.wp.com\/lahoradelcampo.com.uy\/site\/wp-content\/uploads\/2022\/03\/Plan-Pastura.jpg?fit=880%2C440&ssl=1&resize=525%2C300 1.5x, https:\/\/i0.wp.com\/lahoradelcampo.com.uy\/site\/wp-content\/uploads\/2022\/03\/Plan-Pastura.jpg?fit=880%2C440&ssl=1&resize=700%2C400 2x"},"classes":[]}],"jetpack_likes_enabled":true,"_links":{"self":[{"href":"https:\/\/lahoradelcampo.com.uy\/site\/wp-json\/wp\/v2\/posts\/42389","targetHints":{"allow":["GET"]}}],"collection":[{"href":"https:\/\/lahoradelcampo.com.uy\/site\/wp-json\/wp\/v2\/posts"}],"about":[{"href":"https:\/\/lahoradelcampo.com.uy\/site\/wp-json\/wp\/v2\/types\/post"}],"author":[{"embeddable":true,"href":"https:\/\/lahoradelcampo.com.uy\/site\/wp-json\/wp\/v2\/users\/5"}],"replies":[{"embeddable":true,"href":"https:\/\/lahoradelcampo.com.uy\/site\/wp-json\/wp\/v2\/comments?post=42389"}],"version-history":[{"count":1,"href":"https:\/\/lahoradelcampo.com.uy\/site\/wp-json\/wp\/v2\/posts\/42389\/revisions"}],"predecessor-version":[{"id":42395,"href":"https:\/\/lahoradelcampo.com.uy\/site\/wp-json\/wp\/v2\/posts\/42389\/revisions\/42395"}],"wp:featuredmedia":[{"embeddable":true,"href":"https:\/\/lahoradelcampo.com.uy\/site\/wp-json\/wp\/v2\/media\/42393"}],"wp:attachment":[{"href":"https:\/\/lahoradelcampo.com.uy\/site\/wp-json\/wp\/v2\/media?parent=42389"}],"wp:term":[{"taxonomy":"category","embeddable":true,"href":"https:\/\/lahoradelcampo.com.uy\/site\/wp-json\/wp\/v2\/categories?post=42389"},{"taxonomy":"post_tag","embeddable":true,"href":"https:\/\/lahoradelcampo.com.uy\/site\/wp-json\/wp\/v2\/tags?post=42389"}],"curies":[{"name":"wp","href":"https:\/\/api.w.org\/{rel}","templated":true}]}}