{"id":42385,"date":"2022-06-02T09:27:39","date_gmt":"2022-06-02T12:27:39","guid":{"rendered":"http:\/\/lahoradelcampo.com.uy\/site\/?p=42385"},"modified":"2022-06-02T09:27:46","modified_gmt":"2022-06-02T12:27:46","slug":"novillo-mercosur-bajo-a-minimos-desde-febrero","status":"publish","type":"post","link":"https:\/\/lahoradelcampo.com.uy\/site\/novillo-mercosur-bajo-a-minimos-desde-febrero\/","title":{"rendered":"Novillo Mercosur baj\u00f3 a m\u00ednimos desde febrero"},"content":{"rendered":"\n<figure class=\"wp-block-image\"><img data-recalc-dims=\"1\" loading=\"lazy\" decoding=\"async\" width=\"810\" height=\"405\" data-attachment-id=\"38757\" data-permalink=\"https:\/\/lahoradelcampo.com.uy\/site\/baja-oferta-y-alto-ritmo-de-faena-impulsan-los-valores-de-la-hacienda-gorda\/novillos-gordo\/\" data-orig-file=\"https:\/\/i0.wp.com\/lahoradelcampo.com.uy\/site\/wp-content\/uploads\/2022\/02\/novillos-gordo.jpg?fit=880%2C440&amp;ssl=1\" data-orig-size=\"880,440\" data-comments-opened=\"1\" data-image-meta=\"{&quot;aperture&quot;:&quot;0&quot;,&quot;credit&quot;:&quot;&quot;,&quot;camera&quot;:&quot;&quot;,&quot;caption&quot;:&quot;&quot;,&quot;created_timestamp&quot;:&quot;0&quot;,&quot;copyright&quot;:&quot;&quot;,&quot;focal_length&quot;:&quot;0&quot;,&quot;iso&quot;:&quot;0&quot;,&quot;shutter_speed&quot;:&quot;0&quot;,&quot;title&quot;:&quot;&quot;,&quot;orientation&quot;:&quot;1&quot;}\" data-image-title=\"novillos-gordo\" data-image-description=\"\" data-image-caption=\"\" data-large-file=\"https:\/\/i0.wp.com\/lahoradelcampo.com.uy\/site\/wp-content\/uploads\/2022\/02\/novillos-gordo.jpg?fit=810%2C405&amp;ssl=1\" src=\"https:\/\/i0.wp.com\/lahoradelcampo.com.uy\/site\/wp-content\/uploads\/2022\/02\/novillos-gordo.jpg?resize=810%2C405\" alt=\"\" class=\"wp-image-38757\" srcset=\"https:\/\/i0.wp.com\/lahoradelcampo.com.uy\/site\/wp-content\/uploads\/2022\/02\/novillos-gordo.jpg?w=880&amp;ssl=1 880w, https:\/\/i0.wp.com\/lahoradelcampo.com.uy\/site\/wp-content\/uploads\/2022\/02\/novillos-gordo.jpg?resize=300%2C150&amp;ssl=1 300w, https:\/\/i0.wp.com\/lahoradelcampo.com.uy\/site\/wp-content\/uploads\/2022\/02\/novillos-gordo.jpg?resize=768%2C384&amp;ssl=1 768w, https:\/\/i0.wp.com\/lahoradelcampo.com.uy\/site\/wp-content\/uploads\/2022\/02\/novillos-gordo.jpg?resize=820%2C410&amp;ssl=1 820w\" sizes=\"auto, (max-width: 810px) 100vw, 810px\" \/><\/figure>\n\n\n\n<p>El \u00edndice Faxcarne del Novillo Mercosur perdi\u00f3 5 cents en la semana a US$ 4,23 el kilo carcasa, con lo que se ubic\u00f3 en el nivel m\u00e1s bajo en 16 semanas, desde principios de febrero.<br><\/p>\n\n\n\n<p>Se dieron bajas en Argentina, Uruguay y Paraguay, en tanto que el valor medio en los principales estados exportadores de Brasil se mantuvo estable en d\u00f3lares. La referencia brasile\u00f1a qued\u00f3 en US$ 3,90 el kilo carcasa debido a que la valorizaci\u00f3n de 1,7% del tipo de cambio compens\u00f3 una nueva baja de los precios en reales.<br><\/p>\n\n\n\n<p>En Argentina los novillos de exportaci\u00f3n cotizaron a la baja, dejando atr\u00e1s varias semanas de estabilidad en pesos argentinos. En d\u00f3lares la referencia qued\u00f3 en 4,87, con una baja semanal de 14 cents.<br><\/p>\n\n\n\n<p>En Uruguay sigue la presi\u00f3n a la baja con el novillo especial \u2014en un contexto de muy pocos negocios\u2014 que qued\u00f3 en el entorno de los US$ 5,25 el kilo carcasa.<br><\/p>\n\n\n\n<p>En Paraguay tambi\u00e9n bajaron los precios con el macho para faena perdiendo 10 cents en la semana a US$ 3,50 el kilo carcasa.<\/p>\n\n\n\n<p style=\"text-align:right\" class=\"has-small-font-size\"><strong>Fuente: Faxcarne<\/strong><\/p>\n\n\n\n<p>Salto, 2 de junio de 2022<\/p>\n","protected":false},"excerpt":{"rendered":"<p>El \u00edndice Faxcarne del Novillo Mercosur perdi\u00f3 5 cents en la semana a US$ 4,23 el kilo carcasa, con lo que se ubic\u00f3 en el nivel m\u00e1s bajo en 16 [&hellip;]<\/p>\n","protected":false},"author":5,"featured_media":38757,"comment_status":"open","ping_status":"open","sticky":false,"template":"","format":"standard","meta":{"_price":"","_stock":"","_tribe_ticket_header":"","_tribe_default_ticket_provider":"","_tribe_ticket_capacity":"0","_ticket_start_date":"","_ticket_end_date":"","_tribe_ticket_show_description":"","_tribe_ticket_show_not_going":false,"_tribe_ticket_use_global_stock":"","_tribe_ticket_global_stock_level":"","_global_stock_mode":"","_global_stock_cap":"","_tribe_rsvp_for_event":"","_tribe_ticket_going_count":"","_tribe_ticket_not_going_count":"","_tribe_tickets_list":"[]","_tribe_ticket_has_attendee_info_fields":false,"h5ap_radio_sources":[],"_jetpack_newsletter_access":"","_jetpack_dont_email_post_to_subs":false,"_jetpack_newsletter_tier_id":0,"_jetpack_memberships_contains_paywalled_content":false,"_jetpack_memberships_contains_paid_content":false,"footnotes":""},"categories":[21,15],"tags":[],"class_list":["post-42385","post","type-post","status-publish","format-standard","has-post-thumbnail","hentry","category-actualidad","category-columnistas"],"jetpack_featured_media_url":"https:\/\/i0.wp.com\/lahoradelcampo.com.uy\/site\/wp-content\/uploads\/2022\/02\/novillos-gordo.jpg?fit=880%2C440&ssl=1","jetpack_sharing_enabled":true,"jetpack_shortlink":"https:\/\/wp.me\/p99IaT-b1D","jetpack-related-posts":[{"id":41751,"url":"https:\/\/lahoradelcampo.com.uy\/site\/el-novillo-cayo-a-valores-de-febrero-en-la-region\/","url_meta":{"origin":42385,"position":0},"title":"El novillo cay\u00f3 a valores de febrero en la regi\u00f3n","author":"La Hora del Campo","date":"12 mayo, 2022","format":false,"excerpt":"El valor medio del novillo en los pa\u00edses del Mercosur volvi\u00f3 a corregir a la baja esta semana. El \u00cdndice Faxcarne del Novillo Mercosur perdi\u00f3 11 cents en la semana a US$ 4,24 el kilo carcasa, el nivel m\u00e1s bajo desde mediados de febrero, 12 semanas atr\u00e1s. La incertidumbre global,\u2026","rel":"","context":"En \u00abActualidad\u00bb","block_context":{"text":"Actualidad","link":"https:\/\/lahoradelcampo.com.uy\/site\/category\/actualidad\/"},"img":{"alt_text":"","src":"https:\/\/i0.wp.com\/lahoradelcampo.com.uy\/site\/wp-content\/uploads\/2021\/10\/novillo-gordo.jpg?fit=880%2C440&ssl=1&resize=350%2C200","width":350,"height":200,"srcset":"https:\/\/i0.wp.com\/lahoradelcampo.com.uy\/site\/wp-content\/uploads\/2021\/10\/novillo-gordo.jpg?fit=880%2C440&ssl=1&resize=350%2C200 1x, https:\/\/i0.wp.com\/lahoradelcampo.com.uy\/site\/wp-content\/uploads\/2021\/10\/novillo-gordo.jpg?fit=880%2C440&ssl=1&resize=525%2C300 1.5x, https:\/\/i0.wp.com\/lahoradelcampo.com.uy\/site\/wp-content\/uploads\/2021\/10\/novillo-gordo.jpg?fit=880%2C440&ssl=1&resize=700%2C400 2x"},"classes":[]},{"id":43847,"url":"https:\/\/lahoradelcampo.com.uy\/site\/el-promedio-del-novillo-mercosur-cayo-por-debajo-de-los-us-400\/","url_meta":{"origin":42385,"position":1},"title":"El promedio del Novillo Mercosur cay\u00f3 por debajo de los US$ 4,00","author":"La Hora del Campo","date":"15 julio, 2022","format":false,"excerpt":"El \u00cdndice Faxcarne del Novillo Mercosur (IFNM) informado por la consultora Tard\u00e1guila Agromercados, perdi\u00f3 4 cents en la semana y qued\u00f3 por debajo de los US$ 4 por primera vez desde la primera semana del a\u00f1o. El IFNM qued\u00f3 en US$ 3,98 el kilo carcasa. La baja fue determinada por\u2026","rel":"","context":"En \u00abActualidad\u00bb","block_context":{"text":"Actualidad","link":"https:\/\/lahoradelcampo.com.uy\/site\/category\/actualidad\/"},"img":{"alt_text":"","src":"https:\/\/i0.wp.com\/lahoradelcampo.com.uy\/site\/wp-content\/uploads\/2021\/11\/novillos.jpg?fit=880%2C440&ssl=1&resize=350%2C200","width":350,"height":200,"srcset":"https:\/\/i0.wp.com\/lahoradelcampo.com.uy\/site\/wp-content\/uploads\/2021\/11\/novillos.jpg?fit=880%2C440&ssl=1&resize=350%2C200 1x, https:\/\/i0.wp.com\/lahoradelcampo.com.uy\/site\/wp-content\/uploads\/2021\/11\/novillos.jpg?fit=880%2C440&ssl=1&resize=525%2C300 1.5x, https:\/\/i0.wp.com\/lahoradelcampo.com.uy\/site\/wp-content\/uploads\/2021\/11\/novillos.jpg?fit=880%2C440&ssl=1&resize=700%2C400 2x"},"classes":[]},{"id":36021,"url":"https:\/\/lahoradelcampo.com.uy\/site\/el-novillo-mercosur-perdio-116-desde-agosto\/","url_meta":{"origin":42385,"position":2},"title":"El Novillo Mercosur perdi\u00f3 11,6% desde agosto","author":"La Hora del Campo","date":"28 octubre, 2021","format":false,"excerpt":"De acuerdo al an\u00e1lisis realizado por la consultora Tard\u00e1guila Agromercados, esta semana, el valor promedio del novillo gordo en el Mercosur registr\u00f3 una ca\u00edda de 45 centavos desde finales de agosto, cuando se suspendieron las exportaciones de carne desde Brasil a China. El \u00cdndice Faxcarne del Novillo Mercosur qued\u00f3 esta\u2026","rel":"","context":"En \u00abActualidad\u00bb","block_context":{"text":"Actualidad","link":"https:\/\/lahoradelcampo.com.uy\/site\/category\/actualidad\/"},"img":{"alt_text":"","src":"https:\/\/i0.wp.com\/lahoradelcampo.com.uy\/site\/wp-content\/uploads\/2017\/09\/Novillo.jpg?fit=880%2C440&ssl=1&resize=350%2C200","width":350,"height":200,"srcset":"https:\/\/i0.wp.com\/lahoradelcampo.com.uy\/site\/wp-content\/uploads\/2017\/09\/Novillo.jpg?fit=880%2C440&ssl=1&resize=350%2C200 1x, https:\/\/i0.wp.com\/lahoradelcampo.com.uy\/site\/wp-content\/uploads\/2017\/09\/Novillo.jpg?fit=880%2C440&ssl=1&resize=525%2C300 1.5x, https:\/\/i0.wp.com\/lahoradelcampo.com.uy\/site\/wp-content\/uploads\/2017\/09\/Novillo.jpg?fit=880%2C440&ssl=1&resize=700%2C400 2x"},"classes":[]},{"id":44273,"url":"https:\/\/lahoradelcampo.com.uy\/site\/argentina-y-paraguay-presionaron-el-novillo-mercosur\/","url_meta":{"origin":42385,"position":3},"title":"Argentina y Paraguay presionaron el novillo Mercosur","author":"La Hora del Campo","date":"28 julio, 2022","format":false,"excerpt":"La baja de las referencias en d\u00f3lares en Argentina y la fuerte correcci\u00f3n de los precios en Paraguay hicieron retroceder nuevamente al valor medio del novillo en el Mercosur. El \u00cdndice Faxcarne del Novillo Mercosur perdi\u00f3 1 cent en la semana a US$ 3,96 el kilo carcasa, el nivel m\u00e1s\u2026","rel":"","context":"En \u00abActualidad\u00bb","block_context":{"text":"Actualidad","link":"https:\/\/lahoradelcampo.com.uy\/site\/category\/actualidad\/"},"img":{"alt_text":"","src":"https:\/\/i0.wp.com\/lahoradelcampo.com.uy\/site\/wp-content\/uploads\/2021\/10\/Novillo-gordito.jpg?fit=880%2C440&ssl=1&resize=350%2C200","width":350,"height":200,"srcset":"https:\/\/i0.wp.com\/lahoradelcampo.com.uy\/site\/wp-content\/uploads\/2021\/10\/Novillo-gordito.jpg?fit=880%2C440&ssl=1&resize=350%2C200 1x, https:\/\/i0.wp.com\/lahoradelcampo.com.uy\/site\/wp-content\/uploads\/2021\/10\/Novillo-gordito.jpg?fit=880%2C440&ssl=1&resize=525%2C300 1.5x, https:\/\/i0.wp.com\/lahoradelcampo.com.uy\/site\/wp-content\/uploads\/2021\/10\/Novillo-gordito.jpg?fit=880%2C440&ssl=1&resize=700%2C400 2x"},"classes":[]},{"id":35457,"url":"https:\/\/lahoradelcampo.com.uy\/site\/el-novillo-mercosur-bajo-9-desde-que-china-suspendio-a-brasil\/","url_meta":{"origin":42385,"position":4},"title":"El Novillo Mercosur baj\u00f3 9% desde que China suspendi\u00f3 a Brasil","author":"La Hora del Campo","date":"14 octubre, 2021","format":false,"excerpt":"El precio medio del novillo Mercosur sigue en fuerte ca\u00edda. El \u00cdndice Faxcarne del Novillo Mercosur perdi\u00f3 esta semana US$ 11 cents \u2014lo mismo que en la anterior\u2014 a US$ 3,53 el kilo carcasa, la referencia m\u00e1s baja desde fines de marzo. Desde que Brasil qued\u00f3 fuera de China la\u2026","rel":"","context":"En \u00abActualidad\u00bb","block_context":{"text":"Actualidad","link":"https:\/\/lahoradelcampo.com.uy\/site\/category\/actualidad\/"},"img":{"alt_text":"","src":"https:\/\/i0.wp.com\/lahoradelcampo.com.uy\/site\/wp-content\/uploads\/2021\/09\/boigordo1.jpg?fit=880%2C440&ssl=1&resize=350%2C200","width":350,"height":200,"srcset":"https:\/\/i0.wp.com\/lahoradelcampo.com.uy\/site\/wp-content\/uploads\/2021\/09\/boigordo1.jpg?fit=880%2C440&ssl=1&resize=350%2C200 1x, https:\/\/i0.wp.com\/lahoradelcampo.com.uy\/site\/wp-content\/uploads\/2021\/09\/boigordo1.jpg?fit=880%2C440&ssl=1&resize=525%2C300 1.5x, https:\/\/i0.wp.com\/lahoradelcampo.com.uy\/site\/wp-content\/uploads\/2021\/09\/boigordo1.jpg?fit=880%2C440&ssl=1&resize=700%2C400 2x"},"classes":[]},{"id":40431,"url":"https:\/\/lahoradelcampo.com.uy\/site\/el-novillo-impulsa-el-valor-promedio-del-novillo-en-el-mercosur\/","url_meta":{"origin":42385,"position":5},"title":"El novillo impulsa  el valor promedio del novillo en el Mercosur","author":"La Hora del Campo","date":"31 marzo, 2022","format":false,"excerpt":"Durante la \u00faltima semana se registr\u00f3 una importante valorizaci\u00f3n de la moneda brasile\u00f1a frente al d\u00f3lar estadounidense, lo que impulso la valorizaci\u00f3n del novillo gordo para faena en el Mercosur. El \u00cdndice Faxcarne del Novillo Mercosur, elaborado por la consultora Tard\u00e1guila Agromercados, alcanz\u00f3 un m\u00e1ximo de US$ 4,53 el kilo\u2026","rel":"","context":"En \u00abActualidad\u00bb","block_context":{"text":"Actualidad","link":"https:\/\/lahoradelcampo.com.uy\/site\/category\/actualidad\/"},"img":{"alt_text":"","src":"https:\/\/i0.wp.com\/lahoradelcampo.com.uy\/site\/wp-content\/uploads\/2021\/09\/boigordo1.jpg?fit=880%2C440&ssl=1&resize=350%2C200","width":350,"height":200,"srcset":"https:\/\/i0.wp.com\/lahoradelcampo.com.uy\/site\/wp-content\/uploads\/2021\/09\/boigordo1.jpg?fit=880%2C440&ssl=1&resize=350%2C200 1x, https:\/\/i0.wp.com\/lahoradelcampo.com.uy\/site\/wp-content\/uploads\/2021\/09\/boigordo1.jpg?fit=880%2C440&ssl=1&resize=525%2C300 1.5x, https:\/\/i0.wp.com\/lahoradelcampo.com.uy\/site\/wp-content\/uploads\/2021\/09\/boigordo1.jpg?fit=880%2C440&ssl=1&resize=700%2C400 2x"},"classes":[]}],"jetpack_likes_enabled":true,"_links":{"self":[{"href":"https:\/\/lahoradelcampo.com.uy\/site\/wp-json\/wp\/v2\/posts\/42385","targetHints":{"allow":["GET"]}}],"collection":[{"href":"https:\/\/lahoradelcampo.com.uy\/site\/wp-json\/wp\/v2\/posts"}],"about":[{"href":"https:\/\/lahoradelcampo.com.uy\/site\/wp-json\/wp\/v2\/types\/post"}],"author":[{"embeddable":true,"href":"https:\/\/lahoradelcampo.com.uy\/site\/wp-json\/wp\/v2\/users\/5"}],"replies":[{"embeddable":true,"href":"https:\/\/lahoradelcampo.com.uy\/site\/wp-json\/wp\/v2\/comments?post=42385"}],"version-history":[{"count":1,"href":"https:\/\/lahoradelcampo.com.uy\/site\/wp-json\/wp\/v2\/posts\/42385\/revisions"}],"predecessor-version":[{"id":42387,"href":"https:\/\/lahoradelcampo.com.uy\/site\/wp-json\/wp\/v2\/posts\/42385\/revisions\/42387"}],"wp:featuredmedia":[{"embeddable":true,"href":"https:\/\/lahoradelcampo.com.uy\/site\/wp-json\/wp\/v2\/media\/38757"}],"wp:attachment":[{"href":"https:\/\/lahoradelcampo.com.uy\/site\/wp-json\/wp\/v2\/media?parent=42385"}],"wp:term":[{"taxonomy":"category","embeddable":true,"href":"https:\/\/lahoradelcampo.com.uy\/site\/wp-json\/wp\/v2\/categories?post=42385"},{"taxonomy":"post_tag","embeddable":true,"href":"https:\/\/lahoradelcampo.com.uy\/site\/wp-json\/wp\/v2\/tags?post=42385"}],"curies":[{"name":"wp","href":"https:\/\/api.w.org\/{rel}","templated":true}]}}