{"id":42381,"date":"2022-06-02T09:25:59","date_gmt":"2022-06-02T12:25:59","guid":{"rendered":"http:\/\/lahoradelcampo.com.uy\/site\/?p=42381"},"modified":"2022-06-02T09:26:04","modified_gmt":"2022-06-02T12:26:04","slug":"tercer-trimestre-de-2022-tendra-menor-faena-y-correccion-de-precios","status":"publish","type":"post","link":"https:\/\/lahoradelcampo.com.uy\/site\/tercer-trimestre-de-2022-tendra-menor-faena-y-correccion-de-precios\/","title":{"rendered":"Tercer trimestre de 2022, tendr\u00e1 menor faena y correcci\u00f3n de precios"},"content":{"rendered":"\n<figure class=\"wp-block-image\"><img data-recalc-dims=\"1\" loading=\"lazy\" decoding=\"async\" width=\"810\" height=\"405\" data-attachment-id=\"4321\" data-permalink=\"https:\/\/lahoradelcampo.com.uy\/site\/bajo-el-concepto-de-oligarcas-explotadores-el-sindicato-paro-la-industria-frigorifica\/secco-2\/\" data-orig-file=\"https:\/\/i0.wp.com\/lahoradelcampo.com.uy\/site\/wp-content\/uploads\/2017\/11\/Secco-1.jpg?fit=880%2C440&amp;ssl=1\" data-orig-size=\"880,440\" data-comments-opened=\"1\" data-image-meta=\"{&quot;aperture&quot;:&quot;0&quot;,&quot;credit&quot;:&quot;Vicente-Manuel-Tort&quot;,&quot;camera&quot;:&quot;&quot;,&quot;caption&quot;:&quot;&quot;,&quot;created_timestamp&quot;:&quot;0&quot;,&quot;copyright&quot;:&quot;Presidencia de la Republica - Sec.Com.Inst.&quot;,&quot;focal_length&quot;:&quot;0&quot;,&quot;iso&quot;:&quot;0&quot;,&quot;shutter_speed&quot;:&quot;0&quot;,&quot;title&quot;:&quot;&quot;,&quot;orientation&quot;:&quot;1&quot;}\" data-image-title=\"Secco\" data-image-description=\"\" data-image-caption=\"\" data-large-file=\"https:\/\/i0.wp.com\/lahoradelcampo.com.uy\/site\/wp-content\/uploads\/2017\/11\/Secco-1.jpg?fit=810%2C405&amp;ssl=1\" src=\"https:\/\/i0.wp.com\/lahoradelcampo.com.uy\/site\/wp-content\/uploads\/2017\/11\/Secco-1.jpg?resize=810%2C405\" alt=\"\" class=\"wp-image-4321\" srcset=\"https:\/\/i0.wp.com\/lahoradelcampo.com.uy\/site\/wp-content\/uploads\/2017\/11\/Secco-1.jpg?w=880&amp;ssl=1 880w, https:\/\/i0.wp.com\/lahoradelcampo.com.uy\/site\/wp-content\/uploads\/2017\/11\/Secco-1.jpg?resize=300%2C150&amp;ssl=1 300w, https:\/\/i0.wp.com\/lahoradelcampo.com.uy\/site\/wp-content\/uploads\/2017\/11\/Secco-1.jpg?resize=768%2C384&amp;ssl=1 768w, https:\/\/i0.wp.com\/lahoradelcampo.com.uy\/site\/wp-content\/uploads\/2017\/11\/Secco-1.jpg?resize=820%2C410&amp;ssl=1 820w\" sizes=\"auto, (max-width: 810px) 100vw, 810px\" \/><\/figure>\n\n\n\n<p>El momento de la ganader\u00eda es muy importante, los n\u00fameros arrojan resultados positivos de las empresas agropecuarias, que si bien tienen costos altos y un d\u00f3lar bajo, lo que enciende algunas alarmas, los precios del sector por sus productos son hist\u00f3ricos al igual que los niveles de demanda. El Dr. Marcelo Secco, CEO de Marfrig en Uruguay dijo que \u00abel techo ya lo encontramos\u00bb haciendo referencia los valores de la hacienda, pero advirti\u00f3 que \u00abel piso no lo s\u00e9\u00bb. <br><\/p>\n\n\n\n<p>En un an\u00e1lisis r\u00e1pido dijo que \u00absiendo un pa\u00eds donde nuestra econom\u00eda c\u00e1rnica depende tanto de China y si ese destino deval\u00faa un 7,5% o 8%, sumado a los cuellos de botella del punto de vista log\u00edstico\u00bb, el industrial razon\u00f3 que \u00abel mercado deber\u00eda recorrer un canal m\u00e1s hacia el eje de los cinco d\u00f3lares, que es poco porque uno tiene que recular, pero que sigue siendo hist\u00f3rico\u00bb.<br><\/p>\n\n\n\n<p>Secco dijo que a pesar de los buenos precios es muy importante \u00abno perder de vista el desaf\u00edo interno en materia de costos, porque muchas veces en el 5 o el cinco y pico con costos altos no es la mejor combinaci\u00f3n para darle perpetuidad o sostenibilidad a una cadena\u00bb. En este sentido indic\u00f3 que \u00abcuando digo costos hablo de dificultad de acceso, d\u00f3lar bajo, costo de energ\u00eda, fertilizantes por las nubes, que ahora parece que empiezan a moderarse, etc\u00e9tera, ni que hablar el costo pa\u00eds\u00bb.<br><\/p>\n\n\n\n<p>En el marco del congreso de la Federaci\u00f3n Rural, varios dirigentes sin mencionar que en la industria c\u00e1rnica hay \u00abcolusi\u00f3n\u00bb para disminuir los precios, se mencion\u00f3 que \u00abllega el invierno, hay poca hacienda, hay que bajar los precios para que no se disparen con la demanda. Es lo mismo que se hac\u00eda hace muchos a\u00f1os ac\u00e1 en Uruguay\u00bb.<br><\/p>\n\n\n\n<p>Consultado al respecto, el industrial dijo que \u00abno se bajaron los precios, el mercado corrigi\u00f3\u00bb y explic\u00f3 que una vez finalizada la faena de corral se podr\u00e1 ver la referencia real del indicador del mercado. \u00abA fin de junio, se va a ver que el promedio de exportaci\u00f3n corrige\u00bb advirti\u00f3.<br><\/p>\n\n\n\n<p>El industrial dijo ser \u00abplenamente consciente\u00bb que los inviernos volver\u00e1n a ser como antes, m\u00e1s tradicionales. En este sentido anunci\u00f3 que una de las plantas del grupo tendr\u00e1 licencia en invierno cuando normalmente se daba a la salida del invierno. Desde su punto de vista eso har\u00e1 \u00abmoderar la actividad, porque va a haber menos\u00bb. <br><\/p>\n\n\n\n<p>Para Secco \u00abvamos a tener un ciclo de tercer trimestre con menores niveles de faena, con leves correcciones de precio y con una industria intentando captar lo que se pueda y peleando, generando un mercado sano\u00bb. <\/p>\n\n\n\n<p>Salto, 2 de junio de 2022<\/p>\n","protected":false},"excerpt":{"rendered":"<p>El momento de la ganader\u00eda es muy importante, los n\u00fameros arrojan resultados positivos de las empresas agropecuarias, que si bien tienen costos altos y un d\u00f3lar bajo, lo que enciende [&hellip;]<\/p>\n","protected":false},"author":5,"featured_media":4321,"comment_status":"open","ping_status":"open","sticky":false,"template":"","format":"standard","meta":{"_price":"","_stock":"","_tribe_ticket_header":"","_tribe_default_ticket_provider":"","_tribe_ticket_capacity":"0","_ticket_start_date":"","_ticket_end_date":"","_tribe_ticket_show_description":"","_tribe_ticket_show_not_going":false,"_tribe_ticket_use_global_stock":"","_tribe_ticket_global_stock_level":"","_global_stock_mode":"","_global_stock_cap":"","_tribe_rsvp_for_event":"","_tribe_ticket_going_count":"","_tribe_ticket_not_going_count":"","_tribe_tickets_list":"[]","_tribe_ticket_has_attendee_info_fields":false,"h5ap_radio_sources":[],"_jetpack_newsletter_access":"","_jetpack_dont_email_post_to_subs":false,"_jetpack_newsletter_tier_id":0,"_jetpack_memberships_contains_paywalled_content":false,"_jetpack_memberships_contains_paid_content":false,"footnotes":""},"categories":[21,5],"tags":[],"class_list":["post-42381","post","type-post","status-publish","format-standard","has-post-thumbnail","hentry","category-actualidad","category-ganaderia"],"jetpack_featured_media_url":"https:\/\/i0.wp.com\/lahoradelcampo.com.uy\/site\/wp-content\/uploads\/2017\/11\/Secco-1.jpg?fit=880%2C440&ssl=1","jetpack_sharing_enabled":true,"jetpack_shortlink":"https:\/\/wp.me\/p99IaT-b1z","jetpack-related-posts":[{"id":16242,"url":"https:\/\/lahoradelcampo.com.uy\/site\/julio-armand-ugon-la-ganaderia-es-el-unico-sector-con-precios-mas-o-menos\/","url_meta":{"origin":42381,"position":0},"title":"Julio Armand Ug\u00f3n: \u00abLa ganader\u00eda es el \u00fanico sector con precios m\u00e1s o menos\u00bb","author":"La Hora del Campo","date":"5 diciembre, 2019","format":false,"excerpt":"Julio Armand Ug\u00f3n, presidente de la Federaci\u00f3n Rural, consider\u00f3 que los n\u00fameros de los productores \u201cson buenos actualmente\u201d, pero entiende que \u201ca\u00fan no est\u00e1n por encima de la raya roja, porque reci\u00e9n desde hace seis meses los venimos disfrutando, tras haber pasado tres a\u00f1os con valores bastante bajos\u201d. Entiende que\u2026","rel":"","context":"En \u00abActualidad\u00bb","block_context":{"text":"Actualidad","link":"https:\/\/lahoradelcampo.com.uy\/site\/category\/actualidad\/"},"img":{"alt_text":"","src":"https:\/\/i0.wp.com\/lahoradelcampo.com.uy\/site\/wp-content\/uploads\/2019\/06\/julio-armand-ugon.jpg?fit=880%2C440&ssl=1&resize=350%2C200","width":350,"height":200,"srcset":"https:\/\/i0.wp.com\/lahoradelcampo.com.uy\/site\/wp-content\/uploads\/2019\/06\/julio-armand-ugon.jpg?fit=880%2C440&ssl=1&resize=350%2C200 1x, https:\/\/i0.wp.com\/lahoradelcampo.com.uy\/site\/wp-content\/uploads\/2019\/06\/julio-armand-ugon.jpg?fit=880%2C440&ssl=1&resize=525%2C300 1.5x, https:\/\/i0.wp.com\/lahoradelcampo.com.uy\/site\/wp-content\/uploads\/2019\/06\/julio-armand-ugon.jpg?fit=880%2C440&ssl=1&resize=700%2C400 2x"},"classes":[]},{"id":15574,"url":"https:\/\/lahoradelcampo.com.uy\/site\/ante-baja-de-precios-o-aumentos-de-costos-la-sustentabilidad-de-la-empresa-pasa-por-producir-mas\/","url_meta":{"origin":42381,"position":1},"title":"Ante baja de precios \u00abla sustentabilidad de la empresa pasa por producir m\u00e1s\u00bb","author":"La Hora del Campo","date":"4 noviembre, 2019","format":false,"excerpt":"El viernes se desarroll\u00f3 en la Estaci\u00f3n Experimental la Facultad de Agronom\u00eda en Salto (EEFAS), la jornada \"Intensificaci\u00f3n de la ganader\u00eda de Basalto: Una mirada desde los sistemas ganaderos\". En la misma se presentaron trabajos realizados en dicho local de estudios, pero adem\u00e1s un an\u00e1lisis del mercado ganadero y de\u2026","rel":"","context":"En \u00abActualidad\u00bb","block_context":{"text":"Actualidad","link":"https:\/\/lahoradelcampo.com.uy\/site\/category\/actualidad\/"},"img":{"alt_text":"","src":"https:\/\/i0.wp.com\/lahoradelcampo.com.uy\/site\/wp-content\/uploads\/2019\/11\/Ignacio-Buffa.jpg?fit=880%2C440&ssl=1&resize=350%2C200","width":350,"height":200,"srcset":"https:\/\/i0.wp.com\/lahoradelcampo.com.uy\/site\/wp-content\/uploads\/2019\/11\/Ignacio-Buffa.jpg?fit=880%2C440&ssl=1&resize=350%2C200 1x, https:\/\/i0.wp.com\/lahoradelcampo.com.uy\/site\/wp-content\/uploads\/2019\/11\/Ignacio-Buffa.jpg?fit=880%2C440&ssl=1&resize=525%2C300 1.5x, https:\/\/i0.wp.com\/lahoradelcampo.com.uy\/site\/wp-content\/uploads\/2019\/11\/Ignacio-Buffa.jpg?fit=880%2C440&ssl=1&resize=700%2C400 2x"},"classes":[]},{"id":14477,"url":"https:\/\/lahoradelcampo.com.uy\/site\/buenas-expectativas-para-la-zafra-de-toros-2019\/","url_meta":{"origin":42381,"position":2},"title":"Buenas expectativas para  la zafra de toros 2019","author":"La Hora del Campo","date":"24 septiembre, 2019","format":false,"excerpt":"El comienzo de la zafra de reproductores con las ventas de la reciente edici\u00f3n de la Expo Prado, fue con valores superiores al a\u00f1o pasado y una agilidad importante. En esta oportunidad se comercializaron 32 reproductores, un 4% menos que el a\u00f1o pasado, y con un promedio de US$ 4.859\u2026","rel":"","context":"En \u00abActualidad\u00bb","block_context":{"text":"Actualidad","link":"https:\/\/lahoradelcampo.com.uy\/site\/category\/actualidad\/"},"img":{"alt_text":"","src":"https:\/\/i0.wp.com\/lahoradelcampo.com.uy\/site\/wp-content\/uploads\/2017\/10\/Remate-Tierra-de-toros.jpg?fit=880%2C440&ssl=1&resize=350%2C200","width":350,"height":200,"srcset":"https:\/\/i0.wp.com\/lahoradelcampo.com.uy\/site\/wp-content\/uploads\/2017\/10\/Remate-Tierra-de-toros.jpg?fit=880%2C440&ssl=1&resize=350%2C200 1x, https:\/\/i0.wp.com\/lahoradelcampo.com.uy\/site\/wp-content\/uploads\/2017\/10\/Remate-Tierra-de-toros.jpg?fit=880%2C440&ssl=1&resize=525%2C300 1.5x, https:\/\/i0.wp.com\/lahoradelcampo.com.uy\/site\/wp-content\/uploads\/2017\/10\/Remate-Tierra-de-toros.jpg?fit=880%2C440&ssl=1&resize=700%2C400 2x"},"classes":[]},{"id":42241,"url":"https:\/\/lahoradelcampo.com.uy\/site\/emilio-mangarelli-a-estos-valores-el-productor-tiene-que-estar-conforme\/","url_meta":{"origin":42381,"position":3},"title":"Emilio Mangarelli: \u00abA estos valores el productor tiene que estar conforme\u00bb","author":"La Hora del Campo","date":"30 mayo, 2022","format":false,"excerpt":"El Dr. Emilio Mangarelli, Presidente de la Rural de Cardona y ex integrante de la Junta del Instituto Nacional de Carnes, dijo que \"los valores de los ganados de ahora nunca los so\u00f1amos, cuando se hablaba del 5x5 en INAC nosotros dec\u00edamos est\u00e1n locos, un 4x4 ya era un disparate\".\u2026","rel":"","context":"En \u00abActualidad\u00bb","block_context":{"text":"Actualidad","link":"https:\/\/lahoradelcampo.com.uy\/site\/category\/actualidad\/"},"img":{"alt_text":"","src":"https:\/\/i0.wp.com\/lahoradelcampo.com.uy\/site\/wp-content\/uploads\/2020\/07\/Mangarelliweb.jpg?fit=880%2C440&ssl=1&resize=350%2C200","width":350,"height":200,"srcset":"https:\/\/i0.wp.com\/lahoradelcampo.com.uy\/site\/wp-content\/uploads\/2020\/07\/Mangarelliweb.jpg?fit=880%2C440&ssl=1&resize=350%2C200 1x, https:\/\/i0.wp.com\/lahoradelcampo.com.uy\/site\/wp-content\/uploads\/2020\/07\/Mangarelliweb.jpg?fit=880%2C440&ssl=1&resize=525%2C300 1.5x, https:\/\/i0.wp.com\/lahoradelcampo.com.uy\/site\/wp-content\/uploads\/2020\/07\/Mangarelliweb.jpg?fit=880%2C440&ssl=1&resize=700%2C400 2x"},"classes":[]},{"id":44565,"url":"https:\/\/lahoradelcampo.com.uy\/site\/la-exportacion-en-pie-es-la-base-para-los-valores-de-la-ganaderia\/","url_meta":{"origin":42381,"position":4},"title":"La exportaci\u00f3n en pie es la base para los valores de la ganader\u00eda","author":"La Hora del Campo","date":"8 agosto, 2022","format":false,"excerpt":"El expresidente de la Federaci\u00f3n Rural y productor de Rivera, Julio Armand Ug\u00f3n, afirm\u00f3 que la exportaci\u00f3n de ganado en pie, es parte de la base para los actuales valores que hoy tiene la ganader\u00eda uruguaya. El productor dijo que \u201cla ense\u00f1anza\u201d m\u00e1s importante que ha dejado el \u00faltimo a\u00f1o\u2026","rel":"","context":"En \u00abActualidad\u00bb","block_context":{"text":"Actualidad","link":"https:\/\/lahoradelcampo.com.uy\/site\/category\/actualidad\/"},"img":{"alt_text":"","src":"https:\/\/i0.wp.com\/lahoradelcampo.com.uy\/site\/wp-content\/uploads\/2022\/08\/JulioArmandUgon.jpg?fit=880%2C440&ssl=1&resize=350%2C200","width":350,"height":200,"srcset":"https:\/\/i0.wp.com\/lahoradelcampo.com.uy\/site\/wp-content\/uploads\/2022\/08\/JulioArmandUgon.jpg?fit=880%2C440&ssl=1&resize=350%2C200 1x, https:\/\/i0.wp.com\/lahoradelcampo.com.uy\/site\/wp-content\/uploads\/2022\/08\/JulioArmandUgon.jpg?fit=880%2C440&ssl=1&resize=525%2C300 1.5x, https:\/\/i0.wp.com\/lahoradelcampo.com.uy\/site\/wp-content\/uploads\/2022\/08\/JulioArmandUgon.jpg?fit=880%2C440&ssl=1&resize=700%2C400 2x"},"classes":[]},{"id":22788,"url":"https:\/\/lahoradelcampo.com.uy\/site\/mercado-del-gordo-con-poca-oferta-baja-de-precios-y-entradas-largas\/","url_meta":{"origin":42381,"position":5},"title":"Mercado del gordo con poca oferta, baja de precios y entradas largas","author":"La Hora del Campo","date":"18 agosto, 2020","format":false,"excerpt":"El mercado de haciendas, seg\u00fan la Asociaci\u00f3n de Consignatarios de Ganados del Uruguay (ACG) luego de su reuni\u00f3n de todos los lunes, registr\u00f3 un nuevo ajuste semanal en sus referencias de precios. En este sentido el novillo gordo cay\u00f3 cuatro centavos y cerr\u00f3 a US$ 3,40, la vaca gorda cotiz\u00f3\u2026","rel":"","context":"En \u00abActualidad\u00bb","block_context":{"text":"Actualidad","link":"https:\/\/lahoradelcampo.com.uy\/site\/category\/actualidad\/"},"img":{"alt_text":"","src":"https:\/\/i0.wp.com\/lahoradelcampo.com.uy\/site\/wp-content\/uploads\/2020\/08\/Santiagosanchesweb.jpg?fit=880%2C440&ssl=1&resize=350%2C200","width":350,"height":200,"srcset":"https:\/\/i0.wp.com\/lahoradelcampo.com.uy\/site\/wp-content\/uploads\/2020\/08\/Santiagosanchesweb.jpg?fit=880%2C440&ssl=1&resize=350%2C200 1x, https:\/\/i0.wp.com\/lahoradelcampo.com.uy\/site\/wp-content\/uploads\/2020\/08\/Santiagosanchesweb.jpg?fit=880%2C440&ssl=1&resize=525%2C300 1.5x, https:\/\/i0.wp.com\/lahoradelcampo.com.uy\/site\/wp-content\/uploads\/2020\/08\/Santiagosanchesweb.jpg?fit=880%2C440&ssl=1&resize=700%2C400 2x"},"classes":[]}],"jetpack_likes_enabled":true,"_links":{"self":[{"href":"https:\/\/lahoradelcampo.com.uy\/site\/wp-json\/wp\/v2\/posts\/42381","targetHints":{"allow":["GET"]}}],"collection":[{"href":"https:\/\/lahoradelcampo.com.uy\/site\/wp-json\/wp\/v2\/posts"}],"about":[{"href":"https:\/\/lahoradelcampo.com.uy\/site\/wp-json\/wp\/v2\/types\/post"}],"author":[{"embeddable":true,"href":"https:\/\/lahoradelcampo.com.uy\/site\/wp-json\/wp\/v2\/users\/5"}],"replies":[{"embeddable":true,"href":"https:\/\/lahoradelcampo.com.uy\/site\/wp-json\/wp\/v2\/comments?post=42381"}],"version-history":[{"count":1,"href":"https:\/\/lahoradelcampo.com.uy\/site\/wp-json\/wp\/v2\/posts\/42381\/revisions"}],"predecessor-version":[{"id":42383,"href":"https:\/\/lahoradelcampo.com.uy\/site\/wp-json\/wp\/v2\/posts\/42381\/revisions\/42383"}],"wp:featuredmedia":[{"embeddable":true,"href":"https:\/\/lahoradelcampo.com.uy\/site\/wp-json\/wp\/v2\/media\/4321"}],"wp:attachment":[{"href":"https:\/\/lahoradelcampo.com.uy\/site\/wp-json\/wp\/v2\/media?parent=42381"}],"wp:term":[{"taxonomy":"category","embeddable":true,"href":"https:\/\/lahoradelcampo.com.uy\/site\/wp-json\/wp\/v2\/categories?post=42381"},{"taxonomy":"post_tag","embeddable":true,"href":"https:\/\/lahoradelcampo.com.uy\/site\/wp-json\/wp\/v2\/tags?post=42381"}],"curies":[{"name":"wp","href":"https:\/\/api.w.org\/{rel}","templated":true}]}}