{"id":42367,"date":"2022-06-01T09:37:10","date_gmt":"2022-06-01T12:37:10","guid":{"rendered":"http:\/\/lahoradelcampo.com.uy\/site\/?p=42367"},"modified":"2022-06-01T09:37:18","modified_gmt":"2022-06-01T12:37:18","slug":"viernes-y-sabado-se-realiza-la-expo-hereford","status":"publish","type":"post","link":"https:\/\/lahoradelcampo.com.uy\/site\/viernes-y-sabado-se-realiza-la-expo-hereford\/","title":{"rendered":"Viernes y s\u00e1bado se realiza la Expo Hereford"},"content":{"rendered":"\n<figure class=\"wp-block-image\"><img data-recalc-dims=\"1\" loading=\"lazy\" decoding=\"async\" width=\"810\" height=\"405\" data-attachment-id=\"31810\" data-permalink=\"https:\/\/lahoradelcampo.com.uy\/site\/las-anitas-logro-el-campeonato-pi-en-la-expo-nacional-hereford\/nacionalhereford\/\" data-orig-file=\"https:\/\/i0.wp.com\/lahoradelcampo.com.uy\/site\/wp-content\/uploads\/2021\/07\/NacionalHereford.jpg?fit=880%2C440&amp;ssl=1\" data-orig-size=\"880,440\" data-comments-opened=\"1\" data-image-meta=\"{&quot;aperture&quot;:&quot;0&quot;,&quot;credit&quot;:&quot;&quot;,&quot;camera&quot;:&quot;&quot;,&quot;caption&quot;:&quot;&quot;,&quot;created_timestamp&quot;:&quot;0&quot;,&quot;copyright&quot;:&quot;&quot;,&quot;focal_length&quot;:&quot;0&quot;,&quot;iso&quot;:&quot;0&quot;,&quot;shutter_speed&quot;:&quot;0&quot;,&quot;title&quot;:&quot;&quot;,&quot;orientation&quot;:&quot;1&quot;}\" data-image-title=\"NacionalHereford\" data-image-description=\"\" data-image-caption=\"\" data-large-file=\"https:\/\/i0.wp.com\/lahoradelcampo.com.uy\/site\/wp-content\/uploads\/2021\/07\/NacionalHereford.jpg?fit=810%2C405&amp;ssl=1\" src=\"https:\/\/i0.wp.com\/lahoradelcampo.com.uy\/site\/wp-content\/uploads\/2021\/07\/NacionalHereford.jpg?resize=810%2C405\" alt=\"\" class=\"wp-image-31810\" srcset=\"https:\/\/i0.wp.com\/lahoradelcampo.com.uy\/site\/wp-content\/uploads\/2021\/07\/NacionalHereford.jpg?w=880&amp;ssl=1 880w, https:\/\/i0.wp.com\/lahoradelcampo.com.uy\/site\/wp-content\/uploads\/2021\/07\/NacionalHereford.jpg?resize=300%2C150&amp;ssl=1 300w, https:\/\/i0.wp.com\/lahoradelcampo.com.uy\/site\/wp-content\/uploads\/2021\/07\/NacionalHereford.jpg?resize=768%2C384&amp;ssl=1 768w, https:\/\/i0.wp.com\/lahoradelcampo.com.uy\/site\/wp-content\/uploads\/2021\/07\/NacionalHereford.jpg?resize=820%2C410&amp;ssl=1 820w\" sizes=\"auto, (max-width: 810px) 100vw, 810px\" \/><\/figure>\n\n\n\n<p>La Sociedad Criadores de Hereford del Uruguay (Schu), realizar\u00e1 entre viernes y s\u00e1bado de la presente semana, la 4\u00aa edici\u00f3n de la Expo Nacional en Soriano, desarroll\u00e1ndose en el local Bequel\u00f3, pr\u00f3ximo a Mercedes e incluir\u00e1 conferencia, venta y calificaci\u00f3n de reproductores. <br><\/p>\n\n\n\n<p>La muestra que se realiz\u00f3 por primera vez en las instalaciones de la Asociaci\u00f3n Rural Exposici\u00f3n Feria de Paysand\u00fa, luego en Cerro Largo, posteriormente en Lavalleja y ahora en Soriano, reunir\u00e1 a m\u00e1s de 2.000 animales en las actividades: m\u00e1s de 170 ejemplares en la pista de calificaci\u00f3n y adem\u00e1s habr\u00e1 m\u00e1s de 1.800 animales en el remate especial. <br><\/p>\n\n\n\n<p>El viernes, a la hora 14 tendr\u00e1 lugar el Foro: \u201cEl Futuro del engorde\u201d. Los expositores ser\u00e1n el doctor \u00c1lvaro Pereira, del Instituto Nacional de Carnes (INAC), ingeniero agr\u00f3nomo Alejandro La Manna, del Instituto Nacional de Investigaci\u00f3n Agropecuaria (INIA), doctor \u00c1lvaro Ferr\u00e9s, presidente de la Asociaci\u00f3n Uruguaya de Productores de Carne Intensiva Natural (Aupcin), y el ingeniero agr\u00f3nomo Leonel Aguirre, de la Sociedad Criadores de Hereford del Uruguay. La actividad tendr\u00e1 como moderador a Mart\u00edn Olaverry. <br><\/p>\n\n\n\n<p>El viernes desde la hora 18, se realizar\u00e1 el remate especial de la Expo Nacional, por pantalla, con m\u00e1s de 1.800 animales en venta, con 90 d\u00edas libres y 2% de descuento por pago contado.<br><\/p>\n\n\n\n<p>El s\u00e1bado desde la hora 8, se llevar\u00e1 a cabo la jura de la Expo Nacional, de la que participar\u00e1n 38 ejemplares para el campeonato de terneros y m\u00e1s de 135 reproductores para la jura de tr\u00edos, representando a 24 caba\u00f1as de todos los puntos del pa\u00eds. <br><\/p>\n\n\n\n<p>La jura estar\u00e1 a cargo del criador, ingeniero agr\u00f3nomo Gonzalo Rodr\u00edguez Mendaro, director del establecimiento Puesto Blanco, en el Departamento de Lavalleja. <br><\/p>\n\n\n\n<p>El programa establece que a la hora 8, ser\u00e1 el 2\u00ba Campeonato Nacional del Ternero. A las 10, comienza la calificaci\u00f3n con los ejemplares de bozal, que continuar\u00e1 por la tarde, tras el almuerzo. Adem\u00e1s, a la hora 14, se realizar\u00e1n reconocimientos a criadores locales de Hereford.<\/p>\n\n\n\n<p>Salto, 1 de junio de 2022<\/p>\n","protected":false},"excerpt":{"rendered":"<p>La Sociedad Criadores de Hereford del Uruguay (Schu), realizar\u00e1 entre viernes y s\u00e1bado de la presente semana, la 4\u00aa edici\u00f3n de la Expo Nacional en Soriano, desarroll\u00e1ndose en el local [&hellip;]<\/p>\n","protected":false},"author":5,"featured_media":31810,"comment_status":"open","ping_status":"open","sticky":false,"template":"","format":"standard","meta":{"_price":"","_stock":"","_tribe_ticket_header":"","_tribe_default_ticket_provider":"","_tribe_ticket_capacity":"0","_ticket_start_date":"","_ticket_end_date":"","_tribe_ticket_show_description":"","_tribe_ticket_show_not_going":false,"_tribe_ticket_use_global_stock":"","_tribe_ticket_global_stock_level":"","_global_stock_mode":"","_global_stock_cap":"","_tribe_rsvp_for_event":"","_tribe_ticket_going_count":"","_tribe_ticket_not_going_count":"","_tribe_tickets_list":"[]","_tribe_ticket_has_attendee_info_fields":false,"h5ap_radio_sources":[],"_jetpack_newsletter_access":"","_jetpack_dont_email_post_to_subs":false,"_jetpack_newsletter_tier_id":0,"_jetpack_memberships_contains_paywalled_content":false,"_jetpack_memberships_contains_paid_content":false,"footnotes":""},"categories":[21,5],"tags":[],"class_list":["post-42367","post","type-post","status-publish","format-standard","has-post-thumbnail","hentry","category-actualidad","category-ganaderia"],"jetpack_featured_media_url":"https:\/\/i0.wp.com\/lahoradelcampo.com.uy\/site\/wp-content\/uploads\/2021\/07\/NacionalHereford.jpg?fit=880%2C440&ssl=1","jetpack_sharing_enabled":true,"jetpack_shortlink":"https:\/\/wp.me\/p99IaT-b1l","jetpack-related-posts":[{"id":31004,"url":"https:\/\/lahoradelcampo.com.uy\/site\/3-de-julio-nueva-fecha-para-la-expo-nacional-hereford\/","url_meta":{"origin":42367,"position":0},"title":"3 de julio, nueva fecha para la Expo Nacional Hereford","author":"La Hora del Campo","date":"7 junio, 2021","format":false,"excerpt":"La Sociedad de Criadores de Hereford del Uruguay definieron una nueva fecha para la realizaci\u00f3n de la Expo Nacional Hereford, que este a\u00f1o se desarrollar\u00e1 en el predio de la Sociedad Agropecuaria de Lavalleja. La muestra, considerada por la gremial como la \"exposici\u00f3n Hereford m\u00e1s grande de sudam\u00e9rica\" tiene como\u2026","rel":"","context":"En \u00abActualidad\u00bb","block_context":{"text":"Actualidad","link":"https:\/\/lahoradelcampo.com.uy\/site\/category\/actualidad\/"},"img":{"alt_text":"","src":"https:\/\/i0.wp.com\/lahoradelcampo.com.uy\/site\/wp-content\/uploads\/2021\/06\/ExpoHereford.jpg?fit=880%2C440&ssl=1&resize=350%2C200","width":350,"height":200,"srcset":"https:\/\/i0.wp.com\/lahoradelcampo.com.uy\/site\/wp-content\/uploads\/2021\/06\/ExpoHereford.jpg?fit=880%2C440&ssl=1&resize=350%2C200 1x, https:\/\/i0.wp.com\/lahoradelcampo.com.uy\/site\/wp-content\/uploads\/2021\/06\/ExpoHereford.jpg?fit=880%2C440&ssl=1&resize=525%2C300 1.5x, https:\/\/i0.wp.com\/lahoradelcampo.com.uy\/site\/wp-content\/uploads\/2021\/06\/ExpoHereford.jpg?fit=880%2C440&ssl=1&resize=700%2C400 2x"},"classes":[]},{"id":6749,"url":"https:\/\/lahoradelcampo.com.uy\/site\/se-modifico-la-fecha-de-la-1a-exposicion-nacional-hereford\/","url_meta":{"origin":42367,"position":1},"title":"Se modific\u00f3 la fecha de la 1\u00aa Exposici\u00f3n Nacional Hereford","author":"La Hora del Campo","date":"2 mayo, 2018","format":false,"excerpt":"Ante los pron\u00f3sticos de lluvia y alerta meteorol\u00f3gica, la Sociedad de Criadores de Hereford del Uruguay decidi\u00f3 postergar una semana la primera Expo Nacional Hereford que deb\u00eda realizarse este viernes. La nueva fecha es entre viernes 11 y s\u00e1bado 12 de mayo. En la muestra, donde se calificaran \u00fanicamente animales\u2026","rel":"","context":"En \u00abActualidad\u00bb","block_context":{"text":"Actualidad","link":"https:\/\/lahoradelcampo.com.uy\/site\/category\/actualidad\/"},"img":{"alt_text":"","src":"https:\/\/i0.wp.com\/lahoradelcampo.com.uy\/site\/wp-content\/uploads\/2018\/05\/toros-hereford.jpg?fit=880%2C440&ssl=1&resize=350%2C200","width":350,"height":200,"srcset":"https:\/\/i0.wp.com\/lahoradelcampo.com.uy\/site\/wp-content\/uploads\/2018\/05\/toros-hereford.jpg?fit=880%2C440&ssl=1&resize=350%2C200 1x, https:\/\/i0.wp.com\/lahoradelcampo.com.uy\/site\/wp-content\/uploads\/2018\/05\/toros-hereford.jpg?fit=880%2C440&ssl=1&resize=525%2C300 1.5x, https:\/\/i0.wp.com\/lahoradelcampo.com.uy\/site\/wp-content\/uploads\/2018\/05\/toros-hereford.jpg?fit=880%2C440&ssl=1&resize=700%2C400 2x"},"classes":[]},{"id":50439,"url":"https:\/\/lahoradelcampo.com.uy\/site\/toda-la-grandeza-de-la-hereford-en-salto-hoy-comienza-la-expo-nacional\/","url_meta":{"origin":42367,"position":2},"title":"Toda la grandeza de la Hereford en Salto: Hoy comienza la Expo Nacional","author":"La Hora del Campo","date":"19 mayo, 2023","format":false,"excerpt":"Este fin de semana, los d\u00edas viernes 19 y s\u00e1bado 20, se llevar\u00e1 a cabo aqu\u00ed en Salto, la quinta edici\u00f3n de la Expo Nacional Hereford, un destacado evento que re\u00fane a las mejores caba\u00f1as y animales de esta raza provenientes de todos los rincones del pa\u00eds. La vicepresidenta de\u2026","rel":"","context":"En \u00abActualidad\u00bb","block_context":{"text":"Actualidad","link":"https:\/\/lahoradelcampo.com.uy\/site\/category\/actualidad\/"},"img":{"alt_text":"","src":"https:\/\/i0.wp.com\/lahoradelcampo.com.uy\/site\/wp-content\/uploads\/2023\/05\/hereford-web.jpg?fit=880%2C440&ssl=1&resize=350%2C200","width":350,"height":200,"srcset":"https:\/\/i0.wp.com\/lahoradelcampo.com.uy\/site\/wp-content\/uploads\/2023\/05\/hereford-web.jpg?fit=880%2C440&ssl=1&resize=350%2C200 1x, https:\/\/i0.wp.com\/lahoradelcampo.com.uy\/site\/wp-content\/uploads\/2023\/05\/hereford-web.jpg?fit=880%2C440&ssl=1&resize=525%2C300 1.5x, https:\/\/i0.wp.com\/lahoradelcampo.com.uy\/site\/wp-content\/uploads\/2023\/05\/hereford-web.jpg?fit=880%2C440&ssl=1&resize=700%2C400 2x"},"classes":[]},{"id":50353,"url":"https:\/\/lahoradelcampo.com.uy\/site\/expo-nacional-hereford-salto-2023-una-cita-con-la-ganaderia-de-excelencia\/","url_meta":{"origin":42367,"position":3},"title":"Expo Nacional Hereford Salto 2023: Una cita con la ganader\u00eda de excelencia","author":"La Hora del Campo","date":"15 mayo, 2023","format":false,"excerpt":"La Expo Nacional Hereford llega a su quinta edici\u00f3n, y en esta ocasi\u00f3n el escenario elegido es la ciudad de Salto. El evento se llevar\u00e1 a cabo los d\u00edas viernes 19 y s\u00e1bado 20 de mayo en las instalaciones de la Asociaci\u00f3n Agropecuaria de Salto, reuniendo a m\u00e1s de 180\u2026","rel":"","context":"En \u00abActualidad\u00bb","block_context":{"text":"Actualidad","link":"https:\/\/lahoradelcampo.com.uy\/site\/category\/actualidad\/"},"img":{"alt_text":"","src":"https:\/\/i0.wp.com\/lahoradelcampo.com.uy\/site\/wp-content\/uploads\/2023\/05\/ExpoHerefordAAS.jpg?fit=880%2C440&ssl=1&resize=350%2C200","width":350,"height":200,"srcset":"https:\/\/i0.wp.com\/lahoradelcampo.com.uy\/site\/wp-content\/uploads\/2023\/05\/ExpoHerefordAAS.jpg?fit=880%2C440&ssl=1&resize=350%2C200 1x, https:\/\/i0.wp.com\/lahoradelcampo.com.uy\/site\/wp-content\/uploads\/2023\/05\/ExpoHerefordAAS.jpg?fit=880%2C440&ssl=1&resize=525%2C300 1.5x, https:\/\/i0.wp.com\/lahoradelcampo.com.uy\/site\/wp-content\/uploads\/2023\/05\/ExpoHerefordAAS.jpg?fit=880%2C440&ssl=1&resize=700%2C400 2x"},"classes":[]},{"id":32702,"url":"https:\/\/lahoradelcampo.com.uy\/site\/aru-definio-el-cronograma-ganadero-de-la-expo-prado-2021\/","url_meta":{"origin":42367,"position":4},"title":"ARU defini\u00f3 el cronograma ganadero de la Expo Prado 2021","author":"La Hora del Campo","date":"4 agosto, 2021","format":false,"excerpt":"Poco a poco se va acercando la 116\u00aa Exposici\u00f3n internacional de ganader\u00eda, muestra agroindustrial y comercial, la Expo Prado 2021, la gremial organizadora dio a conocer el cronograma ganadero que como ya se ha mencionado aqu\u00ed en La Hora del Campo, tendr\u00e1 variantes respecto a a\u00f1os anteriores, con menor cantidad\u2026","rel":"","context":"En \u00abActualidad\u00bb","block_context":{"text":"Actualidad","link":"https:\/\/lahoradelcampo.com.uy\/site\/category\/actualidad\/"},"img":{"alt_text":"","src":"https:\/\/i0.wp.com\/lahoradelcampo.com.uy\/site\/wp-content\/uploads\/2019\/09\/Angus-Prado.jpg?fit=880%2C440&ssl=1&resize=350%2C200","width":350,"height":200,"srcset":"https:\/\/i0.wp.com\/lahoradelcampo.com.uy\/site\/wp-content\/uploads\/2019\/09\/Angus-Prado.jpg?fit=880%2C440&ssl=1&resize=350%2C200 1x, https:\/\/i0.wp.com\/lahoradelcampo.com.uy\/site\/wp-content\/uploads\/2019\/09\/Angus-Prado.jpg?fit=880%2C440&ssl=1&resize=525%2C300 1.5x, https:\/\/i0.wp.com\/lahoradelcampo.com.uy\/site\/wp-content\/uploads\/2019\/09\/Angus-Prado.jpg?fit=880%2C440&ssl=1&resize=700%2C400 2x"},"classes":[]},{"id":23204,"url":"https:\/\/lahoradelcampo.com.uy\/site\/actividades-y-remates-en-la-expo-prado-2020\/","url_meta":{"origin":42367,"position":5},"title":"Actividades y remates en la Expo Prado 2020","author":"La Hora del Campo","date":"3 septiembre, 2020","format":false,"excerpt":"A medida que se va acercando la fecha de inicio de la muestra se van sumando actividades que seguramente congregaran al p\u00fablico. A modo de ejemplo el primer d\u00eda de la exposici\u00f3n, ARU y El Pa\u00eds realizar\u00e1n la tercera edici\u00f3n de \"Reconocimientos\" a figuras del sector agropecuario en el Galp\u00f3n\u2026","rel":"","context":"En \u00abActualidad\u00bb","block_context":{"text":"Actualidad","link":"https:\/\/lahoradelcampo.com.uy\/site\/category\/actualidad\/"},"img":{"alt_text":"","src":"https:\/\/i0.wp.com\/lahoradelcampo.com.uy\/site\/wp-content\/uploads\/2020\/05\/ExpoPrado.jpg?fit=880%2C440&ssl=1&resize=350%2C200","width":350,"height":200,"srcset":"https:\/\/i0.wp.com\/lahoradelcampo.com.uy\/site\/wp-content\/uploads\/2020\/05\/ExpoPrado.jpg?fit=880%2C440&ssl=1&resize=350%2C200 1x, https:\/\/i0.wp.com\/lahoradelcampo.com.uy\/site\/wp-content\/uploads\/2020\/05\/ExpoPrado.jpg?fit=880%2C440&ssl=1&resize=525%2C300 1.5x, https:\/\/i0.wp.com\/lahoradelcampo.com.uy\/site\/wp-content\/uploads\/2020\/05\/ExpoPrado.jpg?fit=880%2C440&ssl=1&resize=700%2C400 2x"},"classes":[]}],"jetpack_likes_enabled":true,"_links":{"self":[{"href":"https:\/\/lahoradelcampo.com.uy\/site\/wp-json\/wp\/v2\/posts\/42367","targetHints":{"allow":["GET"]}}],"collection":[{"href":"https:\/\/lahoradelcampo.com.uy\/site\/wp-json\/wp\/v2\/posts"}],"about":[{"href":"https:\/\/lahoradelcampo.com.uy\/site\/wp-json\/wp\/v2\/types\/post"}],"author":[{"embeddable":true,"href":"https:\/\/lahoradelcampo.com.uy\/site\/wp-json\/wp\/v2\/users\/5"}],"replies":[{"embeddable":true,"href":"https:\/\/lahoradelcampo.com.uy\/site\/wp-json\/wp\/v2\/comments?post=42367"}],"version-history":[{"count":1,"href":"https:\/\/lahoradelcampo.com.uy\/site\/wp-json\/wp\/v2\/posts\/42367\/revisions"}],"predecessor-version":[{"id":42369,"href":"https:\/\/lahoradelcampo.com.uy\/site\/wp-json\/wp\/v2\/posts\/42367\/revisions\/42369"}],"wp:featuredmedia":[{"embeddable":true,"href":"https:\/\/lahoradelcampo.com.uy\/site\/wp-json\/wp\/v2\/media\/31810"}],"wp:attachment":[{"href":"https:\/\/lahoradelcampo.com.uy\/site\/wp-json\/wp\/v2\/media?parent=42367"}],"wp:term":[{"taxonomy":"category","embeddable":true,"href":"https:\/\/lahoradelcampo.com.uy\/site\/wp-json\/wp\/v2\/categories?post=42367"},{"taxonomy":"post_tag","embeddable":true,"href":"https:\/\/lahoradelcampo.com.uy\/site\/wp-json\/wp\/v2\/tags?post=42367"}],"curies":[{"name":"wp","href":"https:\/\/api.w.org\/{rel}","templated":true}]}}