{"id":42363,"date":"2022-06-01T09:34:09","date_gmt":"2022-06-01T12:34:09","guid":{"rendered":"http:\/\/lahoradelcampo.com.uy\/site\/?p=42363"},"modified":"2022-06-01T09:34:17","modified_gmt":"2022-06-01T12:34:17","slug":"litro-de-leche-en-tambo-llego-a-los-us-044-en-abril","status":"publish","type":"post","link":"https:\/\/lahoradelcampo.com.uy\/site\/litro-de-leche-en-tambo-llego-a-los-us-044-en-abril\/","title":{"rendered":"Litro de leche en tambo lleg\u00f3 a los US$ 0,44 en abril"},"content":{"rendered":"\n<figure class=\"wp-block-image\"><img data-recalc-dims=\"1\" loading=\"lazy\" decoding=\"async\" width=\"810\" height=\"405\" data-attachment-id=\"9965\" data-permalink=\"https:\/\/lahoradelcampo.com.uy\/site\/stock-de-trigo-en-marzo-similar-al-de-un-ano-atras\/conaprole-3\/\" data-orig-file=\"https:\/\/i0.wp.com\/lahoradelcampo.com.uy\/site\/wp-content\/uploads\/2019\/04\/Conaprole-1.jpg?fit=880%2C440&amp;ssl=1\" data-orig-size=\"880,440\" data-comments-opened=\"1\" data-image-meta=\"{&quot;aperture&quot;:&quot;0&quot;,&quot;credit&quot;:&quot;&quot;,&quot;camera&quot;:&quot;&quot;,&quot;caption&quot;:&quot;&quot;,&quot;created_timestamp&quot;:&quot;0&quot;,&quot;copyright&quot;:&quot;&quot;,&quot;focal_length&quot;:&quot;0&quot;,&quot;iso&quot;:&quot;0&quot;,&quot;shutter_speed&quot;:&quot;0&quot;,&quot;title&quot;:&quot;&quot;,&quot;orientation&quot;:&quot;1&quot;}\" data-image-title=\"Conaprole\" data-image-description=\"\" data-image-caption=\"\" data-large-file=\"https:\/\/i0.wp.com\/lahoradelcampo.com.uy\/site\/wp-content\/uploads\/2019\/04\/Conaprole-1.jpg?fit=810%2C405&amp;ssl=1\" src=\"https:\/\/i0.wp.com\/lahoradelcampo.com.uy\/site\/wp-content\/uploads\/2019\/04\/Conaprole-1.jpg?resize=810%2C405\" alt=\"\" class=\"wp-image-9965\" srcset=\"https:\/\/i0.wp.com\/lahoradelcampo.com.uy\/site\/wp-content\/uploads\/2019\/04\/Conaprole-1.jpg?w=880&amp;ssl=1 880w, https:\/\/i0.wp.com\/lahoradelcampo.com.uy\/site\/wp-content\/uploads\/2019\/04\/Conaprole-1.jpg?resize=300%2C150&amp;ssl=1 300w, https:\/\/i0.wp.com\/lahoradelcampo.com.uy\/site\/wp-content\/uploads\/2019\/04\/Conaprole-1.jpg?resize=768%2C384&amp;ssl=1 768w, https:\/\/i0.wp.com\/lahoradelcampo.com.uy\/site\/wp-content\/uploads\/2019\/04\/Conaprole-1.jpg?resize=820%2C410&amp;ssl=1 820w\" sizes=\"auto, (max-width: 810px) 100vw, 810px\" \/><\/figure>\n\n\n\n<p>De acuerdo a los datos que aporta el Instituto Nacional de la Leche (INALE), el valor del litro  en los tambos durante el pasado mes de abril, se ubic\u00f3 en US$ 0,44, lo que marca un incremento del 27% respecto a abril de 2021.<br><\/p>\n\n\n\n<p>En pesos uruguayos dicho valor se posiciona en $ 17,92, con un aumento del 19% y el valor de los s\u00f3lidos se ubica en $ 228,91 por kilogramo, el incremento es del 17%. <br><\/p>\n\n\n\n<p>Al mismo tiempo se inform\u00f3 el volumen de leche remitido a planta, donde se han enviado 147 millones de litros, que marcan una ca\u00edda del 1,4% respecto a abril de 2021. En lo que va del a\u00f1o, la remisi\u00f3n suma 580 millones de litros, que tambi\u00e9n desciende respecto al a\u00f1o pasado, en este caso un 1,1%. <\/p>\n\n\n\n<p>Salto, 1 de junio de 2022<\/p>\n","protected":false},"excerpt":{"rendered":"<p>De acuerdo a los datos que aporta el Instituto Nacional de la Leche (INALE), el valor del litro en los tambos durante el pasado mes de abril, se ubic\u00f3 en [&hellip;]<\/p>\n","protected":false},"author":5,"featured_media":9965,"comment_status":"open","ping_status":"open","sticky":false,"template":"","format":"standard","meta":{"_price":"","_stock":"","_tribe_ticket_header":"","_tribe_default_ticket_provider":"","_tribe_ticket_capacity":"0","_ticket_start_date":"","_ticket_end_date":"","_tribe_ticket_show_description":"","_tribe_ticket_show_not_going":false,"_tribe_ticket_use_global_stock":"","_tribe_ticket_global_stock_level":"","_global_stock_mode":"","_global_stock_cap":"","_tribe_rsvp_for_event":"","_tribe_ticket_going_count":"","_tribe_ticket_not_going_count":"","_tribe_tickets_list":"[]","_tribe_ticket_has_attendee_info_fields":false,"h5ap_radio_sources":[],"_jetpack_newsletter_access":"","_jetpack_dont_email_post_to_subs":false,"_jetpack_newsletter_tier_id":0,"_jetpack_memberships_contains_paywalled_content":false,"_jetpack_memberships_contains_paid_content":false,"footnotes":""},"categories":[21,11],"tags":[],"class_list":["post-42363","post","type-post","status-publish","format-standard","has-post-thumbnail","hentry","category-actualidad","category-lecheria"],"jetpack_featured_media_url":"https:\/\/i0.wp.com\/lahoradelcampo.com.uy\/site\/wp-content\/uploads\/2019\/04\/Conaprole-1.jpg?fit=880%2C440&ssl=1","jetpack_sharing_enabled":true,"jetpack_shortlink":"https:\/\/wp.me\/p99IaT-b1h","jetpack-related-posts":[{"id":43195,"url":"https:\/\/lahoradelcampo.com.uy\/site\/remision-de-leche-en-mayo-cayo-un-25\/","url_meta":{"origin":42363,"position":0},"title":"Remisi\u00f3n de leche en mayo cay\u00f3 un 2,5%","author":"La Hora del Campo","date":"27 junio, 2022","format":false,"excerpt":"De acuerdo al informe elaborado por el Instituto Nacional de la Leche, durante el mes de mayo cay\u00f3 la remisi\u00f3n de leche a la industria l\u00e1ctea. En dicho mes ingresaron a planta 164 millones de litros de leche, un 2,5% menos que en igual mes de 2021. Durante los primeros\u2026","rel":"","context":"En \u00abActualidad\u00bb","block_context":{"text":"Actualidad","link":"https:\/\/lahoradelcampo.com.uy\/site\/category\/actualidad\/"},"img":{"alt_text":"","src":"https:\/\/i0.wp.com\/lahoradelcampo.com.uy\/site\/wp-content\/uploads\/2022\/04\/Lecheria-orde%C3%B1e.jpg?fit=880%2C440&ssl=1&resize=350%2C200","width":350,"height":200,"srcset":"https:\/\/i0.wp.com\/lahoradelcampo.com.uy\/site\/wp-content\/uploads\/2022\/04\/Lecheria-orde%C3%B1e.jpg?fit=880%2C440&ssl=1&resize=350%2C200 1x, https:\/\/i0.wp.com\/lahoradelcampo.com.uy\/site\/wp-content\/uploads\/2022\/04\/Lecheria-orde%C3%B1e.jpg?fit=880%2C440&ssl=1&resize=525%2C300 1.5x, https:\/\/i0.wp.com\/lahoradelcampo.com.uy\/site\/wp-content\/uploads\/2022\/04\/Lecheria-orde%C3%B1e.jpg?fit=880%2C440&ssl=1&resize=700%2C400 2x"},"classes":[]},{"id":30866,"url":"https:\/\/lahoradelcampo.com.uy\/site\/mejor-precio-mayor-produccion-y-suba-del-poder-de-compra-del-tambero\/","url_meta":{"origin":42363,"position":1},"title":"Mejor precio, mayor producci\u00f3n y suba del poder de compra del tambero","author":"La Hora del Campo","date":"2 junio, 2021","format":false,"excerpt":"El Instituto Nacional de la Leche (INALE) dio a conocer los principales indicadores de la lecher\u00eda uruguaya para el mes de abril de 2021. En los datos publicados se puede observar una mejora del precio de la leche tanto en pesos uruguayos como en d\u00f3lares, un mayor nivel de remisi\u00f3n\u2026","rel":"","context":"En \u00abActualidad\u00bb","block_context":{"text":"Actualidad","link":"https:\/\/lahoradelcampo.com.uy\/site\/category\/actualidad\/"},"img":{"alt_text":"","src":"https:\/\/i0.wp.com\/lahoradelcampo.com.uy\/site\/wp-content\/uploads\/2021\/06\/Lecheria.jpg?fit=880%2C440&ssl=1&resize=350%2C200","width":350,"height":200,"srcset":"https:\/\/i0.wp.com\/lahoradelcampo.com.uy\/site\/wp-content\/uploads\/2021\/06\/Lecheria.jpg?fit=880%2C440&ssl=1&resize=350%2C200 1x, https:\/\/i0.wp.com\/lahoradelcampo.com.uy\/site\/wp-content\/uploads\/2021\/06\/Lecheria.jpg?fit=880%2C440&ssl=1&resize=525%2C300 1.5x, https:\/\/i0.wp.com\/lahoradelcampo.com.uy\/site\/wp-content\/uploads\/2021\/06\/Lecheria.jpg?fit=880%2C440&ssl=1&resize=700%2C400 2x"},"classes":[]},{"id":20292,"url":"https:\/\/lahoradelcampo.com.uy\/site\/abril-mes-positivo-para-la-lecheria-en-uruguay\/","url_meta":{"origin":42363,"position":2},"title":"Abril: mes positivo para la lecher\u00eda en Uruguay","author":"La Hora del Campo","date":"28 mayo, 2020","format":false,"excerpt":"De acuerdo a los datos aportados por el Instituto Nacional de la Leche (INALE), durante el mes de abril de 2020 el sector lechero produjo m\u00e1s leche, recibi\u00f3 m\u00e1s dinero por litro y una leve mejora en el poder de compra del productor. Remisi\u00f3n a planta Durante el cuarto mes\u2026","rel":"","context":"En \u00abActualidad\u00bb","block_context":{"text":"Actualidad","link":"https:\/\/lahoradelcampo.com.uy\/site\/category\/actualidad\/"},"img":{"alt_text":"","src":"https:\/\/i0.wp.com\/lahoradelcampo.com.uy\/site\/wp-content\/uploads\/2017\/09\/lecheria.jpg?fit=880%2C440&ssl=1&resize=350%2C200","width":350,"height":200,"srcset":"https:\/\/i0.wp.com\/lahoradelcampo.com.uy\/site\/wp-content\/uploads\/2017\/09\/lecheria.jpg?fit=880%2C440&ssl=1&resize=350%2C200 1x, https:\/\/i0.wp.com\/lahoradelcampo.com.uy\/site\/wp-content\/uploads\/2017\/09\/lecheria.jpg?fit=880%2C440&ssl=1&resize=525%2C300 1.5x, https:\/\/i0.wp.com\/lahoradelcampo.com.uy\/site\/wp-content\/uploads\/2017\/09\/lecheria.jpg?fit=880%2C440&ssl=1&resize=700%2C400 2x"},"classes":[]},{"id":53902,"url":"https:\/\/lahoradelcampo.com.uy\/site\/informe-de-inale-caida-en-la-remision-de-leche-en-abril\/","url_meta":{"origin":42363,"position":3},"title":"Informe de INALE: Ca\u00edda en la remisi\u00f3n de leche en abril","author":"La Hora del Campo","date":"24 mayo, 2024","format":false,"excerpt":"El Instituto Nacional de la Leche (INALE) inform\u00f3 una disminuci\u00f3n en la remisi\u00f3n de leche a la industria durante el mes de abril, en comparaci\u00f3n con el mismo mes del a\u00f1o anterior. En abril de 2024, se remitieron 143,4 millones de litros, lo que representa una ca\u00edda del 6,6% respecto\u2026","rel":"","context":"En \u00abActualidad\u00bb","block_context":{"text":"Actualidad","link":"https:\/\/lahoradelcampo.com.uy\/site\/category\/actualidad\/"},"img":{"alt_text":"","src":"https:\/\/i0.wp.com\/lahoradelcampo.com.uy\/site\/wp-content\/uploads\/2017\/11\/lecheria.jpg?fit=880%2C440&ssl=1&resize=350%2C200","width":350,"height":200,"srcset":"https:\/\/i0.wp.com\/lahoradelcampo.com.uy\/site\/wp-content\/uploads\/2017\/11\/lecheria.jpg?fit=880%2C440&ssl=1&resize=350%2C200 1x, https:\/\/i0.wp.com\/lahoradelcampo.com.uy\/site\/wp-content\/uploads\/2017\/11\/lecheria.jpg?fit=880%2C440&ssl=1&resize=525%2C300 1.5x, https:\/\/i0.wp.com\/lahoradelcampo.com.uy\/site\/wp-content\/uploads\/2017\/11\/lecheria.jpg?fit=880%2C440&ssl=1&resize=700%2C400 2x"},"classes":[]},{"id":42797,"url":"https:\/\/lahoradelcampo.com.uy\/site\/el-precio-del-litro-de-leche-en-la-industria-crecio-un-21-en-el-mes-de-mayo\/","url_meta":{"origin":42363,"position":4},"title":"El precio del litro de leche en la industria creci\u00f3 un 21% en el mes de mayo","author":"La Hora del Campo","date":"15 junio, 2022","format":false,"excerpt":"De acuerdo a la informaci\u00f3n publicada por el Instituto Nacional de la Leche (INALE), el precio recibido por la industria en d\u00f3lares durante el mes de abril, por el litro de leche, fue 21% mayor a igual mes de 2021 con importante aumento en el precio recibido por exportaci\u00f3n y\u2026","rel":"","context":"En \u00abActualidad\u00bb","block_context":{"text":"Actualidad","link":"https:\/\/lahoradelcampo.com.uy\/site\/category\/actualidad\/"},"img":{"alt_text":"","src":"https:\/\/i0.wp.com\/lahoradelcampo.com.uy\/site\/wp-content\/uploads\/2022\/06\/lecheria-exportacion-1.jpg?fit=880%2C440&ssl=1&resize=350%2C200","width":350,"height":200,"srcset":"https:\/\/i0.wp.com\/lahoradelcampo.com.uy\/site\/wp-content\/uploads\/2022\/06\/lecheria-exportacion-1.jpg?fit=880%2C440&ssl=1&resize=350%2C200 1x, https:\/\/i0.wp.com\/lahoradelcampo.com.uy\/site\/wp-content\/uploads\/2022\/06\/lecheria-exportacion-1.jpg?fit=880%2C440&ssl=1&resize=525%2C300 1.5x, https:\/\/i0.wp.com\/lahoradelcampo.com.uy\/site\/wp-content\/uploads\/2022\/06\/lecheria-exportacion-1.jpg?fit=880%2C440&ssl=1&resize=700%2C400 2x"},"classes":[]},{"id":12905,"url":"https:\/\/lahoradelcampo.com.uy\/site\/fuerte-caida-en-el-precio-de-exportacion-golpea-la-industria-lactea\/","url_meta":{"origin":42363,"position":5},"title":"Fuerte ca\u00edda en el precio de exportaci\u00f3n golpea la industria l\u00e1ctea","author":"La Hora del Campo","date":"22 julio, 2019","format":false,"excerpt":"Dentro de un panorama lleno de incertidumbres y dificultades que enfrenta el sector productivo lechero de nuestro pa\u00eds, el reclamo permanente se enfoca a una mejora del precio por litro de leche remitido a planta, sin embargo el mercado exterior disminuye las posibilidades de equilibrar una ecuaci\u00f3n econ\u00f3mica que no\u2026","rel":"","context":"En \u00abActualidad\u00bb","block_context":{"text":"Actualidad","link":"https:\/\/lahoradelcampo.com.uy\/site\/category\/actualidad\/"},"img":{"alt_text":"","src":"https:\/\/i0.wp.com\/lahoradelcampo.com.uy\/site\/wp-content\/uploads\/2017\/11\/Lecheria.jpg?fit=880%2C440&ssl=1&resize=350%2C200","width":350,"height":200,"srcset":"https:\/\/i0.wp.com\/lahoradelcampo.com.uy\/site\/wp-content\/uploads\/2017\/11\/Lecheria.jpg?fit=880%2C440&ssl=1&resize=350%2C200 1x, https:\/\/i0.wp.com\/lahoradelcampo.com.uy\/site\/wp-content\/uploads\/2017\/11\/Lecheria.jpg?fit=880%2C440&ssl=1&resize=525%2C300 1.5x, https:\/\/i0.wp.com\/lahoradelcampo.com.uy\/site\/wp-content\/uploads\/2017\/11\/Lecheria.jpg?fit=880%2C440&ssl=1&resize=700%2C400 2x"},"classes":[]}],"jetpack_likes_enabled":true,"_links":{"self":[{"href":"https:\/\/lahoradelcampo.com.uy\/site\/wp-json\/wp\/v2\/posts\/42363","targetHints":{"allow":["GET"]}}],"collection":[{"href":"https:\/\/lahoradelcampo.com.uy\/site\/wp-json\/wp\/v2\/posts"}],"about":[{"href":"https:\/\/lahoradelcampo.com.uy\/site\/wp-json\/wp\/v2\/types\/post"}],"author":[{"embeddable":true,"href":"https:\/\/lahoradelcampo.com.uy\/site\/wp-json\/wp\/v2\/users\/5"}],"replies":[{"embeddable":true,"href":"https:\/\/lahoradelcampo.com.uy\/site\/wp-json\/wp\/v2\/comments?post=42363"}],"version-history":[{"count":1,"href":"https:\/\/lahoradelcampo.com.uy\/site\/wp-json\/wp\/v2\/posts\/42363\/revisions"}],"predecessor-version":[{"id":42365,"href":"https:\/\/lahoradelcampo.com.uy\/site\/wp-json\/wp\/v2\/posts\/42363\/revisions\/42365"}],"wp:featuredmedia":[{"embeddable":true,"href":"https:\/\/lahoradelcampo.com.uy\/site\/wp-json\/wp\/v2\/media\/9965"}],"wp:attachment":[{"href":"https:\/\/lahoradelcampo.com.uy\/site\/wp-json\/wp\/v2\/media?parent=42363"}],"wp:term":[{"taxonomy":"category","embeddable":true,"href":"https:\/\/lahoradelcampo.com.uy\/site\/wp-json\/wp\/v2\/categories?post=42363"},{"taxonomy":"post_tag","embeddable":true,"href":"https:\/\/lahoradelcampo.com.uy\/site\/wp-json\/wp\/v2\/tags?post=42363"}],"curies":[{"name":"wp","href":"https:\/\/api.w.org\/{rel}","templated":true}]}}