{"id":42359,"date":"2022-06-01T09:32:21","date_gmt":"2022-06-01T12:32:21","guid":{"rendered":"http:\/\/lahoradelcampo.com.uy\/site\/?p=42359"},"modified":"2022-06-01T09:32:27","modified_gmt":"2022-06-01T12:32:27","slug":"se-esta-reviendo-las-sanciones-a-veterinarios-por-tema-garrapata","status":"publish","type":"post","link":"https:\/\/lahoradelcampo.com.uy\/site\/se-esta-reviendo-las-sanciones-a-veterinarios-por-tema-garrapata\/","title":{"rendered":"Se est\u00e1 reviendo las sanciones a veterinarios por tema garrapata"},"content":{"rendered":"\n<figure class=\"wp-block-image\"><img data-recalc-dims=\"1\" loading=\"lazy\" decoding=\"async\" width=\"810\" height=\"405\" data-attachment-id=\"36621\" data-permalink=\"https:\/\/lahoradelcampo.com.uy\/site\/el-mgap-levanto-la-vacunacion-obligatoria-para-brucelosis-en-paysandu\/defreitas\/\" data-orig-file=\"https:\/\/i0.wp.com\/lahoradelcampo.com.uy\/site\/wp-content\/uploads\/2021\/11\/Defreitas.jpg?fit=880%2C440&amp;ssl=1\" data-orig-size=\"880,440\" data-comments-opened=\"1\" data-image-meta=\"{&quot;aperture&quot;:&quot;0&quot;,&quot;credit&quot;:&quot;&quot;,&quot;camera&quot;:&quot;&quot;,&quot;caption&quot;:&quot;&quot;,&quot;created_timestamp&quot;:&quot;0&quot;,&quot;copyright&quot;:&quot;&quot;,&quot;focal_length&quot;:&quot;0&quot;,&quot;iso&quot;:&quot;0&quot;,&quot;shutter_speed&quot;:&quot;0&quot;,&quot;title&quot;:&quot;&quot;,&quot;orientation&quot;:&quot;1&quot;}\" data-image-title=\"Defreitas\" data-image-description=\"\" data-image-caption=\"\" data-large-file=\"https:\/\/i0.wp.com\/lahoradelcampo.com.uy\/site\/wp-content\/uploads\/2021\/11\/Defreitas.jpg?fit=810%2C405&amp;ssl=1\" src=\"https:\/\/i0.wp.com\/lahoradelcampo.com.uy\/site\/wp-content\/uploads\/2021\/11\/Defreitas.jpg?resize=810%2C405\" alt=\"\" class=\"wp-image-36621\" srcset=\"https:\/\/i0.wp.com\/lahoradelcampo.com.uy\/site\/wp-content\/uploads\/2021\/11\/Defreitas.jpg?w=880&amp;ssl=1 880w, https:\/\/i0.wp.com\/lahoradelcampo.com.uy\/site\/wp-content\/uploads\/2021\/11\/Defreitas.jpg?resize=300%2C150&amp;ssl=1 300w, https:\/\/i0.wp.com\/lahoradelcampo.com.uy\/site\/wp-content\/uploads\/2021\/11\/Defreitas.jpg?resize=768%2C384&amp;ssl=1 768w, https:\/\/i0.wp.com\/lahoradelcampo.com.uy\/site\/wp-content\/uploads\/2021\/11\/Defreitas.jpg?resize=820%2C410&amp;ssl=1 820w\" sizes=\"auto, (max-width: 810px) 100vw, 810px\" \/><\/figure>\n\n\n\n<p>Recientemente m\u00e9dicos veterinarios del norte del pa\u00eds marcaron su preocupaci\u00f3n por sanciones que se est\u00e1n realizando por parte del Ministerio de Ganader\u00eda, Agricultura y Pesca (MGAP) por despachos de tropa que al llegar a destino se encuentran con garrapata. El Dr. Fernando Ant\u00fanez, integrante de Estudio Veterinario en Salto, se\u00f1al\u00f3 en su momento que los veterinarios en el sur del pa\u00eds realizan controles muy estrictos, porque se encuentran en \u00abzona que se dice est\u00e1 limpia, pero para uno que recorre sabe que hay lugares con garrapata, entonces nosotros ac\u00e1, como decimos com\u00fanmente, somos la cabeza de turco, entonces los veterinarios tenemos que tener mucho cuidado porque a veces te da gana de no hacer los despachos\u00bb.<br><\/p>\n\n\n\n<p>El Dr. Diego de Freitas, Director de los Servicios Ganaderos del MGAP, dijo que \u00abse est\u00e1 reviendo todo eso\u00bb y si bien reconoci\u00f3 que es \u00abverdad que a todos se nos puede pasar\u00bb pero advirti\u00f3 que se debe ser \u00abmuy cuidadosos cuando hacemos las revisaciones\u00bb.  El jerarca se\u00f1al\u00f3 que ha sido funcionario del ministerio durante 39 a\u00f1os y que \u00abno es cr\u00edtica a lo que se hizo\u00bb, pero \u00abhay cosas que si las estamos reviendo, esa es una, la sanci\u00f3n a los veterinarios\u00bb.<br><\/p>\n\n\n\n<p>Desde su punto de vista \u00abla profesi\u00f3n est\u00e1 comprometida, los profesionales veterinarios del ejercicio liberal trabajan en todas las campa\u00f1as sanitarias, tuberculosis, brucelosis, fiebre aftosa, y lo vienen haciendo de muy buena forma y es fundamental contar con ellos\u00bb. Para De Freitas los veterinarios \u00abestoy seguro que van a seguir haciendo los despachos de tropa y con la responsabilidad de siempre\u00bb. <br><\/p>\n\n\n\n<p>Al tiempo que reconoci\u00f3 que \u00abnadie est\u00e1 libre de error\u00bb, el profesional indic\u00f3 que \u00absi llega un ganado a Soriano con un racimo de teleoginas es que ese ganado no se revis\u00f3\u00bb. En este sentido advirti\u00f3 que \u00abdepende muchas veces de la situaci\u00f3n en la que llega ese ganado y cu\u00e1l fue la situaci\u00f3n por la cual se aplic\u00f3 la sanci\u00f3n a ese veterinario, en general estamos reviendo todo lo que es el tema sancionatorio a la profesi\u00f3n veterinaria\u00bb.<br><\/p>\n\n\n\n<p>Sobre la campa\u00f1a en particular, se\u00f1al\u00f3 que \u00abmuchas veces escuchamos {el Uruguay est\u00e1 lleno de garrapata} y nosotros hemos hecho una encuesta con la entrega de la vacuna, estamos evaluando todo y estamos recopilando los resultados, y hay establecimientos por ejemplo que si bien tienen garrapata la tienen controlada, hay predios que no la tienen y hay predios que s\u00ed que est\u00e1n complicados con el tema, pero tampoco podemos decir que estamos llenos de garrapata\u00bb. <br><\/p>\n\n\n\n<p>De Freitas indic\u00f3 que es una campa\u00f1a que est\u00e1 en un proceso de cambio y record\u00f3 que \u00abcuando fue dise\u00f1ado este programa de garrapata, fue en otro momento del Ministerio, donde ten\u00edamos inspectores por zona, en cada departamento hab\u00eda inspectores por paraje, en territorio, donde hac\u00edan no solo los controles de vacunaci\u00f3n contra fiebre aftosa sino tambi\u00e9n de garrapata, de sarna y piojo, hoy no tenemos eso y tenemos que adecuarnos a lo que tenemos\u00bb.  <\/p>\n\n\n\n<p>El jerarca dijo que \u00abtodos queremos los resultados para ayer, para ma\u00f1ana, y a m\u00ed tambi\u00e9n me gustar\u00eda tener estos temas ma\u00f1ana resueltos pero llevan su tiempo, ya sabemos que tenemos resultados positivos, pero tenemos que seguir avanzando, entendemos la preocupaci\u00f3n de los productores porque es la nuestra tambi\u00e9n\u00bb.<\/p>\n\n\n\n<p>Salto, 1 de junio de 2022<\/p>\n","protected":false},"excerpt":{"rendered":"<p>Recientemente m\u00e9dicos veterinarios del norte del pa\u00eds marcaron su preocupaci\u00f3n por sanciones que se est\u00e1n realizando por parte del Ministerio de Ganader\u00eda, Agricultura y Pesca (MGAP) por despachos de tropa [&hellip;]<\/p>\n","protected":false},"author":5,"featured_media":36621,"comment_status":"open","ping_status":"open","sticky":false,"template":"","format":"standard","meta":{"_price":"","_stock":"","_tribe_ticket_header":"","_tribe_default_ticket_provider":"","_tribe_ticket_capacity":"0","_ticket_start_date":"","_ticket_end_date":"","_tribe_ticket_show_description":"","_tribe_ticket_show_not_going":false,"_tribe_ticket_use_global_stock":"","_tribe_ticket_global_stock_level":"","_global_stock_mode":"","_global_stock_cap":"","_tribe_rsvp_for_event":"","_tribe_ticket_going_count":"","_tribe_ticket_not_going_count":"","_tribe_tickets_list":"[]","_tribe_ticket_has_attendee_info_fields":false,"h5ap_radio_sources":[],"_jetpack_newsletter_access":"","_jetpack_dont_email_post_to_subs":false,"_jetpack_newsletter_tier_id":0,"_jetpack_memberships_contains_paywalled_content":false,"_jetpack_memberships_contains_paid_content":false,"footnotes":""},"categories":[21,5],"tags":[],"class_list":["post-42359","post","type-post","status-publish","format-standard","has-post-thumbnail","hentry","category-actualidad","category-ganaderia"],"jetpack_featured_media_url":"https:\/\/i0.wp.com\/lahoradelcampo.com.uy\/site\/wp-content\/uploads\/2021\/11\/Defreitas.jpg?fit=880%2C440&ssl=1","jetpack_sharing_enabled":true,"jetpack_shortlink":"https:\/\/wp.me\/p99IaT-b1d","jetpack-related-posts":[{"id":41885,"url":"https:\/\/lahoradelcampo.com.uy\/site\/veterinarios-preocupados-por-la-prevalencia-de-la-garrapata-en-el-norte\/","url_meta":{"origin":42359,"position":0},"title":"Veterinarios preocupados por la prevalencia de la garrapata en el norte","author":"La Hora del Campo","date":"17 mayo, 2022","format":false,"excerpt":"La situaci\u00f3n actual de la garrapata est\u00e1 generando que profesionales veterinarios comiencen a evaluar si realizar o no despachos de tropa para traslados a otros predios, principalmente al sur del pa\u00eds. El Dr. Fernando Ant\u00fanez, integrante de Estudio Veterinario en Salto, dijo \"estamos en una \u00e9poca de mucho movimiento, he\u2026","rel":"","context":"En \u00abActualidad\u00bb","block_context":{"text":"Actualidad","link":"https:\/\/lahoradelcampo.com.uy\/site\/category\/actualidad\/"},"img":{"alt_text":"","src":"https:\/\/i0.wp.com\/lahoradelcampo.com.uy\/site\/wp-content\/uploads\/2022\/05\/Ganadosembarque.jpg?fit=880%2C440&ssl=1&resize=350%2C200","width":350,"height":200,"srcset":"https:\/\/i0.wp.com\/lahoradelcampo.com.uy\/site\/wp-content\/uploads\/2022\/05\/Ganadosembarque.jpg?fit=880%2C440&ssl=1&resize=350%2C200 1x, https:\/\/i0.wp.com\/lahoradelcampo.com.uy\/site\/wp-content\/uploads\/2022\/05\/Ganadosembarque.jpg?fit=880%2C440&ssl=1&resize=525%2C300 1.5x, https:\/\/i0.wp.com\/lahoradelcampo.com.uy\/site\/wp-content\/uploads\/2022\/05\/Ganadosembarque.jpg?fit=880%2C440&ssl=1&resize=700%2C400 2x"},"classes":[]},{"id":42875,"url":"https:\/\/lahoradelcampo.com.uy\/site\/veterinarios-deben-ser-parte-de-la-campana-y-no-ir-puntualmente-para-el-despacho-de-tropa\/","url_meta":{"origin":42359,"position":1},"title":"Veterinarios deben ser parte de la campa\u00f1a y \u00abno ir puntualmente para el despacho de tropa\u00bb","author":"La Hora del Campo","date":"16 junio, 2022","format":false,"excerpt":"En el \u00faltimo mes, varios veterinarios salte\u00f1os se mostraron preocupados por las sanciones recibidas ante la detecci\u00f3n de garrapata en embarques que se trasladaron del norte al sur del pa\u00eds. Es decir de zonas con garrapata a zonas libres. En algunos casos varios profesionales se\u00f1alaron que no realizar\u00edan despachos de\u2026","rel":"","context":"En \u00abActualidad\u00bb","block_context":{"text":"Actualidad","link":"https:\/\/lahoradelcampo.com.uy\/site\/category\/actualidad\/"},"img":{"alt_text":"","src":"https:\/\/i0.wp.com\/lahoradelcampo.com.uy\/site\/wp-content\/uploads\/2022\/06\/MGAP-MartinAltuna.jpg?fit=880%2C440&ssl=1&resize=350%2C200","width":350,"height":200,"srcset":"https:\/\/i0.wp.com\/lahoradelcampo.com.uy\/site\/wp-content\/uploads\/2022\/06\/MGAP-MartinAltuna.jpg?fit=880%2C440&ssl=1&resize=350%2C200 1x, https:\/\/i0.wp.com\/lahoradelcampo.com.uy\/site\/wp-content\/uploads\/2022\/06\/MGAP-MartinAltuna.jpg?fit=880%2C440&ssl=1&resize=525%2C300 1.5x, https:\/\/i0.wp.com\/lahoradelcampo.com.uy\/site\/wp-content\/uploads\/2022\/06\/MGAP-MartinAltuna.jpg?fit=880%2C440&ssl=1&resize=700%2C400 2x"},"classes":[]},{"id":51307,"url":"https:\/\/lahoradelcampo.com.uy\/site\/movimiento-con-cascara-de-garrapatas-lo-importante-es-como-implementarlo\/","url_meta":{"origin":42359,"position":2},"title":"Movimiento con c\u00e1scara de garrapatas \u00ablo importante es como implementarlo\u00bb","author":"La Hora del Campo","date":"19 junio, 2023","format":false,"excerpt":"Desde el Ministerio de Ganader\u00eda, Agricultura y Pesca (MGAP) se ha anunciado el estudio de la posibilidad de habilitar el movimiento de vacunos con \"c\u00e1scara de garrapata\" o sea con \"garrapata muerta\". Esta posible medida ha generado preocupaci\u00f3n entre los productores que han logrado estar libre del par\u00e1sito y se\u2026","rel":"","context":"En \u00abActualidad\u00bb","block_context":{"text":"Actualidad","link":"https:\/\/lahoradelcampo.com.uy\/site\/category\/actualidad\/"},"img":{"alt_text":"","src":"https:\/\/i0.wp.com\/lahoradelcampo.com.uy\/site\/wp-content\/uploads\/2023\/06\/LauroArtia1.jpg?fit=880%2C440&ssl=1&resize=350%2C200","width":350,"height":200,"srcset":"https:\/\/i0.wp.com\/lahoradelcampo.com.uy\/site\/wp-content\/uploads\/2023\/06\/LauroArtia1.jpg?fit=880%2C440&ssl=1&resize=350%2C200 1x, https:\/\/i0.wp.com\/lahoradelcampo.com.uy\/site\/wp-content\/uploads\/2023\/06\/LauroArtia1.jpg?fit=880%2C440&ssl=1&resize=525%2C300 1.5x, https:\/\/i0.wp.com\/lahoradelcampo.com.uy\/site\/wp-content\/uploads\/2023\/06\/LauroArtia1.jpg?fit=880%2C440&ssl=1&resize=700%2C400 2x"},"classes":[]},{"id":13674,"url":"https:\/\/lahoradelcampo.com.uy\/site\/el-mgap-detecto-un-millon-de-movimientos-sin-los-despachos-de-tropa-en-el-ultimo-ano\/","url_meta":{"origin":42359,"position":3},"title":"El MGAP detect\u00f3 un mill\u00f3n de movimientos sin los despachos de tropa en el \u00faltimo a\u00f1o","author":"La Hora del Campo","date":"23 agosto, 2019","format":false,"excerpt":"En la jornada de ayer se realiz\u00f3 en la Asociaci\u00f3n Fomento Rural de Valent\u00edn una reuni\u00f3n sobre el tema garrapata, donde particip\u00f3 el Dr. Carlos Fuellis, Director de Sanidad Animal del Ministerio de Ganader\u00eda, Agricultura y Pesca. En la reuni\u00f3n los productores de la zona que participaron solicitaron que se\u2026","rel":"","context":"En \u00abActualidad\u00bb","block_context":{"text":"Actualidad","link":"https:\/\/lahoradelcampo.com.uy\/site\/category\/actualidad\/"},"img":{"alt_text":"","src":"https:\/\/i0.wp.com\/lahoradelcampo.com.uy\/site\/wp-content\/uploads\/2019\/08\/Fuellis.jpg?fit=880%2C440&ssl=1&resize=350%2C200","width":350,"height":200,"srcset":"https:\/\/i0.wp.com\/lahoradelcampo.com.uy\/site\/wp-content\/uploads\/2019\/08\/Fuellis.jpg?fit=880%2C440&ssl=1&resize=350%2C200 1x, https:\/\/i0.wp.com\/lahoradelcampo.com.uy\/site\/wp-content\/uploads\/2019\/08\/Fuellis.jpg?fit=880%2C440&ssl=1&resize=525%2C300 1.5x, https:\/\/i0.wp.com\/lahoradelcampo.com.uy\/site\/wp-content\/uploads\/2019\/08\/Fuellis.jpg?fit=880%2C440&ssl=1&resize=700%2C400 2x"},"classes":[]},{"id":44439,"url":"https:\/\/lahoradelcampo.com.uy\/site\/el-mgap-llama-a-tomar-conciencia-en-el-combate-a-la-garrapata\/","url_meta":{"origin":42359,"position":4},"title":"El MGAP llama a tomar conciencia en el combate a la garrapata","author":"La Hora del Campo","date":"3 agosto, 2022","format":false,"excerpt":"En conferencia de prensa en el d\u00eda de ayer, el Ministerio de Ganader\u00eda, Agricultura y Pesca (MGAP) present\u00f3 la campa\u00f1a contra la garrapata, con las modificaciones planteadas por parte de las nuevas autoridades de Sanidad Animal. Donde se han marcado t\u00e9cnicos dinamizados para la realizaci\u00f3n de charlas en distintos puntos\u2026","rel":"","context":"En \u00abActualidad\u00bb","block_context":{"text":"Actualidad","link":"https:\/\/lahoradelcampo.com.uy\/site\/category\/actualidad\/"},"img":{"alt_text":"","src":"https:\/\/i0.wp.com\/lahoradelcampo.com.uy\/site\/wp-content\/uploads\/2022\/08\/mgap-campa%C3%B1agarrapata.jpg?fit=880%2C440&ssl=1&resize=350%2C200","width":350,"height":200,"srcset":"https:\/\/i0.wp.com\/lahoradelcampo.com.uy\/site\/wp-content\/uploads\/2022\/08\/mgap-campa%C3%B1agarrapata.jpg?fit=880%2C440&ssl=1&resize=350%2C200 1x, https:\/\/i0.wp.com\/lahoradelcampo.com.uy\/site\/wp-content\/uploads\/2022\/08\/mgap-campa%C3%B1agarrapata.jpg?fit=880%2C440&ssl=1&resize=525%2C300 1.5x, https:\/\/i0.wp.com\/lahoradelcampo.com.uy\/site\/wp-content\/uploads\/2022\/08\/mgap-campa%C3%B1agarrapata.jpg?fit=880%2C440&ssl=1&resize=700%2C400 2x"},"classes":[]},{"id":44163,"url":"https:\/\/lahoradelcampo.com.uy\/site\/garrapata-se-debe-hacer-diagnosticos-de-situacion-y-rotar-moleculas\/","url_meta":{"origin":42359,"position":5},"title":"Garrapata: Se debe hacer diagn\u00f3sticos de situaci\u00f3n y rotar mol\u00e9culas","author":"La Hora del Campo","date":"26 julio, 2022","format":false,"excerpt":"En el marco de la reuni\u00f3n de consignatarios, se invit\u00f3 al Dr. Gast\u00f3n Borderes de Corrientes, Argentina, a presentar su visi\u00f3n sobre el control y combate a la garrapata. En ese marco dijo que la realidad del par\u00e1sito \u201ces una guerra constante\u201d, principalmente por la decisi\u00f3n de los productores en\u2026","rel":"","context":"En \u00abActualidad\u00bb","block_context":{"text":"Actualidad","link":"https:\/\/lahoradelcampo.com.uy\/site\/category\/actualidad\/"},"img":{"alt_text":"","src":"https:\/\/i0.wp.com\/lahoradelcampo.com.uy\/site\/wp-content\/uploads\/2022\/07\/Dr-Gaston-Borderes.jpg?fit=880%2C440&ssl=1&resize=350%2C200","width":350,"height":200,"srcset":"https:\/\/i0.wp.com\/lahoradelcampo.com.uy\/site\/wp-content\/uploads\/2022\/07\/Dr-Gaston-Borderes.jpg?fit=880%2C440&ssl=1&resize=350%2C200 1x, https:\/\/i0.wp.com\/lahoradelcampo.com.uy\/site\/wp-content\/uploads\/2022\/07\/Dr-Gaston-Borderes.jpg?fit=880%2C440&ssl=1&resize=525%2C300 1.5x, https:\/\/i0.wp.com\/lahoradelcampo.com.uy\/site\/wp-content\/uploads\/2022\/07\/Dr-Gaston-Borderes.jpg?fit=880%2C440&ssl=1&resize=700%2C400 2x"},"classes":[]}],"jetpack_likes_enabled":true,"_links":{"self":[{"href":"https:\/\/lahoradelcampo.com.uy\/site\/wp-json\/wp\/v2\/posts\/42359","targetHints":{"allow":["GET"]}}],"collection":[{"href":"https:\/\/lahoradelcampo.com.uy\/site\/wp-json\/wp\/v2\/posts"}],"about":[{"href":"https:\/\/lahoradelcampo.com.uy\/site\/wp-json\/wp\/v2\/types\/post"}],"author":[{"embeddable":true,"href":"https:\/\/lahoradelcampo.com.uy\/site\/wp-json\/wp\/v2\/users\/5"}],"replies":[{"embeddable":true,"href":"https:\/\/lahoradelcampo.com.uy\/site\/wp-json\/wp\/v2\/comments?post=42359"}],"version-history":[{"count":1,"href":"https:\/\/lahoradelcampo.com.uy\/site\/wp-json\/wp\/v2\/posts\/42359\/revisions"}],"predecessor-version":[{"id":42361,"href":"https:\/\/lahoradelcampo.com.uy\/site\/wp-json\/wp\/v2\/posts\/42359\/revisions\/42361"}],"wp:featuredmedia":[{"embeddable":true,"href":"https:\/\/lahoradelcampo.com.uy\/site\/wp-json\/wp\/v2\/media\/36621"}],"wp:attachment":[{"href":"https:\/\/lahoradelcampo.com.uy\/site\/wp-json\/wp\/v2\/media?parent=42359"}],"wp:term":[{"taxonomy":"category","embeddable":true,"href":"https:\/\/lahoradelcampo.com.uy\/site\/wp-json\/wp\/v2\/categories?post=42359"},{"taxonomy":"post_tag","embeddable":true,"href":"https:\/\/lahoradelcampo.com.uy\/site\/wp-json\/wp\/v2\/tags?post=42359"}],"curies":[{"name":"wp","href":"https:\/\/api.w.org\/{rel}","templated":true}]}}