{"id":42315,"date":"2022-05-31T08:53:30","date_gmt":"2022-05-31T11:53:30","guid":{"rendered":"http:\/\/lahoradelcampo.com.uy\/site\/?p=42315"},"modified":"2022-05-31T08:53:35","modified_gmt":"2022-05-31T11:53:35","slug":"la-industria-refuerza-medidas-de-control-sobre-el-covid","status":"publish","type":"post","link":"https:\/\/lahoradelcampo.com.uy\/site\/la-industria-refuerza-medidas-de-control-sobre-el-covid\/","title":{"rendered":"La industria refuerza medidas de control sobre el covid"},"content":{"rendered":"\n<figure class=\"wp-block-image\"><img data-recalc-dims=\"1\" loading=\"lazy\" decoding=\"async\" width=\"810\" height=\"405\" data-attachment-id=\"42317\" data-permalink=\"https:\/\/lahoradelcampo.com.uy\/site\/la-industria-refuerza-medidas-de-control-sobre-el-covid\/marcelosecco-2\/\" data-orig-file=\"https:\/\/i0.wp.com\/lahoradelcampo.com.uy\/site\/wp-content\/uploads\/2022\/05\/MarceloSecco.jpg?fit=880%2C440&amp;ssl=1\" data-orig-size=\"880,440\" data-comments-opened=\"1\" data-image-meta=\"{&quot;aperture&quot;:&quot;0&quot;,&quot;credit&quot;:&quot;&quot;,&quot;camera&quot;:&quot;&quot;,&quot;caption&quot;:&quot;&quot;,&quot;created_timestamp&quot;:&quot;0&quot;,&quot;copyright&quot;:&quot;&quot;,&quot;focal_length&quot;:&quot;0&quot;,&quot;iso&quot;:&quot;0&quot;,&quot;shutter_speed&quot;:&quot;0&quot;,&quot;title&quot;:&quot;&quot;,&quot;orientation&quot;:&quot;1&quot;}\" data-image-title=\"MarceloSecco\" data-image-description=\"\" data-image-caption=\"\" data-large-file=\"https:\/\/i0.wp.com\/lahoradelcampo.com.uy\/site\/wp-content\/uploads\/2022\/05\/MarceloSecco.jpg?fit=810%2C405&amp;ssl=1\" src=\"https:\/\/i0.wp.com\/lahoradelcampo.com.uy\/site\/wp-content\/uploads\/2022\/05\/MarceloSecco.jpg?resize=810%2C405\" alt=\"\" class=\"wp-image-42317\" srcset=\"https:\/\/i0.wp.com\/lahoradelcampo.com.uy\/site\/wp-content\/uploads\/2022\/05\/MarceloSecco.jpg?w=880&amp;ssl=1 880w, https:\/\/i0.wp.com\/lahoradelcampo.com.uy\/site\/wp-content\/uploads\/2022\/05\/MarceloSecco.jpg?resize=300%2C150&amp;ssl=1 300w, https:\/\/i0.wp.com\/lahoradelcampo.com.uy\/site\/wp-content\/uploads\/2022\/05\/MarceloSecco.jpg?resize=768%2C384&amp;ssl=1 768w, https:\/\/i0.wp.com\/lahoradelcampo.com.uy\/site\/wp-content\/uploads\/2022\/05\/MarceloSecco.jpg?resize=820%2C410&amp;ssl=1 820w\" sizes=\"auto, (max-width: 810px) 100vw, 810px\" \/><\/figure>\n\n\n\n<p style=\"text-align:left\">Sobre los controles que realiza China y la inhabilitaci\u00f3n de algunas plantas para ingresar al mercado, el Dr. Marcelo Secco, principal del grupo Mafrig en Uruguay y presidente de la Asociaci\u00f3n de la Industria frigor\u00edfica del Uruguay (Adifu), dijo \u00abhemos bajado la guardia, en un pa\u00eds que obviamente su riesgo bajo mucho, pero que a su vez el mundo no le est\u00e1 pasando lo mismo\u00bb, a modo de ejemplo se\u00f1al\u00f3 el lockdown en Shangh\u00e1i y luego en Pek\u00edn, \u00abla dificultad que g\u00e9nero en los puertos, en la propia poblaci\u00f3n encerrada por control de pandemia, entonces uno tiene que leer lo que le est\u00e1 pasando al cliente y el cliente lo que nos dice es se\u00f1ores atenci\u00f3n con las medidas de prevenci\u00f3n de covid\u00bb. <br><\/p>\n\n\n\n<p>El industrial dijo que la industria est\u00e1 \u00abreforzando algunas medidas que ya hab\u00edamos tomado, generando conciencia a nivel de los trabajadores con los cuales hemos discutido sanamente, en ver que las medidas de prevenci\u00f3n de covid, tenemos que seguir manteniendo las mismas que ten\u00edamos previo a que la situaci\u00f3n de la pandemia cambiar\u00e1 en la circulaci\u00f3n en Uruguay\u00bb.<br><\/p>\n\n\n\n<p>Secco reconoci\u00f3 que hubo un \u00abafloje\u00bb, si bien marc\u00f3 que se contin\u00faa con los \u00abprocedimientos b\u00e1sicos de detecci\u00f3n, y las distancias se siguen manteniendo, pero hay un comportamiento humano social l\u00f3gico, qu\u00e9 es que al salir a la calle obviamente uno se relaja y tiende a flexibilizar ciertos controles que ten\u00edan en las 24 horas de su vida\u00bb.<br><\/p>\n\n\n\n<p>El industrial remarc\u00f3 que \u00abno lo podemos hacerlo y que a veces que generar esa conciencia cuesta un poco m\u00e1s\u00bb, pero afirm\u00f3 que \u00abUruguay eso lo revierte eso r\u00e1pidamente\u00bb.<\/p>\n\n\n\n<p>Salto, 31 de mayo de 2022<\/p>\n","protected":false},"excerpt":{"rendered":"<p>Sobre los controles que realiza China y la inhabilitaci\u00f3n de algunas plantas para ingresar al mercado, el Dr. Marcelo Secco, principal del grupo Mafrig en Uruguay y presidente de la [&hellip;]<\/p>\n","protected":false},"author":5,"featured_media":42317,"comment_status":"open","ping_status":"open","sticky":false,"template":"","format":"standard","meta":{"_price":"","_stock":"","_tribe_ticket_header":"","_tribe_default_ticket_provider":"","_tribe_ticket_capacity":"0","_ticket_start_date":"","_ticket_end_date":"","_tribe_ticket_show_description":"","_tribe_ticket_show_not_going":false,"_tribe_ticket_use_global_stock":"","_tribe_ticket_global_stock_level":"","_global_stock_mode":"","_global_stock_cap":"","_tribe_rsvp_for_event":"","_tribe_ticket_going_count":"","_tribe_ticket_not_going_count":"","_tribe_tickets_list":"[]","_tribe_ticket_has_attendee_info_fields":false,"h5ap_radio_sources":[],"_jetpack_newsletter_access":"","_jetpack_dont_email_post_to_subs":false,"_jetpack_newsletter_tier_id":0,"_jetpack_memberships_contains_paywalled_content":false,"_jetpack_memberships_contains_paid_content":false,"footnotes":""},"categories":[21,5],"tags":[],"class_list":["post-42315","post","type-post","status-publish","format-standard","has-post-thumbnail","hentry","category-actualidad","category-ganaderia"],"jetpack_featured_media_url":"https:\/\/i0.wp.com\/lahoradelcampo.com.uy\/site\/wp-content\/uploads\/2022\/05\/MarceloSecco.jpg?fit=880%2C440&ssl=1","jetpack_sharing_enabled":true,"jetpack_shortlink":"https:\/\/wp.me\/p99IaT-b0v","jetpack-related-posts":[{"id":49350,"url":"https:\/\/lahoradelcampo.com.uy\/site\/inia-realiza-actividad-para-avanzar-en-el-control-del-hlb\/","url_meta":{"origin":42315,"position":0},"title":"INIA realiza actividad para avanzar en el control del HLB","author":"La Hora del Campo","date":"21 marzo, 2023","format":false,"excerpt":"Durante los d\u00edas 20 y 21 de abril, se realizar\u00e1 una jornada destacada del Instituto Nacional de Investigaci\u00f3n Agropecuaria (INIA) en sala de conferencias de la Comisi\u00f3n T\u00e9cnica Mixta de Salto Grande (CTM), para tratar la situaci\u00f3n actual del Huanglongbing (HLB) y su vector transmisor la Diaphorina citri, tanto a\u2026","rel":"","context":"En \u00abActualidad\u00bb","block_context":{"text":"Actualidad","link":"https:\/\/lahoradelcampo.com.uy\/site\/category\/actualidad\/"},"img":{"alt_text":"","src":"https:\/\/i0.wp.com\/lahoradelcampo.com.uy\/site\/wp-content\/uploads\/2023\/01\/hlb-bELLA.jpg?fit=880%2C440&ssl=1&resize=350%2C200","width":350,"height":200,"srcset":"https:\/\/i0.wp.com\/lahoradelcampo.com.uy\/site\/wp-content\/uploads\/2023\/01\/hlb-bELLA.jpg?fit=880%2C440&ssl=1&resize=350%2C200 1x, https:\/\/i0.wp.com\/lahoradelcampo.com.uy\/site\/wp-content\/uploads\/2023\/01\/hlb-bELLA.jpg?fit=880%2C440&ssl=1&resize=525%2C300 1.5x, https:\/\/i0.wp.com\/lahoradelcampo.com.uy\/site\/wp-content\/uploads\/2023\/01\/hlb-bELLA.jpg?fit=880%2C440&ssl=1&resize=700%2C400 2x"},"classes":[]},{"id":33679,"url":"https:\/\/lahoradelcampo.com.uy\/site\/no-solo-se-encarecen-los-fletes-sino-que-a-ningun-precio-conseguis-una-bodega\/","url_meta":{"origin":42315,"position":1},"title":"No solo se encarecen los fletes, \u00absino que a ning\u00fan precio consegu\u00eds una bodega\u00bb","author":"La Hora del Campo","date":"3 septiembre, 2021","format":false,"excerpt":"\"Hay un l\u00edo b\u00e1rbaro\" comenz\u00f3 diciendo Pedro Otegui, principal de Lanas Trinidad en di\u00e1logo con La Hora del Campo, sobre la situaci\u00f3n denunciada por las gremiales de la industria frigor\u00edfica respecto a la problem\u00e1tica en la log\u00edstica mar\u00edtima y la salida de contenedores por el puerto de Montevideo. \"Lo que\u2026","rel":"","context":"En \u00abActualidad\u00bb","block_context":{"text":"Actualidad","link":"https:\/\/lahoradelcampo.com.uy\/site\/category\/actualidad\/"},"img":{"alt_text":"","src":"https:\/\/i0.wp.com\/lahoradelcampo.com.uy\/site\/wp-content\/uploads\/2020\/03\/Pedro-Otegui.jpg?fit=880%2C440&ssl=1&resize=350%2C200","width":350,"height":200,"srcset":"https:\/\/i0.wp.com\/lahoradelcampo.com.uy\/site\/wp-content\/uploads\/2020\/03\/Pedro-Otegui.jpg?fit=880%2C440&ssl=1&resize=350%2C200 1x, https:\/\/i0.wp.com\/lahoradelcampo.com.uy\/site\/wp-content\/uploads\/2020\/03\/Pedro-Otegui.jpg?fit=880%2C440&ssl=1&resize=525%2C300 1.5x, https:\/\/i0.wp.com\/lahoradelcampo.com.uy\/site\/wp-content\/uploads\/2020\/03\/Pedro-Otegui.jpg?fit=880%2C440&ssl=1&resize=700%2C400 2x"},"classes":[]},{"id":42309,"url":"https:\/\/lahoradelcampo.com.uy\/site\/mattos-es-una-senal-para-que-la-industria-tome-todos-los-recaudos\/","url_meta":{"origin":42315,"position":2},"title":"Mattos \u00abEs una se\u00f1al para que la industria tome todos los recaudos\u00bb","author":"La Hora del Campo","date":"31 mayo, 2022","format":false,"excerpt":"Recientemente se inhabilit\u00f3 por una semana el ingreso a China, de mercader\u00eda procedente de la planta Somicar de Salto, debido a la detecci\u00f3n de trazas de Covid-19 en un embarque en el puerto de Shangh\u00e1i. Esta situaci\u00f3n permite que el frigor\u00edfico contin\u00fae produciendo con ese destino y adem\u00e1s la exportaci\u00f3n\u2026","rel":"","context":"En \u00abActualidad\u00bb","block_context":{"text":"Actualidad","link":"https:\/\/lahoradelcampo.com.uy\/site\/category\/actualidad\/"},"img":{"alt_text":"","src":"https:\/\/i0.wp.com\/lahoradelcampo.com.uy\/site\/wp-content\/uploads\/2022\/05\/MGAP-FernandoMattos.jpg?fit=880%2C440&ssl=1&resize=350%2C200","width":350,"height":200,"srcset":"https:\/\/i0.wp.com\/lahoradelcampo.com.uy\/site\/wp-content\/uploads\/2022\/05\/MGAP-FernandoMattos.jpg?fit=880%2C440&ssl=1&resize=350%2C200 1x, https:\/\/i0.wp.com\/lahoradelcampo.com.uy\/site\/wp-content\/uploads\/2022\/05\/MGAP-FernandoMattos.jpg?fit=880%2C440&ssl=1&resize=525%2C300 1.5x, https:\/\/i0.wp.com\/lahoradelcampo.com.uy\/site\/wp-content\/uploads\/2022\/05\/MGAP-FernandoMattos.jpg?fit=880%2C440&ssl=1&resize=700%2C400 2x"},"classes":[]},{"id":41475,"url":"https:\/\/lahoradelcampo.com.uy\/site\/nos-quedamos-en-maracana-y-no-buscamos-avanzar-en-determinados-nichos-de-mercado\/","url_meta":{"origin":42315,"position":3},"title":"\u00abNos quedamos en Maracan\u00e1\u00bb y \u00abno buscamos avanzar en determinados nichos de mercado\u00bb","author":"La Hora del Campo","date":"4 mayo, 2022","format":false,"excerpt":"El escritorio Otto Fern\u00e1ndez realiz\u00f3 recientemente en su local Parada Fari\u00f1a en Artigas, un encuentro donde particip\u00f3 el CEO para Uruguay del Grupo Minerva, Ignacio Gamio. El representante de la industria realiz\u00f3 una recorrida por los diferentes mercados a los cuales exporta nuestro pa\u00eds y que desde su punto de\u2026","rel":"","context":"En \u00abActualidad\u00bb","block_context":{"text":"Actualidad","link":"https:\/\/lahoradelcampo.com.uy\/site\/category\/actualidad\/"},"img":{"alt_text":"","src":"https:\/\/i0.wp.com\/lahoradelcampo.com.uy\/site\/wp-content\/uploads\/2022\/05\/Otto-Fernandez-Gamio.jpg?fit=880%2C440&ssl=1&resize=350%2C200","width":350,"height":200,"srcset":"https:\/\/i0.wp.com\/lahoradelcampo.com.uy\/site\/wp-content\/uploads\/2022\/05\/Otto-Fernandez-Gamio.jpg?fit=880%2C440&ssl=1&resize=350%2C200 1x, https:\/\/i0.wp.com\/lahoradelcampo.com.uy\/site\/wp-content\/uploads\/2022\/05\/Otto-Fernandez-Gamio.jpg?fit=880%2C440&ssl=1&resize=525%2C300 1.5x, https:\/\/i0.wp.com\/lahoradelcampo.com.uy\/site\/wp-content\/uploads\/2022\/05\/Otto-Fernandez-Gamio.jpg?fit=880%2C440&ssl=1&resize=700%2C400 2x"},"classes":[]},{"id":5541,"url":"https:\/\/lahoradelcampo.com.uy\/site\/un-paro-agropecuario-no-esta-en-nuestro-estilo-de-hacer-las-cosas\/","url_meta":{"origin":42315,"position":4},"title":"Un paro agropecuario \u00abno est\u00e1 en nuestro estilo de hacer las cosas\u00bb","author":"La Hora del Campo","date":"24 enero, 2018","format":false,"excerpt":"Frigor\u00edfico Casablanca de Paysand\u00fa fue la primera industria frigor\u00edfica que se manifest\u00f3 en apoyo a la movilizaci\u00f3n de los productores y al encuentro realizado hoy en el local Santa Bernardina de la Sociedad Rural de Durazno, que luego recibi\u00f3 adem\u00e1s las adhesiones de las gremiales de la industria frigor\u00edfica en\u2026","rel":"","context":"En \u00abActualidad\u00bb","block_context":{"text":"Actualidad","link":"https:\/\/lahoradelcampo.com.uy\/site\/category\/actualidad\/"},"img":{"alt_text":"","src":"https:\/\/i0.wp.com\/lahoradelcampo.com.uy\/site\/wp-content\/uploads\/2018\/01\/Schneider.jpg?fit=880%2C440&ssl=1&resize=350%2C200","width":350,"height":200,"srcset":"https:\/\/i0.wp.com\/lahoradelcampo.com.uy\/site\/wp-content\/uploads\/2018\/01\/Schneider.jpg?fit=880%2C440&ssl=1&resize=350%2C200 1x, https:\/\/i0.wp.com\/lahoradelcampo.com.uy\/site\/wp-content\/uploads\/2018\/01\/Schneider.jpg?fit=880%2C440&ssl=1&resize=525%2C300 1.5x, https:\/\/i0.wp.com\/lahoradelcampo.com.uy\/site\/wp-content\/uploads\/2018\/01\/Schneider.jpg?fit=880%2C440&ssl=1&resize=700%2C400 2x"},"classes":[]},{"id":37073,"url":"https:\/\/lahoradelcampo.com.uy\/site\/enlentecimiento-de-la-faena-ovina-abre-oportunidades-de-exportacion-en-pie\/","url_meta":{"origin":42315,"position":5},"title":"Enlentecimiento de la faena ovina abre oportunidades de exportaci\u00f3n en pie","author":"La Hora del Campo","date":"1 diciembre, 2021","format":false,"excerpt":"A pesar del gran desempe\u00f1o que ha tenido la faena de ovinos en el Uruguay este a\u00f1o, con una demanda desde China que se ha mantenido firme pr\u00e1cticamente todo el a\u00f1o y valores al alza hasta las \u00faltimas semanas, el 2021 no escap\u00f3 a regla y se vuelve a registrar\u2026","rel":"","context":"En \u00abActualidad\u00bb","block_context":{"text":"Actualidad","link":"https:\/\/lahoradelcampo.com.uy\/site\/category\/actualidad\/"},"img":{"alt_text":"","src":"https:\/\/i0.wp.com\/lahoradelcampo.com.uy\/site\/wp-content\/uploads\/2018\/01\/Riani.jpg?fit=880%2C440&ssl=1&resize=350%2C200","width":350,"height":200,"srcset":"https:\/\/i0.wp.com\/lahoradelcampo.com.uy\/site\/wp-content\/uploads\/2018\/01\/Riani.jpg?fit=880%2C440&ssl=1&resize=350%2C200 1x, https:\/\/i0.wp.com\/lahoradelcampo.com.uy\/site\/wp-content\/uploads\/2018\/01\/Riani.jpg?fit=880%2C440&ssl=1&resize=525%2C300 1.5x, https:\/\/i0.wp.com\/lahoradelcampo.com.uy\/site\/wp-content\/uploads\/2018\/01\/Riani.jpg?fit=880%2C440&ssl=1&resize=700%2C400 2x"},"classes":[]}],"jetpack_likes_enabled":true,"_links":{"self":[{"href":"https:\/\/lahoradelcampo.com.uy\/site\/wp-json\/wp\/v2\/posts\/42315","targetHints":{"allow":["GET"]}}],"collection":[{"href":"https:\/\/lahoradelcampo.com.uy\/site\/wp-json\/wp\/v2\/posts"}],"about":[{"href":"https:\/\/lahoradelcampo.com.uy\/site\/wp-json\/wp\/v2\/types\/post"}],"author":[{"embeddable":true,"href":"https:\/\/lahoradelcampo.com.uy\/site\/wp-json\/wp\/v2\/users\/5"}],"replies":[{"embeddable":true,"href":"https:\/\/lahoradelcampo.com.uy\/site\/wp-json\/wp\/v2\/comments?post=42315"}],"version-history":[{"count":1,"href":"https:\/\/lahoradelcampo.com.uy\/site\/wp-json\/wp\/v2\/posts\/42315\/revisions"}],"predecessor-version":[{"id":42319,"href":"https:\/\/lahoradelcampo.com.uy\/site\/wp-json\/wp\/v2\/posts\/42315\/revisions\/42319"}],"wp:featuredmedia":[{"embeddable":true,"href":"https:\/\/lahoradelcampo.com.uy\/site\/wp-json\/wp\/v2\/media\/42317"}],"wp:attachment":[{"href":"https:\/\/lahoradelcampo.com.uy\/site\/wp-json\/wp\/v2\/media?parent=42315"}],"wp:term":[{"taxonomy":"category","embeddable":true,"href":"https:\/\/lahoradelcampo.com.uy\/site\/wp-json\/wp\/v2\/categories?post=42315"},{"taxonomy":"post_tag","embeddable":true,"href":"https:\/\/lahoradelcampo.com.uy\/site\/wp-json\/wp\/v2\/tags?post=42315"}],"curies":[{"name":"wp","href":"https:\/\/api.w.org\/{rel}","templated":true}]}}