{"id":42309,"date":"2022-05-31T08:47:48","date_gmt":"2022-05-31T11:47:48","guid":{"rendered":"http:\/\/lahoradelcampo.com.uy\/site\/?p=42309"},"modified":"2022-05-31T08:47:53","modified_gmt":"2022-05-31T11:47:53","slug":"mattos-es-una-senal-para-que-la-industria-tome-todos-los-recaudos","status":"publish","type":"post","link":"https:\/\/lahoradelcampo.com.uy\/site\/mattos-es-una-senal-para-que-la-industria-tome-todos-los-recaudos\/","title":{"rendered":"Mattos \u00abEs una se\u00f1al para que la industria tome todos los recaudos\u00bb"},"content":{"rendered":"\n<figure class=\"wp-block-image\"><img data-recalc-dims=\"1\" loading=\"lazy\" decoding=\"async\" width=\"810\" height=\"405\" data-attachment-id=\"42311\" data-permalink=\"https:\/\/lahoradelcampo.com.uy\/site\/mattos-es-una-senal-para-que-la-industria-tome-todos-los-recaudos\/mgap-fernandomattos\/\" data-orig-file=\"https:\/\/i0.wp.com\/lahoradelcampo.com.uy\/site\/wp-content\/uploads\/2022\/05\/MGAP-FernandoMattos.jpg?fit=880%2C440&amp;ssl=1\" data-orig-size=\"880,440\" data-comments-opened=\"1\" data-image-meta=\"{&quot;aperture&quot;:&quot;0&quot;,&quot;credit&quot;:&quot;&quot;,&quot;camera&quot;:&quot;&quot;,&quot;caption&quot;:&quot;&quot;,&quot;created_timestamp&quot;:&quot;0&quot;,&quot;copyright&quot;:&quot;&quot;,&quot;focal_length&quot;:&quot;0&quot;,&quot;iso&quot;:&quot;0&quot;,&quot;shutter_speed&quot;:&quot;0&quot;,&quot;title&quot;:&quot;&quot;,&quot;orientation&quot;:&quot;1&quot;}\" data-image-title=\"MGAP-FernandoMattos\" data-image-description=\"\" data-image-caption=\"\" data-large-file=\"https:\/\/i0.wp.com\/lahoradelcampo.com.uy\/site\/wp-content\/uploads\/2022\/05\/MGAP-FernandoMattos.jpg?fit=810%2C405&amp;ssl=1\" src=\"https:\/\/i0.wp.com\/lahoradelcampo.com.uy\/site\/wp-content\/uploads\/2022\/05\/MGAP-FernandoMattos.jpg?resize=810%2C405\" alt=\"\" class=\"wp-image-42311\" srcset=\"https:\/\/i0.wp.com\/lahoradelcampo.com.uy\/site\/wp-content\/uploads\/2022\/05\/MGAP-FernandoMattos.jpg?w=880&amp;ssl=1 880w, https:\/\/i0.wp.com\/lahoradelcampo.com.uy\/site\/wp-content\/uploads\/2022\/05\/MGAP-FernandoMattos.jpg?resize=300%2C150&amp;ssl=1 300w, https:\/\/i0.wp.com\/lahoradelcampo.com.uy\/site\/wp-content\/uploads\/2022\/05\/MGAP-FernandoMattos.jpg?resize=768%2C384&amp;ssl=1 768w, https:\/\/i0.wp.com\/lahoradelcampo.com.uy\/site\/wp-content\/uploads\/2022\/05\/MGAP-FernandoMattos.jpg?resize=820%2C410&amp;ssl=1 820w\" sizes=\"auto, (max-width: 810px) 100vw, 810px\" \/><\/figure>\n\n\n\n<p>Recientemente se inhabilit\u00f3 por una semana el ingreso a China, de mercader\u00eda procedente de la planta Somicar de Salto, debido a la detecci\u00f3n de trazas de Covid-19 en un embarque en el puerto de Shangh\u00e1i. Esta situaci\u00f3n permite que el frigor\u00edfico contin\u00fae produciendo con ese destino y adem\u00e1s la exportaci\u00f3n de nuevos embarques, lo que retrasa es el ingreso por siete d\u00edas de los containers al mercado. <br><\/p>\n\n\n\n<p>El Ministro de Ganader\u00eda, Agricultura y Pesca, Ing. Fernando Mattos, explic\u00f3 que las autoridades sanitarias chinas se encuentran realizando hisopados en la superficie de los embalajes y si se detectan rastros del virus inmediatamente realizan una suspensi\u00f3n por una semana y en caso de reiteraci\u00f3n la inhabilitaci\u00f3n es por cuatro semanas. <br><\/p>\n\n\n\n<p>Si bien indic\u00f3 que realizar \u00abun hisopado y constat\u00f3 la presencia de RB, no quiere decir que o me vaya a contagiar\u00bb sin embargo reconoci\u00f3 \u00abque China tiene todo su derecho de poner las condiciones de introducci\u00f3n de mercader\u00eda que entienda, no vamos a entrar en el debate cient\u00edfico en esta materia, respetamos las condiciones que establecen para la importaci\u00f3n de alimentos\u00bb. <br><\/p>\n\n\n\n<p>Para el jerarca lo ocurrido con tres plantas frigor\u00edficas uruguayas y que se viene observando adem\u00e1s en industrias de otros pa\u00edses, \u00abes una se\u00f1al para que la industria nacional tome todos los recaudos para que la mercader\u00eda llegue a China totalmente desinfectada y que no tengamos estos episodios\u00bb. <br><\/p>\n\n\n\n<p>Mattos adem\u00e1s de se\u00f1alar la importancia de que las industrias tomen las medidas correspondientes, dijo que \u00abtambi\u00e9n es responsabilidad de los trabajadores\u00bb, los cuales \u00abdeben tomar todas las medidas precautorias y preventivas a efectos de que todo aquel que tenga sintomatolog\u00eda de covid comunique r\u00e1pidamente su situaci\u00f3n para evitar eventuales contagios, cuando sabemos que el ambiente de la industria es un ambiente propicio para la propagaci\u00f3n del virus\u00bb.<br><\/p>\n\n\n\n<p>Teniendo en cuenta que los controles de China se realizan directamente en los embalajes, los cuales salen dentro de un container cerrado desde Uruguay, consultamos al ministro si la industria c\u00e1rnica en nuestro pa\u00eds se encuentra con problemas de covid o falta de controles previos a los embarques, a lo que Mattos aclar\u00f3 que \u00abnosotros no tenemos ninguna instancia de tener un acceso a una contraprueba, aceptamos lo que nos env\u00eda la autoridad de China, pero entendemos que muchas veces esa manipulaci\u00f3n de mercader\u00eda en el puerto tal vez no contemple todas las garant\u00edas, porque no tenemos tampoco c\u00f3mo investigar si esa infecci\u00f3n no se dio mismamente en territorio chino\u00bb.<br><\/p>\n\n\n\n<p>Explic\u00f3 que \u00abla mercader\u00eda se retira de un contenedor y de repente en la zona de manipulaci\u00f3n puede haber un ciudadano chino que puede ser portador de la infecci\u00f3n\u00bb, al mismo tiempo dijo que Uruguay est\u00e1 \u00aben permanente contacto con las autoridades para dar las mejores garant\u00edas\u00bb.<\/p>\n\n\n\n<p>Salto, 31 de mayo de 2022<\/p>\n","protected":false},"excerpt":{"rendered":"<p>Recientemente se inhabilit\u00f3 por una semana el ingreso a China, de mercader\u00eda procedente de la planta Somicar de Salto, debido a la detecci\u00f3n de trazas de Covid-19 en un embarque [&hellip;]<\/p>\n","protected":false},"author":5,"featured_media":42311,"comment_status":"open","ping_status":"open","sticky":false,"template":"","format":"standard","meta":{"_price":"","_stock":"","_tribe_ticket_header":"","_tribe_default_ticket_provider":"","_tribe_ticket_capacity":"0","_ticket_start_date":"","_ticket_end_date":"","_tribe_ticket_show_description":"","_tribe_ticket_show_not_going":false,"_tribe_ticket_use_global_stock":"","_tribe_ticket_global_stock_level":"","_global_stock_mode":"","_global_stock_cap":"","_tribe_rsvp_for_event":"","_tribe_ticket_going_count":"","_tribe_ticket_not_going_count":"","_tribe_tickets_list":"[]","_tribe_ticket_has_attendee_info_fields":false,"h5ap_radio_sources":[],"_jetpack_newsletter_access":"","_jetpack_dont_email_post_to_subs":false,"_jetpack_newsletter_tier_id":0,"_jetpack_memberships_contains_paywalled_content":false,"_jetpack_memberships_contains_paid_content":false,"footnotes":""},"categories":[21,5],"tags":[],"class_list":["post-42309","post","type-post","status-publish","format-standard","has-post-thumbnail","hentry","category-actualidad","category-ganaderia"],"jetpack_featured_media_url":"https:\/\/i0.wp.com\/lahoradelcampo.com.uy\/site\/wp-content\/uploads\/2022\/05\/MGAP-FernandoMattos.jpg?fit=880%2C440&ssl=1","jetpack_sharing_enabled":true,"jetpack_shortlink":"https:\/\/wp.me\/p99IaT-b0p","jetpack-related-posts":[{"id":50749,"url":"https:\/\/lahoradelcampo.com.uy\/site\/mattos-procura-lograr-el-ingreso-de-limones-equinos-caracoles-y-mariscos-a-china\/","url_meta":{"origin":42309,"position":0},"title":"Mattos procura lograr el ingreso de limones, equinos, caracoles y mariscos a China","author":"La Hora del Campo","date":"25 mayo, 2023","format":false,"excerpt":"El ministro Mattos impulsa el ingreso de limones, equinos deportivos, caracoles y mariscos a China, mientras Uruguay se prepara para exportar colza a M\u00e9xico y carne vacuna a El Salvador. En una reuni\u00f3n bilateral con la Administraci\u00f3n General de Aduanas de China (GACC), encabezada por el ministro Mattos y la\u2026","rel":"","context":"En \u00abActualidad\u00bb","block_context":{"text":"Actualidad","link":"https:\/\/lahoradelcampo.com.uy\/site\/category\/actualidad\/"},"img":{"alt_text":"","src":"https:\/\/i0.wp.com\/lahoradelcampo.com.uy\/site\/wp-content\/uploads\/2023\/05\/MGAP-china-ingreso.jpg?fit=880%2C440&ssl=1&resize=350%2C200","width":350,"height":200,"srcset":"https:\/\/i0.wp.com\/lahoradelcampo.com.uy\/site\/wp-content\/uploads\/2023\/05\/MGAP-china-ingreso.jpg?fit=880%2C440&ssl=1&resize=350%2C200 1x, https:\/\/i0.wp.com\/lahoradelcampo.com.uy\/site\/wp-content\/uploads\/2023\/05\/MGAP-china-ingreso.jpg?fit=880%2C440&ssl=1&resize=525%2C300 1.5x, https:\/\/i0.wp.com\/lahoradelcampo.com.uy\/site\/wp-content\/uploads\/2023\/05\/MGAP-china-ingreso.jpg?fit=880%2C440&ssl=1&resize=700%2C400 2x"},"classes":[]},{"id":42651,"url":"https:\/\/lahoradelcampo.com.uy\/site\/mattos-confirmo-el-ingreso-330-vacantes-para-todo-el-mgap\/","url_meta":{"origin":42309,"position":1},"title":"Mattos confirm\u00f3 el ingreso 330 vacantes para todo el MGAP","author":"La Hora del Campo","date":"10 junio, 2022","format":false,"excerpt":"El Ministro de Ganader\u00eda, Agricultura y Pesca, Ing. Agr. Fernando Mattos, al participar del acto de inauguraci\u00f3n de las 49nas Jornadas Uruguayas de Buiatr\u00eda, respondi\u00f3 r\u00e1pidamente a los planteos realizados desde la profesi\u00f3n veterinaria. En primer lugar marc\u00f3 que en los \u00faltimos cuatro a\u00f1os \"no ingresa personal al MGAP\" y\u2026","rel":"","context":"En \u00abActualidad\u00bb","block_context":{"text":"Actualidad","link":"https:\/\/lahoradelcampo.com.uy\/site\/category\/actualidad\/"},"img":{"alt_text":"","src":"https:\/\/i0.wp.com\/lahoradelcampo.com.uy\/site\/wp-content\/uploads\/2022\/06\/Buiatria-jornada.jpg?fit=880%2C440&ssl=1&resize=350%2C200","width":350,"height":200,"srcset":"https:\/\/i0.wp.com\/lahoradelcampo.com.uy\/site\/wp-content\/uploads\/2022\/06\/Buiatria-jornada.jpg?fit=880%2C440&ssl=1&resize=350%2C200 1x, https:\/\/i0.wp.com\/lahoradelcampo.com.uy\/site\/wp-content\/uploads\/2022\/06\/Buiatria-jornada.jpg?fit=880%2C440&ssl=1&resize=525%2C300 1.5x, https:\/\/i0.wp.com\/lahoradelcampo.com.uy\/site\/wp-content\/uploads\/2022\/06\/Buiatria-jornada.jpg?fit=880%2C440&ssl=1&resize=700%2C400 2x"},"classes":[]},{"id":54124,"url":"https:\/\/lahoradelcampo.com.uy\/site\/mattos-solicito-a-la-ue-evaluar-el-ingreso-de-la-carne-ovina-con-hueso\/","url_meta":{"origin":42309,"position":2},"title":"Mattos solicito a la UE evaluar el ingreso de la carne ovina con hueso","author":"La Hora del Campo","date":"6 agosto, 2024","format":false,"excerpt":"El lanzamiento de la zafra ovina 2024-25 fue la ocasi\u00f3n para que el ministro de Ganader\u00eda, Agricultura y Pesca, Fernando Mattos, destacara la capacidad productiva de Uruguay en el sector ovino, con un enfoque en la capacitaci\u00f3n de productores y la apertura de mercados para la lana y la carne,\u2026","rel":"","context":"En \u00abActualidad\u00bb","block_context":{"text":"Actualidad","link":"https:\/\/lahoradelcampo.com.uy\/site\/category\/actualidad\/"},"img":{"alt_text":"","src":"https:\/\/i0.wp.com\/lahoradelcampo.com.uy\/site\/wp-content\/uploads\/2024\/08\/zafraovina24-2.jpg?fit=880%2C440&ssl=1&resize=350%2C200","width":350,"height":200,"srcset":"https:\/\/i0.wp.com\/lahoradelcampo.com.uy\/site\/wp-content\/uploads\/2024\/08\/zafraovina24-2.jpg?fit=880%2C440&ssl=1&resize=350%2C200 1x, https:\/\/i0.wp.com\/lahoradelcampo.com.uy\/site\/wp-content\/uploads\/2024\/08\/zafraovina24-2.jpg?fit=880%2C440&ssl=1&resize=525%2C300 1.5x, https:\/\/i0.wp.com\/lahoradelcampo.com.uy\/site\/wp-content\/uploads\/2024\/08\/zafraovina24-2.jpg?fit=880%2C440&ssl=1&resize=700%2C400 2x"},"classes":[]},{"id":49896,"url":"https:\/\/lahoradelcampo.com.uy\/site\/uruguay-y-china-analizaran-protocolos-sanitarios-y-fitosanitarios\/","url_meta":{"origin":42309,"position":3},"title":"Uruguay y China analizaran protocolos sanitarios y fitosanitarios","author":"La Hora del Campo","date":"12 abril, 2023","format":false,"excerpt":"El Ministro de Ganader\u00eda, Agricultura y Pesca, Fernando Mattos, inform\u00f3 que viajar\u00e1 a China en mayo para reunirse con representantes de seis ministerios chinos e intentar mejorar los protocolos que regulan el ingreso de productos agropecuarios uruguayos al mercado asi\u00e1tico. Uruguay busca aumentar sus exportaciones a China, por lo que\u2026","rel":"","context":"En \u00abActualidad\u00bb","block_context":{"text":"Actualidad","link":"https:\/\/lahoradelcampo.com.uy\/site\/category\/actualidad\/"},"img":{"alt_text":"","src":"https:\/\/i0.wp.com\/lahoradelcampo.com.uy\/site\/wp-content\/uploads\/2023\/02\/FernandoMattos1.jpg?fit=880%2C440&ssl=1&resize=350%2C200","width":350,"height":200,"srcset":"https:\/\/i0.wp.com\/lahoradelcampo.com.uy\/site\/wp-content\/uploads\/2023\/02\/FernandoMattos1.jpg?fit=880%2C440&ssl=1&resize=350%2C200 1x, https:\/\/i0.wp.com\/lahoradelcampo.com.uy\/site\/wp-content\/uploads\/2023\/02\/FernandoMattos1.jpg?fit=880%2C440&ssl=1&resize=525%2C300 1.5x, https:\/\/i0.wp.com\/lahoradelcampo.com.uy\/site\/wp-content\/uploads\/2023\/02\/FernandoMattos1.jpg?fit=880%2C440&ssl=1&resize=700%2C400 2x"},"classes":[]},{"id":37173,"url":"https:\/\/lahoradelcampo.com.uy\/site\/mgap-presento-a-la-fundacion-gates-la-produccion-sustentable-de-uruguay\/","url_meta":{"origin":42309,"position":4},"title":"MGAP present\u00f3 a la Fundaci\u00f3n Gates, la producci\u00f3n sustentable de Uruguay","author":"La Hora del Campo","date":"3 diciembre, 2021","format":false,"excerpt":"El ministro Fernando Mattos, el subsecretario Ignacio Buffa, autoridades del Ministerio de Ambiente, INAC, INIA y un equipo t\u00e9cnico del MGAP se reunieron esta semana con representantes de la Fundaci\u00f3n Bill y Melinda Gates. En dicho encuentro el equipo convocado por el ministro Mattos hizo una presentaci\u00f3n acerca de las\u2026","rel":"","context":"En \u00abActualidad\u00bb","block_context":{"text":"Actualidad","link":"https:\/\/lahoradelcampo.com.uy\/site\/category\/actualidad\/"},"img":{"alt_text":"","src":"https:\/\/i0.wp.com\/lahoradelcampo.com.uy\/site\/wp-content\/uploads\/2021\/12\/MGAP-Gates.jpg?fit=880%2C440&ssl=1&resize=350%2C200","width":350,"height":200,"srcset":"https:\/\/i0.wp.com\/lahoradelcampo.com.uy\/site\/wp-content\/uploads\/2021\/12\/MGAP-Gates.jpg?fit=880%2C440&ssl=1&resize=350%2C200 1x, https:\/\/i0.wp.com\/lahoradelcampo.com.uy\/site\/wp-content\/uploads\/2021\/12\/MGAP-Gates.jpg?fit=880%2C440&ssl=1&resize=525%2C300 1.5x, https:\/\/i0.wp.com\/lahoradelcampo.com.uy\/site\/wp-content\/uploads\/2021\/12\/MGAP-Gates.jpg?fit=880%2C440&ssl=1&resize=700%2C400 2x"},"classes":[]},{"id":48711,"url":"https:\/\/lahoradelcampo.com.uy\/site\/mattos-anuncio-el-siga-agropecuario-bonificado\/","url_meta":{"origin":42309,"position":5},"title":"Mattos anunci\u00f3 el SIGA agropecuario bonificado","author":"La Hora del Campo","date":"14 febrero, 2023","format":false,"excerpt":"En un comunicado en forma conjunta, el Ministerio de Ganader\u00eda, Agricultura y Pesca (MGAP) y el Ministerio de Econom\u00eda y Finanzas (MEF) anunciaron que desde el lunes 13 de febrero las micro, peque\u00f1as y medianas empresas (Mipymes) del sector agropecuario podr\u00e1n acceder a garant\u00edas del Sistema Nacional de Garant\u00edas (SiGa),\u2026","rel":"","context":"En \u00abActualidad\u00bb","block_context":{"text":"Actualidad","link":"https:\/\/lahoradelcampo.com.uy\/site\/category\/actualidad\/"},"img":{"alt_text":"","src":"https:\/\/i0.wp.com\/lahoradelcampo.com.uy\/site\/wp-content\/uploads\/2023\/02\/MGAP-MattosSIGA.jpg?fit=880%2C440&ssl=1&resize=350%2C200","width":350,"height":200,"srcset":"https:\/\/i0.wp.com\/lahoradelcampo.com.uy\/site\/wp-content\/uploads\/2023\/02\/MGAP-MattosSIGA.jpg?fit=880%2C440&ssl=1&resize=350%2C200 1x, https:\/\/i0.wp.com\/lahoradelcampo.com.uy\/site\/wp-content\/uploads\/2023\/02\/MGAP-MattosSIGA.jpg?fit=880%2C440&ssl=1&resize=525%2C300 1.5x, https:\/\/i0.wp.com\/lahoradelcampo.com.uy\/site\/wp-content\/uploads\/2023\/02\/MGAP-MattosSIGA.jpg?fit=880%2C440&ssl=1&resize=700%2C400 2x"},"classes":[]}],"jetpack_likes_enabled":true,"_links":{"self":[{"href":"https:\/\/lahoradelcampo.com.uy\/site\/wp-json\/wp\/v2\/posts\/42309","targetHints":{"allow":["GET"]}}],"collection":[{"href":"https:\/\/lahoradelcampo.com.uy\/site\/wp-json\/wp\/v2\/posts"}],"about":[{"href":"https:\/\/lahoradelcampo.com.uy\/site\/wp-json\/wp\/v2\/types\/post"}],"author":[{"embeddable":true,"href":"https:\/\/lahoradelcampo.com.uy\/site\/wp-json\/wp\/v2\/users\/5"}],"replies":[{"embeddable":true,"href":"https:\/\/lahoradelcampo.com.uy\/site\/wp-json\/wp\/v2\/comments?post=42309"}],"version-history":[{"count":1,"href":"https:\/\/lahoradelcampo.com.uy\/site\/wp-json\/wp\/v2\/posts\/42309\/revisions"}],"predecessor-version":[{"id":42313,"href":"https:\/\/lahoradelcampo.com.uy\/site\/wp-json\/wp\/v2\/posts\/42309\/revisions\/42313"}],"wp:featuredmedia":[{"embeddable":true,"href":"https:\/\/lahoradelcampo.com.uy\/site\/wp-json\/wp\/v2\/media\/42311"}],"wp:attachment":[{"href":"https:\/\/lahoradelcampo.com.uy\/site\/wp-json\/wp\/v2\/media?parent=42309"}],"wp:term":[{"taxonomy":"category","embeddable":true,"href":"https:\/\/lahoradelcampo.com.uy\/site\/wp-json\/wp\/v2\/categories?post=42309"},{"taxonomy":"post_tag","embeddable":true,"href":"https:\/\/lahoradelcampo.com.uy\/site\/wp-json\/wp\/v2\/tags?post=42309"}],"curies":[{"name":"wp","href":"https:\/\/api.w.org\/{rel}","templated":true}]}}