{"id":42297,"date":"2022-05-31T08:41:01","date_gmt":"2022-05-31T11:41:01","guid":{"rendered":"http:\/\/lahoradelcampo.com.uy\/site\/?p=42297"},"modified":"2022-05-31T08:41:06","modified_gmt":"2022-05-31T11:41:06","slug":"la-llegada-del-nuevo-mes-agiliza-los-negocios-en-la-uam","status":"publish","type":"post","link":"https:\/\/lahoradelcampo.com.uy\/site\/la-llegada-del-nuevo-mes-agiliza-los-negocios-en-la-uam\/","title":{"rendered":"La llegada del nuevo mes agiliza los negocios en la UAM"},"content":{"rendered":"\n<figure class=\"wp-block-image\"><img data-recalc-dims=\"1\" loading=\"lazy\" decoding=\"async\" width=\"810\" height=\"405\" data-attachment-id=\"29882\" data-permalink=\"https:\/\/lahoradelcampo.com.uy\/site\/volumenes-de-venta-no-conformaron-al-retorno-de-la-operativa-granjera-semanal\/mandarinacriolla\/\" data-orig-file=\"https:\/\/i0.wp.com\/lahoradelcampo.com.uy\/site\/wp-content\/uploads\/2021\/05\/Mandarinacriolla.jpg?fit=880%2C440&amp;ssl=1\" data-orig-size=\"880,440\" data-comments-opened=\"1\" data-image-meta=\"{&quot;aperture&quot;:&quot;0&quot;,&quot;credit&quot;:&quot;&quot;,&quot;camera&quot;:&quot;&quot;,&quot;caption&quot;:&quot;&quot;,&quot;created_timestamp&quot;:&quot;0&quot;,&quot;copyright&quot;:&quot;&quot;,&quot;focal_length&quot;:&quot;0&quot;,&quot;iso&quot;:&quot;0&quot;,&quot;shutter_speed&quot;:&quot;0&quot;,&quot;title&quot;:&quot;&quot;,&quot;orientation&quot;:&quot;1&quot;}\" data-image-title=\"Mandarinacriolla\" data-image-description=\"\" data-image-caption=\"\" data-large-file=\"https:\/\/i0.wp.com\/lahoradelcampo.com.uy\/site\/wp-content\/uploads\/2021\/05\/Mandarinacriolla.jpg?fit=810%2C405&amp;ssl=1\" src=\"https:\/\/i0.wp.com\/lahoradelcampo.com.uy\/site\/wp-content\/uploads\/2021\/05\/Mandarinacriolla.jpg?resize=810%2C405\" alt=\"\" class=\"wp-image-29882\" srcset=\"https:\/\/i0.wp.com\/lahoradelcampo.com.uy\/site\/wp-content\/uploads\/2021\/05\/Mandarinacriolla.jpg?w=880&amp;ssl=1 880w, https:\/\/i0.wp.com\/lahoradelcampo.com.uy\/site\/wp-content\/uploads\/2021\/05\/Mandarinacriolla.jpg?resize=300%2C150&amp;ssl=1 300w, https:\/\/i0.wp.com\/lahoradelcampo.com.uy\/site\/wp-content\/uploads\/2021\/05\/Mandarinacriolla.jpg?resize=768%2C384&amp;ssl=1 768w, https:\/\/i0.wp.com\/lahoradelcampo.com.uy\/site\/wp-content\/uploads\/2021\/05\/Mandarinacriolla.jpg?resize=820%2C410&amp;ssl=1 820w\" sizes=\"auto, (max-width: 810px) 100vw, 810px\" \/><\/figure>\n\n\n\n<p>Con el inicio de semana y la llegada de un nuevo mes se agilizo la comercializaci\u00f3n de mercader\u00eda. De todas formas, la colocaci\u00f3n es la esperable para esta \u00e9poca y para el importante nivel de productos que est\u00e1n ingresando.<br><\/p>\n\n\n\n<p>Se registraron descensos en los precios de referencia de apio, br\u00f3coli, lim\u00f3n, y zucchini.  Se observaron incrementos en las cotizaciones de tomate redondo, choclo y zapallos Kabuti\u00e1 y Calabac\u00edn de calidad superior.<br><\/p>\n\n\n\n<p>Como novedad se registraron los primeros ingresos de mandarinas Ellendale y bergamota nacional.<\/p>\n\n\n\n<div class=\"wp-block-image\"><figure class=\"aligncenter is-resized\"><img data-recalc-dims=\"1\" loading=\"lazy\" decoding=\"async\" data-attachment-id=\"42299\" data-permalink=\"https:\/\/lahoradelcampo.com.uy\/site\/la-llegada-del-nuevo-mes-agiliza-los-negocios-en-la-uam\/granjaprecios1\/\" data-orig-file=\"https:\/\/i0.wp.com\/lahoradelcampo.com.uy\/site\/wp-content\/uploads\/2022\/05\/granjaprecios1.jpg?fit=614%2C499&amp;ssl=1\" data-orig-size=\"614,499\" data-comments-opened=\"1\" data-image-meta=\"{&quot;aperture&quot;:&quot;0&quot;,&quot;credit&quot;:&quot;&quot;,&quot;camera&quot;:&quot;&quot;,&quot;caption&quot;:&quot;&quot;,&quot;created_timestamp&quot;:&quot;0&quot;,&quot;copyright&quot;:&quot;&quot;,&quot;focal_length&quot;:&quot;0&quot;,&quot;iso&quot;:&quot;0&quot;,&quot;shutter_speed&quot;:&quot;0&quot;,&quot;title&quot;:&quot;&quot;,&quot;orientation&quot;:&quot;1&quot;}\" data-image-title=\"granjaprecios1\" data-image-description=\"\" data-image-caption=\"\" data-large-file=\"https:\/\/i0.wp.com\/lahoradelcampo.com.uy\/site\/wp-content\/uploads\/2022\/05\/granjaprecios1.jpg?fit=614%2C499&amp;ssl=1\" src=\"https:\/\/i0.wp.com\/lahoradelcampo.com.uy\/site\/wp-content\/uploads\/2022\/05\/granjaprecios1.jpg?resize=361%2C293\" alt=\"\" class=\"wp-image-42299\" width=\"361\" height=\"293\" srcset=\"https:\/\/i0.wp.com\/lahoradelcampo.com.uy\/site\/wp-content\/uploads\/2022\/05\/granjaprecios1.jpg?w=614&amp;ssl=1 614w, https:\/\/i0.wp.com\/lahoradelcampo.com.uy\/site\/wp-content\/uploads\/2022\/05\/granjaprecios1.jpg?resize=300%2C244&amp;ssl=1 300w\" sizes=\"auto, (max-width: 361px) 100vw, 361px\" \/><\/figure><\/div>\n\n\n\n<p>Salto, 31 de mayo de 2022<\/p>\n","protected":false},"excerpt":{"rendered":"<p>Con el inicio de semana y la llegada de un nuevo mes se agilizo la comercializaci\u00f3n de mercader\u00eda. De todas formas, la colocaci\u00f3n es la esperable para esta \u00e9poca y [&hellip;]<\/p>\n","protected":false},"author":5,"featured_media":29882,"comment_status":"open","ping_status":"open","sticky":false,"template":"","format":"standard","meta":{"_price":"","_stock":"","_tribe_ticket_header":"","_tribe_default_ticket_provider":"","_tribe_ticket_capacity":"0","_ticket_start_date":"","_ticket_end_date":"","_tribe_ticket_show_description":"","_tribe_ticket_show_not_going":false,"_tribe_ticket_use_global_stock":"","_tribe_ticket_global_stock_level":"","_global_stock_mode":"","_global_stock_cap":"","_tribe_rsvp_for_event":"","_tribe_ticket_going_count":"","_tribe_ticket_not_going_count":"","_tribe_tickets_list":"[]","_tribe_ticket_has_attendee_info_fields":false,"h5ap_radio_sources":[],"_jetpack_newsletter_access":"","_jetpack_dont_email_post_to_subs":false,"_jetpack_newsletter_tier_id":0,"_jetpack_memberships_contains_paywalled_content":false,"_jetpack_memberships_contains_paid_content":false,"footnotes":""},"categories":[21,9],"tags":[],"class_list":["post-42297","post","type-post","status-publish","format-standard","has-post-thumbnail","hentry","category-actualidad","category-granja"],"jetpack_featured_media_url":"https:\/\/i0.wp.com\/lahoradelcampo.com.uy\/site\/wp-content\/uploads\/2021\/05\/Mandarinacriolla.jpg?fit=880%2C440&ssl=1","jetpack_sharing_enabled":true,"jetpack_shortlink":"https:\/\/wp.me\/p99IaT-b0d","jetpack-related-posts":[{"id":34721,"url":"https:\/\/lahoradelcampo.com.uy\/site\/la-llegada-de-fin-de-mes-afecto-las-ventas\/","url_meta":{"origin":42297,"position":0},"title":"La llegada de fin de mes, afecto las ventas","author":"La Hora del Campo","date":"28 septiembre, 2021","format":false,"excerpt":"En los \u00faltimos d\u00edas del mes de setiembre, no debe asombrarle a nadie, que se reduzca la operativa a nivel de la Unidad Agroalimentaria Metropolitana (UAM) hecho que se verific\u00f3 en la jornada de ayer, durante la operativa comercial. Referentes mayoristas indicaron que el anuncio de precipitaciones para los pr\u00f3ximos\u2026","rel":"","context":"En \u00abActualidad\u00bb","block_context":{"text":"Actualidad","link":"https:\/\/lahoradelcampo.com.uy\/site\/category\/actualidad\/"},"img":{"alt_text":"","src":"https:\/\/i0.wp.com\/lahoradelcampo.com.uy\/site\/wp-content\/uploads\/2020\/08\/zapallitosweb.jpg?fit=880%2C440&ssl=1&resize=350%2C200","width":350,"height":200,"srcset":"https:\/\/i0.wp.com\/lahoradelcampo.com.uy\/site\/wp-content\/uploads\/2020\/08\/zapallitosweb.jpg?fit=880%2C440&ssl=1&resize=350%2C200 1x, https:\/\/i0.wp.com\/lahoradelcampo.com.uy\/site\/wp-content\/uploads\/2020\/08\/zapallitosweb.jpg?fit=880%2C440&ssl=1&resize=525%2C300 1.5x, https:\/\/i0.wp.com\/lahoradelcampo.com.uy\/site\/wp-content\/uploads\/2020\/08\/zapallitosweb.jpg?fit=880%2C440&ssl=1&resize=700%2C400 2x"},"classes":[]},{"id":44323,"url":"https:\/\/lahoradelcampo.com.uy\/site\/llegada-de-fin-de-mes-afecto-los-negocios-en-la-uam\/","url_meta":{"origin":42297,"position":1},"title":"Llegada de fin de mes afect\u00f3 los negocios en la UAM","author":"La Hora del Campo","date":"29 julio, 2022","format":false,"excerpt":"La actividad tuvo poca agilidad en la jornada de ayer en la Unidad Agroalimentaria Metropolitana (UAM), debido al fin de mes y a la ocurrencia de precipitaciones durante toda la semana. Esto afect\u00f3 de manera significativa el levante de mercader\u00eda, evidenci\u00e1ndose sobrante en la mayor\u00eda de los renglones. Se registraron\u2026","rel":"","context":"En \u00abActualidad\u00bb","block_context":{"text":"Actualidad","link":"https:\/\/lahoradelcampo.com.uy\/site\/category\/actualidad\/"},"img":{"alt_text":"","src":"https:\/\/i0.wp.com\/lahoradelcampo.com.uy\/site\/wp-content\/uploads\/2020\/10\/Cebollaweb.jpg?fit=880%2C440&ssl=1&resize=350%2C200","width":350,"height":200,"srcset":"https:\/\/i0.wp.com\/lahoradelcampo.com.uy\/site\/wp-content\/uploads\/2020\/10\/Cebollaweb.jpg?fit=880%2C440&ssl=1&resize=350%2C200 1x, https:\/\/i0.wp.com\/lahoradelcampo.com.uy\/site\/wp-content\/uploads\/2020\/10\/Cebollaweb.jpg?fit=880%2C440&ssl=1&resize=525%2C300 1.5x, https:\/\/i0.wp.com\/lahoradelcampo.com.uy\/site\/wp-content\/uploads\/2020\/10\/Cebollaweb.jpg?fit=880%2C440&ssl=1&resize=700%2C400 2x"},"classes":[]},{"id":30586,"url":"https:\/\/lahoradelcampo.com.uy\/site\/la-llegada-de-fin-de-mes-profundizo-el-bajo-nivel-de-ventas\/","url_meta":{"origin":42297,"position":2},"title":"La llegada de fin de mes profundiz\u00f3 el bajo nivel de ventas","author":"La Hora del Campo","date":"28 mayo, 2021","format":false,"excerpt":"La llegada del final del mes profundiz\u00f3 el bajo nivel de ventas que se ha venido observando en la Unidad Agroalimentaria Metropolitana desde el comienzo de la semana posterior a las celebraciones del D\u00eda de la Madre. Seg\u00fan operadores del mercado, la semana estuvo caracterizada por por una menor afluencia\u2026","rel":"","context":"En \u00abActualidad\u00bb","block_context":{"text":"Actualidad","link":"https:\/\/lahoradelcampo.com.uy\/site\/category\/actualidad\/"},"img":{"alt_text":"","src":"https:\/\/i0.wp.com\/lahoradelcampo.com.uy\/site\/wp-content\/uploads\/2021\/05\/hortalizasdehoja.jpg?fit=880%2C440&ssl=1&resize=350%2C200","width":350,"height":200,"srcset":"https:\/\/i0.wp.com\/lahoradelcampo.com.uy\/site\/wp-content\/uploads\/2021\/05\/hortalizasdehoja.jpg?fit=880%2C440&ssl=1&resize=350%2C200 1x, https:\/\/i0.wp.com\/lahoradelcampo.com.uy\/site\/wp-content\/uploads\/2021\/05\/hortalizasdehoja.jpg?fit=880%2C440&ssl=1&resize=525%2C300 1.5x, https:\/\/i0.wp.com\/lahoradelcampo.com.uy\/site\/wp-content\/uploads\/2021\/05\/hortalizasdehoja.jpg?fit=880%2C440&ssl=1&resize=700%2C400 2x"},"classes":[]},{"id":41027,"url":"https:\/\/lahoradelcampo.com.uy\/site\/se-hace-notar-la-llegada-del-final-del-mes-en-la-uam\/","url_meta":{"origin":42297,"position":3},"title":"Se hace notar la llegada del final  del mes en la UAM","author":"La Hora del Campo","date":"22 abril, 2022","format":false,"excerpt":"La operativa transcurri\u00f3 de forma medianamente \u00e1gil en la jornada de ayer en la Unidad Agroalimentaria Metropolitana, seg\u00fan comentarios de informantes calificados que destacaron que ya se hace notar el fin de mes. Se registraron descensos en los precios de referencia de tomates, morr\u00f3n Rojo y Verde, zapallito, zucchini, chaucha,\u2026","rel":"","context":"En \u00abActualidad\u00bb","block_context":{"text":"Actualidad","link":"https:\/\/lahoradelcampo.com.uy\/site\/category\/actualidad\/"},"img":{"alt_text":"","src":"https:\/\/i0.wp.com\/lahoradelcampo.com.uy\/site\/wp-content\/uploads\/2022\/04\/UAM-manzanas.jpg?fit=880%2C440&ssl=1&resize=350%2C200","width":350,"height":200,"srcset":"https:\/\/i0.wp.com\/lahoradelcampo.com.uy\/site\/wp-content\/uploads\/2022\/04\/UAM-manzanas.jpg?fit=880%2C440&ssl=1&resize=350%2C200 1x, https:\/\/i0.wp.com\/lahoradelcampo.com.uy\/site\/wp-content\/uploads\/2022\/04\/UAM-manzanas.jpg?fit=880%2C440&ssl=1&resize=525%2C300 1.5x, https:\/\/i0.wp.com\/lahoradelcampo.com.uy\/site\/wp-content\/uploads\/2022\/04\/UAM-manzanas.jpg?fit=880%2C440&ssl=1&resize=700%2C400 2x"},"classes":[]},{"id":35081,"url":"https:\/\/lahoradelcampo.com.uy\/site\/volvio-la-agilidad-en-las-ventas-granjeras\/","url_meta":{"origin":42297,"position":4},"title":"Volvi\u00f3 la agilidad en las ventas granjeras","author":"La Hora del Campo","date":"5 octubre, 2021","format":false,"excerpt":"El comienzo del mes de octubre reactivo una demanda en el sector frutihort\u00edcola que en las \u00faltimas semanas hab\u00eda mermado con la llegada del final del mes de setiembre. Este lunes, seg\u00fan los referentes del mercado, la jornada transcurri\u00f3 de manera \u00e1gil, con alta concurrencia de p\u00fablico comprador y levante\u2026","rel":"","context":"En \u00abActualidad\u00bb","block_context":{"text":"Actualidad","link":"https:\/\/lahoradelcampo.com.uy\/site\/category\/actualidad\/"},"img":{"alt_text":"","src":"https:\/\/i0.wp.com\/lahoradelcampo.com.uy\/site\/wp-content\/uploads\/2017\/11\/Morr%C3%B3n.jpg?fit=880%2C440&ssl=1&resize=350%2C200","width":350,"height":200,"srcset":"https:\/\/i0.wp.com\/lahoradelcampo.com.uy\/site\/wp-content\/uploads\/2017\/11\/Morr%C3%B3n.jpg?fit=880%2C440&ssl=1&resize=350%2C200 1x, https:\/\/i0.wp.com\/lahoradelcampo.com.uy\/site\/wp-content\/uploads\/2017\/11\/Morr%C3%B3n.jpg?fit=880%2C440&ssl=1&resize=525%2C300 1.5x, https:\/\/i0.wp.com\/lahoradelcampo.com.uy\/site\/wp-content\/uploads\/2017\/11\/Morr%C3%B3n.jpg?fit=880%2C440&ssl=1&resize=700%2C400 2x"},"classes":[]},{"id":41793,"url":"https:\/\/lahoradelcampo.com.uy\/site\/el-volumen-de-venta-se-enlentecio-con-la-llegada-de-los-primeros-frios\/","url_meta":{"origin":42297,"position":5},"title":"El volumen de venta se enlenteci\u00f3 con la llegada de los primeros fr\u00edos","author":"La Hora del Campo","date":"13 mayo, 2022","format":false,"excerpt":"La actividad comercial transcurri\u00f3 medianamente \u00e1gil, manteni\u00e9ndose la concurrencia del p\u00fablico comprador con poco levante de mercader\u00eda. Seg\u00fan comentarios de los minoristas, el volumen de venta se ha visto enlentecido por la celebraci\u00f3n del D\u00eda de la Madre el pr\u00f3ximo domingo y la llegada de los primeros fr\u00edos invernales. Se\u2026","rel":"","context":"En \u00abActualidad\u00bb","block_context":{"text":"Actualidad","link":"https:\/\/lahoradelcampo.com.uy\/site\/category\/actualidad\/"},"img":{"alt_text":"","src":"https:\/\/i0.wp.com\/lahoradelcampo.com.uy\/site\/wp-content\/uploads\/2018\/04\/Naranja.jpg?fit=880%2C440&ssl=1&resize=350%2C200","width":350,"height":200,"srcset":"https:\/\/i0.wp.com\/lahoradelcampo.com.uy\/site\/wp-content\/uploads\/2018\/04\/Naranja.jpg?fit=880%2C440&ssl=1&resize=350%2C200 1x, https:\/\/i0.wp.com\/lahoradelcampo.com.uy\/site\/wp-content\/uploads\/2018\/04\/Naranja.jpg?fit=880%2C440&ssl=1&resize=525%2C300 1.5x, https:\/\/i0.wp.com\/lahoradelcampo.com.uy\/site\/wp-content\/uploads\/2018\/04\/Naranja.jpg?fit=880%2C440&ssl=1&resize=700%2C400 2x"},"classes":[]}],"jetpack_likes_enabled":true,"_links":{"self":[{"href":"https:\/\/lahoradelcampo.com.uy\/site\/wp-json\/wp\/v2\/posts\/42297","targetHints":{"allow":["GET"]}}],"collection":[{"href":"https:\/\/lahoradelcampo.com.uy\/site\/wp-json\/wp\/v2\/posts"}],"about":[{"href":"https:\/\/lahoradelcampo.com.uy\/site\/wp-json\/wp\/v2\/types\/post"}],"author":[{"embeddable":true,"href":"https:\/\/lahoradelcampo.com.uy\/site\/wp-json\/wp\/v2\/users\/5"}],"replies":[{"embeddable":true,"href":"https:\/\/lahoradelcampo.com.uy\/site\/wp-json\/wp\/v2\/comments?post=42297"}],"version-history":[{"count":1,"href":"https:\/\/lahoradelcampo.com.uy\/site\/wp-json\/wp\/v2\/posts\/42297\/revisions"}],"predecessor-version":[{"id":42301,"href":"https:\/\/lahoradelcampo.com.uy\/site\/wp-json\/wp\/v2\/posts\/42297\/revisions\/42301"}],"wp:featuredmedia":[{"embeddable":true,"href":"https:\/\/lahoradelcampo.com.uy\/site\/wp-json\/wp\/v2\/media\/29882"}],"wp:attachment":[{"href":"https:\/\/lahoradelcampo.com.uy\/site\/wp-json\/wp\/v2\/media?parent=42297"}],"wp:term":[{"taxonomy":"category","embeddable":true,"href":"https:\/\/lahoradelcampo.com.uy\/site\/wp-json\/wp\/v2\/categories?post=42297"},{"taxonomy":"post_tag","embeddable":true,"href":"https:\/\/lahoradelcampo.com.uy\/site\/wp-json\/wp\/v2\/tags?post=42297"}],"curies":[{"name":"wp","href":"https:\/\/api.w.org\/{rel}","templated":true}]}}