{"id":42291,"date":"2022-05-31T08:37:28","date_gmt":"2022-05-31T11:37:28","guid":{"rendered":"http:\/\/lahoradelcampo.com.uy\/site\/?p=42291"},"modified":"2022-05-31T08:37:31","modified_gmt":"2022-05-31T11:37:31","slug":"el-sector-granjero-contara-con-certificacion-oficial-de-productos-organicos","status":"publish","type":"post","link":"https:\/\/lahoradelcampo.com.uy\/site\/el-sector-granjero-contara-con-certificacion-oficial-de-productos-organicos\/","title":{"rendered":"El sector granjero contar\u00e1  con certificaci\u00f3n oficial de productos org\u00e1nicos"},"content":{"rendered":"\n<figure class=\"wp-block-image\"><img data-recalc-dims=\"1\" loading=\"lazy\" decoding=\"async\" width=\"810\" height=\"405\" data-attachment-id=\"42293\" data-permalink=\"https:\/\/lahoradelcampo.com.uy\/site\/el-sector-granjero-contara-con-certificacion-oficial-de-productos-organicos\/mgap-nicolas-chiesa\/\" data-orig-file=\"https:\/\/i0.wp.com\/lahoradelcampo.com.uy\/site\/wp-content\/uploads\/2022\/05\/MGAP-Nicolas-Chiesa.jpg?fit=880%2C440&amp;ssl=1\" data-orig-size=\"880,440\" data-comments-opened=\"1\" data-image-meta=\"{&quot;aperture&quot;:&quot;0&quot;,&quot;credit&quot;:&quot;&quot;,&quot;camera&quot;:&quot;&quot;,&quot;caption&quot;:&quot;&quot;,&quot;created_timestamp&quot;:&quot;0&quot;,&quot;copyright&quot;:&quot;&quot;,&quot;focal_length&quot;:&quot;0&quot;,&quot;iso&quot;:&quot;0&quot;,&quot;shutter_speed&quot;:&quot;0&quot;,&quot;title&quot;:&quot;&quot;,&quot;orientation&quot;:&quot;1&quot;}\" data-image-title=\"MGAP-Nicolas Chiesa\" data-image-description=\"\" data-image-caption=\"\" data-large-file=\"https:\/\/i0.wp.com\/lahoradelcampo.com.uy\/site\/wp-content\/uploads\/2022\/05\/MGAP-Nicolas-Chiesa.jpg?fit=810%2C405&amp;ssl=1\" src=\"https:\/\/i0.wp.com\/lahoradelcampo.com.uy\/site\/wp-content\/uploads\/2022\/05\/MGAP-Nicolas-Chiesa.jpg?resize=810%2C405\" alt=\"\" class=\"wp-image-42293\" srcset=\"https:\/\/i0.wp.com\/lahoradelcampo.com.uy\/site\/wp-content\/uploads\/2022\/05\/MGAP-Nicolas-Chiesa.jpg?w=880&amp;ssl=1 880w, https:\/\/i0.wp.com\/lahoradelcampo.com.uy\/site\/wp-content\/uploads\/2022\/05\/MGAP-Nicolas-Chiesa.jpg?resize=300%2C150&amp;ssl=1 300w, https:\/\/i0.wp.com\/lahoradelcampo.com.uy\/site\/wp-content\/uploads\/2022\/05\/MGAP-Nicolas-Chiesa.jpg?resize=768%2C384&amp;ssl=1 768w, https:\/\/i0.wp.com\/lahoradelcampo.com.uy\/site\/wp-content\/uploads\/2022\/05\/MGAP-Nicolas-Chiesa.jpg?resize=820%2C410&amp;ssl=1 820w\" sizes=\"auto, (max-width: 810px) 100vw, 810px\" \/><\/figure>\n\n\n\n<p>El viernes se anunci\u00f3 por parte del Poder Ejecutivo la aprobaci\u00f3n de un decreto que autoriza al Ministerio de Ganader\u00eda, Agricultura y Pesca (MGAP) a certificar de manera oficial los productos org\u00e1nicos. De esta manera se garantizar\u00e1 que dichos productos cumplan con los requerimientos m\u00ednimos para ser llamados org\u00e1nicos y al mismo tiempo tambi\u00e9n limita la utilizaci\u00f3n de nombres que pudieran causar confusi\u00f3n a la hora de elegir los productos por parte del consumidor. <br><\/p>\n\n\n\n<p>El Ing. Agr. Nicol\u00e1s Chiesa, Director de la Direcci\u00f3n General de la Granja (Digegra) dijo que este ser\u00e1 \u00abuno de los grandes cambios que vamos a dejar en esta administraci\u00f3n\u00bb. El jerarca explic\u00f3 que en la pasada rendici\u00f3n de cuentas se gener\u00f3 la potestad para que la unidad ejecutora del ministerio comenzar\u00e1 los trabajos para lograr la certificaci\u00f3n org\u00e1nica. Esto \u00abnos permitir\u00e1 darle garant\u00edas a los productores que trabajan de esta forma y que quieren producir en este mecanismo y a los consumidores que pagan muchas veces un diferencial\u00bb agreg\u00f3. <br><\/p>\n\n\n\n<p>Indic\u00f3 que existen m\u00e1s de 100 productores en el sector granjero que han adoptado este sistema org\u00e1nico y que se pretende potenciar dicha producci\u00f3n. \u00abEl ministerio va a tener los sellos de producci\u00f3n org\u00e1nica, de transici\u00f3n a la producci\u00f3n org\u00e1nica\u00bb y se otorgar\u00e1n a medida que se cumplan con los requisitos, adem\u00e1s \u00ablos productos importados tambi\u00e9n van a pasar por el ministerio, buscando defender al consumidor, que cuando se venda algo en el supermercado que diga org\u00e1nico realmente lo sea\u00bb. <br><\/p>\n\n\n\n<p>Chiesa dijo que habr\u00e1 un control sobre \u00abla informaci\u00f3n enga\u00f1osa\u00bb, en este sentido dijo que \u00aba veces ponen la palabra \u00abeco\u00bb, por ejemplo: \u00abeco-tomate\u00bb o \u00abeco-huevo\u00bb, como diciendo que son ecol\u00f3gicos y no lo son, eso no se va a poder usar m\u00e1s. Para poder usar la denominaci\u00f3n  ecol\u00f3gico, biol\u00f3gico, u org\u00e1nico tienen que pasar por los procesos de certificaci\u00f3n\u00bb. El jerarca agreg\u00f3 que permitir\u00e1 a los \u00abpeque\u00f1os productores\u00bb que se integren a estos sistemas de producci\u00f3n a obtener su certificaci\u00f3n \u00absin costo\u00bb. <br><\/p>\n\n\n\n<p>Chiesa indic\u00f3 que existe un n\u00famero importante de productores que ya ven\u00edan trabajando para iniciar los tr\u00e1mites, explic\u00f3 que los formularios ya est\u00e1n disponibles en la p\u00e1gina web del MGAP, el productor debe postularse con los mismos, presentar su plan de manejo y se inicia el proceso. <\/p>\n\n\n\n<p>Salto, 31 de mayo de 2022<\/p>\n","protected":false},"excerpt":{"rendered":"<p>El viernes se anunci\u00f3 por parte del Poder Ejecutivo la aprobaci\u00f3n de un decreto que autoriza al Ministerio de Ganader\u00eda, Agricultura y Pesca (MGAP) a certificar de manera oficial los [&hellip;]<\/p>\n","protected":false},"author":5,"featured_media":42293,"comment_status":"open","ping_status":"open","sticky":false,"template":"","format":"standard","meta":{"_price":"","_stock":"","_tribe_ticket_header":"","_tribe_default_ticket_provider":"","_tribe_ticket_capacity":"0","_ticket_start_date":"","_ticket_end_date":"","_tribe_ticket_show_description":"","_tribe_ticket_show_not_going":false,"_tribe_ticket_use_global_stock":"","_tribe_ticket_global_stock_level":"","_global_stock_mode":"","_global_stock_cap":"","_tribe_rsvp_for_event":"","_tribe_ticket_going_count":"","_tribe_ticket_not_going_count":"","_tribe_tickets_list":"[]","_tribe_ticket_has_attendee_info_fields":false,"h5ap_radio_sources":[],"_jetpack_newsletter_access":"","_jetpack_dont_email_post_to_subs":false,"_jetpack_newsletter_tier_id":0,"_jetpack_memberships_contains_paywalled_content":false,"_jetpack_memberships_contains_paid_content":false,"footnotes":""},"categories":[21,9],"tags":[],"class_list":["post-42291","post","type-post","status-publish","format-standard","has-post-thumbnail","hentry","category-actualidad","category-granja"],"jetpack_featured_media_url":"https:\/\/i0.wp.com\/lahoradelcampo.com.uy\/site\/wp-content\/uploads\/2022\/05\/MGAP-Nicolas-Chiesa.jpg?fit=880%2C440&ssl=1","jetpack_sharing_enabled":true,"jetpack_shortlink":"https:\/\/wp.me\/p99IaT-b07","jetpack-related-posts":[{"id":9605,"url":"https:\/\/lahoradelcampo.com.uy\/site\/mercado-de-productos-organicos-crece-un-20-en-brasil\/","url_meta":{"origin":42291,"position":0},"title":"Mercado de productos org\u00e1nicos crece un 20% en Brasil","author":"La Hora del Campo","date":"5 abril, 2019","format":false,"excerpt":"Durante 2018 el mercado de productos org\u00e1nicos en Brasil creci\u00f3 un 20% tras alcanzar los R$ 4 billones, de acuerdo a los datos informados por el Ministerio de Agricultura, Pecuaria y Abastecimiento (MAPA). A nivel mundial, el mercado de productos org\u00e1nicos es liderado por Estados Unidos, Alemania, Francia y China,\u2026","rel":"","context":"En \u00abActualidad\u00bb","block_context":{"text":"Actualidad","link":"https:\/\/lahoradelcampo.com.uy\/site\/category\/actualidad\/"},"img":{"alt_text":"","src":"https:\/\/i0.wp.com\/lahoradelcampo.com.uy\/site\/wp-content\/uploads\/2019\/04\/Alimentos-organicos.jpg?fit=880%2C440&ssl=1&resize=350%2C200","width":350,"height":200,"srcset":"https:\/\/i0.wp.com\/lahoradelcampo.com.uy\/site\/wp-content\/uploads\/2019\/04\/Alimentos-organicos.jpg?fit=880%2C440&ssl=1&resize=350%2C200 1x, https:\/\/i0.wp.com\/lahoradelcampo.com.uy\/site\/wp-content\/uploads\/2019\/04\/Alimentos-organicos.jpg?fit=880%2C440&ssl=1&resize=525%2C300 1.5x, https:\/\/i0.wp.com\/lahoradelcampo.com.uy\/site\/wp-content\/uploads\/2019\/04\/Alimentos-organicos.jpg?fit=880%2C440&ssl=1&resize=700%2C400 2x"},"classes":[]},{"id":27462,"url":"https:\/\/lahoradelcampo.com.uy\/site\/venta-de-productos-organicos-a-nivel-mundial-crecen-un-16-durante-2020\/","url_meta":{"origin":42291,"position":1},"title":"Venta de productos org\u00e1nicos a nivel mundial crecen un 16% durante 2020","author":"La Hora del Campo","date":"8 febrero, 2021","format":false,"excerpt":"De acuerdo a Nielsen Global Media, durante el a\u00f1o 2020 la venta de productos org\u00e1nicos frescos registr\u00f3 un incremento del 16% en volumen, en tanto que alcanzaron US$ 8,5 mil millones, m\u00e1s de un mil millones respecto a 2019. Ambas ganancias superaron a las de los productos cultivados de manera\u2026","rel":"","context":"En \u00abActualidad\u00bb","block_context":{"text":"Actualidad","link":"https:\/\/lahoradelcampo.com.uy\/site\/category\/actualidad\/"},"img":{"alt_text":"","src":"https:\/\/i0.wp.com\/lahoradelcampo.com.uy\/site\/wp-content\/uploads\/2019\/05\/Alimentos-organicos.jpg?fit=880%2C440&ssl=1&resize=350%2C200","width":350,"height":200,"srcset":"https:\/\/i0.wp.com\/lahoradelcampo.com.uy\/site\/wp-content\/uploads\/2019\/05\/Alimentos-organicos.jpg?fit=880%2C440&ssl=1&resize=350%2C200 1x, https:\/\/i0.wp.com\/lahoradelcampo.com.uy\/site\/wp-content\/uploads\/2019\/05\/Alimentos-organicos.jpg?fit=880%2C440&ssl=1&resize=525%2C300 1.5x, https:\/\/i0.wp.com\/lahoradelcampo.com.uy\/site\/wp-content\/uploads\/2019\/05\/Alimentos-organicos.jpg?fit=880%2C440&ssl=1&resize=700%2C400 2x"},"classes":[]},{"id":51455,"url":"https:\/\/lahoradelcampo.com.uy\/site\/uruguay-y-corea-se-unen-para-impulsar-la-biotecnologia-agricola\/","url_meta":{"origin":42291,"position":2},"title":"Uruguay y Corea se unen para impulsar la biotecnolog\u00eda agr\u00edcola","author":"La Hora del Campo","date":"26 junio, 2023","format":false,"excerpt":"En un paso significativo hacia el desarrollo tecnol\u00f3gico en el \u00e1mbito agropecuario, Uruguay y la Rep\u00fablica de Corea han firmado un memorando de entendimiento que promueve la cooperaci\u00f3n en biotecnolog\u00eda agr\u00edcola. El acuerdo contempla la implementaci\u00f3n de proyectos conjuntos, as\u00ed como la instalaci\u00f3n de un laboratorio en Uruguay. El director\u2026","rel":"","context":"En \u00abActualidad\u00bb","block_context":{"text":"Actualidad","link":"https:\/\/lahoradelcampo.com.uy\/site\/category\/actualidad\/"},"img":{"alt_text":"","src":"https:\/\/i0.wp.com\/lahoradelcampo.com.uy\/site\/wp-content\/uploads\/2023\/06\/OPP-Corea.jpg?fit=880%2C440&ssl=1&resize=350%2C200","width":350,"height":200,"srcset":"https:\/\/i0.wp.com\/lahoradelcampo.com.uy\/site\/wp-content\/uploads\/2023\/06\/OPP-Corea.jpg?fit=880%2C440&ssl=1&resize=350%2C200 1x, https:\/\/i0.wp.com\/lahoradelcampo.com.uy\/site\/wp-content\/uploads\/2023\/06\/OPP-Corea.jpg?fit=880%2C440&ssl=1&resize=525%2C300 1.5x, https:\/\/i0.wp.com\/lahoradelcampo.com.uy\/site\/wp-content\/uploads\/2023\/06\/OPP-Corea.jpg?fit=880%2C440&ssl=1&resize=700%2C400 2x"},"classes":[]},{"id":43519,"url":"https:\/\/lahoradelcampo.com.uy\/site\/mgap-capacito-a-vendedores-de-productos-fitosanitarios\/","url_meta":{"origin":42291,"position":3},"title":"MGAP capacit\u00f3 a vendedores de productos fitosanitarios","author":"La Hora del Campo","date":"6 julio, 2022","format":false,"excerpt":"El Ministerio de Ganader\u00eda, Agricultura y Pesca (MGAP), a trav\u00e9s de Direcci\u00f3n General de los Servicios Agr\u00edcolas (DGSA) realiz\u00f3 el Curso de Uso Seguro de Productos Fitosanitarios, dirigido a comerciantes de dichos productos. El curso fue dictado por los t\u00e9cnicos Douglas Maldini y Mariana Andino, del Departamento de Fiscalizaci\u00f3n de\u2026","rel":"","context":"En \u00abActualidad\u00bb","block_context":{"text":"Actualidad","link":"https:\/\/lahoradelcampo.com.uy\/site\/category\/actualidad\/"},"img":{"alt_text":"","src":"https:\/\/i0.wp.com\/lahoradelcampo.com.uy\/site\/wp-content\/uploads\/2022\/07\/fitosanitarios.jpg?fit=880%2C440&ssl=1&resize=350%2C200","width":350,"height":200,"srcset":"https:\/\/i0.wp.com\/lahoradelcampo.com.uy\/site\/wp-content\/uploads\/2022\/07\/fitosanitarios.jpg?fit=880%2C440&ssl=1&resize=350%2C200 1x, https:\/\/i0.wp.com\/lahoradelcampo.com.uy\/site\/wp-content\/uploads\/2022\/07\/fitosanitarios.jpg?fit=880%2C440&ssl=1&resize=525%2C300 1.5x, https:\/\/i0.wp.com\/lahoradelcampo.com.uy\/site\/wp-content\/uploads\/2022\/07\/fitosanitarios.jpg?fit=880%2C440&ssl=1&resize=700%2C400 2x"},"classes":[]},{"id":17136,"url":"https:\/\/lahoradelcampo.com.uy\/site\/borrador-de-ley-de-urgente-consideracion-preocupa-al-granjero-salteno\/","url_meta":{"origin":42291,"position":4},"title":"Borrador de Ley  de Urgente Consideraci\u00f3n preocupa al granjero salte\u00f1o","author":"La Hora del Campo","date":"29 enero, 2020","format":false,"excerpt":"El anteproyecto de la Ley de Urgente Consideraci\u00f3n trae consigo un capitulo que se denomina \"Sector Agropecuario\", pero que adem\u00e1s contiene en otros sectores cambios que tambi\u00e9n afectar\u00e1n al agro en su conjunto, como lo son los propuestos respecto a la Ley de Inclusi\u00f3n Financiera, por ejemplo. El Dr. Horacio\u2026","rel":"","context":"En \u00abActualidad\u00bb","block_context":{"text":"Actualidad","link":"https:\/\/lahoradelcampo.com.uy\/site\/category\/actualidad\/"},"img":{"alt_text":"","src":"https:\/\/i0.wp.com\/lahoradelcampo.com.uy\/site\/wp-content\/uploads\/2020\/01\/Horacio-de-brum.jpg?fit=880%2C440&ssl=1&resize=350%2C200","width":350,"height":200,"srcset":"https:\/\/i0.wp.com\/lahoradelcampo.com.uy\/site\/wp-content\/uploads\/2020\/01\/Horacio-de-brum.jpg?fit=880%2C440&ssl=1&resize=350%2C200 1x, https:\/\/i0.wp.com\/lahoradelcampo.com.uy\/site\/wp-content\/uploads\/2020\/01\/Horacio-de-brum.jpg?fit=880%2C440&ssl=1&resize=525%2C300 1.5x, https:\/\/i0.wp.com\/lahoradelcampo.com.uy\/site\/wp-content\/uploads\/2020\/01\/Horacio-de-brum.jpg?fit=880%2C440&ssl=1&resize=700%2C400 2x"},"classes":[]},{"id":22654,"url":"https:\/\/lahoradelcampo.com.uy\/site\/central-horticola-hay-un-proyecto-una-obra-civil-pero-esta-todo-para-armar\/","url_meta":{"origin":42291,"position":5},"title":"Central Hort\u00edcola: \u201cHay un proyecto, una obra civil, pero est\u00e1 todo para armar\u201d","author":"La Hora del Campo","date":"14 agosto, 2020","format":false,"excerpt":"El Director General de la Granja, Ing. Agr. Nicol\u00e1s Chiesa, realiz\u00f3 una gira por varias empresas citr\u00edcolas aqu\u00ed en Salto y particip\u00f3 en la Mesa de Desarrollo de Producciones Intensivas, el pasado mi\u00e9rcoles en el local de la Sociedad Fomento de Salto. En dicha oportunidad dialog\u00f3 con La Hora del\u2026","rel":"","context":"En \u00abActualidad\u00bb","block_context":{"text":"Actualidad","link":"https:\/\/lahoradelcampo.com.uy\/site\/category\/actualidad\/"},"img":{"alt_text":"","src":"https:\/\/i0.wp.com\/lahoradelcampo.com.uy\/site\/wp-content\/uploads\/2020\/08\/Reunionchiesaweb.jpg?fit=880%2C440&ssl=1&resize=350%2C200","width":350,"height":200,"srcset":"https:\/\/i0.wp.com\/lahoradelcampo.com.uy\/site\/wp-content\/uploads\/2020\/08\/Reunionchiesaweb.jpg?fit=880%2C440&ssl=1&resize=350%2C200 1x, https:\/\/i0.wp.com\/lahoradelcampo.com.uy\/site\/wp-content\/uploads\/2020\/08\/Reunionchiesaweb.jpg?fit=880%2C440&ssl=1&resize=525%2C300 1.5x, https:\/\/i0.wp.com\/lahoradelcampo.com.uy\/site\/wp-content\/uploads\/2020\/08\/Reunionchiesaweb.jpg?fit=880%2C440&ssl=1&resize=700%2C400 2x"},"classes":[]}],"jetpack_likes_enabled":true,"_links":{"self":[{"href":"https:\/\/lahoradelcampo.com.uy\/site\/wp-json\/wp\/v2\/posts\/42291","targetHints":{"allow":["GET"]}}],"collection":[{"href":"https:\/\/lahoradelcampo.com.uy\/site\/wp-json\/wp\/v2\/posts"}],"about":[{"href":"https:\/\/lahoradelcampo.com.uy\/site\/wp-json\/wp\/v2\/types\/post"}],"author":[{"embeddable":true,"href":"https:\/\/lahoradelcampo.com.uy\/site\/wp-json\/wp\/v2\/users\/5"}],"replies":[{"embeddable":true,"href":"https:\/\/lahoradelcampo.com.uy\/site\/wp-json\/wp\/v2\/comments?post=42291"}],"version-history":[{"count":1,"href":"https:\/\/lahoradelcampo.com.uy\/site\/wp-json\/wp\/v2\/posts\/42291\/revisions"}],"predecessor-version":[{"id":42295,"href":"https:\/\/lahoradelcampo.com.uy\/site\/wp-json\/wp\/v2\/posts\/42291\/revisions\/42295"}],"wp:featuredmedia":[{"embeddable":true,"href":"https:\/\/lahoradelcampo.com.uy\/site\/wp-json\/wp\/v2\/media\/42293"}],"wp:attachment":[{"href":"https:\/\/lahoradelcampo.com.uy\/site\/wp-json\/wp\/v2\/media?parent=42291"}],"wp:term":[{"taxonomy":"category","embeddable":true,"href":"https:\/\/lahoradelcampo.com.uy\/site\/wp-json\/wp\/v2\/categories?post=42291"},{"taxonomy":"post_tag","embeddable":true,"href":"https:\/\/lahoradelcampo.com.uy\/site\/wp-json\/wp\/v2\/tags?post=42291"}],"curies":[{"name":"wp","href":"https:\/\/api.w.org\/{rel}","templated":true}]}}