{"id":42285,"date":"2022-05-31T08:27:19","date_gmt":"2022-05-31T11:27:19","guid":{"rendered":"http:\/\/lahoradelcampo.com.uy\/site\/?p=42285"},"modified":"2022-05-31T08:34:18","modified_gmt":"2022-05-31T11:34:18","slug":"mas-del-90-de-la-cosecha-y-la-calidad-de-la-soja-es-excepcional","status":"publish","type":"post","link":"https:\/\/lahoradelcampo.com.uy\/site\/mas-del-90-de-la-cosecha-y-la-calidad-de-la-soja-es-excepcional\/","title":{"rendered":"M\u00e1s del 90% de la cosecha y la calidad de la soja es \u00abexcepcional\u00bb"},"content":{"rendered":"\n<figure class=\"wp-block-image\"><img data-recalc-dims=\"1\" loading=\"lazy\" decoding=\"async\" width=\"810\" height=\"405\" data-attachment-id=\"42287\" data-permalink=\"https:\/\/lahoradelcampo.com.uy\/site\/mas-del-90-de-la-cosecha-y-la-calidad-de-la-soja-es-excepcional\/mgap-nicolas-olivera\/\" data-orig-file=\"https:\/\/i0.wp.com\/lahoradelcampo.com.uy\/site\/wp-content\/uploads\/2022\/05\/MGAP-Nicolas-Olivera.jpg?fit=880%2C440&amp;ssl=1\" data-orig-size=\"880,440\" data-comments-opened=\"1\" data-image-meta=\"{&quot;aperture&quot;:&quot;0&quot;,&quot;credit&quot;:&quot;&quot;,&quot;camera&quot;:&quot;&quot;,&quot;caption&quot;:&quot;&quot;,&quot;created_timestamp&quot;:&quot;0&quot;,&quot;copyright&quot;:&quot;&quot;,&quot;focal_length&quot;:&quot;0&quot;,&quot;iso&quot;:&quot;0&quot;,&quot;shutter_speed&quot;:&quot;0&quot;,&quot;title&quot;:&quot;&quot;,&quot;orientation&quot;:&quot;1&quot;}\" data-image-title=\"MGAP-Nicolas Olivera\" data-image-description=\"\" data-image-caption=\"\" data-large-file=\"https:\/\/i0.wp.com\/lahoradelcampo.com.uy\/site\/wp-content\/uploads\/2022\/05\/MGAP-Nicolas-Olivera.jpg?fit=810%2C405&amp;ssl=1\" src=\"https:\/\/i0.wp.com\/lahoradelcampo.com.uy\/site\/wp-content\/uploads\/2022\/05\/MGAP-Nicolas-Olivera.jpg?resize=810%2C405\" alt=\"\" class=\"wp-image-42287\" srcset=\"https:\/\/i0.wp.com\/lahoradelcampo.com.uy\/site\/wp-content\/uploads\/2022\/05\/MGAP-Nicolas-Olivera.jpg?w=880&amp;ssl=1 880w, https:\/\/i0.wp.com\/lahoradelcampo.com.uy\/site\/wp-content\/uploads\/2022\/05\/MGAP-Nicolas-Olivera.jpg?resize=300%2C150&amp;ssl=1 300w, https:\/\/i0.wp.com\/lahoradelcampo.com.uy\/site\/wp-content\/uploads\/2022\/05\/MGAP-Nicolas-Olivera.jpg?resize=768%2C384&amp;ssl=1 768w, https:\/\/i0.wp.com\/lahoradelcampo.com.uy\/site\/wp-content\/uploads\/2022\/05\/MGAP-Nicolas-Olivera.jpg?resize=820%2C410&amp;ssl=1 820w\" sizes=\"auto, (max-width: 810px) 100vw, 810px\" \/><\/figure>\n\n\n\n<p>El clima durante la \u00faltima semana retraso parte de las tareas de cosecha en la presente zafra, sin embargo se lleva un 90% de la soja ya levantada en los campos, \u00abes una cosecha en la que estamos muy conformes, con buenos rendimientos, con calidades excepcionales\u00bb dijo el Director de los Servicios Agr\u00edcolas del Ministerio de Ganader\u00eda, Agricultura y Pesca (MGAP), pero principalmente destac\u00f3 que los \u00abniveles de malezas que implican los protocolos con China est\u00e1n normales, no son nada de otro mundo\u00bb.<br><\/p>\n\n\n\n<p>En este sentido dijo que se observa una muy buena \u00abfluidez\u00bb en la salida del producto hacia el exterior e indic\u00f3 que se suma un destino nuevo para el pa\u00eds como lo es \u00abArgentina, con barcazas, que se ha llevado un volumen muy importante de la cosecha y al mismo tiempo con salida a China con grandes barcos, que est\u00e1n saliendo con la calidad muy buena\u00bb. <br><\/p>\n\n\n\n<p>Olivera calific\u00f3 la zafra como \u00abmuy buena, muy interesante\u00bb teniendo en cuenta la fluidez antes mencionada y los buenos valores que se vienen registrando. \u00abEste a\u00f1o se dio muy buenos rendimientos, buenos precios, se vio que el productor pudo vender y captar esos precios, porque muchas veces los precios llegan, pero la venta ya est\u00e1 hecha\u00bb indic\u00f3. <br><\/p>\n\n\n\n<p>Respecto a la presencia de granos coloreados, el profesional dijo que \u00abel productor es cada d\u00eda m\u00e1s consciente, y al que le toc\u00f3 perder parte de su cami\u00f3n o que parte de la producci\u00f3n tuvo que ir a destrucci\u00f3n porque obviamente eso no puede subir un barco, porque pone en riesgo todo el buque que va cargado, pero tambi\u00e9n el origen, ese productor aprendi\u00f3\u00bb aunque advirti\u00f3 que a\u00fan contin\u00faan apareciendo y no solamente en la soja sino tambi\u00e9n en otros cultivos de invierno. <br><\/p>\n\n\n\n<p>En el caso de las malezas, \u00abes un tema m\u00e1s complejo, porque sabemos que est\u00e1n en el campo y que ah\u00ed lo que hay que hacer es la segregaci\u00f3n y ah\u00ed es donde tanto el productor como tambi\u00e9n el acopio tienen realizarla, porque hay destino para todo\u00bb. <br><\/p>\n\n\n\n<p>El jerarca explic\u00f3 que si bien est\u00e1 China que tiene un protocolo a seguir, \u00abtambi\u00e9n hay otros destinos que hoy ocupan m\u00e1s del 50% que son como dec\u00eda Argentina, Egipto y Bangladesh, donde no existen protocolos y ah\u00ed s\u00ed pueden ir\u00bb. <\/p>\n\n\n\n<p>Salto, 31 de mayo de 2022<\/p>\n","protected":false},"excerpt":{"rendered":"<p>El clima durante la \u00faltima semana retraso parte de las tareas de cosecha en la presente zafra, sin embargo se lleva un 90% de la soja ya levantada en los [&hellip;]<\/p>\n","protected":false},"author":5,"featured_media":42287,"comment_status":"open","ping_status":"open","sticky":false,"template":"","format":"standard","meta":{"_price":"","_stock":"","_tribe_ticket_header":"","_tribe_default_ticket_provider":"","_tribe_ticket_capacity":"0","_ticket_start_date":"","_ticket_end_date":"","_tribe_ticket_show_description":"","_tribe_ticket_show_not_going":false,"_tribe_ticket_use_global_stock":"","_tribe_ticket_global_stock_level":"","_global_stock_mode":"","_global_stock_cap":"","_tribe_rsvp_for_event":"","_tribe_ticket_going_count":"","_tribe_ticket_not_going_count":"","_tribe_tickets_list":"[]","_tribe_ticket_has_attendee_info_fields":false,"h5ap_radio_sources":[],"_jetpack_newsletter_access":"","_jetpack_dont_email_post_to_subs":false,"_jetpack_newsletter_tier_id":0,"_jetpack_memberships_contains_paywalled_content":false,"_jetpack_memberships_contains_paid_content":false,"footnotes":""},"categories":[21,7],"tags":[],"class_list":["post-42285","post","type-post","status-publish","format-standard","has-post-thumbnail","hentry","category-actualidad","category-agricultura"],"jetpack_featured_media_url":"https:\/\/i0.wp.com\/lahoradelcampo.com.uy\/site\/wp-content\/uploads\/2022\/05\/MGAP-Nicolas-Olivera.jpg?fit=880%2C440&ssl=1","jetpack_sharing_enabled":true,"jetpack_shortlink":"https:\/\/wp.me\/p99IaT-b01","jetpack-related-posts":[{"id":55955,"url":"https:\/\/lahoradelcampo.com.uy\/site\/cosecha-de-soja-en-el-litoral-con-rendimientos-entre-3-500-y-1-500-kilos\/","url_meta":{"origin":42285,"position":0},"title":"Cosecha de soja en el litoral con rendimientos entre 3.500 y 1.500 kilos","author":"La Hora del Campo","date":"22 abril, 2025","format":false,"excerpt":"La cosecha de soja ha iniciado en Paysand\u00fa con buena calidad del grano y bajos niveles de humedad, seg\u00fan el ingeniero agr\u00f3nomo Luis Simean, gerente de Copagran, filial Paysand\u00fa. Los primeros avances de la cosecha, que se intensificaron durante la presente semana, confirman un grano inicial con bajos niveles de\u2026","rel":"","context":"En \u00abActualidad\u00bb","block_context":{"text":"Actualidad","link":"https:\/\/lahoradelcampo.com.uy\/site\/category\/actualidad\/"},"img":{"alt_text":"","src":"https:\/\/i0.wp.com\/lahoradelcampo.com.uy\/site\/wp-content\/uploads\/2025\/04\/Luis-Simean-Copagran.jpg?fit=880%2C440&ssl=1&resize=350%2C200","width":350,"height":200,"srcset":"https:\/\/i0.wp.com\/lahoradelcampo.com.uy\/site\/wp-content\/uploads\/2025\/04\/Luis-Simean-Copagran.jpg?fit=880%2C440&ssl=1&resize=350%2C200 1x, https:\/\/i0.wp.com\/lahoradelcampo.com.uy\/site\/wp-content\/uploads\/2025\/04\/Luis-Simean-Copagran.jpg?fit=880%2C440&ssl=1&resize=525%2C300 1.5x, https:\/\/i0.wp.com\/lahoradelcampo.com.uy\/site\/wp-content\/uploads\/2025\/04\/Luis-Simean-Copagran.jpg?fit=880%2C440&ssl=1&resize=700%2C400 2x"},"classes":[]},{"id":9633,"url":"https:\/\/lahoradelcampo.com.uy\/site\/la-agricultura-presenta-excelentes-resultados-a-comienzos-de-este-ano\/","url_meta":{"origin":42285,"position":1},"title":"La agricultura presenta excelentes resultados a comienzos de este a\u00f1o","author":"La Hora del Campo","date":"6 abril, 2019","format":false,"excerpt":"Las exportaciones de ma\u00edz crecieron, solo en marzo, de 106.000 d\u00f3lares en 2018 a cinco millones este a\u00f1o, seg\u00fan un informe oficial. \u201cSi bien no termin\u00f3 la zafra de este grano, estoy seguro de que los resultados ser\u00e1n muy buenos, como tambi\u00e9n lo ser\u00e1n los de soja, porque el clima\u2026","rel":"","context":"En \u00abActualidad\u00bb","block_context":{"text":"Actualidad","link":"https:\/\/lahoradelcampo.com.uy\/site\/category\/actualidad\/"},"img":{"alt_text":"","src":"https:\/\/i0.wp.com\/lahoradelcampo.com.uy\/site\/wp-content\/uploads\/2019\/04\/Soja.jpg?fit=880%2C440&ssl=1&resize=350%2C200","width":350,"height":200,"srcset":"https:\/\/i0.wp.com\/lahoradelcampo.com.uy\/site\/wp-content\/uploads\/2019\/04\/Soja.jpg?fit=880%2C440&ssl=1&resize=350%2C200 1x, https:\/\/i0.wp.com\/lahoradelcampo.com.uy\/site\/wp-content\/uploads\/2019\/04\/Soja.jpg?fit=880%2C440&ssl=1&resize=525%2C300 1.5x, https:\/\/i0.wp.com\/lahoradelcampo.com.uy\/site\/wp-content\/uploads\/2019\/04\/Soja.jpg?fit=880%2C440&ssl=1&resize=700%2C400 2x"},"classes":[]},{"id":41735,"url":"https:\/\/lahoradelcampo.com.uy\/site\/comision-de-seguridad-rural-se-reunio-por-controles-frente-a-la-cosecha-de-soja\/","url_meta":{"origin":42285,"position":2},"title":"Comisi\u00f3n de Seguridad Rural se reuni\u00f3 por controles frente a la cosecha de soja","author":"La Hora del Campo","date":"12 mayo, 2022","format":false,"excerpt":"La Comisi\u00f3n Honoraria Asesora de Seguridad Rural, encabezada por la Dra. Fernanda Maldonado del Ministerio de Ganader\u00eda, Agricultura y Pesca (MGAP) se reuni\u00f3 en la jornada de ayer en la localidad de Nueva Palmira, Colonia, para trabajar en torno a los controles sobre la zafra de cosecha de soja. En\u2026","rel":"","context":"En \u00abActualidad\u00bb","block_context":{"text":"Actualidad","link":"https:\/\/lahoradelcampo.com.uy\/site\/category\/actualidad\/"},"img":{"alt_text":"","src":"https:\/\/i0.wp.com\/lahoradelcampo.com.uy\/site\/wp-content\/uploads\/2022\/05\/SeguridadRural1.jpg?fit=880%2C440&ssl=1&resize=350%2C200","width":350,"height":200,"srcset":"https:\/\/i0.wp.com\/lahoradelcampo.com.uy\/site\/wp-content\/uploads\/2022\/05\/SeguridadRural1.jpg?fit=880%2C440&ssl=1&resize=350%2C200 1x, https:\/\/i0.wp.com\/lahoradelcampo.com.uy\/site\/wp-content\/uploads\/2022\/05\/SeguridadRural1.jpg?fit=880%2C440&ssl=1&resize=525%2C300 1.5x, https:\/\/i0.wp.com\/lahoradelcampo.com.uy\/site\/wp-content\/uploads\/2022\/05\/SeguridadRural1.jpg?fit=880%2C440&ssl=1&resize=700%2C400 2x"},"classes":[]},{"id":6201,"url":"https:\/\/lahoradelcampo.com.uy\/site\/cosecha-de-soja-a-todo-vapor-en-brasil\/","url_meta":{"origin":42285,"position":3},"title":"Cosecha de soja a todo vapor en Brasil","author":"La Hora del Campo","date":"26 marzo, 2018","format":false,"excerpt":"La cosecha de la oleaginosa en el pa\u00eds norte\u00f1o se encuentra a \u201ctodo vapor\u201d seg\u00fan el informe del Centro de Estudios en Econom\u00eda Aplicada de San Pablo (Cepea), sin embargo la supercosecha brasile\u00f1a enfrenta un mercado cauteloso y que presiona a la baja las cotizaciones de la soja. El clima\u2026","rel":"","context":"En \u00abActualidad\u00bb","block_context":{"text":"Actualidad","link":"https:\/\/lahoradelcampo.com.uy\/site\/category\/actualidad\/"},"img":{"alt_text":"","src":"https:\/\/i0.wp.com\/lahoradelcampo.com.uy\/site\/wp-content\/uploads\/2018\/03\/Soja.jpg?fit=880%2C440&ssl=1&resize=350%2C200","width":350,"height":200,"srcset":"https:\/\/i0.wp.com\/lahoradelcampo.com.uy\/site\/wp-content\/uploads\/2018\/03\/Soja.jpg?fit=880%2C440&ssl=1&resize=350%2C200 1x, https:\/\/i0.wp.com\/lahoradelcampo.com.uy\/site\/wp-content\/uploads\/2018\/03\/Soja.jpg?fit=880%2C440&ssl=1&resize=525%2C300 1.5x, https:\/\/i0.wp.com\/lahoradelcampo.com.uy\/site\/wp-content\/uploads\/2018\/03\/Soja.jpg?fit=880%2C440&ssl=1&resize=700%2C400 2x"},"classes":[]},{"id":34509,"url":"https:\/\/lahoradelcampo.com.uy\/site\/soja-avanza-la-cosecha-en-eeuu-e-inicia-la-siembra-en-brasil\/","url_meta":{"origin":42285,"position":4},"title":"Soja: Avanza la cosecha en EEUU e inicia  la siembra  en Brasil","author":"La Hora del Campo","date":"22 septiembre, 2021","format":false,"excerpt":"Chicago cerr\u00f3 con recuperaci\u00f3n en los valores de la soja, en sus contratos a futuro, con subas que van desde US$ 4,32 a US$ 3,95 en los negocios hasta julio del a\u00f1o que viene. Los contratos de noviembre est\u00e1n situados en US$ 468,12 y los de julio de 2022 en\u2026","rel":"","context":"En \u00abActualidad\u00bb","block_context":{"text":"Actualidad","link":"https:\/\/lahoradelcampo.com.uy\/site\/category\/actualidad\/"},"img":{"alt_text":"","src":"https:\/\/i0.wp.com\/lahoradelcampo.com.uy\/site\/wp-content\/uploads\/2018\/05\/Soja.jpg?fit=880%2C440&ssl=1&resize=350%2C200","width":350,"height":200,"srcset":"https:\/\/i0.wp.com\/lahoradelcampo.com.uy\/site\/wp-content\/uploads\/2018\/05\/Soja.jpg?fit=880%2C440&ssl=1&resize=350%2C200 1x, https:\/\/i0.wp.com\/lahoradelcampo.com.uy\/site\/wp-content\/uploads\/2018\/05\/Soja.jpg?fit=880%2C440&ssl=1&resize=525%2C300 1.5x, https:\/\/i0.wp.com\/lahoradelcampo.com.uy\/site\/wp-content\/uploads\/2018\/05\/Soja.jpg?fit=880%2C440&ssl=1&resize=700%2C400 2x"},"classes":[]},{"id":29940,"url":"https:\/\/lahoradelcampo.com.uy\/site\/agricultores-apuntan-a-recuperar-terreno-con-los-cultivos-de-invierno\/","url_meta":{"origin":42285,"position":5},"title":"Agricultores apuntan a recuperar terreno con los cultivos de invierno","author":"La Hora del Campo","date":"12 mayo, 2021","format":false,"excerpt":"El profesor de Facultad de Agronom\u00eda y Director de Unicampo, Ing. Esteban Hoffman, indic\u00f3 que \"gran parte de la soja\" ha faltado mucho el agua durante todo el proceso y los rendimientos son menores a los 2.000 kilos por hect\u00e1rea. A\u00fan resta por cosecha la soja de segunda, donde algunos\u2026","rel":"","context":"En \u00abActualidad\u00bb","block_context":{"text":"Actualidad","link":"https:\/\/lahoradelcampo.com.uy\/site\/category\/actualidad\/"},"img":{"alt_text":"","src":"https:\/\/i0.wp.com\/lahoradelcampo.com.uy\/site\/wp-content\/uploads\/2021\/05\/EstebanHoffman.jpg?fit=880%2C440&ssl=1&resize=350%2C200","width":350,"height":200,"srcset":"https:\/\/i0.wp.com\/lahoradelcampo.com.uy\/site\/wp-content\/uploads\/2021\/05\/EstebanHoffman.jpg?fit=880%2C440&ssl=1&resize=350%2C200 1x, https:\/\/i0.wp.com\/lahoradelcampo.com.uy\/site\/wp-content\/uploads\/2021\/05\/EstebanHoffman.jpg?fit=880%2C440&ssl=1&resize=525%2C300 1.5x, https:\/\/i0.wp.com\/lahoradelcampo.com.uy\/site\/wp-content\/uploads\/2021\/05\/EstebanHoffman.jpg?fit=880%2C440&ssl=1&resize=700%2C400 2x"},"classes":[]}],"jetpack_likes_enabled":true,"_links":{"self":[{"href":"https:\/\/lahoradelcampo.com.uy\/site\/wp-json\/wp\/v2\/posts\/42285","targetHints":{"allow":["GET"]}}],"collection":[{"href":"https:\/\/lahoradelcampo.com.uy\/site\/wp-json\/wp\/v2\/posts"}],"about":[{"href":"https:\/\/lahoradelcampo.com.uy\/site\/wp-json\/wp\/v2\/types\/post"}],"author":[{"embeddable":true,"href":"https:\/\/lahoradelcampo.com.uy\/site\/wp-json\/wp\/v2\/users\/5"}],"replies":[{"embeddable":true,"href":"https:\/\/lahoradelcampo.com.uy\/site\/wp-json\/wp\/v2\/comments?post=42285"}],"version-history":[{"count":1,"href":"https:\/\/lahoradelcampo.com.uy\/site\/wp-json\/wp\/v2\/posts\/42285\/revisions"}],"predecessor-version":[{"id":42289,"href":"https:\/\/lahoradelcampo.com.uy\/site\/wp-json\/wp\/v2\/posts\/42285\/revisions\/42289"}],"wp:featuredmedia":[{"embeddable":true,"href":"https:\/\/lahoradelcampo.com.uy\/site\/wp-json\/wp\/v2\/media\/42287"}],"wp:attachment":[{"href":"https:\/\/lahoradelcampo.com.uy\/site\/wp-json\/wp\/v2\/media?parent=42285"}],"wp:term":[{"taxonomy":"category","embeddable":true,"href":"https:\/\/lahoradelcampo.com.uy\/site\/wp-json\/wp\/v2\/categories?post=42285"},{"taxonomy":"post_tag","embeddable":true,"href":"https:\/\/lahoradelcampo.com.uy\/site\/wp-json\/wp\/v2\/tags?post=42285"}],"curies":[{"name":"wp","href":"https:\/\/api.w.org\/{rel}","templated":true}]}}