{"id":42259,"date":"2022-05-30T06:40:07","date_gmt":"2022-05-30T09:40:07","guid":{"rendered":"http:\/\/lahoradelcampo.com.uy\/site\/?p=42259"},"modified":"2022-05-29T18:36:44","modified_gmt":"2022-05-29T21:36:44","slug":"generar-atraso-cambiario-no-es-la-solucion-dijo-la-federacion-rural","status":"publish","type":"post","link":"https:\/\/lahoradelcampo.com.uy\/site\/generar-atraso-cambiario-no-es-la-solucion-dijo-la-federacion-rural\/","title":{"rendered":"\u00abGenerar atraso cambiario  no es la soluci\u00f3n\u00bb dijo la Federaci\u00f3n Rural"},"content":{"rendered":"\n<figure class=\"wp-block-image\"><img data-recalc-dims=\"1\" loading=\"lazy\" decoding=\"async\" width=\"810\" height=\"405\" data-attachment-id=\"42261\" data-permalink=\"https:\/\/lahoradelcampo.com.uy\/site\/generar-atraso-cambiario-no-es-la-solucion-dijo-la-federacion-rural\/fr-congreso\/\" data-orig-file=\"https:\/\/i0.wp.com\/lahoradelcampo.com.uy\/site\/wp-content\/uploads\/2022\/05\/FR-Congreso.jpg?fit=880%2C440&amp;ssl=1\" data-orig-size=\"880,440\" data-comments-opened=\"1\" data-image-meta=\"{&quot;aperture&quot;:&quot;0&quot;,&quot;credit&quot;:&quot;&quot;,&quot;camera&quot;:&quot;&quot;,&quot;caption&quot;:&quot;&quot;,&quot;created_timestamp&quot;:&quot;0&quot;,&quot;copyright&quot;:&quot;&quot;,&quot;focal_length&quot;:&quot;0&quot;,&quot;iso&quot;:&quot;0&quot;,&quot;shutter_speed&quot;:&quot;0&quot;,&quot;title&quot;:&quot;&quot;,&quot;orientation&quot;:&quot;1&quot;}\" data-image-title=\"FR-Congreso\" data-image-description=\"\" data-image-caption=\"\" data-large-file=\"https:\/\/i0.wp.com\/lahoradelcampo.com.uy\/site\/wp-content\/uploads\/2022\/05\/FR-Congreso.jpg?fit=810%2C405&amp;ssl=1\" src=\"https:\/\/i0.wp.com\/lahoradelcampo.com.uy\/site\/wp-content\/uploads\/2022\/05\/FR-Congreso.jpg?resize=810%2C405\" alt=\"\" class=\"wp-image-42261\" srcset=\"https:\/\/i0.wp.com\/lahoradelcampo.com.uy\/site\/wp-content\/uploads\/2022\/05\/FR-Congreso.jpg?w=880&amp;ssl=1 880w, https:\/\/i0.wp.com\/lahoradelcampo.com.uy\/site\/wp-content\/uploads\/2022\/05\/FR-Congreso.jpg?resize=300%2C150&amp;ssl=1 300w, https:\/\/i0.wp.com\/lahoradelcampo.com.uy\/site\/wp-content\/uploads\/2022\/05\/FR-Congreso.jpg?resize=768%2C384&amp;ssl=1 768w, https:\/\/i0.wp.com\/lahoradelcampo.com.uy\/site\/wp-content\/uploads\/2022\/05\/FR-Congreso.jpg?resize=820%2C410&amp;ssl=1 820w\" sizes=\"auto, (max-width: 810px) 100vw, 810px\" \/><\/figure>\n\n\n\n<p>La Federaci\u00f3n Rural realiz\u00f3 en el predio de la Asociaci\u00f3n Rural de Tacuaremb\u00f3, la 105 edici\u00f3n de su congreso anual, con una presencia destacada de las diferentes federadas, gremiales que conforman \u00abCampo Unido\u00bb, el ministro Fernando Mattos y pr\u00e1cticamente todos los directores del Ministerio de Ganader\u00eda, Agricultura y Pesca y en el cierre el Presidente de la Rep\u00fablica, Dr. Luis Lacalle Pou. <br><\/p>\n\n\n\n<p>Se realizaron diferentes presentaciones desde el punto de vista productivo, donde se destaca la presencia del Ing. Pablo Caputti de INAC, con una charla sobre la \u00abContribuci\u00f3n de la ganader\u00eda al desarrollo nacional\u00bb donde expres\u00f3 la importancia de lograr mantener el actual contexto de la ganader\u00eda, tanto con sus valores como en la producci\u00f3n, pero principalmente el nivel de extracci\u00f3n y luego estuvo el Ing. Carlos Molina quien habl\u00f3 del \u00abEscenario ganadero y los resultados de las empresas\u00bb donde se marc\u00f3 el excepcional aumento de los valores de los productos agropecuarios, pero al mismo tiempo el aumento de los insumos y la valorizaci\u00f3n del d\u00f3lar. En este contexto, Molina asegur\u00f3 que las probabilidades son que al cierre del a\u00f1o agr\u00edcola-ganadero a finales de junio, el resultado de las carpetas verdes sea positivo. <br> <\/p>\n\n\n\n<p>El acto de cierre se demor\u00f3 ante la llegada del Presidente de la Rep\u00fablica, qui\u00e9n se traslad\u00f3 v\u00eda terrestre desde Juan Lacaze en Colonia, debido a la situaci\u00f3n clim\u00e1tica que impidi\u00f3 el traslado por aire. <br><\/p>\n\n\n\n<p>Como es tradicional se present\u00f3 el resultado del acto eleccionario, con una \u00fanica lista de consejeros, donde se eligi\u00f3 como presidente al productor arach\u00e1n, Mart\u00edn Ur\u00eda. La misma est\u00e1 integrada adem\u00e1s por Miguel Bidegain de San Jos\u00e9, Fernando G\u00f3mez de Cerro Largo, Carmen Echenagus\u00eda de Tacuaremb\u00f3, \u00c1lvaro Ceriani de Tom\u00e1s Gomensoro en Artigas, Jacqueline Becerra de Soriano, Sebasti\u00e1n Nieves de Maldonado, Miguel Montero de Paso de los Toros, Jos\u00e9 Luis Braga de R\u00edo Negro, Emiliano Caravia de Paysand\u00fa, Ricardo Berois de Flores, Julio Armand Ug\u00f3n de Rivera, Fernando Dighiero de Florida, Facundo Meirelles de Valent\u00edn en Salto, Juan Jos\u00e9 Senattore de Artigas, Joaqu\u00edn Martinicorena de Salto, H\u00e9ctor Mario Egui de Dolores, Gabriel Castro de Molles, Jorge Andr\u00e9s Rodr\u00edguez de Soriano, Ignacio Russi de Durazno, Carlos Mar\u00eda Uriarte de la Fomento de Cerro Largo, Pablo Tafernaberry de Treinta y Tres, Santiago Luzardo de Durazno, Gerardo L\u00f3pez de Paso de los Toros, Rub\u00e9n Moura de Tacuaremb\u00f3, Mariana Abreu de Durazno, Juan Pedro Guggeri de Salto, Nelson Moncalvo de Guich\u00f3n, Ignacio Tedesco de San Jos\u00e9 y Pablo Nieto de Cardona. <br> En su declaraci\u00f3n final, la gremial recomend\u00f3 fortalecer sus instituciones locales y expres\u00f3 su preocupaci\u00f3n sobre la tendencia del tipo de cambio y dijo que \u00abgenerar atraso cambiario no es la soluci\u00f3n\u00bb para la coyuntura actual de la econom\u00eda nacional. <br><\/p>\n\n\n\n<p>DECLARACI\u00d3N FINAL Del 105\u00b0 CONGRESO ANUAL<br><\/p>\n\n\n\n<p>Felicit\u00e9monos por este gran congreso anual presencial luego de 2 a\u00f1os de pandemia, reafirmemos nuestra labor gremial apoyando al sector agropecuario tan dependiente a los avatares del clima y las condiciones cambiantes de los mercados.<br><\/p>\n\n\n\n<p>En este sentido recomendamos a los productores fortalecer a sus instituciones locales, que son la base de nuestra acci\u00f3n gremial para defender la producci\u00f3n nacional dentro de un marco claro de respeto que fije certezas en la reglas de juego.<br><\/p>\n\n\n\n<p>Queremos que la maquinaria de la producci\u00f3n no se detenga, queremos ofrecer a nuestro pa\u00eds cada vez m\u00e1s producci\u00f3n, de m\u00e1s calidad y m\u00e1s valorizada. Para ello necesitamos que se avance y se formalicen las reformas necesarias y anunciadas, que se contin\u00fae firme en la obtenci\u00f3n de acuerdos comerciales m\u00e1s favorables para el Pa\u00eds. Es tiempo para concretar.<br><\/p>\n\n\n\n<p>Valoramos la disposici\u00f3n del gobierno al di\u00e1logo, a la b\u00fasqueda de soluciones, pero tengamos en cuenta que, a\u00fan tenemos encima de la mesa temas que no han encontrado una soluci\u00f3n definitiva, tales como el desarrollo de las campa\u00f1as sanitarias, la problem\u00e1tica de los perros, animales sueltos, entre otros.<br><\/p>\n\n\n\n<p>Vemos con preocupaci\u00f3n, la evoluci\u00f3n del tipo de cambio y sus consecuencias sobre la competitividad del sector exportador.<br><\/p>\n\n\n\n<p>Comprendemos la coyuntura actual, pero generar atraso cambiario no es la soluci\u00f3n.<br><\/p>\n\n\n\n<p>El Uruguay y la sociedad han cambiado. Igualmente lo ha hecho la producci\u00f3n y es a este contexto que entendemos que nuestra forma de hacer gremialismo debe adaptarse. Es en este sentido que nos encontraran trabajando por el desarrollo del pa\u00eds y su gente.<br><\/p>\n\n\n\n<p>Asociaci\u00f3n Rural de Tacuaremb\u00f3, 28 de mayo del 2022<\/p>\n\n\n\n<p>Salto, 30 de mayo de 2022<\/p>\n","protected":false},"excerpt":{"rendered":"<p>La Federaci\u00f3n Rural realiz\u00f3 en el predio de la Asociaci\u00f3n Rural de Tacuaremb\u00f3, la 105 edici\u00f3n de su congreso anual, con una presencia destacada de las diferentes federadas, gremiales que [&hellip;]<\/p>\n","protected":false},"author":5,"featured_media":42261,"comment_status":"open","ping_status":"open","sticky":false,"template":"","format":"standard","meta":{"_price":"","_stock":"","_tribe_ticket_header":"","_tribe_default_ticket_provider":"","_tribe_ticket_capacity":"0","_ticket_start_date":"","_ticket_end_date":"","_tribe_ticket_show_description":"","_tribe_ticket_show_not_going":false,"_tribe_ticket_use_global_stock":"","_tribe_ticket_global_stock_level":"","_global_stock_mode":"","_global_stock_cap":"","_tribe_rsvp_for_event":"","_tribe_ticket_going_count":"","_tribe_ticket_not_going_count":"","_tribe_tickets_list":"[]","_tribe_ticket_has_attendee_info_fields":false,"h5ap_radio_sources":[],"_jetpack_newsletter_access":"","_jetpack_dont_email_post_to_subs":false,"_jetpack_newsletter_tier_id":0,"_jetpack_memberships_contains_paywalled_content":false,"_jetpack_memberships_contains_paid_content":false,"footnotes":""},"categories":[21,5],"tags":[],"class_list":["post-42259","post","type-post","status-publish","format-standard","has-post-thumbnail","hentry","category-actualidad","category-ganaderia"],"jetpack_featured_media_url":"https:\/\/i0.wp.com\/lahoradelcampo.com.uy\/site\/wp-content\/uploads\/2022\/05\/FR-Congreso.jpg?fit=880%2C440&ssl=1","jetpack_sharing_enabled":true,"jetpack_shortlink":"https:\/\/wp.me\/p99IaT-aZB","jetpack-related-posts":[{"id":31514,"url":"https:\/\/lahoradelcampo.com.uy\/site\/manana-se-realiza-el-congreso-de-la-federacion-rural-del-uruguay\/","url_meta":{"origin":42259,"position":0},"title":"Ma\u00f1ana se realiza el Congreso de la Federaci\u00f3n Rural del Uruguay","author":"La Hora del Campo","date":"25 junio, 2021","format":false,"excerpt":"En la jornada de ma\u00f1ana s\u00e1bado, 26 de junio, se realiza el Congreso Anual de la Federaci\u00f3n Rural del Uruguay. A pesar del pedido de las federadas que el congreso se realizara de forma presencial, con los referentes de los distintos puntos del pa\u00eds y debatir las diferentes ponencias de\u2026","rel":"","context":"En \u00abActualidad\u00bb","block_context":{"text":"Actualidad","link":"https:\/\/lahoradelcampo.com.uy\/site\/category\/actualidad\/"},"img":{"alt_text":"","src":"https:\/\/i0.wp.com\/lahoradelcampo.com.uy\/site\/wp-content\/uploads\/2018\/03\/web-federacion.jpg?fit=880%2C440&ssl=1&resize=350%2C200","width":350,"height":200,"srcset":"https:\/\/i0.wp.com\/lahoradelcampo.com.uy\/site\/wp-content\/uploads\/2018\/03\/web-federacion.jpg?fit=880%2C440&ssl=1&resize=350%2C200 1x, https:\/\/i0.wp.com\/lahoradelcampo.com.uy\/site\/wp-content\/uploads\/2018\/03\/web-federacion.jpg?fit=880%2C440&ssl=1&resize=525%2C300 1.5x, https:\/\/i0.wp.com\/lahoradelcampo.com.uy\/site\/wp-content\/uploads\/2018\/03\/web-federacion.jpg?fit=880%2C440&ssl=1&resize=700%2C400 2x"},"classes":[]},{"id":50405,"url":"https:\/\/lahoradelcampo.com.uy\/site\/congreso-anual-de-la-fr-recuperacion-productiva-competitiva-y-sustentable\/","url_meta":{"origin":42259,"position":1},"title":"Congreso anual de la FR: \u00abRecuperaci\u00f3n productiva, competitiva y sustentable\u00bb","author":"La Hora del Campo","date":"17 mayo, 2023","format":false,"excerpt":"El 26 y 27 de mayo se llevar\u00e1 a cabo en Santa Bernardina-Durazno el esperado 106 Congreso Anual de la Federaci\u00f3n Rural. Bajo el lema \"Por la recuperaci\u00f3n productiva, competitiva y sustentable\", este evento contar\u00e1 con una variedad de actividades y debates de inter\u00e9s para el sector agropecuario. El viernes\u2026","rel":"","context":"En \u00abActualidad\u00bb","block_context":{"text":"Actualidad","link":"https:\/\/lahoradelcampo.com.uy\/site\/category\/actualidad\/"},"img":{"alt_text":"","src":"https:\/\/i0.wp.com\/lahoradelcampo.com.uy\/site\/wp-content\/uploads\/2019\/05\/Federacion-Rural-1.jpg?fit=880%2C440&ssl=1&resize=350%2C200","width":350,"height":200,"srcset":"https:\/\/i0.wp.com\/lahoradelcampo.com.uy\/site\/wp-content\/uploads\/2019\/05\/Federacion-Rural-1.jpg?fit=880%2C440&ssl=1&resize=350%2C200 1x, https:\/\/i0.wp.com\/lahoradelcampo.com.uy\/site\/wp-content\/uploads\/2019\/05\/Federacion-Rural-1.jpg?fit=880%2C440&ssl=1&resize=525%2C300 1.5x, https:\/\/i0.wp.com\/lahoradelcampo.com.uy\/site\/wp-content\/uploads\/2019\/05\/Federacion-Rural-1.jpg?fit=880%2C440&ssl=1&resize=700%2C400 2x"},"classes":[]},{"id":10985,"url":"https:\/\/lahoradelcampo.com.uy\/site\/el-congreso-de-la-federacion-rural-reunira-a-los-presidenciables\/","url_meta":{"origin":42259,"position":2},"title":"El Congreso de la Federaci\u00f3n Rural reunir\u00e1 a los presidenciables","author":"La Hora del Campo","date":"22 mayo, 2019","format":false,"excerpt":"Durante los d\u00edas viernes 25 y s\u00e1bado 26 se realizar\u00e1 el 102\u00b0 Congreso Anual de la Federaci\u00f3n Rural del Uruguay denominado este a\u00f1o \"Diego Platero Garc\u00eda - Nuestra identidad en el coraz\u00f3n del pa\u00eds\". Este a\u00f1o el evento se realizar\u00e1 en el predio de la Sociedad Rural de Paso de\u2026","rel":"","context":"En \u00abActualidad\u00bb","block_context":{"text":"Actualidad","link":"https:\/\/lahoradelcampo.com.uy\/site\/category\/actualidad\/"},"img":{"alt_text":"","src":"https:\/\/i0.wp.com\/lahoradelcampo.com.uy\/site\/wp-content\/uploads\/2019\/05\/Federacion-rural.jpg?fit=880%2C440&ssl=1&resize=350%2C200","width":350,"height":200,"srcset":"https:\/\/i0.wp.com\/lahoradelcampo.com.uy\/site\/wp-content\/uploads\/2019\/05\/Federacion-rural.jpg?fit=880%2C440&ssl=1&resize=350%2C200 1x, https:\/\/i0.wp.com\/lahoradelcampo.com.uy\/site\/wp-content\/uploads\/2019\/05\/Federacion-rural.jpg?fit=880%2C440&ssl=1&resize=525%2C300 1.5x, https:\/\/i0.wp.com\/lahoradelcampo.com.uy\/site\/wp-content\/uploads\/2019\/05\/Federacion-rural.jpg?fit=880%2C440&ssl=1&resize=700%2C400 2x"},"classes":[]},{"id":56182,"url":"https:\/\/lahoradelcampo.com.uy\/site\/la-federacion-rural-esta-unida-en-la-diversidad-dijo-rafael-normey\/","url_meta":{"origin":42259,"position":3},"title":"La Federaci\u00f3n Rural \u00abest\u00e1 unida en la diversidad\u00bb dijo Rafael Normey","author":"La Hora del Campo","date":"8 junio, 2025","format":false,"excerpt":"Rafael Normey asumir\u00e1 como presidente de la Federaci\u00f3n Rural el lunes 9 de junio a las 17:00 horas en la sede de la instituci\u00f3n, luego de su elecci\u00f3n en el 108\u00b0 Congreso celebrado en San Jos\u00e9. El productor valor\u00f3 positivamente el encuentro y destac\u00f3 la importancia de continuar el trabajo\u2026","rel":"","context":"En \u00abActualidad\u00bb","block_context":{"text":"Actualidad","link":"https:\/\/lahoradelcampo.com.uy\/site\/category\/actualidad\/"},"img":{"alt_text":"","src":"https:\/\/i0.wp.com\/lahoradelcampo.com.uy\/site\/wp-content\/uploads\/2025\/06\/RafaelNormey.jpg?fit=880%2C440&ssl=1&resize=350%2C200","width":350,"height":200,"srcset":"https:\/\/i0.wp.com\/lahoradelcampo.com.uy\/site\/wp-content\/uploads\/2025\/06\/RafaelNormey.jpg?fit=880%2C440&ssl=1&resize=350%2C200 1x, https:\/\/i0.wp.com\/lahoradelcampo.com.uy\/site\/wp-content\/uploads\/2025\/06\/RafaelNormey.jpg?fit=880%2C440&ssl=1&resize=525%2C300 1.5x, https:\/\/i0.wp.com\/lahoradelcampo.com.uy\/site\/wp-content\/uploads\/2025\/06\/RafaelNormey.jpg?fit=880%2C440&ssl=1&resize=700%2C400 2x"},"classes":[]},{"id":50743,"url":"https:\/\/lahoradelcampo.com.uy\/site\/jorge-andres-rodriguez-presidira-la-federacion-rural\/","url_meta":{"origin":42259,"position":4},"title":"Jorge Andr\u00e9s Rodr\u00edguez presidir\u00e1 la Federaci\u00f3n Rural","author":"La Hora del Campo","date":"25 mayo, 2023","format":false,"excerpt":"La Federaci\u00f3n Rural est\u00e1 lista para llevar a cabo su tradicional Congreso Anual los d\u00edas viernes 26 y s\u00e1bado 27 en el local Santa Bernardina de la Sociedad Rural de Durazno. En una reuni\u00f3n celebrada ayer, la gremial decidi\u00f3 presentar una lista \u00fanica de consenso encabezada por Jorge Andr\u00e9s Rodr\u00edguez.\u2026","rel":"","context":"En \u00abActualidad\u00bb","block_context":{"text":"Actualidad","link":"https:\/\/lahoradelcampo.com.uy\/site\/category\/actualidad\/"},"img":{"alt_text":"","src":"https:\/\/i0.wp.com\/lahoradelcampo.com.uy\/site\/wp-content\/uploads\/2023\/05\/jorge-andres-rodriguez-1.jpg?fit=880%2C440&ssl=1&resize=350%2C200","width":350,"height":200,"srcset":"https:\/\/i0.wp.com\/lahoradelcampo.com.uy\/site\/wp-content\/uploads\/2023\/05\/jorge-andres-rodriguez-1.jpg?fit=880%2C440&ssl=1&resize=350%2C200 1x, https:\/\/i0.wp.com\/lahoradelcampo.com.uy\/site\/wp-content\/uploads\/2023\/05\/jorge-andres-rodriguez-1.jpg?fit=880%2C440&ssl=1&resize=525%2C300 1.5x, https:\/\/i0.wp.com\/lahoradelcampo.com.uy\/site\/wp-content\/uploads\/2023\/05\/jorge-andres-rodriguez-1.jpg?fit=880%2C440&ssl=1&resize=700%2C400 2x"},"classes":[]},{"id":29286,"url":"https:\/\/lahoradelcampo.com.uy\/site\/fr-pospuso-el-congreso-anual-y-las-elecciones-para-finales-de-junio\/","url_meta":{"origin":42259,"position":5},"title":"FR pospuso el Congreso Anual  y las elecciones para finales de junio","author":"La Hora del Campo","date":"16 abril, 2021","format":false,"excerpt":"En la reuni\u00f3n del Consejo Directivo de la Federaci\u00f3n Rural, esta semana, se analiz\u00f3 la realizaci\u00f3n del Congreso Anual de la instituci\u00f3n, que este a\u00f1o incluye el acto eleccionario. La reuni\u00f3n anual estaba prevista desarrollarse en el marco de la ExpoActiva Nacional, pero debido a la decisi\u00f3n de la Asociaci\u00f3n\u2026","rel":"","context":"En \u00abActualidad\u00bb","block_context":{"text":"Actualidad","link":"https:\/\/lahoradelcampo.com.uy\/site\/category\/actualidad\/"},"img":{"alt_text":"","src":"https:\/\/i0.wp.com\/lahoradelcampo.com.uy\/site\/wp-content\/uploads\/2018\/05\/federacion1.jpg?fit=880%2C440&ssl=1&resize=350%2C200","width":350,"height":200,"srcset":"https:\/\/i0.wp.com\/lahoradelcampo.com.uy\/site\/wp-content\/uploads\/2018\/05\/federacion1.jpg?fit=880%2C440&ssl=1&resize=350%2C200 1x, https:\/\/i0.wp.com\/lahoradelcampo.com.uy\/site\/wp-content\/uploads\/2018\/05\/federacion1.jpg?fit=880%2C440&ssl=1&resize=525%2C300 1.5x, https:\/\/i0.wp.com\/lahoradelcampo.com.uy\/site\/wp-content\/uploads\/2018\/05\/federacion1.jpg?fit=880%2C440&ssl=1&resize=700%2C400 2x"},"classes":[]}],"jetpack_likes_enabled":true,"_links":{"self":[{"href":"https:\/\/lahoradelcampo.com.uy\/site\/wp-json\/wp\/v2\/posts\/42259","targetHints":{"allow":["GET"]}}],"collection":[{"href":"https:\/\/lahoradelcampo.com.uy\/site\/wp-json\/wp\/v2\/posts"}],"about":[{"href":"https:\/\/lahoradelcampo.com.uy\/site\/wp-json\/wp\/v2\/types\/post"}],"author":[{"embeddable":true,"href":"https:\/\/lahoradelcampo.com.uy\/site\/wp-json\/wp\/v2\/users\/5"}],"replies":[{"embeddable":true,"href":"https:\/\/lahoradelcampo.com.uy\/site\/wp-json\/wp\/v2\/comments?post=42259"}],"version-history":[{"count":1,"href":"https:\/\/lahoradelcampo.com.uy\/site\/wp-json\/wp\/v2\/posts\/42259\/revisions"}],"predecessor-version":[{"id":42263,"href":"https:\/\/lahoradelcampo.com.uy\/site\/wp-json\/wp\/v2\/posts\/42259\/revisions\/42263"}],"wp:featuredmedia":[{"embeddable":true,"href":"https:\/\/lahoradelcampo.com.uy\/site\/wp-json\/wp\/v2\/media\/42261"}],"wp:attachment":[{"href":"https:\/\/lahoradelcampo.com.uy\/site\/wp-json\/wp\/v2\/media?parent=42259"}],"wp:term":[{"taxonomy":"category","embeddable":true,"href":"https:\/\/lahoradelcampo.com.uy\/site\/wp-json\/wp\/v2\/categories?post=42259"},{"taxonomy":"post_tag","embeddable":true,"href":"https:\/\/lahoradelcampo.com.uy\/site\/wp-json\/wp\/v2\/tags?post=42259"}],"curies":[{"name":"wp","href":"https:\/\/api.w.org\/{rel}","templated":true}]}}