{"id":42253,"date":"2022-05-30T06:35:02","date_gmt":"2022-05-30T09:35:02","guid":{"rendered":"http:\/\/lahoradelcampo.com.uy\/site\/?p=42253"},"modified":"2022-05-29T18:32:39","modified_gmt":"2022-05-29T21:32:39","slug":"perros-es-un-problema-de-todos-y-la-solucion-de-largo-aliento","status":"publish","type":"post","link":"https:\/\/lahoradelcampo.com.uy\/site\/perros-es-un-problema-de-todos-y-la-solucion-de-largo-aliento\/","title":{"rendered":"Perros: es un problema de todos y la soluci\u00f3n de largo aliento"},"content":{"rendered":"\n<figure class=\"wp-block-image\"><img data-recalc-dims=\"1\" loading=\"lazy\" decoding=\"async\" width=\"810\" height=\"405\" data-attachment-id=\"42255\" data-permalink=\"https:\/\/lahoradelcampo.com.uy\/site\/perros-es-un-problema-de-todos-y-la-solucion-de-largo-aliento\/fr-perros\/\" data-orig-file=\"https:\/\/i0.wp.com\/lahoradelcampo.com.uy\/site\/wp-content\/uploads\/2022\/05\/FR-Perros.jpg?fit=880%2C440&amp;ssl=1\" data-orig-size=\"880,440\" data-comments-opened=\"1\" data-image-meta=\"{&quot;aperture&quot;:&quot;0&quot;,&quot;credit&quot;:&quot;&quot;,&quot;camera&quot;:&quot;&quot;,&quot;caption&quot;:&quot;&quot;,&quot;created_timestamp&quot;:&quot;0&quot;,&quot;copyright&quot;:&quot;&quot;,&quot;focal_length&quot;:&quot;0&quot;,&quot;iso&quot;:&quot;0&quot;,&quot;shutter_speed&quot;:&quot;0&quot;,&quot;title&quot;:&quot;&quot;,&quot;orientation&quot;:&quot;1&quot;}\" data-image-title=\"FR-Perros\" data-image-description=\"\" data-image-caption=\"\" data-large-file=\"https:\/\/i0.wp.com\/lahoradelcampo.com.uy\/site\/wp-content\/uploads\/2022\/05\/FR-Perros.jpg?fit=810%2C405&amp;ssl=1\" src=\"https:\/\/i0.wp.com\/lahoradelcampo.com.uy\/site\/wp-content\/uploads\/2022\/05\/FR-Perros.jpg?resize=810%2C405\" alt=\"\" class=\"wp-image-42255\" srcset=\"https:\/\/i0.wp.com\/lahoradelcampo.com.uy\/site\/wp-content\/uploads\/2022\/05\/FR-Perros.jpg?w=880&amp;ssl=1 880w, https:\/\/i0.wp.com\/lahoradelcampo.com.uy\/site\/wp-content\/uploads\/2022\/05\/FR-Perros.jpg?resize=300%2C150&amp;ssl=1 300w, https:\/\/i0.wp.com\/lahoradelcampo.com.uy\/site\/wp-content\/uploads\/2022\/05\/FR-Perros.jpg?resize=768%2C384&amp;ssl=1 768w, https:\/\/i0.wp.com\/lahoradelcampo.com.uy\/site\/wp-content\/uploads\/2022\/05\/FR-Perros.jpg?resize=820%2C410&amp;ssl=1 820w\" sizes=\"auto, (max-width: 810px) 100vw, 810px\" \/><\/figure>\n\n\n\n<p>De las tem\u00e1ticas m\u00e1s importantes en estos dos d\u00edas y que gener\u00f3 un importante intercambio entre los distintos integrantes de la Federaci\u00f3n Rural, y ayer con las autoridades del Instituto Nacional de Bienestar Animal (INBA) fue la superpoblaci\u00f3n de perros y los ataques a animales de producci\u00f3n, principalmente al ovino. <br><\/p>\n\n\n\n<p>Al respecto, Ana Araujo integrante de la directiva, dijo \u00abtuvimos una instancia muy importante, para hablar de la sobrepoblaci\u00f3n canina que estamos sufriendo y que sufren principalmente los productores ovinos\u00bb, en este sentido se\u00f1al\u00f3 que \u00abel diagn\u00f3stico ya lo sabemos todos, tenemos claro que la sobrepoblaci\u00f3n canina est\u00e1 descontrolada y que hay que tomar medidas urgentes\u00bb. <br><\/p>\n\n\n\n<p>Araujo que representa a los productores ante el INBA, reconoci\u00f3 la importancia de que el directorio en pleno estuviera en la reuni\u00f3n, pero principalmente la presencia de la representante de las ONG&#8217;s \u00abque con mucha valent\u00eda vino a un lugar donde sab\u00eda que se iban a tocar temas muy sensibles y la verdad es que fue un momento de intercambio muy importante\u00bb. <br><\/p>\n\n\n\n<p>La productora indic\u00f3 que esta \u00abes una problem\u00e1tica muy dif\u00edcil\u00bb y remarc\u00f3 que \u00abpor primera vez en la historia se est\u00e1n tomando medidas de fondo, medidas reales, que si Dios quiere nuestros hijos no van a tener que estar hablando de esto como lo estuvieron hablando nuestros padres y hoy seguimos hablando nosotros\u00bb.<br><\/p>\n\n\n\n<p>Dentro de las medidas para adoptar y aportar desde los productores, es la identificaci\u00f3n de los canes y el control de los perros durante la noche. \u00abEs la manera de ponerle Cascabel al gato\u00bb dijo Araujo, quien agreg\u00f3 que se debe \u00abrelacionar los perros con su tenedor y adem\u00e1s tenemos que seguir castrando para que baje la cantidad de animales, que no se sigan reproduciendo, porque la reproducci\u00f3n est\u00e1 descontrolada por la falta de castraciones\u00bb. <br><\/p>\n\n\n\n<p>Respecto a la captura de los canes, dijo \u00abnosotros seguimos luchando para lograr la captura y lograr sacar esos perros del medio, qu\u00e9 es la patita que nos est\u00e1 faltando junto con el plan nacional de albergues que est\u00e1 muy retrasado para nuestro gusto\u00bb. <br><\/p>\n\n\n\n<p>Respecto a este tema, durante la reuni\u00f3n, el ministro Fernando Mattos remarc\u00f3 la importancia de que los productores cuiden sus animales en los predios y marc\u00f3 algunos ejemplos donde la problem\u00e1tica es interna. Al mismo tiempo dijo a consejo del instituto que est\u00e1n atrasados y que se debe avanzar en la captura de los perros sueltos. <br> <\/p>\n\n\n\n<p>\u00abDentro de nuestros predios los productores somos responsables, porque convengamos que somos los mayores tenedores responsables de animales, tenemos nuestro ganados identificados, contenidos, intentamos de que no salgan a la calle porque sabemos que nos lo pueden robar, que tenemos peligros con la sanidad y los tenemos contenidos\u00bb dijo Araujo. Al mismo tiempo remarc\u00f3 que \u00abese mismo concepto al que estamos acostumbrados los productores hay que tenerlo tambi\u00e9n por los perros. Tienen que estar contenidos, atados, en caniles o en un guardapatio, que ser\u00eda lo ideal\u00bb. <\/p>\n\n\n\n<p>Salto, 29 de mayo de 2022<\/p>\n","protected":false},"excerpt":{"rendered":"<p>De las tem\u00e1ticas m\u00e1s importantes en estos dos d\u00edas y que gener\u00f3 un importante intercambio entre los distintos integrantes de la Federaci\u00f3n Rural, y ayer con las autoridades del Instituto [&hellip;]<\/p>\n","protected":false},"author":5,"featured_media":42255,"comment_status":"open","ping_status":"open","sticky":false,"template":"","format":"standard","meta":{"_price":"","_stock":"","_tribe_ticket_header":"","_tribe_default_ticket_provider":"","_tribe_ticket_capacity":"0","_ticket_start_date":"","_ticket_end_date":"","_tribe_ticket_show_description":"","_tribe_ticket_show_not_going":false,"_tribe_ticket_use_global_stock":"","_tribe_ticket_global_stock_level":"","_global_stock_mode":"","_global_stock_cap":"","_tribe_rsvp_for_event":"","_tribe_ticket_going_count":"","_tribe_ticket_not_going_count":"","_tribe_tickets_list":"[]","_tribe_ticket_has_attendee_info_fields":false,"h5ap_radio_sources":[],"_jetpack_newsletter_access":"","_jetpack_dont_email_post_to_subs":false,"_jetpack_newsletter_tier_id":0,"_jetpack_memberships_contains_paywalled_content":false,"_jetpack_memberships_contains_paid_content":false,"footnotes":""},"categories":[21,5],"tags":[],"class_list":["post-42253","post","type-post","status-publish","format-standard","has-post-thumbnail","hentry","category-actualidad","category-ganaderia"],"jetpack_featured_media_url":"https:\/\/i0.wp.com\/lahoradelcampo.com.uy\/site\/wp-content\/uploads\/2022\/05\/FR-Perros.jpg?fit=880%2C440&ssl=1","jetpack_sharing_enabled":true,"jetpack_shortlink":"https:\/\/wp.me\/p99IaT-aZv","jetpack-related-posts":[{"id":21752,"url":"https:\/\/lahoradelcampo.com.uy\/site\/en-salto-o-en-colonia-las-jaurias-de-perros-siguen-golpeando-la-produccion-ovina\/","url_meta":{"origin":42253,"position":0},"title":"En Salto o en Colonia, las jaur\u00edas de perros siguen golpeando la producci\u00f3n ovina","author":"La Hora del Campo","date":"13 julio, 2020","format":false,"excerpt":"Las jaur\u00edas de perros son un problema que se extienden a todo el territorio nacional, ya sea como en este caso donde nos llegan noticias de Zanja Honda en Salto o en Santa Catalina en Colonia, como en otros casos que se visualizan en Artigas, Cerro Largo o en otros\u2026","rel":"","context":"En \u00abActualidad\u00bb","block_context":{"text":"Actualidad","link":"https:\/\/lahoradelcampo.com.uy\/site\/category\/actualidad\/"},"img":{"alt_text":"","src":"https:\/\/i0.wp.com\/lahoradelcampo.com.uy\/site\/wp-content\/uploads\/2020\/07\/jauriasweb.jpg?fit=880%2C440&ssl=1&resize=350%2C200","width":350,"height":200,"srcset":"https:\/\/i0.wp.com\/lahoradelcampo.com.uy\/site\/wp-content\/uploads\/2020\/07\/jauriasweb.jpg?fit=880%2C440&ssl=1&resize=350%2C200 1x, https:\/\/i0.wp.com\/lahoradelcampo.com.uy\/site\/wp-content\/uploads\/2020\/07\/jauriasweb.jpg?fit=880%2C440&ssl=1&resize=525%2C300 1.5x, https:\/\/i0.wp.com\/lahoradelcampo.com.uy\/site\/wp-content\/uploads\/2020\/07\/jauriasweb.jpg?fit=880%2C440&ssl=1&resize=700%2C400 2x"},"classes":[]},{"id":51974,"url":"https:\/\/lahoradelcampo.com.uy\/site\/institutos-de-bienestar-animal-departamentales-comenzaran-a-funcionar-en-2024\/","url_meta":{"origin":42253,"position":1},"title":"Institutos de Bienestar Animal departamentales comenzaran a funcionar en 2024","author":"La Hora del Campo","date":"22 julio, 2023","format":false,"excerpt":"En la Intendencia Municipal de Montevideo, este jueves 20, el ministro del MGAP, Fernando Mattos, el subsecretario Ignacio Buffa, la directora general Fernanda Maldonado y la presidenta del Instituto Nacional de Bienestar Animal , Marcia del Campo y la directora ejecutiva del INBA, Marcela Delgado participaron en una nueva sesi\u00f3n\u2026","rel":"","context":"En \u00abActualidad\u00bb","block_context":{"text":"Actualidad","link":"https:\/\/lahoradelcampo.com.uy\/site\/category\/actualidad\/"},"img":{"alt_text":"","src":"https:\/\/i0.wp.com\/lahoradelcampo.com.uy\/site\/wp-content\/uploads\/2023\/07\/MGAP-Mattos-Maldonado.jpg?fit=880%2C440&ssl=1&resize=350%2C200","width":350,"height":200,"srcset":"https:\/\/i0.wp.com\/lahoradelcampo.com.uy\/site\/wp-content\/uploads\/2023\/07\/MGAP-Mattos-Maldonado.jpg?fit=880%2C440&ssl=1&resize=350%2C200 1x, https:\/\/i0.wp.com\/lahoradelcampo.com.uy\/site\/wp-content\/uploads\/2023\/07\/MGAP-Mattos-Maldonado.jpg?fit=880%2C440&ssl=1&resize=525%2C300 1.5x, https:\/\/i0.wp.com\/lahoradelcampo.com.uy\/site\/wp-content\/uploads\/2023\/07\/MGAP-Mattos-Maldonado.jpg?fit=880%2C440&ssl=1&resize=700%2C400 2x"},"classes":[]},{"id":35793,"url":"https:\/\/lahoradelcampo.com.uy\/site\/inba-acordo-con-intendencias-la-castracion-de-mas-de-90-mil-perros\/","url_meta":{"origin":42253,"position":2},"title":"INBA acord\u00f3 con Intendencias la castraci\u00f3n de m\u00e1s de 90 mil perros","author":"La Hora del Campo","date":"22 octubre, 2021","format":false,"excerpt":"En el marco del Congreso de Intendentes, en Durazno, la directora general del MGAP, Fernanda Maldonado y el subsecretario, Ignacio Buffa presentaron el convenio ante las 19 Intendencias departamentales, que permitir\u00e1 la castraci\u00f3n y chipeo de m\u00e1s de 90.000 perros en todo el territorio nacional. El mencionado acuerdo se firm\u00f3,\u2026","rel":"","context":"En \u00abActualidad\u00bb","block_context":{"text":"Actualidad","link":"https:\/\/lahoradelcampo.com.uy\/site\/category\/actualidad\/"},"img":{"alt_text":"","src":"https:\/\/i0.wp.com\/lahoradelcampo.com.uy\/site\/wp-content\/uploads\/2021\/10\/INBA.jpg?fit=880%2C440&ssl=1&resize=350%2C200","width":350,"height":200,"srcset":"https:\/\/i0.wp.com\/lahoradelcampo.com.uy\/site\/wp-content\/uploads\/2021\/10\/INBA.jpg?fit=880%2C440&ssl=1&resize=350%2C200 1x, https:\/\/i0.wp.com\/lahoradelcampo.com.uy\/site\/wp-content\/uploads\/2021\/10\/INBA.jpg?fit=880%2C440&ssl=1&resize=525%2C300 1.5x, https:\/\/i0.wp.com\/lahoradelcampo.com.uy\/site\/wp-content\/uploads\/2021\/10\/INBA.jpg?fit=880%2C440&ssl=1&resize=700%2C400 2x"},"classes":[]},{"id":53153,"url":"https:\/\/lahoradelcampo.com.uy\/site\/encuesta-revelan-que-en-uruguay-hay-casi-tres-millones-de-perros-y-gatos\/","url_meta":{"origin":42253,"position":3},"title":"Encuesta revelan que en Uruguay hay casi tres millones de perros y gatos","author":"La Hora del Campo","date":"20 noviembre, 2023","format":false,"excerpt":"El Instituto de Bienestar Animal (INBA) realiz\u00f3, entre agosto y setiembre, la encuesta \"Cuantificaci\u00f3n y caracterizaci\u00f3n de formas de tenencia en animales de compa\u00f1\u00eda\u201d para conocer la realidad nacional e implementar pol\u00edticas p\u00fablicas. Los guarismos arrojaron que 86% de los consultados consider\u00f3 positivo que el Ejecutivo priorice el bienestar animal\u2026","rel":"","context":"En \u00abActualidad\u00bb","block_context":{"text":"Actualidad","link":"https:\/\/lahoradelcampo.com.uy\/site\/category\/actualidad\/"},"img":{"alt_text":"","src":"https:\/\/i0.wp.com\/lahoradelcampo.com.uy\/site\/wp-content\/uploads\/2023\/11\/MGAP-Inba1.jpg?fit=880%2C440&ssl=1&resize=350%2C200","width":350,"height":200,"srcset":"https:\/\/i0.wp.com\/lahoradelcampo.com.uy\/site\/wp-content\/uploads\/2023\/11\/MGAP-Inba1.jpg?fit=880%2C440&ssl=1&resize=350%2C200 1x, https:\/\/i0.wp.com\/lahoradelcampo.com.uy\/site\/wp-content\/uploads\/2023\/11\/MGAP-Inba1.jpg?fit=880%2C440&ssl=1&resize=525%2C300 1.5x, https:\/\/i0.wp.com\/lahoradelcampo.com.uy\/site\/wp-content\/uploads\/2023\/11\/MGAP-Inba1.jpg?fit=880%2C440&ssl=1&resize=700%2C400 2x"},"classes":[]},{"id":48933,"url":"https:\/\/lahoradelcampo.com.uy\/site\/el-mgap-reglamento-articulos-de-la-ley-de-bienestar-animal\/","url_meta":{"origin":42253,"position":4},"title":"El MGAP reglament\u00f3 art\u00edculos  de la Ley de Bienestar Animal","author":"La Hora del Campo","date":"1 marzo, 2023","format":false,"excerpt":"\u201cLa discusi\u00f3n no pasa solo por la cantidad de animales, sino por la situaci\u00f3n en que est\u00e1n. Hay que hacer un trabajo muy importante en lo que tiene que ver con la tenencia responsable, porque esta situaci\u00f3n deriva, sin dudas, de una irresponsable\u201d, dijo la directora Fernanda Maldonado acerca de\u2026","rel":"","context":"En \u00abActualidad\u00bb","block_context":{"text":"Actualidad","link":"https:\/\/lahoradelcampo.com.uy\/site\/category\/actualidad\/"},"img":{"alt_text":"","src":"https:\/\/i0.wp.com\/lahoradelcampo.com.uy\/site\/wp-content\/uploads\/2023\/03\/FernandaMaldonado-mgap.jpg?fit=880%2C440&ssl=1&resize=350%2C200","width":350,"height":200,"srcset":"https:\/\/i0.wp.com\/lahoradelcampo.com.uy\/site\/wp-content\/uploads\/2023\/03\/FernandaMaldonado-mgap.jpg?fit=880%2C440&ssl=1&resize=350%2C200 1x, https:\/\/i0.wp.com\/lahoradelcampo.com.uy\/site\/wp-content\/uploads\/2023\/03\/FernandaMaldonado-mgap.jpg?fit=880%2C440&ssl=1&resize=525%2C300 1.5x, https:\/\/i0.wp.com\/lahoradelcampo.com.uy\/site\/wp-content\/uploads\/2023\/03\/FernandaMaldonado-mgap.jpg?fit=880%2C440&ssl=1&resize=700%2C400 2x"},"classes":[]},{"id":4243,"url":"https:\/\/lahoradelcampo.com.uy\/site\/sul-informo-avances-en-abigeato-y-jaurias-de-perros\/","url_meta":{"origin":42253,"position":5},"title":"SUL inform\u00f3 avances en abigeato y jaur\u00edas de perros","author":"La Hora del Campo","date":"27 noviembre, 2017","format":false,"excerpt":"En marzo de 2016 desde el Plan Estrat\u00e9gico Nacional del Rubro Ovino (PENRO) se inici\u00f3 el trabajo en generar una estrategia para abordar el abigeato y el ataque de jaur\u00edas de perros entre las organizaciones que lo integran y otras relacionadas con este tema. Es as\u00ed que durante los a\u00f1os\u2026","rel":"","context":"En \u00abActualidad\u00bb","block_context":{"text":"Actualidad","link":"https:\/\/lahoradelcampo.com.uy\/site\/category\/actualidad\/"},"img":{"alt_text":"","src":"https:\/\/i0.wp.com\/lahoradelcampo.com.uy\/site\/wp-content\/uploads\/2017\/11\/Fernanda-Maldonado.jpg?fit=880%2C440&ssl=1&resize=350%2C200","width":350,"height":200,"srcset":"https:\/\/i0.wp.com\/lahoradelcampo.com.uy\/site\/wp-content\/uploads\/2017\/11\/Fernanda-Maldonado.jpg?fit=880%2C440&ssl=1&resize=350%2C200 1x, https:\/\/i0.wp.com\/lahoradelcampo.com.uy\/site\/wp-content\/uploads\/2017\/11\/Fernanda-Maldonado.jpg?fit=880%2C440&ssl=1&resize=525%2C300 1.5x, https:\/\/i0.wp.com\/lahoradelcampo.com.uy\/site\/wp-content\/uploads\/2017\/11\/Fernanda-Maldonado.jpg?fit=880%2C440&ssl=1&resize=700%2C400 2x"},"classes":[]}],"jetpack_likes_enabled":true,"_links":{"self":[{"href":"https:\/\/lahoradelcampo.com.uy\/site\/wp-json\/wp\/v2\/posts\/42253","targetHints":{"allow":["GET"]}}],"collection":[{"href":"https:\/\/lahoradelcampo.com.uy\/site\/wp-json\/wp\/v2\/posts"}],"about":[{"href":"https:\/\/lahoradelcampo.com.uy\/site\/wp-json\/wp\/v2\/types\/post"}],"author":[{"embeddable":true,"href":"https:\/\/lahoradelcampo.com.uy\/site\/wp-json\/wp\/v2\/users\/5"}],"replies":[{"embeddable":true,"href":"https:\/\/lahoradelcampo.com.uy\/site\/wp-json\/wp\/v2\/comments?post=42253"}],"version-history":[{"count":1,"href":"https:\/\/lahoradelcampo.com.uy\/site\/wp-json\/wp\/v2\/posts\/42253\/revisions"}],"predecessor-version":[{"id":42257,"href":"https:\/\/lahoradelcampo.com.uy\/site\/wp-json\/wp\/v2\/posts\/42253\/revisions\/42257"}],"wp:featuredmedia":[{"embeddable":true,"href":"https:\/\/lahoradelcampo.com.uy\/site\/wp-json\/wp\/v2\/media\/42255"}],"wp:attachment":[{"href":"https:\/\/lahoradelcampo.com.uy\/site\/wp-json\/wp\/v2\/media?parent=42253"}],"wp:term":[{"taxonomy":"category","embeddable":true,"href":"https:\/\/lahoradelcampo.com.uy\/site\/wp-json\/wp\/v2\/categories?post=42253"},{"taxonomy":"post_tag","embeddable":true,"href":"https:\/\/lahoradelcampo.com.uy\/site\/wp-json\/wp\/v2\/tags?post=42253"}],"curies":[{"name":"wp","href":"https:\/\/api.w.org\/{rel}","templated":true}]}}