{"id":42245,"date":"2022-05-30T06:20:13","date_gmt":"2022-05-30T09:20:13","guid":{"rendered":"http:\/\/lahoradelcampo.com.uy\/site\/?p=42245"},"modified":"2022-05-29T18:27:39","modified_gmt":"2022-05-29T21:27:39","slug":"asumio-andres-treglia-como-director-departamental-de-salto","status":"publish","type":"post","link":"https:\/\/lahoradelcampo.com.uy\/site\/asumio-andres-treglia-como-director-departamental-de-salto\/","title":{"rendered":"Asumi\u00f3 Andr\u00e9s Treglia como Director Departamental de Salto"},"content":{"rendered":"\n<figure class=\"wp-block-image\"><img data-recalc-dims=\"1\" loading=\"lazy\" decoding=\"async\" width=\"810\" height=\"405\" data-attachment-id=\"42247\" data-permalink=\"https:\/\/lahoradelcampo.com.uy\/site\/asumio-andres-treglia-como-director-departamental-de-salto\/mgap-treglia\/\" data-orig-file=\"https:\/\/i0.wp.com\/lahoradelcampo.com.uy\/site\/wp-content\/uploads\/2022\/05\/MGAP-treglia.jpg?fit=880%2C440&amp;ssl=1\" data-orig-size=\"880,440\" data-comments-opened=\"1\" data-image-meta=\"{&quot;aperture&quot;:&quot;0&quot;,&quot;credit&quot;:&quot;&quot;,&quot;camera&quot;:&quot;&quot;,&quot;caption&quot;:&quot;&quot;,&quot;created_timestamp&quot;:&quot;0&quot;,&quot;copyright&quot;:&quot;&quot;,&quot;focal_length&quot;:&quot;0&quot;,&quot;iso&quot;:&quot;0&quot;,&quot;shutter_speed&quot;:&quot;0&quot;,&quot;title&quot;:&quot;&quot;,&quot;orientation&quot;:&quot;1&quot;}\" data-image-title=\"MGAP-treglia\" data-image-description=\"\" data-image-caption=\"\" data-large-file=\"https:\/\/i0.wp.com\/lahoradelcampo.com.uy\/site\/wp-content\/uploads\/2022\/05\/MGAP-treglia.jpg?fit=810%2C405&amp;ssl=1\" src=\"https:\/\/i0.wp.com\/lahoradelcampo.com.uy\/site\/wp-content\/uploads\/2022\/05\/MGAP-treglia.jpg?resize=810%2C405\" alt=\"\" class=\"wp-image-42247\" srcset=\"https:\/\/i0.wp.com\/lahoradelcampo.com.uy\/site\/wp-content\/uploads\/2022\/05\/MGAP-treglia.jpg?w=880&amp;ssl=1 880w, https:\/\/i0.wp.com\/lahoradelcampo.com.uy\/site\/wp-content\/uploads\/2022\/05\/MGAP-treglia.jpg?resize=300%2C150&amp;ssl=1 300w, https:\/\/i0.wp.com\/lahoradelcampo.com.uy\/site\/wp-content\/uploads\/2022\/05\/MGAP-treglia.jpg?resize=768%2C384&amp;ssl=1 768w, https:\/\/i0.wp.com\/lahoradelcampo.com.uy\/site\/wp-content\/uploads\/2022\/05\/MGAP-treglia.jpg?resize=820%2C410&amp;ssl=1 820w\" sizes=\"auto, (max-width: 810px) 100vw, 810px\" \/><\/figure>\n\n\n\n<p>El viernes se realiz\u00f3 la asunci\u00f3n formal del Director Departamental del Ministerio de Ganader\u00eda, Agricultura y Pesca (MGAP), Ing. Agr. Andr\u00e9s Treglia, con la presencia del Ministro Ing. Agr. Fernando Mattos, el Subsecretario Ing. Agr. Ignacio Buffa y el Director de Descentralizaci\u00f3n Luis Mar\u00eda Carresse, a los que se sumaron otros directores del ministerio. <br><\/p>\n\n\n\n<p>El director de descentralizaci\u00f3n dijo que el cargo ha tenido una \u00abausencia notoria\u00bb con un largo proceso de selecci\u00f3n, \u00abpandemia por medio\u00bb, que ha determinado la presencia de Treglia como el nuevo jerarca. Carresse destac\u00f3 el compromiso del exdirector departamental, Mijail Pastorino, \u00abqui\u00e9n ha realizado una muy buena tarea ante la ausencia de un director\u00bb. <br><\/p>\n\n\n\n<p>Seg\u00fan explic\u00f3 el jerarca se presentaron 1.500 personas para cubrir las vacantes en 19 departamentos, y en algunos casos hubo candidatos que han seleccionado m\u00e1s de un departamento. \u00abAndr\u00e9s es qui\u00e9n, con la mayor transparencia y cristalinidad, triunfa para el departamento de Salto. Ese concurso que llevo 2 a\u00f1os\u00bb.<br><\/p>\n\n\n\n<p>Carresse destac\u00f3 que el rol del nuevo director departamental \u00abes interactuar, ser la persona que genera la sinergia entre las diferentes instituciones\u00bb de la regi\u00f3n, as\u00ed como tambi\u00e9n con las dependencias del estado. <br><\/p>\n\n\n\n<p><strong>Ing. Agr. Andr\u00e9s Treglia<\/strong><br><\/p>\n\n\n\n<p>El flamante director departamental, Ing. Agr. Andr\u00e9s Treglia, record\u00f3 que \u00aben mis m\u00e1s remotos recuerdos de la ni\u00f1ez son arriba de un Land Rover del Plan Agropecuario\u00bb, ya que su padre ejerci\u00f3 funciones en dicha instituci\u00f3n. Indic\u00f3 que en aquel momento \u00abse pon\u00eda en la puerta del Land Rover, MGA todav\u00eda la P no estaba\u00bb, adem\u00e1s agreg\u00f3 que \u00abpara m\u00ed es de una gran significancia y es un orgullo estar ac\u00e1 en este momento\u00bb.<br><\/p>\n\n\n\n<p>Agradeci\u00f3 al equipo de funcionarios de la oficina departamental, \u00abporque me han hecho muy f\u00e1cil el aterrizaje a esta oficina, me he encontrado con gente muy comprometida, con ganas, con mucho compromiso de servicio\u00bb. Expres\u00f3 \u00abvengo a integrarme a un equipo de trabajo tanto de forma interna como hacia afuera\u00bb. <br><\/p>\n\n\n\n<p>Al tiempo de agradecer la confianza de las autoridades al darle dicho cargo, tambi\u00e9n agradeci\u00f3 a su familia \u00abporque ellos se van a llevar toda la carga de esta aventura, pero como ven est\u00e1n a mi lado y eso es en definitiva es lo m\u00e1s importante\u00bb.<br><\/p>\n\n\n\n<p><strong>Ing. Agr. Fernando Mattos <\/strong><br><\/p>\n\n\n\n<p>\u00abEn el caso de Andr\u00e9s estamos muy tranquilos y muy contentos por la elecci\u00f3n, que fue un proceso largo, transparente e inobjetable y muy competitivo\u00bb dijo el Ministro de Ganader\u00eda, Agricultura y Pesca, qui\u00e9n afirm\u00f3 que en dicha selecci\u00f3n \u00abprimaron las condiciones profesionales y tambi\u00e9n la trayectoria, porque Andr\u00e9s trae un bagaje importante de experiencia, de conocimiento en el \u00e1rea de la educaci\u00f3n, en el \u00e1rea de la extensi\u00f3n, trae una experiencia internacional inclusive\u00bb.<br><\/p>\n\n\n\n<p>Mattos remarc\u00f3 la importancia de la oficina en Salto debido a que all\u00ed est\u00e1n presentes todas las Unidades Ejecutoras, ante lo \u00abmuy diverso en cuanto a producci\u00f3n, obviamente las m\u00e1s tradicionales producci\u00f3n ganadera, ovina, hort\u00edcola que es tan arraigada el departamento tenemos, la citricultura qu\u00e9 es tan fuerte en el departamento\u00bb.<\/p>\n\n\n\n<p>Salto, 30 de mayo de 2022<\/p>\n","protected":false},"excerpt":{"rendered":"<p>El viernes se realiz\u00f3 la asunci\u00f3n formal del Director Departamental del Ministerio de Ganader\u00eda, Agricultura y Pesca (MGAP), Ing. Agr. Andr\u00e9s Treglia, con la presencia del Ministro Ing. Agr. Fernando [&hellip;]<\/p>\n","protected":false},"author":5,"featured_media":42249,"comment_status":"open","ping_status":"open","sticky":false,"template":"","format":"standard","meta":{"_price":"","_stock":"","_tribe_ticket_header":"","_tribe_default_ticket_provider":"","_tribe_ticket_capacity":"0","_ticket_start_date":"","_ticket_end_date":"","_tribe_ticket_show_description":"","_tribe_ticket_show_not_going":false,"_tribe_ticket_use_global_stock":"","_tribe_ticket_global_stock_level":"","_global_stock_mode":"","_global_stock_cap":"","_tribe_rsvp_for_event":"","_tribe_ticket_going_count":"","_tribe_ticket_not_going_count":"","_tribe_tickets_list":"[]","_tribe_ticket_has_attendee_info_fields":false,"h5ap_radio_sources":[],"_jetpack_newsletter_access":"","_jetpack_dont_email_post_to_subs":false,"_jetpack_newsletter_tier_id":0,"_jetpack_memberships_contains_paywalled_content":false,"_jetpack_memberships_contains_paid_content":false,"footnotes":""},"categories":[21,5],"tags":[],"class_list":["post-42245","post","type-post","status-publish","format-standard","has-post-thumbnail","hentry","category-actualidad","category-ganaderia"],"jetpack_featured_media_url":"https:\/\/i0.wp.com\/lahoradelcampo.com.uy\/site\/wp-content\/uploads\/2022\/05\/MGAP-treglia-1.jpg?fit=880%2C440&ssl=1","jetpack_sharing_enabled":true,"jetpack_shortlink":"https:\/\/wp.me\/p99IaT-aZn","jetpack-related-posts":[{"id":41239,"url":"https:\/\/lahoradelcampo.com.uy\/site\/el-ing-agr-andres-treglia-asumio-la-direccion-del-mgap-en-salto\/","url_meta":{"origin":42245,"position":0},"title":"El Ing. Agr. Andr\u00e9s Treglia asumi\u00f3 la direcci\u00f3n del MGAP en Salto","author":"La Hora del Campo","date":"27 abril, 2022","format":false,"excerpt":"Tras la asunci\u00f3n de las autoridades del Ministerio de Ganader\u00eda, Agricultura y Pesca (MGAP) en 2020, en aquel entonces encabezadas por el Ing. Carlos Mar\u00eda Uriarte, vencieron los contratos de los directores departamentales que se desempe\u00f1aban hasta entonces. A diferencia de otros departamentos, en Salto, Mijail Pastorino dej\u00f3 su cargo\u2026","rel":"","context":"En \u00abActualidad\u00bb","block_context":{"text":"Actualidad","link":"https:\/\/lahoradelcampo.com.uy\/site\/category\/actualidad\/"},"img":{"alt_text":"","src":"https:\/\/i0.wp.com\/lahoradelcampo.com.uy\/site\/wp-content\/uploads\/2022\/04\/MGAP-Andres-Treglia.jpg?fit=880%2C440&ssl=1&resize=350%2C200","width":350,"height":200,"srcset":"https:\/\/i0.wp.com\/lahoradelcampo.com.uy\/site\/wp-content\/uploads\/2022\/04\/MGAP-Andres-Treglia.jpg?fit=880%2C440&ssl=1&resize=350%2C200 1x, https:\/\/i0.wp.com\/lahoradelcampo.com.uy\/site\/wp-content\/uploads\/2022\/04\/MGAP-Andres-Treglia.jpg?fit=880%2C440&ssl=1&resize=525%2C300 1.5x, https:\/\/i0.wp.com\/lahoradelcampo.com.uy\/site\/wp-content\/uploads\/2022\/04\/MGAP-Andres-Treglia.jpg?fit=880%2C440&ssl=1&resize=700%2C400 2x"},"classes":[]},{"id":41233,"url":"https:\/\/lahoradelcampo.com.uy\/site\/el-lunes-designaron-a-los-19-directores-departamentales-del-mgap\/","url_meta":{"origin":42245,"position":1},"title":"El lunes designaron a los 19 directores departamentales del MGAP","author":"La Hora del Campo","date":"27 abril, 2022","format":false,"excerpt":"Tras un largo proceso de selecci\u00f3n, que se dilat\u00f3 en el tiempo, este lunes 25 de abril se designaron los nuevos directores departamentales del MGAP; quienes fueron recibidos por el Ministro Fernando Mattos, el Subsecretario Ignacio Buffa, la Directora General Fernanda Maldonado y el Director de Descentralizaci\u00f3n Luis Carresse. Mattos\u2026","rel":"","context":"En \u00abActualidad\u00bb","block_context":{"text":"Actualidad","link":"https:\/\/lahoradelcampo.com.uy\/site\/category\/actualidad\/"},"img":{"alt_text":"","src":"https:\/\/i0.wp.com\/lahoradelcampo.com.uy\/site\/wp-content\/uploads\/2022\/04\/MGAP-Departamentales.jpg?fit=880%2C440&ssl=1&resize=350%2C200","width":350,"height":200,"srcset":"https:\/\/i0.wp.com\/lahoradelcampo.com.uy\/site\/wp-content\/uploads\/2022\/04\/MGAP-Departamentales.jpg?fit=880%2C440&ssl=1&resize=350%2C200 1x, https:\/\/i0.wp.com\/lahoradelcampo.com.uy\/site\/wp-content\/uploads\/2022\/04\/MGAP-Departamentales.jpg?fit=880%2C440&ssl=1&resize=525%2C300 1.5x, https:\/\/i0.wp.com\/lahoradelcampo.com.uy\/site\/wp-content\/uploads\/2022\/04\/MGAP-Departamentales.jpg?fit=880%2C440&ssl=1&resize=700%2C400 2x"},"classes":[]},{"id":49362,"url":"https:\/\/lahoradelcampo.com.uy\/site\/hay-301-postulaciones-a-creditos-de-microfinanzas-en-salto-segun-el-mgap\/","url_meta":{"origin":42245,"position":2},"title":"Hay 301 postulaciones a cr\u00e9ditos de Microfinanzas en Salto, seg\u00fan el MGAP","author":"La Hora del Campo","date":"21 marzo, 2023","format":false,"excerpt":"La medida que m\u00e1s se ha hecho incapie desde el Ministerio de Ganader\u00eda, Agricultura y Pesca (MGAP) ha sido el otorgamiento de cr\u00e9ditos con Microfinanzas Rep\u00fablica, subsidiados a trav\u00e9s del Fondo de Emergencia Agropecuaria (FAE). La misma est\u00e1 habilitada desde el mes de octubre cuando se realiz\u00f3 la primera declaraci\u00f3n\u2026","rel":"","context":"En \u00abActualidad\u00bb","block_context":{"text":"Actualidad","link":"https:\/\/lahoradelcampo.com.uy\/site\/category\/actualidad\/"},"img":{"alt_text":"","src":"https:\/\/i0.wp.com\/lahoradelcampo.com.uy\/site\/wp-content\/uploads\/2023\/03\/Andr%C3%A9s-treglia.jpg?fit=880%2C440&ssl=1&resize=350%2C200","width":350,"height":200,"srcset":"https:\/\/i0.wp.com\/lahoradelcampo.com.uy\/site\/wp-content\/uploads\/2023\/03\/Andr%C3%A9s-treglia.jpg?fit=880%2C440&ssl=1&resize=350%2C200 1x, https:\/\/i0.wp.com\/lahoradelcampo.com.uy\/site\/wp-content\/uploads\/2023\/03\/Andr%C3%A9s-treglia.jpg?fit=880%2C440&ssl=1&resize=525%2C300 1.5x, https:\/\/i0.wp.com\/lahoradelcampo.com.uy\/site\/wp-content\/uploads\/2023\/03\/Andr%C3%A9s-treglia.jpg?fit=880%2C440&ssl=1&resize=700%2C400 2x"},"classes":[]},{"id":17742,"url":"https:\/\/lahoradelcampo.com.uy\/site\/mijail-pastorino-continua-al-frente-del-mgap-en-salto-hasta-abril\/","url_meta":{"origin":42245,"position":3},"title":"Mijail Pastorino contin\u00faa al frente del MGAP en Salto hasta abril","author":"La Hora del Campo","date":"3 marzo, 2020","format":false,"excerpt":"En la jornada de ayer asumieron las nuevas autoridades del Ministerio de Ganader\u00eda, Agricultura y Pesca, encabezadas por el Ing. Agr. Carlos Maria Uriarte. En dicho acto de ceremonia estuvieron presentes el Secretario de Presidencia, \u00c1lvaro Delgado, el Prosecretario de Presidencia, Rodrigo F\u00e9rres y el Canciller de la Rep\u00fablica, Ernesto\u2026","rel":"","context":"En \u00abActualidad\u00bb","block_context":{"text":"Actualidad","link":"https:\/\/lahoradelcampo.com.uy\/site\/category\/actualidad\/"},"img":{"alt_text":"","src":"https:\/\/i0.wp.com\/lahoradelcampo.com.uy\/site\/wp-content\/uploads\/2020\/03\/mgap-asuncion.jpg?fit=880%2C440&ssl=1&resize=350%2C200","width":350,"height":200,"srcset":"https:\/\/i0.wp.com\/lahoradelcampo.com.uy\/site\/wp-content\/uploads\/2020\/03\/mgap-asuncion.jpg?fit=880%2C440&ssl=1&resize=350%2C200 1x, https:\/\/i0.wp.com\/lahoradelcampo.com.uy\/site\/wp-content\/uploads\/2020\/03\/mgap-asuncion.jpg?fit=880%2C440&ssl=1&resize=525%2C300 1.5x, https:\/\/i0.wp.com\/lahoradelcampo.com.uy\/site\/wp-content\/uploads\/2020\/03\/mgap-asuncion.jpg?fit=880%2C440&ssl=1&resize=700%2C400 2x"},"classes":[]},{"id":18690,"url":"https:\/\/lahoradelcampo.com.uy\/site\/el-cargo-de-director-departamental-del-mgap-es-mas-politico-que-tecnico\/","url_meta":{"origin":42245,"position":4},"title":"El cargo de director departamental del MGAP  es m\u00e1s \u00abpol\u00edtico que t\u00e9cnico\u00bb","author":"La Hora del Campo","date":"8 abril, 2020","format":false,"excerpt":"En el pa\u00eds, \u00fanicamente los departamentos de Salto y Montevideo, se encuentran sin Director Departamental en el Ministerio de Ganader\u00eda, Agricultura y Pesca (MGAP). Aqu\u00ed en el departamento de Salto, en particular, el ex Director, Mijail Pastorino, envi\u00f3 una carta a los medios de comunicaci\u00f3n para se\u00f1alar su alejamiento de\u2026","rel":"","context":"En \u00abActualidad\u00bb","block_context":{"text":"Actualidad","link":"https:\/\/lahoradelcampo.com.uy\/site\/category\/actualidad\/"},"img":{"alt_text":"","src":"https:\/\/i0.wp.com\/lahoradelcampo.com.uy\/site\/wp-content\/uploads\/2020\/04\/CarlosRydstrom.jpg?fit=880%2C440&ssl=1&resize=350%2C200","width":350,"height":200,"srcset":"https:\/\/i0.wp.com\/lahoradelcampo.com.uy\/site\/wp-content\/uploads\/2020\/04\/CarlosRydstrom.jpg?fit=880%2C440&ssl=1&resize=350%2C200 1x, https:\/\/i0.wp.com\/lahoradelcampo.com.uy\/site\/wp-content\/uploads\/2020\/04\/CarlosRydstrom.jpg?fit=880%2C440&ssl=1&resize=525%2C300 1.5x, https:\/\/i0.wp.com\/lahoradelcampo.com.uy\/site\/wp-content\/uploads\/2020\/04\/CarlosRydstrom.jpg?fit=880%2C440&ssl=1&resize=700%2C400 2x"},"classes":[]},{"id":17662,"url":"https:\/\/lahoradelcampo.com.uy\/site\/el-futuro-equipo-del-mgap-esta-confirmado\/","url_meta":{"origin":42245,"position":5},"title":"El futuro equipo del MGAP est\u00e1 confirmado","author":"La Hora del Campo","date":"27 febrero, 2020","format":false,"excerpt":"Se confirman varios nombres para futuro equipo que a partir del 2 de marzo asumir\u00e1 en el Ministerio de Ganader\u00eda, Agricultura y Pesca (MGAP), encabezado por el Ing. Agr. Carlos Mar\u00eda Uriarte, qui\u00e9n ser\u00e1 secundado por el Ing. Ignacio Buffa y la Dra. Fernanda Maldonado en la Direcci\u00f3n General. La\u2026","rel":"","context":"En \u00abActualidad\u00bb","block_context":{"text":"Actualidad","link":"https:\/\/lahoradelcampo.com.uy\/site\/category\/actualidad\/"},"img":{"alt_text":"","src":"https:\/\/i0.wp.com\/lahoradelcampo.com.uy\/site\/wp-content\/uploads\/2020\/02\/Uriarte-y-equipo.jpg?fit=880%2C440&ssl=1&resize=350%2C200","width":350,"height":200,"srcset":"https:\/\/i0.wp.com\/lahoradelcampo.com.uy\/site\/wp-content\/uploads\/2020\/02\/Uriarte-y-equipo.jpg?fit=880%2C440&ssl=1&resize=350%2C200 1x, https:\/\/i0.wp.com\/lahoradelcampo.com.uy\/site\/wp-content\/uploads\/2020\/02\/Uriarte-y-equipo.jpg?fit=880%2C440&ssl=1&resize=525%2C300 1.5x, https:\/\/i0.wp.com\/lahoradelcampo.com.uy\/site\/wp-content\/uploads\/2020\/02\/Uriarte-y-equipo.jpg?fit=880%2C440&ssl=1&resize=700%2C400 2x"},"classes":[]}],"jetpack_likes_enabled":true,"_links":{"self":[{"href":"https:\/\/lahoradelcampo.com.uy\/site\/wp-json\/wp\/v2\/posts\/42245","targetHints":{"allow":["GET"]}}],"collection":[{"href":"https:\/\/lahoradelcampo.com.uy\/site\/wp-json\/wp\/v2\/posts"}],"about":[{"href":"https:\/\/lahoradelcampo.com.uy\/site\/wp-json\/wp\/v2\/types\/post"}],"author":[{"embeddable":true,"href":"https:\/\/lahoradelcampo.com.uy\/site\/wp-json\/wp\/v2\/users\/5"}],"replies":[{"embeddable":true,"href":"https:\/\/lahoradelcampo.com.uy\/site\/wp-json\/wp\/v2\/comments?post=42245"}],"version-history":[{"count":1,"href":"https:\/\/lahoradelcampo.com.uy\/site\/wp-json\/wp\/v2\/posts\/42245\/revisions"}],"predecessor-version":[{"id":42251,"href":"https:\/\/lahoradelcampo.com.uy\/site\/wp-json\/wp\/v2\/posts\/42245\/revisions\/42251"}],"wp:featuredmedia":[{"embeddable":true,"href":"https:\/\/lahoradelcampo.com.uy\/site\/wp-json\/wp\/v2\/media\/42249"}],"wp:attachment":[{"href":"https:\/\/lahoradelcampo.com.uy\/site\/wp-json\/wp\/v2\/media?parent=42245"}],"wp:term":[{"taxonomy":"category","embeddable":true,"href":"https:\/\/lahoradelcampo.com.uy\/site\/wp-json\/wp\/v2\/categories?post=42245"},{"taxonomy":"post_tag","embeddable":true,"href":"https:\/\/lahoradelcampo.com.uy\/site\/wp-json\/wp\/v2\/tags?post=42245"}],"curies":[{"name":"wp","href":"https:\/\/api.w.org\/{rel}","templated":true}]}}