{"id":42241,"date":"2022-05-30T06:05:01","date_gmt":"2022-05-30T09:05:01","guid":{"rendered":"http:\/\/lahoradelcampo.com.uy\/site\/?p=42241"},"modified":"2022-05-29T18:12:55","modified_gmt":"2022-05-29T21:12:55","slug":"emilio-mangarelli-a-estos-valores-el-productor-tiene-que-estar-conforme","status":"publish","type":"post","link":"https:\/\/lahoradelcampo.com.uy\/site\/emilio-mangarelli-a-estos-valores-el-productor-tiene-que-estar-conforme\/","title":{"rendered":"Emilio Mangarelli: \u00abA estos valores el productor tiene que estar conforme\u00bb"},"content":{"rendered":"\n<figure class=\"wp-block-image\"><img data-recalc-dims=\"1\" loading=\"lazy\" decoding=\"async\" width=\"810\" height=\"405\" data-attachment-id=\"21564\" data-permalink=\"https:\/\/lahoradelcampo.com.uy\/site\/hay-factores-que-hacen-bastante-complicada-la-importacion-de-ganado\/mangarelliweb\/\" data-orig-file=\"https:\/\/i0.wp.com\/lahoradelcampo.com.uy\/site\/wp-content\/uploads\/2020\/07\/Mangarelliweb.jpg?fit=880%2C440&amp;ssl=1\" data-orig-size=\"880,440\" data-comments-opened=\"1\" data-image-meta=\"{&quot;aperture&quot;:&quot;0&quot;,&quot;credit&quot;:&quot;&quot;,&quot;camera&quot;:&quot;&quot;,&quot;caption&quot;:&quot;&quot;,&quot;created_timestamp&quot;:&quot;0&quot;,&quot;copyright&quot;:&quot;&quot;,&quot;focal_length&quot;:&quot;0&quot;,&quot;iso&quot;:&quot;0&quot;,&quot;shutter_speed&quot;:&quot;0&quot;,&quot;title&quot;:&quot;&quot;,&quot;orientation&quot;:&quot;1&quot;}\" data-image-title=\"Mangarelliweb\" data-image-description=\"\" data-image-caption=\"\" data-large-file=\"https:\/\/i0.wp.com\/lahoradelcampo.com.uy\/site\/wp-content\/uploads\/2020\/07\/Mangarelliweb.jpg?fit=810%2C405&amp;ssl=1\" src=\"https:\/\/i0.wp.com\/lahoradelcampo.com.uy\/site\/wp-content\/uploads\/2020\/07\/Mangarelliweb.jpg?resize=810%2C405\" alt=\"\" class=\"wp-image-21564\" srcset=\"https:\/\/i0.wp.com\/lahoradelcampo.com.uy\/site\/wp-content\/uploads\/2020\/07\/Mangarelliweb.jpg?w=880&amp;ssl=1 880w, https:\/\/i0.wp.com\/lahoradelcampo.com.uy\/site\/wp-content\/uploads\/2020\/07\/Mangarelliweb.jpg?resize=300%2C150&amp;ssl=1 300w, https:\/\/i0.wp.com\/lahoradelcampo.com.uy\/site\/wp-content\/uploads\/2020\/07\/Mangarelliweb.jpg?resize=768%2C384&amp;ssl=1 768w, https:\/\/i0.wp.com\/lahoradelcampo.com.uy\/site\/wp-content\/uploads\/2020\/07\/Mangarelliweb.jpg?resize=820%2C410&amp;ssl=1 820w\" sizes=\"auto, (max-width: 810px) 100vw, 810px\" \/><\/figure>\n\n\n\n<p>El Dr. Emilio Mangarelli, Presidente de la Rural de Cardona\ny ex integrante de la Junta del Instituto Nacional de Carnes, dijo que\n\u00ablos valores de los ganados de ahora nunca los so\u00f1amos, cuando se hablaba\ndel 5&#215;5 en INAC nosotros dec\u00edamos est\u00e1n locos, un 4&#215;4 ya era un\ndisparate\u00bb. <\/p>\n\n\n\n<p>Luego de alcanzar valores de punta el novillo en las \u00faltimas\nsemanas ha expresado alguna ca\u00edda en los valores, algo que algunas industrias\nven\u00edan anunciando en entrevistas con la prensa, lo que para algunos productores\nen los corredores del Congreso de la Federaci\u00f3n Rural, era un acuerdo entre los\nindustriales para bajar el precio previo al invierno. <\/p>\n\n\n\n<p>La Federaci\u00f3n Rural en su momento dijo que exist\u00eda una\n\u00abcolusi\u00f3n\u00bb entre las empresas frigor\u00edficas, dicha acci\u00f3n quedo\ndescartada por parte de la Unidad de Defensa del Consumidor del Ministerio de\nEconom\u00eda y Finanzas. <\/p>\n\n\n\n<p>En este sentido Mangarelli dijo \u00abno tengo forma de\ndemostrarlo, si tuviera forma de demostrarlo lo har\u00eda\u00bb.&nbsp; Igualmente dej\u00f3 a entrever que cuando las\nindustrias quieren bajar los precios lo hacen juntas. \u00abEsto es oferta y\ndemanda y bueno si lo bajamos y el productor vende lo bajamos&nbsp; otro poquito\u00bb indic\u00f3 el productor.<\/p>\n\n\n\n<p>Para el gremialista el problema de los costos que esgrime la\nindustria, \u00abno pasan por el lado del productor, pasa mucho m\u00e1s por el lado\nde los problemas que tienen del punto de vista del personal\u00bb. En este\nsentido remarc\u00f3 que el ausentismo laboral es un gran problema interno que tiene\nla industria. <\/p>\n\n\n\n<p>Mangarelli dijo que a pesar de la baja que se registr\u00f3 en los precios \u00abyo insisto que a estos n\u00fameros el productor tiene que estar conforme\u00bb. El productor se\u00f1al\u00f3 que el jueves ingres\u00f3 un cami\u00f3n de vacas que pesaban 480 kilos a US$ 5,00 el kilogramo de carcasa, sin embargo indic\u00f3 que \u00abhoy est\u00e1n pasando US$ 4,80 y si los productores venden, ma\u00f1ana van a pasar US$ 4,60, hasta que lleguen a un punto donde el productor no va a vender y ah\u00ed nuevamente los precios van a subir un poco, es oferta y demanda\u00bb.<\/p>\n\n\n\n<p>Salto, 30 de mayo de 2022<\/p>\n","protected":false},"excerpt":{"rendered":"<p>El Dr. Emilio Mangarelli, Presidente de la Rural de Cardona y ex integrante de la Junta del Instituto Nacional de Carnes, dijo que \u00ablos valores de los ganados de ahora [&hellip;]<\/p>\n","protected":false},"author":5,"featured_media":21564,"comment_status":"open","ping_status":"open","sticky":false,"template":"","format":"standard","meta":{"_price":"","_stock":"","_tribe_ticket_header":"","_tribe_default_ticket_provider":"","_tribe_ticket_capacity":"0","_ticket_start_date":"","_ticket_end_date":"","_tribe_ticket_show_description":"","_tribe_ticket_show_not_going":false,"_tribe_ticket_use_global_stock":"","_tribe_ticket_global_stock_level":"","_global_stock_mode":"","_global_stock_cap":"","_tribe_rsvp_for_event":"","_tribe_ticket_going_count":"","_tribe_ticket_not_going_count":"","_tribe_tickets_list":"[]","_tribe_ticket_has_attendee_info_fields":false,"h5ap_radio_sources":[],"_jetpack_newsletter_access":"","_jetpack_dont_email_post_to_subs":false,"_jetpack_newsletter_tier_id":0,"_jetpack_memberships_contains_paywalled_content":false,"_jetpack_memberships_contains_paid_content":false,"footnotes":""},"categories":[21,5],"tags":[],"class_list":["post-42241","post","type-post","status-publish","format-standard","has-post-thumbnail","hentry","category-actualidad","category-ganaderia"],"jetpack_featured_media_url":"https:\/\/i0.wp.com\/lahoradelcampo.com.uy\/site\/wp-content\/uploads\/2020\/07\/Mangarelliweb.jpg?fit=880%2C440&ssl=1","jetpack_sharing_enabled":true,"jetpack_shortlink":"https:\/\/wp.me\/p99IaT-aZj","jetpack-related-posts":[{"id":21562,"url":"https:\/\/lahoradelcampo.com.uy\/site\/hay-factores-que-hacen-bastante-complicada-la-importacion-de-ganado\/","url_meta":{"origin":42241,"position":0},"title":"\u00abHay  factores que hacen bastante complicada la importaci\u00f3n de ganado\u00bb","author":"La Hora del Campo","date":"6 julio, 2020","format":false,"excerpt":"El Dr. Emilio Mangarelli fue representante en INAC por parte de la Federaci\u00f3n Rural y con \u00e9l dialogamos sobre la posibilidad de la importaci\u00f3n de ganado en pie, teniendo en cuenta su conocimiento del sector. El productor dijo que el posicionamiento de la Federaci\u00f3n Rural no ha cambiado, \"la exportaci\u00f3n\u2026","rel":"","context":"En \u00abActualidad\u00bb","block_context":{"text":"Actualidad","link":"https:\/\/lahoradelcampo.com.uy\/site\/category\/actualidad\/"},"img":{"alt_text":"","src":"https:\/\/i0.wp.com\/lahoradelcampo.com.uy\/site\/wp-content\/uploads\/2020\/07\/Mangarelliweb.jpg?fit=880%2C440&ssl=1&resize=350%2C200","width":350,"height":200,"srcset":"https:\/\/i0.wp.com\/lahoradelcampo.com.uy\/site\/wp-content\/uploads\/2020\/07\/Mangarelliweb.jpg?fit=880%2C440&ssl=1&resize=350%2C200 1x, https:\/\/i0.wp.com\/lahoradelcampo.com.uy\/site\/wp-content\/uploads\/2020\/07\/Mangarelliweb.jpg?fit=880%2C440&ssl=1&resize=525%2C300 1.5x, https:\/\/i0.wp.com\/lahoradelcampo.com.uy\/site\/wp-content\/uploads\/2020\/07\/Mangarelliweb.jpg?fit=880%2C440&ssl=1&resize=700%2C400 2x"},"classes":[]},{"id":25584,"url":"https:\/\/lahoradelcampo.com.uy\/site\/fr-lanzo-una-campana-para-exhortar-a-respetar-los-protocolos-ante-el-covid-19\/","url_meta":{"origin":42241,"position":1},"title":"FR lanz\u00f3 una  campa\u00f1a para  exhortar a  respetar los  protocolos  ante el Covid-19","author":"La Hora del Campo","date":"19 noviembre, 2020","format":false,"excerpt":"Durante el final de semana, debido al incremento de casos de Covid-19 en el pa\u00eds, la Federaci\u00f3n Rural ha iniciado una campa\u00f1a en su cuenta de Twitter @federacionrural instando a tener los debidos cuidados sanitarios. Tal vez pensada para sus afiliados o allegados, en un formato simple y sencillo a\u2026","rel":"","context":"En \u00abActualidad\u00bb","block_context":{"text":"Actualidad","link":"https:\/\/lahoradelcampo.com.uy\/site\/category\/actualidad\/"},"img":{"alt_text":"","src":"https:\/\/i0.wp.com\/lahoradelcampo.com.uy\/site\/wp-content\/uploads\/2018\/03\/web-federacion.jpg?fit=880%2C440&ssl=1&resize=350%2C200","width":350,"height":200,"srcset":"https:\/\/i0.wp.com\/lahoradelcampo.com.uy\/site\/wp-content\/uploads\/2018\/03\/web-federacion.jpg?fit=880%2C440&ssl=1&resize=350%2C200 1x, https:\/\/i0.wp.com\/lahoradelcampo.com.uy\/site\/wp-content\/uploads\/2018\/03\/web-federacion.jpg?fit=880%2C440&ssl=1&resize=525%2C300 1.5x, https:\/\/i0.wp.com\/lahoradelcampo.com.uy\/site\/wp-content\/uploads\/2018\/03\/web-federacion.jpg?fit=880%2C440&ssl=1&resize=700%2C400 2x"},"classes":[]},{"id":42509,"url":"https:\/\/lahoradelcampo.com.uy\/site\/uria-asumio-con-el-objetivo-de-un-gremialismo-agropecuario-fuerte\/","url_meta":{"origin":42241,"position":2},"title":"Ur\u00eda asumi\u00f3 con el objetivo de un gremialismo agropecuario fuerte","author":"La Hora del Campo","date":"7 junio, 2022","format":false,"excerpt":"En la jornada de ayer asumi\u00f3 el nuevo directorio de la Federaci\u00f3n Rural, con una \"herradura\" que estar\u00e1 encabezada por el Ing. Mart\u00edn Ur\u00eda Shaw, qui\u00e9n estar\u00e1 secundado por Ignacio Cabrera y Jos\u00e9 Luis Braga como los vicepresidentes. Mart\u00edn Ur\u00eda, quien se ven\u00eda desempe\u00f1ando como vicepresidente de la gremial, dijo\u2026","rel":"","context":"En \u00abActualidad\u00bb","block_context":{"text":"Actualidad","link":"https:\/\/lahoradelcampo.com.uy\/site\/category\/actualidad\/"},"img":{"alt_text":"","src":"https:\/\/i0.wp.com\/lahoradelcampo.com.uy\/site\/wp-content\/uploads\/2022\/06\/FR-MartinUria.jpg?fit=880%2C440&ssl=1&resize=350%2C200","width":350,"height":200,"srcset":"https:\/\/i0.wp.com\/lahoradelcampo.com.uy\/site\/wp-content\/uploads\/2022\/06\/FR-MartinUria.jpg?fit=880%2C440&ssl=1&resize=350%2C200 1x, https:\/\/i0.wp.com\/lahoradelcampo.com.uy\/site\/wp-content\/uploads\/2022\/06\/FR-MartinUria.jpg?fit=880%2C440&ssl=1&resize=525%2C300 1.5x, https:\/\/i0.wp.com\/lahoradelcampo.com.uy\/site\/wp-content\/uploads\/2022\/06\/FR-MartinUria.jpg?fit=880%2C440&ssl=1&resize=700%2C400 2x"},"classes":[]},{"id":52120,"url":"https:\/\/lahoradelcampo.com.uy\/site\/admision-temporaria-de-lanas-es-importante-es-que-el-gato-cace-ratones-dijo-rodriguez-britos\/","url_meta":{"origin":42241,"position":3},"title":"Admisi\u00f3n temporaria de lanas: \u00abEs importante es que el gato cace ratones\u00bb","author":"La Hora del Campo","date":"10 agosto, 2023","format":false,"excerpt":"El presidente de la Federaci\u00f3n Rural, Jorge Andr\u00e9s Rodr\u00edguez Britos, acompa\u00f1ado por el Dr. Emilio Mangarelli (vicepresidente), participaron de la Asamblea Anual de la Asociaci\u00f3n Agropecuaria de Salto (AAS) este fin de semana. En el marco de su alocuci\u00f3n, dijo que la presencia en la reuni\u00f3n era importante para conocer\u2026","rel":"","context":"En \u00abActualidad\u00bb","block_context":{"text":"Actualidad","link":"https:\/\/lahoradelcampo.com.uy\/site\/category\/actualidad\/"},"img":{"alt_text":"","src":"https:\/\/i0.wp.com\/lahoradelcampo.com.uy\/site\/wp-content\/uploads\/2023\/08\/jorgeandresrodriguez.jpg?fit=880%2C440&ssl=1&resize=350%2C200","width":350,"height":200,"srcset":"https:\/\/i0.wp.com\/lahoradelcampo.com.uy\/site\/wp-content\/uploads\/2023\/08\/jorgeandresrodriguez.jpg?fit=880%2C440&ssl=1&resize=350%2C200 1x, https:\/\/i0.wp.com\/lahoradelcampo.com.uy\/site\/wp-content\/uploads\/2023\/08\/jorgeandresrodriguez.jpg?fit=880%2C440&ssl=1&resize=525%2C300 1.5x, https:\/\/i0.wp.com\/lahoradelcampo.com.uy\/site\/wp-content\/uploads\/2023\/08\/jorgeandresrodriguez.jpg?fit=880%2C440&ssl=1&resize=700%2C400 2x"},"classes":[]},{"id":44565,"url":"https:\/\/lahoradelcampo.com.uy\/site\/la-exportacion-en-pie-es-la-base-para-los-valores-de-la-ganaderia\/","url_meta":{"origin":42241,"position":4},"title":"La exportaci\u00f3n en pie es la base para los valores de la ganader\u00eda","author":"La Hora del Campo","date":"8 agosto, 2022","format":false,"excerpt":"El expresidente de la Federaci\u00f3n Rural y productor de Rivera, Julio Armand Ug\u00f3n, afirm\u00f3 que la exportaci\u00f3n de ganado en pie, es parte de la base para los actuales valores que hoy tiene la ganader\u00eda uruguaya. El productor dijo que \u201cla ense\u00f1anza\u201d m\u00e1s importante que ha dejado el \u00faltimo a\u00f1o\u2026","rel":"","context":"En \u00abActualidad\u00bb","block_context":{"text":"Actualidad","link":"https:\/\/lahoradelcampo.com.uy\/site\/category\/actualidad\/"},"img":{"alt_text":"","src":"https:\/\/i0.wp.com\/lahoradelcampo.com.uy\/site\/wp-content\/uploads\/2022\/08\/JulioArmandUgon.jpg?fit=880%2C440&ssl=1&resize=350%2C200","width":350,"height":200,"srcset":"https:\/\/i0.wp.com\/lahoradelcampo.com.uy\/site\/wp-content\/uploads\/2022\/08\/JulioArmandUgon.jpg?fit=880%2C440&ssl=1&resize=350%2C200 1x, https:\/\/i0.wp.com\/lahoradelcampo.com.uy\/site\/wp-content\/uploads\/2022\/08\/JulioArmandUgon.jpg?fit=880%2C440&ssl=1&resize=525%2C300 1.5x, https:\/\/i0.wp.com\/lahoradelcampo.com.uy\/site\/wp-content\/uploads\/2022\/08\/JulioArmandUgon.jpg?fit=880%2C440&ssl=1&resize=700%2C400 2x"},"classes":[]},{"id":7367,"url":"https:\/\/lahoradelcampo.com.uy\/site\/federacion-rural-reafirma-que-el-campo-uruguayo-esta-inmerso-en-una-profunda-crisis-economica\/","url_meta":{"origin":42241,"position":5},"title":"Federaci\u00f3n Rural reafirma que el campo uruguayo \u00abest\u00e1 inmerso en una profunda crisis econ\u00f3mica\u00bb","author":"La Hora del Campo","date":"28 mayo, 2018","format":false,"excerpt":"La Federaci\u00f3n Rural reafirm\u00f3 que el campo uruguayo \"est\u00e1 inmerso en una profunda crisis econ\u00f3mica, producto de la baja competitividad y el alto endeudamiento, agravada por una situaci\u00f3n clim\u00e1tica adversa que compromete los ingresos futuros del pa\u00eds\". En su declaraci\u00f3n final del 101\u00ba Congreso de la gremial realizado este s\u00e1bado\u2026","rel":"","context":"En \u00abActualidad\u00bb","block_context":{"text":"Actualidad","link":"https:\/\/lahoradelcampo.com.uy\/site\/category\/actualidad\/"},"img":{"alt_text":"","src":"https:\/\/i0.wp.com\/lahoradelcampo.com.uy\/site\/wp-content\/uploads\/2018\/05\/federacion1.jpg?fit=880%2C440&ssl=1&resize=350%2C200","width":350,"height":200,"srcset":"https:\/\/i0.wp.com\/lahoradelcampo.com.uy\/site\/wp-content\/uploads\/2018\/05\/federacion1.jpg?fit=880%2C440&ssl=1&resize=350%2C200 1x, https:\/\/i0.wp.com\/lahoradelcampo.com.uy\/site\/wp-content\/uploads\/2018\/05\/federacion1.jpg?fit=880%2C440&ssl=1&resize=525%2C300 1.5x, https:\/\/i0.wp.com\/lahoradelcampo.com.uy\/site\/wp-content\/uploads\/2018\/05\/federacion1.jpg?fit=880%2C440&ssl=1&resize=700%2C400 2x"},"classes":[]}],"jetpack_likes_enabled":true,"_links":{"self":[{"href":"https:\/\/lahoradelcampo.com.uy\/site\/wp-json\/wp\/v2\/posts\/42241","targetHints":{"allow":["GET"]}}],"collection":[{"href":"https:\/\/lahoradelcampo.com.uy\/site\/wp-json\/wp\/v2\/posts"}],"about":[{"href":"https:\/\/lahoradelcampo.com.uy\/site\/wp-json\/wp\/v2\/types\/post"}],"author":[{"embeddable":true,"href":"https:\/\/lahoradelcampo.com.uy\/site\/wp-json\/wp\/v2\/users\/5"}],"replies":[{"embeddable":true,"href":"https:\/\/lahoradelcampo.com.uy\/site\/wp-json\/wp\/v2\/comments?post=42241"}],"version-history":[{"count":1,"href":"https:\/\/lahoradelcampo.com.uy\/site\/wp-json\/wp\/v2\/posts\/42241\/revisions"}],"predecessor-version":[{"id":42243,"href":"https:\/\/lahoradelcampo.com.uy\/site\/wp-json\/wp\/v2\/posts\/42241\/revisions\/42243"}],"wp:featuredmedia":[{"embeddable":true,"href":"https:\/\/lahoradelcampo.com.uy\/site\/wp-json\/wp\/v2\/media\/21564"}],"wp:attachment":[{"href":"https:\/\/lahoradelcampo.com.uy\/site\/wp-json\/wp\/v2\/media?parent=42241"}],"wp:term":[{"taxonomy":"category","embeddable":true,"href":"https:\/\/lahoradelcampo.com.uy\/site\/wp-json\/wp\/v2\/categories?post=42241"},{"taxonomy":"post_tag","embeddable":true,"href":"https:\/\/lahoradelcampo.com.uy\/site\/wp-json\/wp\/v2\/tags?post=42241"}],"curies":[{"name":"wp","href":"https:\/\/api.w.org\/{rel}","templated":true}]}}