{"id":42237,"date":"2022-05-30T06:15:08","date_gmt":"2022-05-30T09:15:08","guid":{"rendered":"http:\/\/lahoradelcampo.com.uy\/site\/?p=42237"},"modified":"2022-05-29T18:10:58","modified_gmt":"2022-05-29T21:10:58","slug":"se-debe-incluir-los-sistemas-en-los-diagnosticos-sanitarios","status":"publish","type":"post","link":"https:\/\/lahoradelcampo.com.uy\/site\/se-debe-incluir-los-sistemas-en-los-diagnosticos-sanitarios\/","title":{"rendered":"Se debe incluir los sistemas en los diagn\u00f3sticos sanitarios"},"content":{"rendered":"\n<figure class=\"wp-block-image\"><img data-recalc-dims=\"1\" loading=\"lazy\" decoding=\"async\" width=\"810\" height=\"405\" data-attachment-id=\"29650\" data-permalink=\"https:\/\/lahoradelcampo.com.uy\/site\/el-manejo-de-los-potreros-permite-presionar-sobre-el-95-de-las-lombrices-sin-antihelminticos\/sofiasalada\/\" data-orig-file=\"https:\/\/i0.wp.com\/lahoradelcampo.com.uy\/site\/wp-content\/uploads\/2021\/05\/SofiaSalada.jpg?fit=880%2C440&amp;ssl=1\" data-orig-size=\"880,440\" data-comments-opened=\"1\" data-image-meta=\"{&quot;aperture&quot;:&quot;0&quot;,&quot;credit&quot;:&quot;&quot;,&quot;camera&quot;:&quot;&quot;,&quot;caption&quot;:&quot;&quot;,&quot;created_timestamp&quot;:&quot;0&quot;,&quot;copyright&quot;:&quot;&quot;,&quot;focal_length&quot;:&quot;0&quot;,&quot;iso&quot;:&quot;0&quot;,&quot;shutter_speed&quot;:&quot;0&quot;,&quot;title&quot;:&quot;&quot;,&quot;orientation&quot;:&quot;1&quot;}\" data-image-title=\"SofiaSalada\" data-image-description=\"\" data-image-caption=\"\" data-large-file=\"https:\/\/i0.wp.com\/lahoradelcampo.com.uy\/site\/wp-content\/uploads\/2021\/05\/SofiaSalada.jpg?fit=810%2C405&amp;ssl=1\" src=\"https:\/\/i0.wp.com\/lahoradelcampo.com.uy\/site\/wp-content\/uploads\/2021\/05\/SofiaSalada.jpg?resize=810%2C405\" alt=\"\" class=\"wp-image-29650\" srcset=\"https:\/\/i0.wp.com\/lahoradelcampo.com.uy\/site\/wp-content\/uploads\/2021\/05\/SofiaSalada.jpg?w=880&amp;ssl=1 880w, https:\/\/i0.wp.com\/lahoradelcampo.com.uy\/site\/wp-content\/uploads\/2021\/05\/SofiaSalada.jpg?resize=300%2C150&amp;ssl=1 300w, https:\/\/i0.wp.com\/lahoradelcampo.com.uy\/site\/wp-content\/uploads\/2021\/05\/SofiaSalada.jpg?resize=768%2C384&amp;ssl=1 768w, https:\/\/i0.wp.com\/lahoradelcampo.com.uy\/site\/wp-content\/uploads\/2021\/05\/SofiaSalada.jpg?resize=820%2C410&amp;ssl=1 820w\" sizes=\"auto, (max-width: 810px) 100vw, 810px\" \/><\/figure>\n\n\n\n<p>En las Jornadas Uruguayas de Buatr\u00eda durante los d\u00edas 9 y 10 de junio en el Sal\u00f3n Egeo de Paysand\u00fa, se desarrollar\u00e1 el simposio de ovinos con la presencia del Dr. Sergio Fierro y la Dra. Sof\u00eda Salada, ambos t\u00e9cnicos del Secretariado Uruguayo de la Lana (SUL). Las tem\u00e1ticas que se presentar\u00e1n este a\u00f1o entorno al ovino ser\u00e1 el \u00abManejo reproductivo de la majada: oportunidades para la profesi\u00f3n Veterinaria\u00bb, que estar\u00e1 a cargo del Dr. Sergio Fierro y \u00abLa importancia de seguir haciendo diagn\u00f3stico cl\u00ednico en los sistemas productivos\u00bb por parte de la Dra. Sof\u00eda Salada.<br><\/p>\n\n\n\n<p>La profesional del SUL dijo que se han desarrollado muchos temas sanitarios del rubro y que a\u00fan \u00abel ovino sigue teniendo las mismas limitantes desde el punto de vista sanitario, que son los par\u00e1sitos gastrointestinales y el piet\u00edn\u00bb. Salada explic\u00f3 que \u00abestas son las que m\u00e1s da\u00f1o causan y por supuesto a las que siempre se le dedica m\u00e1s tiempo  en hacer transferencia, explicar, compartir y ha sido el foco de tanta investigaci\u00f3n\u00bb. <br><\/p>\n\n\n\n<p>En esta oportunidad su presentaci\u00f3n estar\u00e1 enfocada en casos cl\u00ednicos que \u00abremarcan la importancia de hacer diagn\u00f3sticos a nivel del sistema productivo, porque cada sistema termina siendo un mundo y eso hace que un veterinario que est\u00e9 encarando un posible evento sanitario tenga que evaluar ese sistema integral como tal y ver que est\u00e1 haciendo ese manejo, esa gen\u00e9tica, la nutrici\u00f3n y el impacto que est\u00e1 teniendo en esa sanidad\u00bb.<br><\/p>\n\n\n\n<p>La Dra. Sof\u00eda Salada se\u00f1al\u00f3 que son casos \u00abque en el ejercicio de la profesi\u00f3n van apareciendo y que no son t\u00edpicos en su presentaci\u00f3n bajo las caracter\u00edsticas epidemiol\u00f3gicas que se dan normalmente, sino que tienen una presentaci\u00f3n distinta\u00bb. En este sentido el impacto que tiene el sistema en su conjunto sobre la problem\u00e1tica \u00abmuchas veces desorienta al profesional cuando se encuentra con algunas patolog\u00edas\u00bb. <br><\/p>\n\n\n\n<p>La profesional del SUL desarrolla sus actividades en el sur del pa\u00eds, por lo que los casos que se presentar\u00e1n ser\u00e1n de esa zona del pa\u00eds. \u00abLos casos que estamos presentando se est\u00e1n dando en estas zonas sobre sistemas semi-intensivos a intensivos\u00bb explic\u00f3 Salada. Los casos son \u00abb\u00e1sicamente intoxicaci\u00f3n en cobre, varias cetosis en animales que no son necesariamente ovejas pre\u00f1adas a t\u00e9rmino, que es el cl\u00e1sico de la presentaci\u00f3n de esa patolog\u00eda, y la polioencefalomalacia\u00bb indic\u00f3.<\/p>\n\n\n\n<p>Salto, 30 de mayo de 2022<\/p>\n","protected":false},"excerpt":{"rendered":"<p>En las Jornadas Uruguayas de Buatr\u00eda durante los d\u00edas 9 y 10 de junio en el Sal\u00f3n Egeo de Paysand\u00fa, se desarrollar\u00e1 el simposio de ovinos con la presencia del [&hellip;]<\/p>\n","protected":false},"author":5,"featured_media":29650,"comment_status":"open","ping_status":"open","sticky":false,"template":"","format":"standard","meta":{"_price":"","_stock":"","_tribe_ticket_header":"","_tribe_default_ticket_provider":"","_tribe_ticket_capacity":"0","_ticket_start_date":"","_ticket_end_date":"","_tribe_ticket_show_description":"","_tribe_ticket_show_not_going":false,"_tribe_ticket_use_global_stock":"","_tribe_ticket_global_stock_level":"","_global_stock_mode":"","_global_stock_cap":"","_tribe_rsvp_for_event":"","_tribe_ticket_going_count":"","_tribe_ticket_not_going_count":"","_tribe_tickets_list":"[]","_tribe_ticket_has_attendee_info_fields":false,"h5ap_radio_sources":[],"_jetpack_newsletter_access":"","_jetpack_dont_email_post_to_subs":false,"_jetpack_newsletter_tier_id":0,"_jetpack_memberships_contains_paywalled_content":false,"_jetpack_memberships_contains_paid_content":false,"footnotes":""},"categories":[21,13],"tags":[],"class_list":["post-42237","post","type-post","status-publish","format-standard","has-post-thumbnail","hentry","category-actualidad","category-ovinos"],"jetpack_featured_media_url":"https:\/\/i0.wp.com\/lahoradelcampo.com.uy\/site\/wp-content\/uploads\/2021\/05\/SofiaSalada.jpg?fit=880%2C440&ssl=1","jetpack_sharing_enabled":true,"jetpack_shortlink":"https:\/\/wp.me\/p99IaT-aZf","jetpack-related-posts":[{"id":55896,"url":"https:\/\/lahoradelcampo.com.uy\/site\/ecografia-ovina-la-clave-para-mejorar-la-produccion-de-corderos\/","url_meta":{"origin":42237,"position":0},"title":"Ecograf\u00eda ovina: la clave para mejorar la producci\u00f3n de corderos","author":"La Hora del Campo","date":"14 abril, 2025","format":false,"excerpt":"En plena etapa de encarneradas, el Dr. Sergio Fierro, m\u00e9dico veterinario y t\u00e9cnico del Secretariado Uruguayo de la Lana (SUL), destac\u00f3 la importancia de la ecograf\u00eda como herramienta fundamental para mejorar la eficiencia reproductiva en los sistemas ovinos. Fierro explic\u00f3 que este es el momento ideal para coordinar el diagn\u00f3stico\u2026","rel":"","context":"En \u00abActualidad\u00bb","block_context":{"text":"Actualidad","link":"https:\/\/lahoradelcampo.com.uy\/site\/category\/actualidad\/"},"img":{"alt_text":"","src":"https:\/\/i0.wp.com\/lahoradelcampo.com.uy\/site\/wp-content\/uploads\/2025\/04\/Sergio-Fierro-sul.jpg?fit=880%2C440&ssl=1&resize=350%2C200","width":350,"height":200,"srcset":"https:\/\/i0.wp.com\/lahoradelcampo.com.uy\/site\/wp-content\/uploads\/2025\/04\/Sergio-Fierro-sul.jpg?fit=880%2C440&ssl=1&resize=350%2C200 1x, https:\/\/i0.wp.com\/lahoradelcampo.com.uy\/site\/wp-content\/uploads\/2025\/04\/Sergio-Fierro-sul.jpg?fit=880%2C440&ssl=1&resize=525%2C300 1.5x, https:\/\/i0.wp.com\/lahoradelcampo.com.uy\/site\/wp-content\/uploads\/2025\/04\/Sergio-Fierro-sul.jpg?fit=880%2C440&ssl=1&resize=700%2C400 2x"},"classes":[]},{"id":9817,"url":"https:\/\/lahoradelcampo.com.uy\/site\/proyecto-investiga-causa-de-los-abortos-en-ovinos\/","url_meta":{"origin":42237,"position":1},"title":"Proyecto investiga causa de los abortos en ovinos","author":"La Hora del Campo","date":"15 abril, 2019","format":false,"excerpt":"El Secretariado Uruguayo de la Lana (SUL) se encuentra desarrollando un proyecto de investigaci\u00f3n sobre \"Abortos en ovinos\". El objetivo del proyecto es cuantificar las p\u00e9rdidas embrionarias y fetales en los ovinos, as\u00ed como tambi\u00e9n diagnosticar los agentes infecciosos involucrados en dichas p\u00e9rdidas. Se recomienda a los productores comunicar estas\u2026","rel":"","context":"En \u00abActualidad\u00bb","block_context":{"text":"Actualidad","link":"https:\/\/lahoradelcampo.com.uy\/site\/category\/actualidad\/"},"img":{"alt_text":"","src":"https:\/\/i0.wp.com\/lahoradelcampo.com.uy\/site\/wp-content\/uploads\/2019\/04\/Abortos-ovinos.jpg?fit=880%2C440&ssl=1&resize=350%2C200","width":350,"height":200,"srcset":"https:\/\/i0.wp.com\/lahoradelcampo.com.uy\/site\/wp-content\/uploads\/2019\/04\/Abortos-ovinos.jpg?fit=880%2C440&ssl=1&resize=350%2C200 1x, https:\/\/i0.wp.com\/lahoradelcampo.com.uy\/site\/wp-content\/uploads\/2019\/04\/Abortos-ovinos.jpg?fit=880%2C440&ssl=1&resize=525%2C300 1.5x, https:\/\/i0.wp.com\/lahoradelcampo.com.uy\/site\/wp-content\/uploads\/2019\/04\/Abortos-ovinos.jpg?fit=880%2C440&ssl=1&resize=700%2C400 2x"},"classes":[]},{"id":32992,"url":"https:\/\/lahoradelcampo.com.uy\/site\/el-6to-taller-de-diagnosticos-de-gestacion-en-ovinos-tendra-foco-un-ano-mellicero\/","url_meta":{"origin":42237,"position":2},"title":"El 6to taller de diagn\u00f3sticos de gestaci\u00f3n en ovinos tendr\u00e1 foco \u00abun a\u00f1o mellicero\u00bb","author":"La Hora del Campo","date":"12 agosto, 2021","format":false,"excerpt":"El pr\u00f3ximo jueves 19 de agosto, el Instituto Nacional de Investigaci\u00f3n Agropecuaria (INIA) desarrollar\u00e1 el 6to Taller de diagn\u00f3sticos de gestaci\u00f3n en ovinos, que ser\u00e1 transmitido a trav\u00e9s de su canal de Youtube a partir de las 16 horas. Dicho encuentro contar\u00e1 con dos partes bien definidas, la primera ser\u00e1\u2026","rel":"","context":"En \u00abActualidad\u00bb","block_context":{"text":"Actualidad","link":"https:\/\/lahoradelcampo.com.uy\/site\/category\/actualidad\/"},"img":{"alt_text":"","src":"https:\/\/i0.wp.com\/lahoradelcampo.com.uy\/site\/wp-content\/uploads\/2021\/08\/georgget-banchero.jpg?fit=880%2C440&ssl=1&resize=350%2C200","width":350,"height":200,"srcset":"https:\/\/i0.wp.com\/lahoradelcampo.com.uy\/site\/wp-content\/uploads\/2021\/08\/georgget-banchero.jpg?fit=880%2C440&ssl=1&resize=350%2C200 1x, https:\/\/i0.wp.com\/lahoradelcampo.com.uy\/site\/wp-content\/uploads\/2021\/08\/georgget-banchero.jpg?fit=880%2C440&ssl=1&resize=525%2C300 1.5x, https:\/\/i0.wp.com\/lahoradelcampo.com.uy\/site\/wp-content\/uploads\/2021\/08\/georgget-banchero.jpg?fit=880%2C440&ssl=1&resize=700%2C400 2x"},"classes":[]},{"id":39855,"url":"https:\/\/lahoradelcampo.com.uy\/site\/jornada-pre-encarnerada-en-cerros-de-vera\/","url_meta":{"origin":42237,"position":3},"title":"Jornada pre-encarnerada en Cerros de Vera","author":"La Hora del Campo","date":"14 marzo, 2022","format":false,"excerpt":"El Secretariado Uruguayo de la Lana (SUL) est\u00e1 organizando para el pr\u00f3ximo martes 15 de marzo, a las 15 horas, en Cerros de Vera, denominada \"Revisi\u00f3n pre-encarnerada tanto de machos como de hembras\" dijo, el Ing. Agr. Mat\u00edas Orihuela, t\u00e9cnico en la instituci\u00f3n especializada en el rubro ovino. El profesional\u2026","rel":"","context":"En \u00abActualidad\u00bb","block_context":{"text":"Actualidad","link":"https:\/\/lahoradelcampo.com.uy\/site\/category\/actualidad\/"},"img":{"alt_text":"","src":"https:\/\/i0.wp.com\/lahoradelcampo.com.uy\/site\/wp-content\/uploads\/2017\/12\/Ovinos.jpg?fit=880%2C440&ssl=1&resize=350%2C200","width":350,"height":200,"srcset":"https:\/\/i0.wp.com\/lahoradelcampo.com.uy\/site\/wp-content\/uploads\/2017\/12\/Ovinos.jpg?fit=880%2C440&ssl=1&resize=350%2C200 1x, https:\/\/i0.wp.com\/lahoradelcampo.com.uy\/site\/wp-content\/uploads\/2017\/12\/Ovinos.jpg?fit=880%2C440&ssl=1&resize=525%2C300 1.5x, https:\/\/i0.wp.com\/lahoradelcampo.com.uy\/site\/wp-content\/uploads\/2017\/12\/Ovinos.jpg?fit=880%2C440&ssl=1&resize=700%2C400 2x"},"classes":[]},{"id":44027,"url":"https:\/\/lahoradelcampo.com.uy\/site\/crece-el-porcentaje-de-mellizos-en-ovinos\/","url_meta":{"origin":42237,"position":4},"title":"Crece el porcentaje de mellizos en ovinos","author":"La Hora del Campo","date":"22 julio, 2022","format":false,"excerpt":"De cara a lo que ser\u00e1 el s\u00e9ptimo taller de diagn\u00f3sticos de gestaci\u00f3n en ovinos, que se realizar\u00e1 el 11 de agosto en Inia Tacuaremb\u00f3, se viene relevando informaci\u00f3n en distintos puntos del pa\u00eds sobre los datos de las ecograf\u00edas en ovinos. Al respecto, el Dr. Sergio Fierro del Secretariado\u2026","rel":"","context":"En \u00abActualidad\u00bb","block_context":{"text":"Actualidad","link":"https:\/\/lahoradelcampo.com.uy\/site\/category\/actualidad\/"},"img":{"alt_text":"","src":"https:\/\/i0.wp.com\/lahoradelcampo.com.uy\/site\/wp-content\/uploads\/2022\/06\/SUL-SergioFierro.jpg?fit=880%2C440&ssl=1&resize=350%2C200","width":350,"height":200,"srcset":"https:\/\/i0.wp.com\/lahoradelcampo.com.uy\/site\/wp-content\/uploads\/2022\/06\/SUL-SergioFierro.jpg?fit=880%2C440&ssl=1&resize=350%2C200 1x, https:\/\/i0.wp.com\/lahoradelcampo.com.uy\/site\/wp-content\/uploads\/2022\/06\/SUL-SergioFierro.jpg?fit=880%2C440&ssl=1&resize=525%2C300 1.5x, https:\/\/i0.wp.com\/lahoradelcampo.com.uy\/site\/wp-content\/uploads\/2022\/06\/SUL-SergioFierro.jpg?fit=880%2C440&ssl=1&resize=700%2C400 2x"},"classes":[]},{"id":51181,"url":"https:\/\/lahoradelcampo.com.uy\/site\/ovinos-es-momento-de-realizar-una-buena-planificacion-de-las-pariciones\/","url_meta":{"origin":42237,"position":5},"title":"Ovinos: es momento de realizar una buena planificaci\u00f3n de las pariciones","author":"La Hora del Campo","date":"12 junio, 2023","format":false,"excerpt":"La Dra. Sof\u00eda Salada, t\u00e9cnica del Secretariado Uruguayo de la Lana (SUL), advierte sobre la importancia de planificar y prepararse en el contexto de un clima cambiante y alterado por el cambio clim\u00e1tico. La experta resalta la necesidad de ordenar y ejecutar las tareas con precisi\u00f3n para evitar sufrir graves\u2026","rel":"","context":"En \u00abActualidad\u00bb","block_context":{"text":"Actualidad","link":"https:\/\/lahoradelcampo.com.uy\/site\/category\/actualidad\/"},"img":{"alt_text":"","src":"https:\/\/i0.wp.com\/lahoradelcampo.com.uy\/site\/wp-content\/uploads\/2023\/06\/SUL-SofiaSalada.jpg?fit=880%2C440&ssl=1&resize=350%2C200","width":350,"height":200,"srcset":"https:\/\/i0.wp.com\/lahoradelcampo.com.uy\/site\/wp-content\/uploads\/2023\/06\/SUL-SofiaSalada.jpg?fit=880%2C440&ssl=1&resize=350%2C200 1x, https:\/\/i0.wp.com\/lahoradelcampo.com.uy\/site\/wp-content\/uploads\/2023\/06\/SUL-SofiaSalada.jpg?fit=880%2C440&ssl=1&resize=525%2C300 1.5x, https:\/\/i0.wp.com\/lahoradelcampo.com.uy\/site\/wp-content\/uploads\/2023\/06\/SUL-SofiaSalada.jpg?fit=880%2C440&ssl=1&resize=700%2C400 2x"},"classes":[]}],"jetpack_likes_enabled":true,"_links":{"self":[{"href":"https:\/\/lahoradelcampo.com.uy\/site\/wp-json\/wp\/v2\/posts\/42237","targetHints":{"allow":["GET"]}}],"collection":[{"href":"https:\/\/lahoradelcampo.com.uy\/site\/wp-json\/wp\/v2\/posts"}],"about":[{"href":"https:\/\/lahoradelcampo.com.uy\/site\/wp-json\/wp\/v2\/types\/post"}],"author":[{"embeddable":true,"href":"https:\/\/lahoradelcampo.com.uy\/site\/wp-json\/wp\/v2\/users\/5"}],"replies":[{"embeddable":true,"href":"https:\/\/lahoradelcampo.com.uy\/site\/wp-json\/wp\/v2\/comments?post=42237"}],"version-history":[{"count":1,"href":"https:\/\/lahoradelcampo.com.uy\/site\/wp-json\/wp\/v2\/posts\/42237\/revisions"}],"predecessor-version":[{"id":42239,"href":"https:\/\/lahoradelcampo.com.uy\/site\/wp-json\/wp\/v2\/posts\/42237\/revisions\/42239"}],"wp:featuredmedia":[{"embeddable":true,"href":"https:\/\/lahoradelcampo.com.uy\/site\/wp-json\/wp\/v2\/media\/29650"}],"wp:attachment":[{"href":"https:\/\/lahoradelcampo.com.uy\/site\/wp-json\/wp\/v2\/media?parent=42237"}],"wp:term":[{"taxonomy":"category","embeddable":true,"href":"https:\/\/lahoradelcampo.com.uy\/site\/wp-json\/wp\/v2\/categories?post=42237"},{"taxonomy":"post_tag","embeddable":true,"href":"https:\/\/lahoradelcampo.com.uy\/site\/wp-json\/wp\/v2\/tags?post=42237"}],"curies":[{"name":"wp","href":"https:\/\/api.w.org\/{rel}","templated":true}]}}