{"id":42233,"date":"2022-05-30T06:00:37","date_gmt":"2022-05-30T09:00:37","guid":{"rendered":"http:\/\/lahoradelcampo.com.uy\/site\/?p=42233"},"modified":"2022-05-29T18:08:03","modified_gmt":"2022-05-29T21:08:03","slug":"el-proyecto-erradicacion-de-la-bichera-no-nos-convence","status":"publish","type":"post","link":"https:\/\/lahoradelcampo.com.uy\/site\/el-proyecto-erradicacion-de-la-bichera-no-nos-convence\/","title":{"rendered":"El proyecto erradicaci\u00f3n de la bichera \u00abno nos convence\u00bb"},"content":{"rendered":"\n<figure class=\"wp-block-image\"><img data-recalc-dims=\"1\" loading=\"lazy\" decoding=\"async\" width=\"810\" height=\"405\" data-attachment-id=\"37047\" data-permalink=\"https:\/\/lahoradelcampo.com.uy\/site\/saguinetti-no-estamos-ni-cerca-de-un-proceso-de-liquidacion-de-stock\/miguelsanguinetti\/\" data-orig-file=\"https:\/\/i0.wp.com\/lahoradelcampo.com.uy\/site\/wp-content\/uploads\/2021\/11\/MiguelSanguinetti.jpg?fit=880%2C440&amp;ssl=1\" data-orig-size=\"880,440\" data-comments-opened=\"1\" data-image-meta=\"{&quot;aperture&quot;:&quot;0&quot;,&quot;credit&quot;:&quot;&quot;,&quot;camera&quot;:&quot;&quot;,&quot;caption&quot;:&quot;&quot;,&quot;created_timestamp&quot;:&quot;0&quot;,&quot;copyright&quot;:&quot;&quot;,&quot;focal_length&quot;:&quot;0&quot;,&quot;iso&quot;:&quot;0&quot;,&quot;shutter_speed&quot;:&quot;0&quot;,&quot;title&quot;:&quot;&quot;,&quot;orientation&quot;:&quot;1&quot;}\" data-image-title=\"MiguelSanguinetti\" data-image-description=\"\" data-image-caption=\"\" data-large-file=\"https:\/\/i0.wp.com\/lahoradelcampo.com.uy\/site\/wp-content\/uploads\/2021\/11\/MiguelSanguinetti.jpg?fit=810%2C405&amp;ssl=1\" src=\"https:\/\/i0.wp.com\/lahoradelcampo.com.uy\/site\/wp-content\/uploads\/2021\/11\/MiguelSanguinetti.jpg?resize=810%2C405\" alt=\"\" class=\"wp-image-37047\" srcset=\"https:\/\/i0.wp.com\/lahoradelcampo.com.uy\/site\/wp-content\/uploads\/2021\/11\/MiguelSanguinetti.jpg?w=880&amp;ssl=1 880w, https:\/\/i0.wp.com\/lahoradelcampo.com.uy\/site\/wp-content\/uploads\/2021\/11\/MiguelSanguinetti.jpg?resize=300%2C150&amp;ssl=1 300w, https:\/\/i0.wp.com\/lahoradelcampo.com.uy\/site\/wp-content\/uploads\/2021\/11\/MiguelSanguinetti.jpg?resize=768%2C384&amp;ssl=1 768w, https:\/\/i0.wp.com\/lahoradelcampo.com.uy\/site\/wp-content\/uploads\/2021\/11\/MiguelSanguinetti.jpg?resize=820%2C410&amp;ssl=1 820w\" sizes=\"auto, (max-width: 810px) 100vw, 810px\" \/><\/figure>\n\n\n\n<p>El Presidente de Secretariado Uruguayo de la Lana (SUL), Miguel Sanguinetti, dijo que \u00abno est\u00e1 tan de acuerdo\u00bb a como se viene desarrollando los trabajos para el programa de Erradicaci\u00f3n de la Mosca de la Bichera en el pa\u00eds. El productor explic\u00f3 que tras un largo proceso de trabajo, donde \u00abcre\u00eda que era un buena oportunidad para hacer un cambio radical para el ovino, espec\u00edficamente, pero despu\u00e9s uno empieza a ver y a pensar y es una muy buena oportunidad tambi\u00e9n para el vacuno y para el Uruguay Productivo\u00bb. <br><\/p>\n\n\n\n<p>Sanguinetti record\u00f3 que en nuestro pa\u00eds existen 1.200.000 hect\u00e1reas de forestaci\u00f3n y 400.000 vacunos en silvopastoreo, \u00abque se abichan mucho m\u00e1s que en el campo natural\u00bb, por lo que sostiene que se debe avanzar r\u00e1pido para lograr una soluci\u00f3n a esta problem\u00e1tica, \u00abtenemos que buscar la forma de ponernos de acuerdo en que es lo importante y hacer caso a la gente que sabe del tema y dejar de lado lo que le gusta a uno o a otro\u00bb. <br><\/p>\n\n\n\n<p>El productor hizo hincapi\u00e9 en los trabajos que se han venido desarrollando y las recomendaciones que se han dado por expertos internacionales, \u00absi una persona que hace 50 a\u00f1os que est\u00e1 en el tema nos dice que en Uruguay en 2 a\u00f1os se radica la bichera, sin ning\u00fan tipo de problemas, tenemos que hacerlo sencillo y proponernos en dos a\u00f1os erradicar la bichera\u00bb. <br><\/p>\n\n\n\n<p>El presidente del SUL sostuvo que \u00ablas diferentes visiones\u00bb que hay sobre el tema hace que el actual proyecto que se propone \u00aba nosotros no nos convence\u00bb y explic\u00f3 que es muy dif\u00edcil decirle al productor que ponga dinero para solventar una campa\u00f1a donde existen varias visiones de c\u00f3mo se debe realizar. <\/p>\n\n\n\n<p>Salto, 30 de mayo de 2022<\/p>\n","protected":false},"excerpt":{"rendered":"<p>El Presidente de Secretariado Uruguayo de la Lana (SUL), Miguel Sanguinetti, dijo que \u00abno est\u00e1 tan de acuerdo\u00bb a como se viene desarrollando los trabajos para el programa de Erradicaci\u00f3n [&hellip;]<\/p>\n","protected":false},"author":5,"featured_media":37047,"comment_status":"open","ping_status":"open","sticky":false,"template":"","format":"standard","meta":{"_price":"","_stock":"","_tribe_ticket_header":"","_tribe_default_ticket_provider":"","_tribe_ticket_capacity":"0","_ticket_start_date":"","_ticket_end_date":"","_tribe_ticket_show_description":"","_tribe_ticket_show_not_going":false,"_tribe_ticket_use_global_stock":"","_tribe_ticket_global_stock_level":"","_global_stock_mode":"","_global_stock_cap":"","_tribe_rsvp_for_event":"","_tribe_ticket_going_count":"","_tribe_ticket_not_going_count":"","_tribe_tickets_list":"[]","_tribe_ticket_has_attendee_info_fields":false,"h5ap_radio_sources":[],"_jetpack_newsletter_access":"","_jetpack_dont_email_post_to_subs":false,"_jetpack_newsletter_tier_id":0,"_jetpack_memberships_contains_paywalled_content":false,"_jetpack_memberships_contains_paid_content":false,"footnotes":""},"categories":[21,13],"tags":[],"class_list":["post-42233","post","type-post","status-publish","format-standard","has-post-thumbnail","hentry","category-actualidad","category-ovinos"],"jetpack_featured_media_url":"https:\/\/i0.wp.com\/lahoradelcampo.com.uy\/site\/wp-content\/uploads\/2021\/11\/MiguelSanguinetti.jpg?fit=880%2C440&ssl=1","jetpack_sharing_enabled":true,"jetpack_shortlink":"https:\/\/wp.me\/p99IaT-aZb","jetpack-related-posts":[{"id":35907,"url":"https:\/\/lahoradelcampo.com.uy\/site\/erradicar-la-bichera-es-muy-importante-para-el-74-de-los-productores\/","url_meta":{"origin":42233,"position":0},"title":"Erradicar la bichera es muy importante para el 74% de los productores","author":"La Hora del Campo","date":"25 octubre, 2021","format":false,"excerpt":"En las \u00faltimas ediciones de la encuesta realizada por el Insituto Plan Agropecuario, se consulta a los productores sobre la situaci\u00f3n de la \"Bichera\" en las majadas. De ah\u00ed surgi\u00f3 un dato llamativo en pleno mes de julio, donde el 11% de los productores consultados ten\u00edan bichera en pleno invierno.\u2026","rel":"","context":"En \u00abActualidad\u00bb","block_context":{"text":"Actualidad","link":"https:\/\/lahoradelcampo.com.uy\/site\/category\/actualidad\/"},"img":{"alt_text":"","src":"https:\/\/i0.wp.com\/lahoradelcampo.com.uy\/site\/wp-content\/uploads\/2021\/10\/Planbichera.jpg?fit=880%2C440&ssl=1&resize=350%2C200","width":350,"height":200,"srcset":"https:\/\/i0.wp.com\/lahoradelcampo.com.uy\/site\/wp-content\/uploads\/2021\/10\/Planbichera.jpg?fit=880%2C440&ssl=1&resize=350%2C200 1x, https:\/\/i0.wp.com\/lahoradelcampo.com.uy\/site\/wp-content\/uploads\/2021\/10\/Planbichera.jpg?fit=880%2C440&ssl=1&resize=525%2C300 1.5x, https:\/\/i0.wp.com\/lahoradelcampo.com.uy\/site\/wp-content\/uploads\/2021\/10\/Planbichera.jpg?fit=880%2C440&ssl=1&resize=700%2C400 2x"},"classes":[]},{"id":12321,"url":"https:\/\/lahoradelcampo.com.uy\/site\/realizan-encuesta-para-conocer-los-perjuicios-que-causa-la-bichera-en-la-produccion\/","url_meta":{"origin":42233,"position":1},"title":"Realizan encuesta para conocer los perjuicios que causa la bichera en la producci\u00f3n","author":"La Hora del Campo","date":"29 junio, 2019","format":false,"excerpt":"Dr. Adolfo Casaretto y el Ing. Agr. Romeo Volont\u00e9 en recorrida del SUL por Salto El Grupo Ejecutivo para el Control y Erradicaci\u00f3n de la Bichera creado por el ministro Enzo Benech, realizar\u00e1 en julio durante el per\u00edodo de la Declaraci\u00f3n Jurada de DICOSE, una encuesta voluntaria para que los\u2026","rel":"","context":"En \u00abActualidad\u00bb","block_context":{"text":"Actualidad","link":"https:\/\/lahoradelcampo.com.uy\/site\/category\/actualidad\/"},"img":{"alt_text":"","src":"https:\/\/i0.wp.com\/lahoradelcampo.com.uy\/site\/wp-content\/uploads\/2019\/06\/volonte-casaretto.jpg?fit=880%2C440&ssl=1&resize=350%2C200","width":350,"height":200,"srcset":"https:\/\/i0.wp.com\/lahoradelcampo.com.uy\/site\/wp-content\/uploads\/2019\/06\/volonte-casaretto.jpg?fit=880%2C440&ssl=1&resize=350%2C200 1x, https:\/\/i0.wp.com\/lahoradelcampo.com.uy\/site\/wp-content\/uploads\/2019\/06\/volonte-casaretto.jpg?fit=880%2C440&ssl=1&resize=525%2C300 1.5x, https:\/\/i0.wp.com\/lahoradelcampo.com.uy\/site\/wp-content\/uploads\/2019\/06\/volonte-casaretto.jpg?fit=880%2C440&ssl=1&resize=700%2C400 2x"},"classes":[]},{"id":7037,"url":"https:\/\/lahoradelcampo.com.uy\/site\/nunca-estuvimos-tan-cerca-de-un-plan-de-erradicacion-de-la-mosca-de-la-bichera\/","url_meta":{"origin":42233,"position":2},"title":"\u00abNunca estuvimos tan cerca de un plan de erradicaci\u00f3n de la mosca de la bichera\u00bb","author":"La Hora del Campo","date":"10 mayo, 2018","format":false,"excerpt":"Durante el mes de marzo se desarroll\u00f3 en el pa\u00eds, una reuni\u00f3n internacional sobre la Erradicaci\u00f3n de Gusano Barrenador del Ganado, m\u00e1s conocido como la Mosca de la Bichera, problem\u00e1tica que genera p\u00e9rdidas important\u00edsimas en la producci\u00f3n ovina nacional, adem\u00e1s de ser una zoonosis que afecta a la poblaci\u00f3n rural\u2026","rel":"","context":"En \u00abActualidad\u00bb","block_context":{"text":"Actualidad","link":"https:\/\/lahoradelcampo.com.uy\/site\/category\/actualidad\/"},"img":{"alt_text":"","src":"https:\/\/i0.wp.com\/lahoradelcampo.com.uy\/site\/wp-content\/uploads\/2018\/05\/Bozzo.jpg?fit=880%2C440&ssl=1&resize=350%2C200","width":350,"height":200,"srcset":"https:\/\/i0.wp.com\/lahoradelcampo.com.uy\/site\/wp-content\/uploads\/2018\/05\/Bozzo.jpg?fit=880%2C440&ssl=1&resize=350%2C200 1x, https:\/\/i0.wp.com\/lahoradelcampo.com.uy\/site\/wp-content\/uploads\/2018\/05\/Bozzo.jpg?fit=880%2C440&ssl=1&resize=525%2C300 1.5x, https:\/\/i0.wp.com\/lahoradelcampo.com.uy\/site\/wp-content\/uploads\/2018\/05\/Bozzo.jpg?fit=880%2C440&ssl=1&resize=700%2C400 2x"},"classes":[]},{"id":28394,"url":"https:\/\/lahoradelcampo.com.uy\/site\/la-viabilidad-economica-de-erradicar-la-bichera-esta-mas-que-justificada\/","url_meta":{"origin":42233,"position":3},"title":"La viabilidad econ\u00f3mica  de erradicar la bichera \u00abest\u00e1 m\u00e1s que justificada\u00bb","author":"La Hora del Campo","date":"10 marzo, 2021","format":false,"excerpt":"Romeo Volonte, \"fue una reuni\u00f3n muy productiva\" porque participaron los presidentes y los delegados de tres gremiales, ARU, FR y CAF. El gerente del SUL dijo que se presentaron los resultados de los trabajos del grupo asesor, donde se puntualiz\u00f3 en los aspectos que se deben definir la creaci\u00f3n de\u2026","rel":"","context":"En \u00abActualidad\u00bb","block_context":{"text":"Actualidad","link":"https:\/\/lahoradelcampo.com.uy\/site\/category\/actualidad\/"},"img":{"alt_text":"","src":"https:\/\/i0.wp.com\/lahoradelcampo.com.uy\/site\/wp-content\/uploads\/2020\/09\/Volonte.jpg?fit=880%2C440&ssl=1&resize=350%2C200","width":350,"height":200,"srcset":"https:\/\/i0.wp.com\/lahoradelcampo.com.uy\/site\/wp-content\/uploads\/2020\/09\/Volonte.jpg?fit=880%2C440&ssl=1&resize=350%2C200 1x, https:\/\/i0.wp.com\/lahoradelcampo.com.uy\/site\/wp-content\/uploads\/2020\/09\/Volonte.jpg?fit=880%2C440&ssl=1&resize=525%2C300 1.5x, https:\/\/i0.wp.com\/lahoradelcampo.com.uy\/site\/wp-content\/uploads\/2020\/09\/Volonte.jpg?fit=880%2C440&ssl=1&resize=700%2C400 2x"},"classes":[]},{"id":28082,"url":"https:\/\/lahoradelcampo.com.uy\/site\/este-ano-estaria-comenzando-la-erradicacion-de-la-bichera-en-uruguay\/","url_meta":{"origin":42233,"position":4},"title":"Este a\u00f1o estar\u00eda comenzando la erradicaci\u00f3n de la bichera en Uruguay","author":"La Hora del Campo","date":"1 marzo, 2021","format":false,"excerpt":"En un trabajo a cuatro a\u00f1os, el Ministro de Ganader\u00eda, Agricultura y Pesca, Carlos Mar\u00eda Uriarte, anunci\u00f3 en 2020 que este a\u00f1o se comenzar\u00e1 la dispersi\u00f3n de moscas est\u00e9riles con el fin de erradicar la bichera en el pa\u00eds. En este sentido dijo que el centro de operaciones estar\u00e1 ubicado\u2026","rel":"","context":"En \u00abActualidad\u00bb","block_context":{"text":"Actualidad","link":"https:\/\/lahoradelcampo.com.uy\/site\/category\/actualidad\/"},"img":{"alt_text":"","src":"https:\/\/i0.wp.com\/lahoradelcampo.com.uy\/site\/wp-content\/uploads\/2019\/05\/Bichera.jpg?fit=880%2C440&ssl=1&resize=350%2C200","width":350,"height":200,"srcset":"https:\/\/i0.wp.com\/lahoradelcampo.com.uy\/site\/wp-content\/uploads\/2019\/05\/Bichera.jpg?fit=880%2C440&ssl=1&resize=350%2C200 1x, https:\/\/i0.wp.com\/lahoradelcampo.com.uy\/site\/wp-content\/uploads\/2019\/05\/Bichera.jpg?fit=880%2C440&ssl=1&resize=525%2C300 1.5x, https:\/\/i0.wp.com\/lahoradelcampo.com.uy\/site\/wp-content\/uploads\/2019\/05\/Bichera.jpg?fit=880%2C440&ssl=1&resize=700%2C400 2x"},"classes":[]},{"id":45303,"url":"https:\/\/lahoradelcampo.com.uy\/site\/ejecutivo-presento-fideicomiso-para-financiar-la-erradicacion-de-la-bichera\/","url_meta":{"origin":42233,"position":5},"title":"Ejecutivo present\u00f3 fideicomiso para financiar la  Erradicaci\u00f3n de la Bichera","author":"La Hora del Campo","date":"6 septiembre, 2022","format":false,"excerpt":"En los art\u00edculos 162 al 165 de la Ley de Rendici\u00f3n de Cuentas est\u00e1 establecida la creaci\u00f3n del Fideicomiso propuesto por el gobierno para el financiamiento del Programa de Erradicaci\u00f3n de la Mosca de la Bichera, el cual contar\u00e1 con un aporte en 2023 de 50.450.000 Unidades Indexadas (aproximadamente 6,7\u2026","rel":"","context":"En \u00abActualidad\u00bb","block_context":{"text":"Actualidad","link":"https:\/\/lahoradelcampo.com.uy\/site\/category\/actualidad\/"},"img":{"alt_text":"","src":"https:\/\/i0.wp.com\/lahoradelcampo.com.uy\/site\/wp-content\/uploads\/2019\/11\/ovinos-b.jpg?fit=880%2C440&ssl=1&resize=350%2C200","width":350,"height":200,"srcset":"https:\/\/i0.wp.com\/lahoradelcampo.com.uy\/site\/wp-content\/uploads\/2019\/11\/ovinos-b.jpg?fit=880%2C440&ssl=1&resize=350%2C200 1x, https:\/\/i0.wp.com\/lahoradelcampo.com.uy\/site\/wp-content\/uploads\/2019\/11\/ovinos-b.jpg?fit=880%2C440&ssl=1&resize=525%2C300 1.5x, https:\/\/i0.wp.com\/lahoradelcampo.com.uy\/site\/wp-content\/uploads\/2019\/11\/ovinos-b.jpg?fit=880%2C440&ssl=1&resize=700%2C400 2x"},"classes":[]}],"jetpack_likes_enabled":true,"_links":{"self":[{"href":"https:\/\/lahoradelcampo.com.uy\/site\/wp-json\/wp\/v2\/posts\/42233","targetHints":{"allow":["GET"]}}],"collection":[{"href":"https:\/\/lahoradelcampo.com.uy\/site\/wp-json\/wp\/v2\/posts"}],"about":[{"href":"https:\/\/lahoradelcampo.com.uy\/site\/wp-json\/wp\/v2\/types\/post"}],"author":[{"embeddable":true,"href":"https:\/\/lahoradelcampo.com.uy\/site\/wp-json\/wp\/v2\/users\/5"}],"replies":[{"embeddable":true,"href":"https:\/\/lahoradelcampo.com.uy\/site\/wp-json\/wp\/v2\/comments?post=42233"}],"version-history":[{"count":1,"href":"https:\/\/lahoradelcampo.com.uy\/site\/wp-json\/wp\/v2\/posts\/42233\/revisions"}],"predecessor-version":[{"id":42235,"href":"https:\/\/lahoradelcampo.com.uy\/site\/wp-json\/wp\/v2\/posts\/42233\/revisions\/42235"}],"wp:featuredmedia":[{"embeddable":true,"href":"https:\/\/lahoradelcampo.com.uy\/site\/wp-json\/wp\/v2\/media\/37047"}],"wp:attachment":[{"href":"https:\/\/lahoradelcampo.com.uy\/site\/wp-json\/wp\/v2\/media?parent=42233"}],"wp:term":[{"taxonomy":"category","embeddable":true,"href":"https:\/\/lahoradelcampo.com.uy\/site\/wp-json\/wp\/v2\/categories?post=42233"},{"taxonomy":"post_tag","embeddable":true,"href":"https:\/\/lahoradelcampo.com.uy\/site\/wp-json\/wp\/v2\/tags?post=42233"}],"curies":[{"name":"wp","href":"https:\/\/api.w.org\/{rel}","templated":true}]}}