{"id":42201,"date":"2022-05-27T07:48:53","date_gmt":"2022-05-27T10:48:53","guid":{"rendered":"http:\/\/lahoradelcampo.com.uy\/site\/?p=42201"},"modified":"2022-05-27T07:48:59","modified_gmt":"2022-05-27T10:48:59","slug":"pantalla-uruguay-cerro-con-los-novillos-de-mas-de-3-anos-en-suba","status":"publish","type":"post","link":"https:\/\/lahoradelcampo.com.uy\/site\/pantalla-uruguay-cerro-con-los-novillos-de-mas-de-3-anos-en-suba\/","title":{"rendered":"Pantalla Uruguay cerr\u00f3 con los novillos de m\u00e1s de 3 a\u00f1os en suba"},"content":{"rendered":"\n<figure class=\"wp-block-image\"><img data-recalc-dims=\"1\" loading=\"lazy\" decoding=\"async\" width=\"810\" height=\"405\" data-attachment-id=\"42205\" data-permalink=\"https:\/\/lahoradelcampo.com.uy\/site\/pantalla-uruguay-cerro-con-los-novillos-de-mas-de-3-anos-en-suba\/pu-general-jose\/\" data-orig-file=\"https:\/\/i0.wp.com\/lahoradelcampo.com.uy\/site\/wp-content\/uploads\/2022\/05\/PU-General-Jose.jpg?fit=880%2C440&amp;ssl=1\" data-orig-size=\"880,440\" data-comments-opened=\"1\" data-image-meta=\"{&quot;aperture&quot;:&quot;0&quot;,&quot;credit&quot;:&quot;&quot;,&quot;camera&quot;:&quot;&quot;,&quot;caption&quot;:&quot;&quot;,&quot;created_timestamp&quot;:&quot;0&quot;,&quot;copyright&quot;:&quot;&quot;,&quot;focal_length&quot;:&quot;0&quot;,&quot;iso&quot;:&quot;0&quot;,&quot;shutter_speed&quot;:&quot;0&quot;,&quot;title&quot;:&quot;&quot;,&quot;orientation&quot;:&quot;1&quot;}\" data-image-title=\"PU-General Jose\" data-image-description=\"\" data-image-caption=\"\" data-large-file=\"https:\/\/i0.wp.com\/lahoradelcampo.com.uy\/site\/wp-content\/uploads\/2022\/05\/PU-General-Jose.jpg?fit=810%2C405&amp;ssl=1\" src=\"https:\/\/i0.wp.com\/lahoradelcampo.com.uy\/site\/wp-content\/uploads\/2022\/05\/PU-General-Jose.jpg?resize=810%2C405\" alt=\"\" class=\"wp-image-42205\" srcset=\"https:\/\/i0.wp.com\/lahoradelcampo.com.uy\/site\/wp-content\/uploads\/2022\/05\/PU-General-Jose.jpg?w=880&amp;ssl=1 880w, https:\/\/i0.wp.com\/lahoradelcampo.com.uy\/site\/wp-content\/uploads\/2022\/05\/PU-General-Jose.jpg?resize=300%2C150&amp;ssl=1 300w, https:\/\/i0.wp.com\/lahoradelcampo.com.uy\/site\/wp-content\/uploads\/2022\/05\/PU-General-Jose.jpg?resize=768%2C384&amp;ssl=1 768w, https:\/\/i0.wp.com\/lahoradelcampo.com.uy\/site\/wp-content\/uploads\/2022\/05\/PU-General-Jose.jpg?resize=820%2C410&amp;ssl=1 820w\" sizes=\"auto, (max-width: 810px) 100vw, 810px\" \/><\/figure>\n\n\n\n<p>La baja en el precio del ganado gordo, la llegada de los fr\u00edos, y la importante oferta que se ha venido registrando en los \u00faltimos remates y el mayor peso de los terneros, principalmente, impacto en las ventas de Pantalla Uruguay en la primera jornada, con ajuste en todas las categor\u00edas respecto al remate anterior. <br><\/p>\n\n\n\n<p>En este sentido los terneros descendieron 5,12% respecto al remate pasado, cotizando a US$ 2,97 por kilogramo en pie, con varios lotes destacados por calidad. Al tiempo que descendieron los valores propuestos por la demanda, hubo un porcentaje de la propuesta que qued\u00f3 sin vender debido a las pretensiones del vendedor. La misma situaci\u00f3n se puede trasladar pr\u00e1cticamente al resto de las categor\u00edas, los novillos de 1 a 2 a\u00f1os con un promedio de US$ 2,71 bajaron un 2,16%, mientras que los de 2 a 3 a\u00f1os bajaron un 5,5%.  <br><\/p>\n\n\n\n<p>En el caso de los novillos de m\u00e1s 3 a\u00f1os, el negocio m\u00e1s corto, y con menor volumen de oferta, fue donde el mercado termin\u00f3 cotizando al alza. El promedio de US$ 2,57 en este remate representa una suba del 6,6% frente a los US$ 2,41 de la venta pasada. <br><\/p>\n\n\n\n<p>Para la vaca de invernada tambi\u00e9n se registr\u00f3 un ajuste en los valores, con una baja del 6,57% tras un promedio de US$ 2,13. <br><\/p>\n\n\n\n<div class=\"wp-block-image\"><figure class=\"aligncenter is-resized\"><img data-recalc-dims=\"1\" loading=\"lazy\" decoding=\"async\" data-attachment-id=\"42203\" data-permalink=\"https:\/\/lahoradelcampo.com.uy\/site\/pantalla-uruguay-cerro-con-los-novillos-de-mas-de-3-anos-en-suba\/precios-pantalla\/\" data-orig-file=\"https:\/\/i0.wp.com\/lahoradelcampo.com.uy\/site\/wp-content\/uploads\/2022\/05\/precios-pantalla.jpg?fit=590%2C353&amp;ssl=1\" data-orig-size=\"590,353\" data-comments-opened=\"1\" data-image-meta=\"{&quot;aperture&quot;:&quot;0&quot;,&quot;credit&quot;:&quot;&quot;,&quot;camera&quot;:&quot;&quot;,&quot;caption&quot;:&quot;&quot;,&quot;created_timestamp&quot;:&quot;0&quot;,&quot;copyright&quot;:&quot;&quot;,&quot;focal_length&quot;:&quot;0&quot;,&quot;iso&quot;:&quot;0&quot;,&quot;shutter_speed&quot;:&quot;0&quot;,&quot;title&quot;:&quot;&quot;,&quot;orientation&quot;:&quot;1&quot;}\" data-image-title=\"precios pantalla\" data-image-description=\"\" data-image-caption=\"\" data-large-file=\"https:\/\/i0.wp.com\/lahoradelcampo.com.uy\/site\/wp-content\/uploads\/2022\/05\/precios-pantalla.jpg?fit=590%2C353&amp;ssl=1\" src=\"https:\/\/i0.wp.com\/lahoradelcampo.com.uy\/site\/wp-content\/uploads\/2022\/05\/precios-pantalla.jpg?resize=396%2C237\" alt=\"\" class=\"wp-image-42203\" width=\"396\" height=\"237\" srcset=\"https:\/\/i0.wp.com\/lahoradelcampo.com.uy\/site\/wp-content\/uploads\/2022\/05\/precios-pantalla.jpg?w=590&amp;ssl=1 590w, https:\/\/i0.wp.com\/lahoradelcampo.com.uy\/site\/wp-content\/uploads\/2022\/05\/precios-pantalla.jpg?resize=300%2C179&amp;ssl=1 300w\" sizes=\"auto, (max-width: 396px) 100vw, 396px\" \/><\/figure><\/div>\n\n\n\n<p>En la jornada de hoy contin\u00faan las ventas con la oferta de los ovinos, donde entran ovejas Corriedale y borregas y ovejas encarneradas Meril\u00edn. <br><\/p>\n\n\n\n<p>Luego se ofrecer\u00e1n las terneras, lotes mixtos de terneros y terneras, vaquillonas sin servicio de 1 a 2 a\u00f1os y de 2 a 3 a\u00f1os, vaquillonas y vacas pre\u00f1adas, vientres entorados, piezas de cr\u00eda y finaliza con vientres de pedigree.<\/p>\n\n\n\n<p>Salto, 27 de mayo de 2022<\/p>\n","protected":false},"excerpt":{"rendered":"<p>La baja en el precio del ganado gordo, la llegada de los fr\u00edos, y la importante oferta que se ha venido registrando en los \u00faltimos remates y el mayor peso [&hellip;]<\/p>\n","protected":false},"author":5,"featured_media":42205,"comment_status":"open","ping_status":"open","sticky":false,"template":"","format":"standard","meta":{"_price":"","_stock":"","_tribe_ticket_header":"","_tribe_default_ticket_provider":"","_tribe_ticket_capacity":"0","_ticket_start_date":"","_ticket_end_date":"","_tribe_ticket_show_description":"","_tribe_ticket_show_not_going":false,"_tribe_ticket_use_global_stock":"","_tribe_ticket_global_stock_level":"","_global_stock_mode":"","_global_stock_cap":"","_tribe_rsvp_for_event":"","_tribe_ticket_going_count":"","_tribe_ticket_not_going_count":"","_tribe_tickets_list":"[]","_tribe_ticket_has_attendee_info_fields":false,"h5ap_radio_sources":[],"_jetpack_newsletter_access":"","_jetpack_dont_email_post_to_subs":false,"_jetpack_newsletter_tier_id":0,"_jetpack_memberships_contains_paywalled_content":false,"_jetpack_memberships_contains_paid_content":false,"footnotes":""},"categories":[21,5],"tags":[],"class_list":["post-42201","post","type-post","status-publish","format-standard","has-post-thumbnail","hentry","category-actualidad","category-ganaderia"],"jetpack_featured_media_url":"https:\/\/i0.wp.com\/lahoradelcampo.com.uy\/site\/wp-content\/uploads\/2022\/05\/PU-General-Jose.jpg?fit=880%2C440&ssl=1","jetpack_sharing_enabled":true,"jetpack_shortlink":"https:\/\/wp.me\/p99IaT-aYF","jetpack-related-posts":[{"id":15544,"url":"https:\/\/lahoradelcampo.com.uy\/site\/pantalla-uruguay-coloco-el-98-de-la-oferta-con-valores-al-alza\/","url_meta":{"origin":42201,"position":0},"title":"Pantalla Uruguay coloc\u00f3 el 98%  de la oferta con valores al alza","author":"La Hora del Campo","date":"1 noviembre, 2019","format":false,"excerpt":"Pantalla uruguay contin\u00faa superando remate a remate sus propias expectativas ante un mercado firme y demandado en todas las categor\u00edas y con valores que ajustaron al alza. En la jornada de ayer, en las ventas 209 del consorcio, se coloc\u00f3 el 98% de la oferta, con agilidad y una demanda\u2026","rel":"","context":"En \u00abActualidad\u00bb","block_context":{"text":"Actualidad","link":"https:\/\/lahoradelcampo.com.uy\/site\/category\/actualidad\/"},"img":{"alt_text":"","src":"https:\/\/i0.wp.com\/lahoradelcampo.com.uy\/site\/wp-content\/uploads\/2017\/10\/Pantalla-Uruguay.jpg?fit=880%2C440&ssl=1&resize=350%2C200","width":350,"height":200,"srcset":"https:\/\/i0.wp.com\/lahoradelcampo.com.uy\/site\/wp-content\/uploads\/2017\/10\/Pantalla-Uruguay.jpg?fit=880%2C440&ssl=1&resize=350%2C200 1x, https:\/\/i0.wp.com\/lahoradelcampo.com.uy\/site\/wp-content\/uploads\/2017\/10\/Pantalla-Uruguay.jpg?fit=880%2C440&ssl=1&resize=525%2C300 1.5x, https:\/\/i0.wp.com\/lahoradelcampo.com.uy\/site\/wp-content\/uploads\/2017\/10\/Pantalla-Uruguay.jpg?fit=880%2C440&ssl=1&resize=700%2C400 2x"},"classes":[]},{"id":40435,"url":"https:\/\/lahoradelcampo.com.uy\/site\/100-de-colocacion-en-el-primer-dia-del-remate-239-de-pantalla-uruguay\/","url_meta":{"origin":42201,"position":1},"title":"100% de colocaci\u00f3n en el primer d\u00eda del remate 239  de Pantalla Uruguay","author":"La Hora del Campo","date":"31 marzo, 2022","format":false,"excerpt":"Pantalla Uruguay coloc\u00f3 el 100% de la oferta en su primer d\u00eda de ventas del remate 239, donde adem\u00e1s se incluye la primera Ganadera Brangus. Ayer se comercializ\u00f3 8.114 vacunos en todas las categor\u00edas de invernada, donde se presentaron muy buenos ganados Brangus, alcanz\u00e1ndose el m\u00e1ximo de US$ 3,45 por\u2026","rel":"","context":"En \u00abActualidad\u00bb","block_context":{"text":"Actualidad","link":"https:\/\/lahoradelcampo.com.uy\/site\/category\/actualidad\/"},"img":{"alt_text":"","src":"https:\/\/i0.wp.com\/lahoradelcampo.com.uy\/site\/wp-content\/uploads\/2021\/09\/Pantalla-otto.jpg?fit=880%2C440&ssl=1&resize=350%2C200","width":350,"height":200,"srcset":"https:\/\/i0.wp.com\/lahoradelcampo.com.uy\/site\/wp-content\/uploads\/2021\/09\/Pantalla-otto.jpg?fit=880%2C440&ssl=1&resize=350%2C200 1x, https:\/\/i0.wp.com\/lahoradelcampo.com.uy\/site\/wp-content\/uploads\/2021\/09\/Pantalla-otto.jpg?fit=880%2C440&ssl=1&resize=525%2C300 1.5x, https:\/\/i0.wp.com\/lahoradelcampo.com.uy\/site\/wp-content\/uploads\/2021\/09\/Pantalla-otto.jpg?fit=880%2C440&ssl=1&resize=700%2C400 2x"},"classes":[]},{"id":28800,"url":"https:\/\/lahoradelcampo.com.uy\/site\/pantalla-uruguay-coloco-el-906-en-su-primer-dia-de-ventas\/","url_meta":{"origin":42201,"position":2},"title":"Pantalla Uruguay coloc\u00f3 el 90,6% en su primer d\u00eda de ventas","author":"La Hora del Campo","date":"25 marzo, 2021","format":false,"excerpt":"En la jornada de ayer, el consorcio de rematadores de Pantalla Uruguay coloc\u00f3 el 90,61% de la oferta presentada en su primera jornada de ventas, donde paso por la pista de ventas los terneros y la escalera de novillos. Como siempre de forma 100% virtual, desde el Parque Tecnol\u00f3gico del\u2026","rel":"","context":"En \u00abActualidad\u00bb","block_context":{"text":"Actualidad","link":"https:\/\/lahoradelcampo.com.uy\/site\/category\/actualidad\/"},"img":{"alt_text":"","src":"https:\/\/i0.wp.com\/lahoradelcampo.com.uy\/site\/wp-content\/uploads\/2021\/01\/Pantalla-Uruguay.jpg?fit=880%2C440&ssl=1&resize=350%2C200","width":350,"height":200,"srcset":"https:\/\/i0.wp.com\/lahoradelcampo.com.uy\/site\/wp-content\/uploads\/2021\/01\/Pantalla-Uruguay.jpg?fit=880%2C440&ssl=1&resize=350%2C200 1x, https:\/\/i0.wp.com\/lahoradelcampo.com.uy\/site\/wp-content\/uploads\/2021\/01\/Pantalla-Uruguay.jpg?fit=880%2C440&ssl=1&resize=525%2C300 1.5x, https:\/\/i0.wp.com\/lahoradelcampo.com.uy\/site\/wp-content\/uploads\/2021\/01\/Pantalla-Uruguay.jpg?fit=880%2C440&ssl=1&resize=700%2C400 2x"},"classes":[]},{"id":12267,"url":"https:\/\/lahoradelcampo.com.uy\/site\/pantalla-uruguay-coloco-el-98-de-la-oferta-en-su-remate-205\/","url_meta":{"origin":42201,"position":3},"title":"Pantalla Uruguay coloc\u00f3 el 98%  de la oferta en su remate 205","author":"La Hora del Campo","date":"28 junio, 2019","format":false,"excerpt":"El consorcio de rematadores de Pantalla Uruguay coloc\u00f3 el 98% de la oferta presentada en la pista virtual, con una importante demanda y agilidad en la mayor\u00eda de las categor\u00edas. Los integrantes del consorcio de rematadores destacaron al final de las ventas, los muy buenos valores alcanzados en la pista,\u2026","rel":"","context":"En \u00abActualidad\u00bb","block_context":{"text":"Actualidad","link":"https:\/\/lahoradelcampo.com.uy\/site\/category\/actualidad\/"},"img":{"alt_text":"","src":"https:\/\/i0.wp.com\/lahoradelcampo.com.uy\/site\/wp-content\/uploads\/2019\/06\/pantallauruguay.jpg?fit=880%2C440&ssl=1&resize=350%2C200","width":350,"height":200,"srcset":"https:\/\/i0.wp.com\/lahoradelcampo.com.uy\/site\/wp-content\/uploads\/2019\/06\/pantallauruguay.jpg?fit=880%2C440&ssl=1&resize=350%2C200 1x, https:\/\/i0.wp.com\/lahoradelcampo.com.uy\/site\/wp-content\/uploads\/2019\/06\/pantallauruguay.jpg?fit=880%2C440&ssl=1&resize=525%2C300 1.5x, https:\/\/i0.wp.com\/lahoradelcampo.com.uy\/site\/wp-content\/uploads\/2019\/06\/pantallauruguay.jpg?fit=880%2C440&ssl=1&resize=700%2C400 2x"},"classes":[]},{"id":52398,"url":"https:\/\/lahoradelcampo.com.uy\/site\/80-de-ventas-para-el-ultimo-remate-de-pantalla-uruguay\/","url_meta":{"origin":42201,"position":4},"title":"80% de ventas para el \u00faltimo remate de Pantalla Uruguay","author":"La Hora del Campo","date":"3 septiembre, 2023","format":false,"excerpt":"El consorcio Pantalla Uruguay finaliz\u00f3 el jueves su remate 262 con las categor\u00edas de cr\u00eda y con un porcentaje total de ventas del 80% de los 10.200 vacunos que salieron a pista. Al igual que el primer d\u00eda de actividad con el ganado de invernada, tambi\u00e9n hubo bajas respecto al\u2026","rel":"","context":"En \u00abActualidad\u00bb","block_context":{"text":"Actualidad","link":"https:\/\/lahoradelcampo.com.uy\/site\/category\/actualidad\/"},"img":{"alt_text":"","src":"https:\/\/i0.wp.com\/lahoradelcampo.com.uy\/site\/wp-content\/uploads\/2023\/04\/Pantalla-Uruguay-1.jpg?fit=880%2C440&ssl=1&resize=350%2C200","width":350,"height":200,"srcset":"https:\/\/i0.wp.com\/lahoradelcampo.com.uy\/site\/wp-content\/uploads\/2023\/04\/Pantalla-Uruguay-1.jpg?fit=880%2C440&ssl=1&resize=350%2C200 1x, https:\/\/i0.wp.com\/lahoradelcampo.com.uy\/site\/wp-content\/uploads\/2023\/04\/Pantalla-Uruguay-1.jpg?fit=880%2C440&ssl=1&resize=525%2C300 1.5x, https:\/\/i0.wp.com\/lahoradelcampo.com.uy\/site\/wp-content\/uploads\/2023\/04\/Pantalla-Uruguay-1.jpg?fit=880%2C440&ssl=1&resize=700%2C400 2x"},"classes":[]},{"id":10227,"url":"https:\/\/lahoradelcampo.com.uy\/site\/pantalla-uruguay-logro-el-95%de-colocacion-en-el-primer-dia-de-remate\/","url_meta":{"origin":42201,"position":5},"title":"Pantalla Uruguay logr\u00f3 el 95%de colocaci\u00f3n en el primer d\u00eda de remate","author":"La Hora del Campo","date":"26 abril, 2019","format":false,"excerpt":"Con agilidad en las ventas y el 95% de colocaci\u00f3n, Pantalla Uruguay concret\u00f3 el primer d\u00eda de comercializaci\u00f3n, en el remate mensual del consorcio de rematadores donde se incluye la 41a Ganadera Hereford. En la categor\u00eda de terneros, la m\u00e1s abultada en este remate, cont\u00f3 con un piso en los\u2026","rel":"","context":"En \u00abActualidad\u00bb","block_context":{"text":"Actualidad","link":"https:\/\/lahoradelcampo.com.uy\/site\/category\/actualidad\/"},"img":{"alt_text":"","src":"https:\/\/i0.wp.com\/lahoradelcampo.com.uy\/site\/wp-content\/uploads\/2019\/04\/Pantalla.jpg?fit=880%2C440&ssl=1&resize=350%2C200","width":350,"height":200,"srcset":"https:\/\/i0.wp.com\/lahoradelcampo.com.uy\/site\/wp-content\/uploads\/2019\/04\/Pantalla.jpg?fit=880%2C440&ssl=1&resize=350%2C200 1x, https:\/\/i0.wp.com\/lahoradelcampo.com.uy\/site\/wp-content\/uploads\/2019\/04\/Pantalla.jpg?fit=880%2C440&ssl=1&resize=525%2C300 1.5x, https:\/\/i0.wp.com\/lahoradelcampo.com.uy\/site\/wp-content\/uploads\/2019\/04\/Pantalla.jpg?fit=880%2C440&ssl=1&resize=700%2C400 2x"},"classes":[]}],"jetpack_likes_enabled":true,"_links":{"self":[{"href":"https:\/\/lahoradelcampo.com.uy\/site\/wp-json\/wp\/v2\/posts\/42201","targetHints":{"allow":["GET"]}}],"collection":[{"href":"https:\/\/lahoradelcampo.com.uy\/site\/wp-json\/wp\/v2\/posts"}],"about":[{"href":"https:\/\/lahoradelcampo.com.uy\/site\/wp-json\/wp\/v2\/types\/post"}],"author":[{"embeddable":true,"href":"https:\/\/lahoradelcampo.com.uy\/site\/wp-json\/wp\/v2\/users\/5"}],"replies":[{"embeddable":true,"href":"https:\/\/lahoradelcampo.com.uy\/site\/wp-json\/wp\/v2\/comments?post=42201"}],"version-history":[{"count":1,"href":"https:\/\/lahoradelcampo.com.uy\/site\/wp-json\/wp\/v2\/posts\/42201\/revisions"}],"predecessor-version":[{"id":42207,"href":"https:\/\/lahoradelcampo.com.uy\/site\/wp-json\/wp\/v2\/posts\/42201\/revisions\/42207"}],"wp:featuredmedia":[{"embeddable":true,"href":"https:\/\/lahoradelcampo.com.uy\/site\/wp-json\/wp\/v2\/media\/42205"}],"wp:attachment":[{"href":"https:\/\/lahoradelcampo.com.uy\/site\/wp-json\/wp\/v2\/media?parent=42201"}],"wp:term":[{"taxonomy":"category","embeddable":true,"href":"https:\/\/lahoradelcampo.com.uy\/site\/wp-json\/wp\/v2\/categories?post=42201"},{"taxonomy":"post_tag","embeddable":true,"href":"https:\/\/lahoradelcampo.com.uy\/site\/wp-json\/wp\/v2\/tags?post=42201"}],"curies":[{"name":"wp","href":"https:\/\/api.w.org\/{rel}","templated":true}]}}