{"id":42193,"date":"2022-05-27T07:32:32","date_gmt":"2022-05-27T10:32:32","guid":{"rendered":"http:\/\/lahoradelcampo.com.uy\/site\/?p=42193"},"modified":"2022-05-27T07:32:38","modified_gmt":"2022-05-27T10:32:38","slug":"lote-a-lote-en-las-finas-y-con-valores-que-no-conforman-en-lanas-medias","status":"publish","type":"post","link":"https:\/\/lahoradelcampo.com.uy\/site\/lote-a-lote-en-las-finas-y-con-valores-que-no-conforman-en-lanas-medias\/","title":{"rendered":"Lote a lote en las finas y con valores que no conforman en lanas medias"},"content":{"rendered":"\n<figure class=\"wp-block-image\"><img data-recalc-dims=\"1\" loading=\"lazy\" decoding=\"async\" width=\"810\" height=\"405\" data-attachment-id=\"31384\" data-permalink=\"https:\/\/lahoradelcampo.com.uy\/site\/las-certificaciones-son-un-requerimiento-adicional-a-la-hora-de-vender-la-lana\/lanasul\/\" data-orig-file=\"https:\/\/i0.wp.com\/lahoradelcampo.com.uy\/site\/wp-content\/uploads\/2021\/06\/lanasul.jpg?fit=880%2C440&amp;ssl=1\" data-orig-size=\"880,440\" data-comments-opened=\"1\" data-image-meta=\"{&quot;aperture&quot;:&quot;0&quot;,&quot;credit&quot;:&quot;&quot;,&quot;camera&quot;:&quot;&quot;,&quot;caption&quot;:&quot;&quot;,&quot;created_timestamp&quot;:&quot;0&quot;,&quot;copyright&quot;:&quot;&quot;,&quot;focal_length&quot;:&quot;0&quot;,&quot;iso&quot;:&quot;0&quot;,&quot;shutter_speed&quot;:&quot;0&quot;,&quot;title&quot;:&quot;&quot;,&quot;orientation&quot;:&quot;1&quot;}\" data-image-title=\"lanasul\" data-image-description=\"\" data-image-caption=\"\" data-large-file=\"https:\/\/i0.wp.com\/lahoradelcampo.com.uy\/site\/wp-content\/uploads\/2021\/06\/lanasul.jpg?fit=810%2C405&amp;ssl=1\" src=\"https:\/\/i0.wp.com\/lahoradelcampo.com.uy\/site\/wp-content\/uploads\/2021\/06\/lanasul.jpg?resize=810%2C405\" alt=\"\" class=\"wp-image-31384\" srcset=\"https:\/\/i0.wp.com\/lahoradelcampo.com.uy\/site\/wp-content\/uploads\/2021\/06\/lanasul.jpg?w=880&amp;ssl=1 880w, https:\/\/i0.wp.com\/lahoradelcampo.com.uy\/site\/wp-content\/uploads\/2021\/06\/lanasul.jpg?resize=300%2C150&amp;ssl=1 300w, https:\/\/i0.wp.com\/lahoradelcampo.com.uy\/site\/wp-content\/uploads\/2021\/06\/lanasul.jpg?resize=768%2C384&amp;ssl=1 768w, https:\/\/i0.wp.com\/lahoradelcampo.com.uy\/site\/wp-content\/uploads\/2021\/06\/lanasul.jpg?resize=820%2C410&amp;ssl=1 820w\" sizes=\"auto, (max-width: 810px) 100vw, 810px\" \/><\/figure>\n\n\n\n<p>El mercado lanero uruguayo se encuentra, al igual que el australiano, en el \u00faltimo tramo de la zafra lanera, con una baja disponibilidad de lanas merino principalmente, donde los lotes importantes que a\u00fan restan para comercializarse tienen expectativas de precios que en la actualidad no se reflejan en el mercado. <br><\/p>\n\n\n\n<p>Para las lanas finas existe una amplia diferenciaci\u00f3n entre las 21 micras, que podr\u00eda decirse est\u00e1 ubicada en el eje de los US$ 6 a US$ 6,50 acondicionados grifa verde, hasta los US$ 12 que se informaron la semana pasada por un lote en el eje de las 17 micras. <br><\/p>\n\n\n\n<p>En el punto medio se puede hablar de un 19 en los US$ 8,00, pero es claro que la variabilidad de los valores tambi\u00e9n est\u00e1 atada a la presentaci\u00f3n del lote, debido a que el acondicionamiento y las certificaciones generan sobreprecios destacados y agilidad a la hora de concretar el negocio. <br><\/p>\n\n\n\n<p>En el caso de las lanas medias a gruesas, no est\u00e1 tan clara la demanda desde el exterior de lotes certificados, por lo que son pocos los casos que est\u00e1n con dichas certificaciones y en su gran mayor\u00eda descienden las 26 micras. <br><\/p>\n\n\n\n<p>Los valores que se ofrecen en el caso de las lanas medias, est\u00e1n situados entre US$ 1,10 y US$ 1,20, mientras que los lotes que se ubican por encima de las 30 micras bajan radicalmente el d\u00f3lar.  Valores, que claramente no convencen a los productores, lo que hace que los negocios se realicen a cuenta gotas. <br><\/p>\n\n\n\n<p>La Uni\u00f3n de Consignatarios y Rematadores de Lana del Uruguay (UCRLU) no emitieron su planilla semanal de precios. <\/p>\n\n\n\n<p>Salto, 27 de mayo de 2022<\/p>\n","protected":false},"excerpt":{"rendered":"<p>El mercado lanero uruguayo se encuentra, al igual que el australiano, en el \u00faltimo tramo de la zafra lanera, con una baja disponibilidad de lanas merino principalmente, donde los lotes [&hellip;]<\/p>\n","protected":false},"author":5,"featured_media":31384,"comment_status":"open","ping_status":"open","sticky":false,"template":"","format":"standard","meta":{"_price":"","_stock":"","_tribe_ticket_header":"","_tribe_default_ticket_provider":"","_tribe_ticket_capacity":"0","_ticket_start_date":"","_ticket_end_date":"","_tribe_ticket_show_description":"","_tribe_ticket_show_not_going":false,"_tribe_ticket_use_global_stock":"","_tribe_ticket_global_stock_level":"","_global_stock_mode":"","_global_stock_cap":"","_tribe_rsvp_for_event":"","_tribe_ticket_going_count":"","_tribe_ticket_not_going_count":"","_tribe_tickets_list":"[]","_tribe_ticket_has_attendee_info_fields":false,"h5ap_radio_sources":[],"_jetpack_newsletter_access":"","_jetpack_dont_email_post_to_subs":false,"_jetpack_newsletter_tier_id":0,"_jetpack_memberships_contains_paywalled_content":false,"_jetpack_memberships_contains_paid_content":false,"footnotes":""},"categories":[21,13],"tags":[],"class_list":["post-42193","post","type-post","status-publish","format-standard","has-post-thumbnail","hentry","category-actualidad","category-ovinos"],"jetpack_featured_media_url":"https:\/\/i0.wp.com\/lahoradelcampo.com.uy\/site\/wp-content\/uploads\/2021\/06\/lanasul.jpg?fit=880%2C440&ssl=1","jetpack_sharing_enabled":true,"jetpack_shortlink":"https:\/\/wp.me\/p99IaT-aYx","jetpack-related-posts":[{"id":39067,"url":"https:\/\/lahoradelcampo.com.uy\/site\/se-concretan-negocios-en-lanas-medias-y-se-afirman-las-finas\/","url_meta":{"origin":42193,"position":0},"title":"Se concretan negocios en lanas medias y se afirman las finas","author":"La Hora del Campo","date":"11 febrero, 2022","format":false,"excerpt":"El mercado lanero uruguayo contin\u00faa movido, con negocios concretados en distintos puntos del pa\u00eds, enfocados en su gran mayor\u00eda a lanas finas, aunque se concretan negocios de lanas medias y gruesas a valores que se encuentran por debajo de las aspiraciones de muchos productores de estos micronajes, sin embargo existen\u2026","rel":"","context":"En \u00abActualidad\u00bb","block_context":{"text":"Actualidad","link":"https:\/\/lahoradelcampo.com.uy\/site\/category\/actualidad\/"},"img":{"alt_text":"","src":"https:\/\/i0.wp.com\/lahoradelcampo.com.uy\/site\/wp-content\/uploads\/2019\/05\/Lana-esquila.jpg?fit=880%2C440&ssl=1&resize=350%2C200","width":350,"height":200,"srcset":"https:\/\/i0.wp.com\/lahoradelcampo.com.uy\/site\/wp-content\/uploads\/2019\/05\/Lana-esquila.jpg?fit=880%2C440&ssl=1&resize=350%2C200 1x, https:\/\/i0.wp.com\/lahoradelcampo.com.uy\/site\/wp-content\/uploads\/2019\/05\/Lana-esquila.jpg?fit=880%2C440&ssl=1&resize=525%2C300 1.5x, https:\/\/i0.wp.com\/lahoradelcampo.com.uy\/site\/wp-content\/uploads\/2019\/05\/Lana-esquila.jpg?fit=880%2C440&ssl=1&resize=700%2C400 2x"},"classes":[]},{"id":4395,"url":"https:\/\/lahoradelcampo.com.uy\/site\/agilidad-en-lanas-finas-y-dificultad-en-las-gruesas\/","url_meta":{"origin":42193,"position":1},"title":"Agilidad en lanas finas y dificultad en las gruesas","author":"La Hora del Campo","date":"1 diciembre, 2017","format":false,"excerpt":"El mercado lanero australiano se encuentra con agilidad para la concreci\u00f3n de los negocios, principalmente en lanas finas y medias, en tanto que aquellas que pasan de las 28,5 micras encuentran cierta resistencia en los negocios. La llegada de las tradicionales fiestas, las dificultades que muestra el mercado del gordo\u2026","rel":"","context":"En \u00abActualidad\u00bb","block_context":{"text":"Actualidad","link":"https:\/\/lahoradelcampo.com.uy\/site\/category\/actualidad\/"},"img":{"alt_text":"","src":"https:\/\/i0.wp.com\/lahoradelcampo.com.uy\/site\/wp-content\/uploads\/2017\/12\/Lanas-uruguay.jpg?fit=880%2C440&ssl=1&resize=350%2C200","width":350,"height":200,"srcset":"https:\/\/i0.wp.com\/lahoradelcampo.com.uy\/site\/wp-content\/uploads\/2017\/12\/Lanas-uruguay.jpg?fit=880%2C440&ssl=1&resize=350%2C200 1x, https:\/\/i0.wp.com\/lahoradelcampo.com.uy\/site\/wp-content\/uploads\/2017\/12\/Lanas-uruguay.jpg?fit=880%2C440&ssl=1&resize=525%2C300 1.5x, https:\/\/i0.wp.com\/lahoradelcampo.com.uy\/site\/wp-content\/uploads\/2017\/12\/Lanas-uruguay.jpg?fit=880%2C440&ssl=1&resize=700%2C400 2x"},"classes":[]},{"id":48511,"url":"https:\/\/lahoradelcampo.com.uy\/site\/hay-una-mayor-disposicion-de-la-demanda-por-negocios-en-lanas-finas\/","url_meta":{"origin":42193,"position":2},"title":"Hay una mayor disposici\u00f3n de la demanda por negocios en lanas finas","author":"La Hora del Campo","date":"6 febrero, 2023","format":false,"excerpt":"El mercado lanero ha tenido varias operativas concretadas en las \u00faltimas semanas, con lanas que llegaron a superar los US$ 11,00, en tanto que las lanas por encima de las 20 micras tienen un menor nivel de agilidad para concretarse las operaciones y sobre las 25 micras el mercado tiene\u2026","rel":"","context":"En \u00abActualidad\u00bb","block_context":{"text":"Actualidad","link":"https:\/\/lahoradelcampo.com.uy\/site\/category\/actualidad\/"},"img":{"alt_text":"","src":"https:\/\/i0.wp.com\/lahoradelcampo.com.uy\/site\/wp-content\/uploads\/2023\/02\/Lana-uruguaya.jpg?fit=880%2C440&ssl=1&resize=350%2C200","width":350,"height":200,"srcset":"https:\/\/i0.wp.com\/lahoradelcampo.com.uy\/site\/wp-content\/uploads\/2023\/02\/Lana-uruguaya.jpg?fit=880%2C440&ssl=1&resize=350%2C200 1x, https:\/\/i0.wp.com\/lahoradelcampo.com.uy\/site\/wp-content\/uploads\/2023\/02\/Lana-uruguaya.jpg?fit=880%2C440&ssl=1&resize=525%2C300 1.5x, https:\/\/i0.wp.com\/lahoradelcampo.com.uy\/site\/wp-content\/uploads\/2023\/02\/Lana-uruguaya.jpg?fit=880%2C440&ssl=1&resize=700%2C400 2x"},"classes":[]},{"id":56523,"url":"https:\/\/lahoradelcampo.com.uy\/site\/sigue-la-demanda-por-corriedale-y-lanas-finas\/","url_meta":{"origin":42193,"position":3},"title":"Sigue la demanda por Corriedale y lanas finas","author":"La Hora del Campo","date":"8 agosto, 2025","format":false,"excerpt":"El mercado lanero interno contin\u00faa con demanda por lanas Corriedale, con valores que comienzan a subir paso a paso, a medida que la oferta de este tipo de lanas ha comenzado a disminuir debido al cruzamiento en la b\u00fasqueda de lanas m\u00e1s finas. En el caso de las lanas merino,\u2026","rel":"","context":"En \u00abActualidad\u00bb","block_context":{"text":"Actualidad","link":"https:\/\/lahoradelcampo.com.uy\/site\/category\/actualidad\/"},"img":{"alt_text":"","src":"https:\/\/i0.wp.com\/lahoradelcampo.com.uy\/site\/wp-content\/uploads\/2017\/09\/Lanas-1.jpg?fit=880%2C440&ssl=1&resize=350%2C200","width":350,"height":200,"srcset":"https:\/\/i0.wp.com\/lahoradelcampo.com.uy\/site\/wp-content\/uploads\/2017\/09\/Lanas-1.jpg?fit=880%2C440&ssl=1&resize=350%2C200 1x, https:\/\/i0.wp.com\/lahoradelcampo.com.uy\/site\/wp-content\/uploads\/2017\/09\/Lanas-1.jpg?fit=880%2C440&ssl=1&resize=525%2C300 1.5x, https:\/\/i0.wp.com\/lahoradelcampo.com.uy\/site\/wp-content\/uploads\/2017\/09\/Lanas-1.jpg?fit=880%2C440&ssl=1&resize=700%2C400 2x"},"classes":[]},{"id":54855,"url":"https:\/\/lahoradelcampo.com.uy\/site\/en-uruguay-la-exportacion-tracciona-el-mercado-para-las-lanas-finas\/","url_meta":{"origin":42193,"position":4},"title":"En Uruguay, la exportaci\u00f3n tracciona el mercado para las lanas finas","author":"La Hora del Campo","date":"11 octubre, 2024","format":false,"excerpt":"A nivel del mercado interno, el comportamiento de las industrias topistas es dispar, algunas mantienen un ritmo de compra con precios que est\u00e1n dentro de un rango bastante constante en los \u00faltimos meses, mientras que otras entran y salen del mercado de forma puntual, por negocios especiales y en su\u2026","rel":"","context":"En \u00abActualidad\u00bb","block_context":{"text":"Actualidad","link":"https:\/\/lahoradelcampo.com.uy\/site\/category\/actualidad\/"},"img":{"alt_text":"","src":"https:\/\/i0.wp.com\/lahoradelcampo.com.uy\/site\/wp-content\/uploads\/2023\/06\/Lana-uruguay3.jpg?fit=880%2C440&ssl=1&resize=350%2C200","width":350,"height":200,"srcset":"https:\/\/i0.wp.com\/lahoradelcampo.com.uy\/site\/wp-content\/uploads\/2023\/06\/Lana-uruguay3.jpg?fit=880%2C440&ssl=1&resize=350%2C200 1x, https:\/\/i0.wp.com\/lahoradelcampo.com.uy\/site\/wp-content\/uploads\/2023\/06\/Lana-uruguay3.jpg?fit=880%2C440&ssl=1&resize=525%2C300 1.5x, https:\/\/i0.wp.com\/lahoradelcampo.com.uy\/site\/wp-content\/uploads\/2023\/06\/Lana-uruguay3.jpg?fit=880%2C440&ssl=1&resize=700%2C400 2x"},"classes":[]},{"id":55285,"url":"https:\/\/lahoradelcampo.com.uy\/site\/el-mercado-lanero-interno-con-negocios-principalmente-en-lanas-finas\/","url_meta":{"origin":42193,"position":5},"title":"El mercado lanero interno con negocios, principalmente en lanas finas","author":"La Hora del Campo","date":"20 diciembre, 2024","format":false,"excerpt":"El mercado lanero uruguayo viene cerrando el 2024, con una corriente negocios m\u00e1s importantes en los \u00faltimos dos meses, pero con valores que se destacan en algunos casos puntuales por micronajes muy finos y en otros por lotes con buenas caracter\u00edsticas de calidad, en cuanto a rendimiento al lavado, color\u2026","rel":"","context":"En \u00abActualidad\u00bb","block_context":{"text":"Actualidad","link":"https:\/\/lahoradelcampo.com.uy\/site\/category\/actualidad\/"},"img":{"alt_text":"","src":"https:\/\/i0.wp.com\/lahoradelcampo.com.uy\/site\/wp-content\/uploads\/2024\/12\/1000193502.jpg?fit=880%2C440&ssl=1&resize=350%2C200","width":350,"height":200,"srcset":"https:\/\/i0.wp.com\/lahoradelcampo.com.uy\/site\/wp-content\/uploads\/2024\/12\/1000193502.jpg?fit=880%2C440&ssl=1&resize=350%2C200 1x, https:\/\/i0.wp.com\/lahoradelcampo.com.uy\/site\/wp-content\/uploads\/2024\/12\/1000193502.jpg?fit=880%2C440&ssl=1&resize=525%2C300 1.5x, https:\/\/i0.wp.com\/lahoradelcampo.com.uy\/site\/wp-content\/uploads\/2024\/12\/1000193502.jpg?fit=880%2C440&ssl=1&resize=700%2C400 2x"},"classes":[]}],"jetpack_likes_enabled":true,"_links":{"self":[{"href":"https:\/\/lahoradelcampo.com.uy\/site\/wp-json\/wp\/v2\/posts\/42193","targetHints":{"allow":["GET"]}}],"collection":[{"href":"https:\/\/lahoradelcampo.com.uy\/site\/wp-json\/wp\/v2\/posts"}],"about":[{"href":"https:\/\/lahoradelcampo.com.uy\/site\/wp-json\/wp\/v2\/types\/post"}],"author":[{"embeddable":true,"href":"https:\/\/lahoradelcampo.com.uy\/site\/wp-json\/wp\/v2\/users\/5"}],"replies":[{"embeddable":true,"href":"https:\/\/lahoradelcampo.com.uy\/site\/wp-json\/wp\/v2\/comments?post=42193"}],"version-history":[{"count":1,"href":"https:\/\/lahoradelcampo.com.uy\/site\/wp-json\/wp\/v2\/posts\/42193\/revisions"}],"predecessor-version":[{"id":42195,"href":"https:\/\/lahoradelcampo.com.uy\/site\/wp-json\/wp\/v2\/posts\/42193\/revisions\/42195"}],"wp:featuredmedia":[{"embeddable":true,"href":"https:\/\/lahoradelcampo.com.uy\/site\/wp-json\/wp\/v2\/media\/31384"}],"wp:attachment":[{"href":"https:\/\/lahoradelcampo.com.uy\/site\/wp-json\/wp\/v2\/media?parent=42193"}],"wp:term":[{"taxonomy":"category","embeddable":true,"href":"https:\/\/lahoradelcampo.com.uy\/site\/wp-json\/wp\/v2\/categories?post=42193"},{"taxonomy":"post_tag","embeddable":true,"href":"https:\/\/lahoradelcampo.com.uy\/site\/wp-json\/wp\/v2\/tags?post=42193"}],"curies":[{"name":"wp","href":"https:\/\/api.w.org\/{rel}","templated":true}]}}